{"id":4020,"date":"2026-07-15T08:48:28","date_gmt":"2026-07-15T08:48:28","guid":{"rendered":"https:\/\/turismo.ayto-nuevobaztan.es\/noticias\/les-etes-de-nuevo-baztan-se-poursuivent-avec-le-concert-chaconnerie-de-silvia-marquez-chulilla\/"},"modified":"2026-07-15T08:48:28","modified_gmt":"2026-07-15T08:48:28","slug":"les-etes-de-nuevo-baztan-se-poursuivent-avec-le-concert-chaconnerie-de-silvia-marquez-chulilla","status":"publish","type":"post","link":"https:\/\/turismo.ayto-nuevobaztan.es\/fr\/noticias\/les-etes-de-nuevo-baztan-se-poursuivent-avec-le-concert-chaconnerie-de-silvia-marquez-chulilla\/","title":{"rendered":"Les \u00c9t\u00e9s de Nuevo Bazt\u00e1n se poursuivent avec le concert Chaconnerie de Silvia M\u00e1rquez Chulilla"},"content":{"rendered":"<p class=\"isSelectedEnd\">Le programme <strong>Les \u00c9t\u00e9s de Nuevo Bazt\u00e1n<\/strong> continue de proposer une programmation culturelle de grande qualit\u00e9 avec un nouveau rendez-vous du festival <strong>Cl\u00e1sicos en Verano<\/strong>, organis\u00e9 par la Communaut\u00e9 de Madrid en collaboration avec la mairie de Nuevo Bazt\u00e1n.<\/p>\n<p class=\"isSelectedEnd\">Le <strong>vendredi 17 juillet \u00e0 20 h<\/strong>, l&rsquo;\u00e9glise San Francisco Javier accueillera <strong>Chaconnerie<\/strong>, un concert interpr\u00e9t\u00e9 par la c\u00e9l\u00e8bre claveciniste <strong>Silvia M\u00e1rquez Chulilla<\/strong>, l&rsquo;une des artistes les plus reconnues de la sc\u00e8ne espagnole de la musique ancienne.<\/p>\n<p class=\"isSelectedEnd\">Le r\u00e9cital propose un voyage musical \u00e0 travers la <strong>chaconne<\/strong> et d&rsquo;autres formes fond\u00e9es sur le <em>basso ostinato<\/em>, un proc\u00e9d\u00e9 qui inspire les plus grands compositeurs depuis plus de quatre si\u00e8cles. Le programme r\u00e9unit des \u0153uvres d&rsquo;Antonio de Cabez\u00f3n, Bernardo Storace, Louis Couperin, Georg Friedrich Haendel, Johann Sebastian Bach, Carl Philipp Emanuel Bach et Alessandro Scarlatti, avant de s&rsquo;achever par une \u0153uvre contemporaine du compositeur portoricain Roberto Sierra.<\/p>\n<p class=\"isSelectedEnd\">Sous le titre <strong>Chaconnerie<\/strong>, ce concert invite le public \u00e0 d\u00e9couvrir comment la r\u00e9p\u00e9tition et la variation ont fa\u00e7onn\u00e9 certaines des plus belles pages du r\u00e9pertoire pour clavier. Un voyage musical fascinant qui relie la Renaissance, l&rsquo;\u00e9poque baroque et la cr\u00e9ation contemporaine dans une interpr\u00e9tation empreinte de sensibilit\u00e9 et de virtuosit\u00e9.<\/p>\n<p class=\"isSelectedEnd\">La prestation de Silvia M\u00e1rquez Chulilla offrira une occasion privil\u00e9gi\u00e9e de d\u00e9couvrir un r\u00e9pertoire rarement interpr\u00e9t\u00e9 dans le cadre exceptionnel de l&rsquo;\u00e9glise San Francisco Javier, illustrant l&rsquo;engagement de Nuevo Bazt\u00e1n en faveur de la diffusion de la musique classique et de la valorisation de son patrimoine historique.<\/p>\n<p class=\"isSelectedEnd\">L&rsquo;entr\u00e9e est <strong>gratuite<\/strong>, dans la limite des places disponibles.<\/p>\n<p>La mairie de Nuevo Bazt\u00e1n invite habitants et visiteurs \u00e0 profiter de ce nouveau rendez-vous des <strong>\u00c9t\u00e9s de Nuevo Bazt\u00e1n<\/strong>, un programme qui anime la commune tout au long du mois de juillet avec de la musique, du cin\u00e9ma, des d\u00e9couvertes patrimoniales et des activit\u00e9s pour tous les publics.<\/p>\n","protected":false},"excerpt":{"rendered":"<p>Le programme Les \u00c9t\u00e9s de Nuevo Bazt\u00e1n continue de proposer une programmation culturelle de grande qualit\u00e9 avec un nouveau rendez-vous du festival Cl\u00e1sicos en Verano, organis\u00e9 par la Communaut\u00e9 de Madrid en collaboration avec la mairie de Nuevo Bazt\u00e1n. Le vendredi 17 juillet \u00e0 20 h, l&rsquo;\u00e9glise San Francisco Javier accueillera Chaconnerie, un concert interpr\u00e9t\u00e9&hellip;<\/p>\n","protected":false},"author":6,"featured_media":3991,"comment_status":"closed","ping_status":"closed","sticky":false,"template":"","format":"standard","meta":{"_acf_changed":false,"footnotes":""},"categories":[361],"tags":[],"class_list":["post-4020","post","type-post","status-publish","format-standard","has-post-thumbnail","hentry","category-activites"],"acf":[],"yoast_head":"<!-- This site is optimized with the Yoast SEO plugin v27.2 - https:\/\/yoast.com\/product\/yoast-seo-wordpress\/ -->\n<title>Les \u00c9t\u00e9s de Nuevo Bazt\u00e1n se poursuivent avec le concert Chaconnerie de Silvia M\u00e1rquez Chulilla - Turismo Nuevo Bazt\u00e1n<\/title>\n<meta name=\"description\" content=\"L&#039;\u00e9glise San Francisco Javier accueillera, le 17 juillet, un nouveau concert du festival Cl\u00e1sicos en Verano.\" \/>\n<meta name=\"robots\" content=\"index, follow, max-snippet:-1, max-image-preview:large, max-video-preview:-1\" \/>\n<link rel=\"canonical\" href=\"https:\/\/turismo.ayto-nuevobaztan.es\/fr\/noticias\/les-etes-de-nuevo-baztan-se-poursuivent-avec-le-concert-chaconnerie-de-silvia-marquez-chulilla\/\" \/>\n<meta property=\"og:locale\" content=\"fr_FR\" \/>\n<meta property=\"og:type\" content=\"article\" \/>\n<meta property=\"og:title\" content=\"Les \u00c9t\u00e9s de Nuevo Bazt\u00e1n se poursuivent avec le concert Chaconnerie de Silvia M\u00e1rquez Chulilla\" \/>\n<meta property=\"og:description\" content=\"L&#039;\u00e9glise San Francisco Javier accueillera, le 17 juillet, un nouveau concert du festival Cl\u00e1sicos en Verano.\" \/>\n<meta property=\"og:url\" content=\"https:\/\/turismo.ayto-nuevobaztan.es\/fr\/noticias\/les-etes-de-nuevo-baztan-se-poursuivent-avec-le-concert-chaconnerie-de-silvia-marquez-chulilla\/\" \/>\n<meta property=\"og:site_name\" content=\"Turismo Nuevo Bazt\u00e1n\" \/>\n<meta property=\"article:publisher\" content=\"https:\/\/www.facebook.com\/turismonuevobaztan\/\" \/>\n<meta property=\"article:published_time\" content=\"2026-07-15T08:48:28+00:00\" \/>\n<meta property=\"og:image\" content=\"https:\/\/turismo.ayto-nuevobaztan.es\/wp-content\/uploads\/2026\/06\/Escenas-de-Verano-Silvia-Marquez-17-julio-800x450.jpg\" \/>\n<meta name=\"author\" content=\"juanjog\" \/>\n<meta name=\"twitter:card\" content=\"summary_large_image\" \/>\n<meta name=\"twitter:creator\" content=\"@TurismoNBaztan\" \/>\n<meta name=\"twitter:site\" content=\"@TurismoNBaztan\" \/>\n<meta name=\"twitter:label1\" content=\"\u00c9crit par\" \/>\n\t<meta name=\"twitter:data1\" content=\"juanjog\" \/>\n\t<meta name=\"twitter:label2\" content=\"Dur\u00e9e de lecture estim\u00e9e\" \/>\n\t<meta name=\"twitter:data2\" content=\"2 minutes\" \/>\n<script type=\"application\/ld+json\" class=\"yoast-schema-graph\">{\"@context\":\"https:\/\/schema.org\",\"@graph\":[{\"@type\":\"Article\",\"@id\":\"https:\/\/turismo.ayto-nuevobaztan.es\/fr\/noticias\/les-etes-de-nuevo-baztan-se-poursuivent-avec-le-concert-chaconnerie-de-silvia-marquez-chulilla\/#article\",\"isPartOf\":{\"@id\":\"https:\/\/turismo.ayto-nuevobaztan.es\/fr\/noticias\/les-etes-de-nuevo-baztan-se-poursuivent-avec-le-concert-chaconnerie-de-silvia-marquez-chulilla\/\"},\"author\":{\"name\":\"juanjog\",\"@id\":\"https:\/\/turismo.ayto-nuevobaztan.es\/fr\/#\/schema\/person\/e64d5f83a39bd3dada37f4f75e5569df\"},\"headline\":\"Les \u00c9t\u00e9s de Nuevo Bazt\u00e1n se poursuivent avec le concert Chaconnerie de Silvia M\u00e1rquez Chulilla\",\"datePublished\":\"2026-07-15T08:48:28+00:00\",\"mainEntityOfPage\":{\"@id\":\"https:\/\/turismo.ayto-nuevobaztan.es\/fr\/noticias\/les-etes-de-nuevo-baztan-se-poursuivent-avec-le-concert-chaconnerie-de-silvia-marquez-chulilla\/\"},\"wordCount\":357,\"publisher\":{\"@id\":\"https:\/\/turismo.ayto-nuevobaztan.es\/fr\/#organization\"},\"image\":{\"@id\":\"https:\/\/turismo.ayto-nuevobaztan.es\/fr\/noticias\/les-etes-de-nuevo-baztan-se-poursuivent-avec-le-concert-chaconnerie-de-silvia-marquez-chulilla\/#primaryimage\"},\"thumbnailUrl\":\"https:\/\/turismo.ayto-nuevobaztan.es\/wp-content\/uploads\/2026\/06\/Escenas-de-Verano-Silvia-Marquez-17-julio.jpg\",\"articleSection\":[\"activit\u00e9s\"],\"inLanguage\":\"fr-FR\"},{\"@type\":\"WebPage\",\"@id\":\"https:\/\/turismo.ayto-nuevobaztan.es\/fr\/noticias\/les-etes-de-nuevo-baztan-se-poursuivent-avec-le-concert-chaconnerie-de-silvia-marquez-chulilla\/\",\"url\":\"https:\/\/turismo.ayto-nuevobaztan.es\/fr\/noticias\/les-etes-de-nuevo-baztan-se-poursuivent-avec-le-concert-chaconnerie-de-silvia-marquez-chulilla\/\",\"name\":\"Les \u00c9t\u00e9s de Nuevo Bazt\u00e1n se poursuivent avec le concert Chaconnerie de Silvia M\u00e1rquez Chulilla - Turismo Nuevo Bazt\u00e1n\",\"isPartOf\":{\"@id\":\"https:\/\/turismo.ayto-nuevobaztan.es\/fr\/#website\"},\"primaryImageOfPage\":{\"@id\":\"https:\/\/turismo.ayto-nuevobaztan.es\/fr\/noticias\/les-etes-de-nuevo-baztan-se-poursuivent-avec-le-concert-chaconnerie-de-silvia-marquez-chulilla\/#primaryimage\"},\"image\":{\"@id\":\"https:\/\/turismo.ayto-nuevobaztan.es\/fr\/noticias\/les-etes-de-nuevo-baztan-se-poursuivent-avec-le-concert-chaconnerie-de-silvia-marquez-chulilla\/#primaryimage\"},\"thumbnailUrl\":\"https:\/\/turismo.ayto-nuevobaztan.es\/wp-content\/uploads\/2026\/06\/Escenas-de-Verano-Silvia-Marquez-17-julio.jpg\",\"datePublished\":\"2026-07-15T08:48:28+00:00\",\"description\":\"L'\u00e9glise San Francisco Javier accueillera, le 17 juillet, un nouveau concert du festival Cl\u00e1sicos en Verano.\",\"breadcrumb\":{\"@id\":\"https:\/\/turismo.ayto-nuevobaztan.es\/fr\/noticias\/les-etes-de-nuevo-baztan-se-poursuivent-avec-le-concert-chaconnerie-de-silvia-marquez-chulilla\/#breadcrumb\"},\"inLanguage\":\"fr-FR\",\"potentialAction\":[{\"@type\":\"ReadAction\",\"target\":[\"https:\/\/turismo.ayto-nuevobaztan.es\/fr\/noticias\/les-etes-de-nuevo-baztan-se-poursuivent-avec-le-concert-chaconnerie-de-silvia-marquez-chulilla\/\"]}]},{\"@type\":\"ImageObject\",\"inLanguage\":\"fr-FR\",\"@id\":\"https:\/\/turismo.ayto-nuevobaztan.es\/fr\/noticias\/les-etes-de-nuevo-baztan-se-poursuivent-avec-le-concert-chaconnerie-de-silvia-marquez-chulilla\/#primaryimage\",\"url\":\"https:\/\/turismo.ayto-nuevobaztan.es\/wp-content\/uploads\/2026\/06\/Escenas-de-Verano-Silvia-Marquez-17-julio.jpg\",\"contentUrl\":\"https:\/\/turismo.ayto-nuevobaztan.es\/wp-content\/uploads\/2026\/06\/Escenas-de-Verano-Silvia-Marquez-17-julio.jpg\",\"width\":1132,\"height\":1600},{\"@type\":\"BreadcrumbList\",\"@id\":\"https:\/\/turismo.ayto-nuevobaztan.es\/fr\/noticias\/les-etes-de-nuevo-baztan-se-poursuivent-avec-le-concert-chaconnerie-de-silvia-marquez-chulilla\/#breadcrumb\",\"itemListElement\":[{\"@type\":\"ListItem\",\"position\":1,\"name\":\"Accueil\",\"item\":\"https:\/\/turismo.ayto-nuevobaztan.es\/fr\/\"},{\"@type\":\"ListItem\",\"position\":2,\"name\":\"Les \u00c9t\u00e9s de Nuevo Bazt\u00e1n se poursuivent avec le concert Chaconnerie de Silvia M\u00e1rquez Chulilla\"}]},{\"@type\":\"WebSite\",\"@id\":\"https:\/\/turismo.ayto-nuevobaztan.es\/fr\/#website\",\"url\":\"https:\/\/turismo.ayto-nuevobaztan.es\/fr\/\",\"name\":\"Turismo Nuevo Bazt\u00e1n\",\"description\":\"\",\"publisher\":{\"@id\":\"https:\/\/turismo.ayto-nuevobaztan.es\/fr\/#organization\"},\"potentialAction\":[{\"@type\":\"SearchAction\",\"target\":{\"@type\":\"EntryPoint\",\"urlTemplate\":\"https:\/\/turismo.ayto-nuevobaztan.es\/fr\/?s={search_term_string}\"},\"query-input\":{\"@type\":\"PropertyValueSpecification\",\"valueRequired\":true,\"valueName\":\"search_term_string\"}}],\"inLanguage\":\"fr-FR\"},{\"@type\":\"Organization\",\"@id\":\"https:\/\/turismo.ayto-nuevobaztan.es\/fr\/#organization\",\"name\":\"Turismo Nuevo Bazt\u00e1n\",\"url\":\"https:\/\/turismo.ayto-nuevobaztan.es\/fr\/\",\"logo\":{\"@type\":\"ImageObject\",\"inLanguage\":\"fr-FR\",\"@id\":\"https:\/\/turismo.ayto-nuevobaztan.es\/fr\/#\/schema\/logo\/image\/\",\"url\":\"https:\/\/turismo.ayto-nuevobaztan.es\/wp-content\/uploads\/2025\/12\/logo.png\",\"contentUrl\":\"https:\/\/turismo.ayto-nuevobaztan.es\/wp-content\/uploads\/2025\/12\/logo.png\",\"width\":1847,\"height\":1787,\"caption\":\"Turismo Nuevo Bazt\u00e1n\"},\"image\":{\"@id\":\"https:\/\/turismo.ayto-nuevobaztan.es\/fr\/#\/schema\/logo\/image\/\"},\"sameAs\":[\"https:\/\/www.facebook.com\/turismonuevobaztan\/\",\"https:\/\/x.com\/TurismoNBaztan\"]},{\"@type\":\"Person\",\"@id\":\"https:\/\/turismo.ayto-nuevobaztan.es\/fr\/#\/schema\/person\/e64d5f83a39bd3dada37f4f75e5569df\",\"name\":\"juanjog\",\"image\":{\"@type\":\"ImageObject\",\"inLanguage\":\"fr-FR\",\"@id\":\"https:\/\/secure.gravatar.com\/avatar\/aeef861b07271ad4a92db68a1c6115a397681d7d6cd43c21b002c17e98ebd354?s=96&d=mm&r=g\",\"url\":\"https:\/\/secure.gravatar.com\/avatar\/aeef861b07271ad4a92db68a1c6115a397681d7d6cd43c21b002c17e98ebd354?s=96&d=mm&r=g\",\"contentUrl\":\"https:\/\/secure.gravatar.com\/avatar\/aeef861b07271ad4a92db68a1c6115a397681d7d6cd43c21b002c17e98ebd354?s=96&d=mm&r=g\",\"caption\":\"juanjog\"},\"url\":\"#\"}]}<\/script>\n<!-- \/ Yoast SEO plugin. -->","yoast_head_json":{"title":"Les \u00c9t\u00e9s de Nuevo Bazt\u00e1n se poursuivent avec le concert Chaconnerie de Silvia M\u00e1rquez Chulilla - Turismo Nuevo Bazt\u00e1n","description":"L'\u00e9glise San Francisco Javier accueillera, le 17 juillet, un nouveau concert du festival Cl\u00e1sicos en Verano.","robots":{"index":"index","follow":"follow","max-snippet":"max-snippet:-1","max-image-preview":"max-image-preview:large","max-video-preview":"max-video-preview:-1"},"canonical":"https:\/\/turismo.ayto-nuevobaztan.es\/fr\/noticias\/les-etes-de-nuevo-baztan-se-poursuivent-avec-le-concert-chaconnerie-de-silvia-marquez-chulilla\/","og_locale":"fr_FR","og_type":"article","og_title":"Les \u00c9t\u00e9s de Nuevo Bazt\u00e1n se poursuivent avec le concert Chaconnerie de Silvia M\u00e1rquez Chulilla","og_description":"L'\u00e9glise San Francisco Javier accueillera, le 17 juillet, un nouveau concert du festival Cl\u00e1sicos en Verano.","og_url":"https:\/\/turismo.ayto-nuevobaztan.es\/fr\/noticias\/les-etes-de-nuevo-baztan-se-poursuivent-avec-le-concert-chaconnerie-de-silvia-marquez-chulilla\/","og_site_name":"Turismo Nuevo Bazt\u00e1n","article_publisher":"https:\/\/www.facebook.com\/turismonuevobaztan\/","article_published_time":"2026-07-15T08:48:28+00:00","og_image":[{"url":"https:\/\/turismo.ayto-nuevobaztan.es\/wp-content\/uploads\/2026\/06\/Escenas-de-Verano-Silvia-Marquez-17-julio-800x450.jpg","type":"","width":"","height":""}],"author":"juanjog","twitter_card":"summary_large_image","twitter_creator":"@TurismoNBaztan","twitter_site":"@TurismoNBaztan","twitter_misc":{"\u00c9crit par":"juanjog","Dur\u00e9e de lecture estim\u00e9e":"2 minutes"},"schema":{"@context":"https:\/\/schema.org","@graph":[{"@type":"Article","@id":"https:\/\/turismo.ayto-nuevobaztan.es\/fr\/noticias\/les-etes-de-nuevo-baztan-se-poursuivent-avec-le-concert-chaconnerie-de-silvia-marquez-chulilla\/#article","isPartOf":{"@id":"https:\/\/turismo.ayto-nuevobaztan.es\/fr\/noticias\/les-etes-de-nuevo-baztan-se-poursuivent-avec-le-concert-chaconnerie-de-silvia-marquez-chulilla\/"},"author":{"name":"juanjog","@id":"https:\/\/turismo.ayto-nuevobaztan.es\/fr\/#\/schema\/person\/e64d5f83a39bd3dada37f4f75e5569df"},"headline":"Les \u00c9t\u00e9s de Nuevo Bazt\u00e1n se poursuivent avec le concert Chaconnerie de Silvia M\u00e1rquez Chulilla","datePublished":"2026-07-15T08:48:28+00:00","mainEntityOfPage":{"@id":"https:\/\/turismo.ayto-nuevobaztan.es\/fr\/noticias\/les-etes-de-nuevo-baztan-se-poursuivent-avec-le-concert-chaconnerie-de-silvia-marquez-chulilla\/"},"wordCount":357,"publisher":{"@id":"https:\/\/turismo.ayto-nuevobaztan.es\/fr\/#organization"},"image":{"@id":"https:\/\/turismo.ayto-nuevobaztan.es\/fr\/noticias\/les-etes-de-nuevo-baztan-se-poursuivent-avec-le-concert-chaconnerie-de-silvia-marquez-chulilla\/#primaryimage"},"thumbnailUrl":"https:\/\/turismo.ayto-nuevobaztan.es\/wp-content\/uploads\/2026\/06\/Escenas-de-Verano-Silvia-Marquez-17-julio.jpg","articleSection":["activit\u00e9s"],"inLanguage":"fr-FR"},{"@type":"WebPage","@id":"https:\/\/turismo.ayto-nuevobaztan.es\/fr\/noticias\/les-etes-de-nuevo-baztan-se-poursuivent-avec-le-concert-chaconnerie-de-silvia-marquez-chulilla\/","url":"https:\/\/turismo.ayto-nuevobaztan.es\/fr\/noticias\/les-etes-de-nuevo-baztan-se-poursuivent-avec-le-concert-chaconnerie-de-silvia-marquez-chulilla\/","name":"Les \u00c9t\u00e9s de Nuevo Bazt\u00e1n se poursuivent avec le concert Chaconnerie de Silvia M\u00e1rquez Chulilla - Turismo Nuevo Bazt\u00e1n","isPartOf":{"@id":"https:\/\/turismo.ayto-nuevobaztan.es\/fr\/#website"},"primaryImageOfPage":{"@id":"https:\/\/turismo.ayto-nuevobaztan.es\/fr\/noticias\/les-etes-de-nuevo-baztan-se-poursuivent-avec-le-concert-chaconnerie-de-silvia-marquez-chulilla\/#primaryimage"},"image":{"@id":"https:\/\/turismo.ayto-nuevobaztan.es\/fr\/noticias\/les-etes-de-nuevo-baztan-se-poursuivent-avec-le-concert-chaconnerie-de-silvia-marquez-chulilla\/#primaryimage"},"thumbnailUrl":"https:\/\/turismo.ayto-nuevobaztan.es\/wp-content\/uploads\/2026\/06\/Escenas-de-Verano-Silvia-Marquez-17-julio.jpg","datePublished":"2026-07-15T08:48:28+00:00","description":"L'\u00e9glise San Francisco Javier accueillera, le 17 juillet, un nouveau concert du festival Cl\u00e1sicos en Verano.","breadcrumb":{"@id":"https:\/\/turismo.ayto-nuevobaztan.es\/fr\/noticias\/les-etes-de-nuevo-baztan-se-poursuivent-avec-le-concert-chaconnerie-de-silvia-marquez-chulilla\/#breadcrumb"},"inLanguage":"fr-FR","potentialAction":[{"@type":"ReadAction","target":["https:\/\/turismo.ayto-nuevobaztan.es\/fr\/noticias\/les-etes-de-nuevo-baztan-se-poursuivent-avec-le-concert-chaconnerie-de-silvia-marquez-chulilla\/"]}]},{"@type":"ImageObject","inLanguage":"fr-FR","@id":"https:\/\/turismo.ayto-nuevobaztan.es\/fr\/noticias\/les-etes-de-nuevo-baztan-se-poursuivent-avec-le-concert-chaconnerie-de-silvia-marquez-chulilla\/#primaryimage","url":"https:\/\/turismo.ayto-nuevobaztan.es\/wp-content\/uploads\/2026\/06\/Escenas-de-Verano-Silvia-Marquez-17-julio.jpg","contentUrl":"https:\/\/turismo.ayto-nuevobaztan.es\/wp-content\/uploads\/2026\/06\/Escenas-de-Verano-Silvia-Marquez-17-julio.jpg","width":1132,"height":1600},{"@type":"BreadcrumbList","@id":"https:\/\/turismo.ayto-nuevobaztan.es\/fr\/noticias\/les-etes-de-nuevo-baztan-se-poursuivent-avec-le-concert-chaconnerie-de-silvia-marquez-chulilla\/#breadcrumb","itemListElement":[{"@type":"ListItem","position":1,"name":"Accueil","item":"https:\/\/turismo.ayto-nuevobaztan.es\/fr\/"},{"@type":"ListItem","position":2,"name":"Les \u00c9t\u00e9s de Nuevo Bazt\u00e1n se poursuivent avec le concert Chaconnerie de Silvia M\u00e1rquez Chulilla"}]},{"@type":"WebSite","@id":"https:\/\/turismo.ayto-nuevobaztan.es\/fr\/#website","url":"https:\/\/turismo.ayto-nuevobaztan.es\/fr\/","name":"Turismo Nuevo Bazt\u00e1n","description":"","publisher":{"@id":"https:\/\/turismo.ayto-nuevobaztan.es\/fr\/#organization"},"potentialAction":[{"@type":"SearchAction","target":{"@type":"EntryPoint","urlTemplate":"https:\/\/turismo.ayto-nuevobaztan.es\/fr\/?s={search_term_string}"},"query-input":{"@type":"PropertyValueSpecification","valueRequired":true,"valueName":"search_term_string"}}],"inLanguage":"fr-FR"},{"@type":"Organization","@id":"https:\/\/turismo.ayto-nuevobaztan.es\/fr\/#organization","name":"Turismo Nuevo Bazt\u00e1n","url":"https:\/\/turismo.ayto-nuevobaztan.es\/fr\/","logo":{"@type":"ImageObject","inLanguage":"fr-FR","@id":"https:\/\/turismo.ayto-nuevobaztan.es\/fr\/#\/schema\/logo\/image\/","url":"https:\/\/turismo.ayto-nuevobaztan.es\/wp-content\/uploads\/2025\/12\/logo.png","contentUrl":"https:\/\/turismo.ayto-nuevobaztan.es\/wp-content\/uploads\/2025\/12\/logo.png","width":1847,"height":1787,"caption":"Turismo Nuevo Bazt\u00e1n"},"image":{"@id":"https:\/\/turismo.ayto-nuevobaztan.es\/fr\/#\/schema\/logo\/image\/"},"sameAs":["https:\/\/www.facebook.com\/turismonuevobaztan\/","https:\/\/x.com\/TurismoNBaztan"]},{"@type":"Person","@id":"https:\/\/turismo.ayto-nuevobaztan.es\/fr\/#\/schema\/person\/e64d5f83a39bd3dada37f4f75e5569df","name":"juanjog","image":{"@type":"ImageObject","inLanguage":"fr-FR","@id":"https:\/\/secure.gravatar.com\/avatar\/aeef861b07271ad4a92db68a1c6115a397681d7d6cd43c21b002c17e98ebd354?s=96&d=mm&r=g","url":"https:\/\/secure.gravatar.com\/avatar\/aeef861b07271ad4a92db68a1c6115a397681d7d6cd43c21b002c17e98ebd354?s=96&d=mm&r=g","contentUrl":"https:\/\/secure.gravatar.com\/avatar\/aeef861b07271ad4a92db68a1c6115a397681d7d6cd43c21b002c17e98ebd354?s=96&d=mm&r=g","caption":"juanjog"},"url":"#"}]}},"_links":{"self":[{"href":"https:\/\/turismo.ayto-nuevobaztan.es\/fr\/wp-json\/wp\/v2\/posts\/4020","targetHints":{"allow":["GET"]}}],"collection":[{"href":"https:\/\/turismo.ayto-nuevobaztan.es\/fr\/wp-json\/wp\/v2\/posts"}],"about":[{"href":"https:\/\/turismo.ayto-nuevobaztan.es\/fr\/wp-json\/wp\/v2\/types\/post"}],"author":[{"embeddable":true,"href":"https:\/\/turismo.ayto-nuevobaztan.es\/fr\/wp-json\/wp\/v2\/users\/6"}],"replies":[{"embeddable":true,"href":"https:\/\/turismo.ayto-nuevobaztan.es\/fr\/wp-json\/wp\/v2\/comments?post=4020"}],"version-history":[{"count":0,"href":"https:\/\/turismo.ayto-nuevobaztan.es\/fr\/wp-json\/wp\/v2\/posts\/4020\/revisions"}],"wp:featuredmedia":[{"embeddable":true,"href":"https:\/\/turismo.ayto-nuevobaztan.es\/fr\/wp-json\/wp\/v2\/media\/3991"}],"wp:attachment":[{"href":"https:\/\/turismo.ayto-nuevobaztan.es\/fr\/wp-json\/wp\/v2\/media?parent=4020"}],"wp:term":[{"taxonomy":"category","embeddable":true,"href":"https:\/\/turismo.ayto-nuevobaztan.es\/fr\/wp-json\/wp\/v2\/categories?post=4020"},{"taxonomy":"post_tag","embeddable":true,"href":"https:\/\/turismo.ayto-nuevobaztan.es\/fr\/wp-json\/wp\/v2\/tags?post=4020"}],"curies":[{"name":"wp","href":"https:\/\/api.w.org\/{rel}","templated":true}]}}