{"id":3950,"date":"2026-05-29T09:54:41","date_gmt":"2026-05-29T09:54:41","guid":{"rendered":"https:\/\/turismo.ayto-nuevobaztan.es\/noticias\/les-plus-beaux-villages-du-monde-font-de-lespagne-lepicentre-de-la-protection-du-patrimoine-rural\/"},"modified":"2026-05-29T09:54:41","modified_gmt":"2026-05-29T09:54:41","slug":"les-plus-beaux-villages-du-monde-font-de-lespagne-lepicentre-de-la-protection-du-patrimoine-rural","status":"publish","type":"post","link":"https:\/\/turismo.ayto-nuevobaztan.es\/fr\/noticias\/les-plus-beaux-villages-du-monde-font-de-lespagne-lepicentre-de-la-protection-du-patrimoine-rural\/","title":{"rendered":"Les Plus Beaux Villages du Monde font de l\u2019Espagne l\u2019\u00e9picentre de la protection du patrimoine rural"},"content":{"rendered":"<p data-start=\"4875\" data-end=\"5452\">Il y a quelques jours, l\u2019Espagne est devenue la capitale mondiale du tourisme rural d\u2019excellence. La F\u00e9d\u00e9ration des Plus Beaux Villages du Monde (Les Plus Beaux Villages de la Terre) a tenu une Assembl\u00e9e G\u00e9n\u00e9rale majeure dans la commune gaditane de Castellar de la Frontera, r\u00e9unissant les d\u00e9l\u00e9gations officielles de France, d\u2019Italie, de Belgique, du Canada, de Suisse, du Japon, de Chine, de Bosnie-Herz\u00e9govine, du Liban, d\u2019Allemagne et d\u2019Espagne. La maire Gemma Pacheco a particip\u00e9 \u00e0 ces journ\u00e9es en tant que pr\u00e9sidente de la Zone Centre de Los Pueblos M\u00e1s Bonitos de Espa\u00f1a.<\/p>\n<p data-start=\"5454\" data-end=\"5758\">L\u2019\u00e9v\u00e9nement, qui s\u2019est d\u00e9roul\u00e9 du 20 au 24 mai, a b\u00e9n\u00e9fici\u00e9 du soutien institutionnel strat\u00e9gique de la Diputaci\u00f3n de C\u00e1diz et de la Junta de Andaluc\u00eda, deux administrations essentielles pour valoriser le potentiel touristique et le mod\u00e8le de gestion patrimoniale de la r\u00e9gion \u00e0 l\u2019\u00e9chelle internationale.<\/p>\n<p data-start=\"5760\" data-end=\"6079\">Parmi les accords historiques conclus lors de l\u2019assembl\u00e9e, la cr\u00e9ation d\u2019une Commission Qualit\u00e9 \u00e0 l\u2019\u00e9chelle mondiale se distingue tout particuli\u00e8rement. Cet organe rigoureux aura pour mission d\u2019unifier les crit\u00e8res d\u2019excellence que les communes devront respecter pour pouvoir arborer ce prestigieux label international.<\/p>\n<p data-start=\"6081\" data-end=\"6431\">Le lancement d\u2019un concours et \u00e9v\u00e9nement international itin\u00e9rant des Plus Beaux Villages a \u00e9galement \u00e9t\u00e9 approuv\u00e9. Cette initiative portera le charme et la magie du monde rural directement au c\u0153ur des grandes m\u00e9tropoles internationales. Les premi\u00e8res \u00e9ditions sont envisag\u00e9es dans des capitales de premier plan telles que Madrid, Paris, Rome ou Tokyo.<\/p>\n<p data-start=\"6433\" data-end=\"7190\" data-is-last-node=\"\" data-is-only-node=\"\">L\u2019Assembl\u00e9e G\u00e9n\u00e9rale a aussi marqu\u00e9 le d\u00e9but d\u2019une nouvelle \u00e9tape institutionnelle avec la nomination de Kevin Quatropanni comme nouveau pr\u00e9sident de la F\u00e9d\u00e9ration Mondiale. Sous sa direction, la f\u00e9d\u00e9ration a abord\u00e9 des d\u00e9bats d\u2019une grande port\u00e9e socio\u00e9conomique et environnementale. L\u2019impact de l\u2019implantation d\u2019infrastructures \u00e9oliennes et solaires dans les territoires ruraux a \u00e9t\u00e9 analys\u00e9 en priorit\u00e9. Les d\u00e9l\u00e9gations internationales ont soulign\u00e9 la n\u00e9cessit\u00e9 urgente de concilier transition \u00e9nerg\u00e9tique, protection des paysages traditionnels et sauvegarde du patrimoine historique, en appelant \u00e0 des r\u00e9glementations emp\u00eachant le d\u00e9ploiement des \u00e9nergies renouvelables de porter atteinte \u00e0 la valeur esth\u00e9tique et culturelle qui fait vivre ces communes.<\/p>\n","protected":false},"excerpt":{"rendered":"<p>Il y a quelques jours, l\u2019Espagne est devenue la capitale mondiale du tourisme rural d\u2019excellence. La F\u00e9d\u00e9ration des Plus Beaux Villages du Monde (Les Plus Beaux Villages de la Terre) a tenu une Assembl\u00e9e G\u00e9n\u00e9rale majeure dans la commune gaditane de Castellar de la Frontera, r\u00e9unissant les d\u00e9l\u00e9gations officielles de France, d\u2019Italie, de Belgique, du&hellip;<\/p>\n","protected":false},"author":6,"featured_media":3946,"comment_status":"closed","ping_status":"closed","sticky":false,"template":"","format":"standard","meta":{"_acf_changed":false,"footnotes":""},"categories":[361],"tags":[],"class_list":["post-3950","post","type-post","status-publish","format-standard","has-post-thumbnail","hentry","category-activites"],"acf":[],"yoast_head":"<!-- This site is optimized with the Yoast SEO plugin v27.2 - https:\/\/yoast.com\/product\/yoast-seo-wordpress\/ -->\n<title>Les Plus Beaux Villages du Monde font de l\u2019Espagne l\u2019\u00e9picentre de la protection du patrimoine rural - Turismo Nuevo Bazt\u00e1n<\/title>\n<meta name=\"description\" content=\"Les bases d\u2019un travail commun dans une m\u00eame direction se consolident\" \/>\n<meta name=\"robots\" content=\"index, follow, max-snippet:-1, max-image-preview:large, max-video-preview:-1\" \/>\n<link rel=\"canonical\" href=\"https:\/\/turismo.ayto-nuevobaztan.es\/fr\/noticias\/les-plus-beaux-villages-du-monde-font-de-lespagne-lepicentre-de-la-protection-du-patrimoine-rural\/\" \/>\n<meta property=\"og:locale\" content=\"fr_FR\" \/>\n<meta property=\"og:type\" content=\"article\" \/>\n<meta property=\"og:title\" content=\"Les Plus Beaux Villages du Monde font de l\u2019Espagne l\u2019\u00e9picentre de la protection du patrimoine rural\" \/>\n<meta property=\"og:description\" content=\"Les bases d\u2019un travail commun dans une m\u00eame direction se consolident\" \/>\n<meta property=\"og:url\" content=\"https:\/\/turismo.ayto-nuevobaztan.es\/fr\/noticias\/les-plus-beaux-villages-du-monde-font-de-lespagne-lepicentre-de-la-protection-du-patrimoine-rural\/\" \/>\n<meta property=\"og:site_name\" content=\"Turismo Nuevo Bazt\u00e1n\" \/>\n<meta property=\"article:publisher\" content=\"https:\/\/www.facebook.com\/turismonuevobaztan\/\" \/>\n<meta property=\"article:published_time\" content=\"2026-05-29T09:54:41+00:00\" \/>\n<meta property=\"og:image\" content=\"https:\/\/turismo.ayto-nuevobaztan.es\/wp-content\/uploads\/2026\/05\/PMBE-Cadiz-mayo-2026-800x450.jpg\" \/>\n<meta name=\"author\" content=\"juanjog\" \/>\n<meta name=\"twitter:card\" content=\"summary_large_image\" \/>\n<meta name=\"twitter:creator\" content=\"@TurismoNBaztan\" \/>\n<meta name=\"twitter:site\" content=\"@TurismoNBaztan\" \/>\n<meta name=\"twitter:label1\" content=\"\u00c9crit par\" \/>\n\t<meta name=\"twitter:data1\" content=\"juanjog\" \/>\n\t<meta name=\"twitter:label2\" content=\"Dur\u00e9e de lecture estim\u00e9e\" \/>\n\t<meta name=\"twitter:data2\" content=\"2 minutes\" \/>\n<script type=\"application\/ld+json\" class=\"yoast-schema-graph\">{\"@context\":\"https:\/\/schema.org\",\"@graph\":[{\"@type\":\"Article\",\"@id\":\"https:\/\/turismo.ayto-nuevobaztan.es\/fr\/noticias\/les-plus-beaux-villages-du-monde-font-de-lespagne-lepicentre-de-la-protection-du-patrimoine-rural\/#article\",\"isPartOf\":{\"@id\":\"https:\/\/turismo.ayto-nuevobaztan.es\/fr\/noticias\/les-plus-beaux-villages-du-monde-font-de-lespagne-lepicentre-de-la-protection-du-patrimoine-rural\/\"},\"author\":{\"name\":\"juanjog\",\"@id\":\"https:\/\/turismo.ayto-nuevobaztan.es\/fr\/#\/schema\/person\/e64d5f83a39bd3dada37f4f75e5569df\"},\"headline\":\"Les Plus Beaux Villages du Monde font de l\u2019Espagne l\u2019\u00e9picentre de la protection du patrimoine rural\",\"datePublished\":\"2026-05-29T09:54:41+00:00\",\"mainEntityOfPage\":{\"@id\":\"https:\/\/turismo.ayto-nuevobaztan.es\/fr\/noticias\/les-plus-beaux-villages-du-monde-font-de-lespagne-lepicentre-de-la-protection-du-patrimoine-rural\/\"},\"wordCount\":418,\"publisher\":{\"@id\":\"https:\/\/turismo.ayto-nuevobaztan.es\/fr\/#organization\"},\"image\":{\"@id\":\"https:\/\/turismo.ayto-nuevobaztan.es\/fr\/noticias\/les-plus-beaux-villages-du-monde-font-de-lespagne-lepicentre-de-la-protection-du-patrimoine-rural\/#primaryimage\"},\"thumbnailUrl\":\"https:\/\/turismo.ayto-nuevobaztan.es\/wp-content\/uploads\/2026\/05\/PMBE-Cadiz-mayo-2026.jpg\",\"articleSection\":[\"activit\u00e9s\"],\"inLanguage\":\"fr-FR\"},{\"@type\":\"WebPage\",\"@id\":\"https:\/\/turismo.ayto-nuevobaztan.es\/fr\/noticias\/les-plus-beaux-villages-du-monde-font-de-lespagne-lepicentre-de-la-protection-du-patrimoine-rural\/\",\"url\":\"https:\/\/turismo.ayto-nuevobaztan.es\/fr\/noticias\/les-plus-beaux-villages-du-monde-font-de-lespagne-lepicentre-de-la-protection-du-patrimoine-rural\/\",\"name\":\"Les Plus Beaux Villages du Monde font de l\u2019Espagne l\u2019\u00e9picentre de la protection du patrimoine rural - Turismo Nuevo Bazt\u00e1n\",\"isPartOf\":{\"@id\":\"https:\/\/turismo.ayto-nuevobaztan.es\/fr\/#website\"},\"primaryImageOfPage\":{\"@id\":\"https:\/\/turismo.ayto-nuevobaztan.es\/fr\/noticias\/les-plus-beaux-villages-du-monde-font-de-lespagne-lepicentre-de-la-protection-du-patrimoine-rural\/#primaryimage\"},\"image\":{\"@id\":\"https:\/\/turismo.ayto-nuevobaztan.es\/fr\/noticias\/les-plus-beaux-villages-du-monde-font-de-lespagne-lepicentre-de-la-protection-du-patrimoine-rural\/#primaryimage\"},\"thumbnailUrl\":\"https:\/\/turismo.ayto-nuevobaztan.es\/wp-content\/uploads\/2026\/05\/PMBE-Cadiz-mayo-2026.jpg\",\"datePublished\":\"2026-05-29T09:54:41+00:00\",\"description\":\"Les bases d\u2019un travail commun dans une m\u00eame direction se consolident\",\"breadcrumb\":{\"@id\":\"https:\/\/turismo.ayto-nuevobaztan.es\/fr\/noticias\/les-plus-beaux-villages-du-monde-font-de-lespagne-lepicentre-de-la-protection-du-patrimoine-rural\/#breadcrumb\"},\"inLanguage\":\"fr-FR\",\"potentialAction\":[{\"@type\":\"ReadAction\",\"target\":[\"https:\/\/turismo.ayto-nuevobaztan.es\/fr\/noticias\/les-plus-beaux-villages-du-monde-font-de-lespagne-lepicentre-de-la-protection-du-patrimoine-rural\/\"]}]},{\"@type\":\"ImageObject\",\"inLanguage\":\"fr-FR\",\"@id\":\"https:\/\/turismo.ayto-nuevobaztan.es\/fr\/noticias\/les-plus-beaux-villages-du-monde-font-de-lespagne-lepicentre-de-la-protection-du-patrimoine-rural\/#primaryimage\",\"url\":\"https:\/\/turismo.ayto-nuevobaztan.es\/wp-content\/uploads\/2026\/05\/PMBE-Cadiz-mayo-2026.jpg\",\"contentUrl\":\"https:\/\/turismo.ayto-nuevobaztan.es\/wp-content\/uploads\/2026\/05\/PMBE-Cadiz-mayo-2026.jpg\",\"width\":1267,\"height\":811},{\"@type\":\"BreadcrumbList\",\"@id\":\"https:\/\/turismo.ayto-nuevobaztan.es\/fr\/noticias\/les-plus-beaux-villages-du-monde-font-de-lespagne-lepicentre-de-la-protection-du-patrimoine-rural\/#breadcrumb\",\"itemListElement\":[{\"@type\":\"ListItem\",\"position\":1,\"name\":\"Accueil\",\"item\":\"https:\/\/turismo.ayto-nuevobaztan.es\/fr\/\"},{\"@type\":\"ListItem\",\"position\":2,\"name\":\"Les Plus Beaux Villages du Monde font de l\u2019Espagne l\u2019\u00e9picentre de la protection du patrimoine rural\"}]},{\"@type\":\"WebSite\",\"@id\":\"https:\/\/turismo.ayto-nuevobaztan.es\/fr\/#website\",\"url\":\"https:\/\/turismo.ayto-nuevobaztan.es\/fr\/\",\"name\":\"Turismo Nuevo Bazt\u00e1n\",\"description\":\"\",\"publisher\":{\"@id\":\"https:\/\/turismo.ayto-nuevobaztan.es\/fr\/#organization\"},\"potentialAction\":[{\"@type\":\"SearchAction\",\"target\":{\"@type\":\"EntryPoint\",\"urlTemplate\":\"https:\/\/turismo.ayto-nuevobaztan.es\/fr\/?s={search_term_string}\"},\"query-input\":{\"@type\":\"PropertyValueSpecification\",\"valueRequired\":true,\"valueName\":\"search_term_string\"}}],\"inLanguage\":\"fr-FR\"},{\"@type\":\"Organization\",\"@id\":\"https:\/\/turismo.ayto-nuevobaztan.es\/fr\/#organization\",\"name\":\"Turismo Nuevo Bazt\u00e1n\",\"url\":\"https:\/\/turismo.ayto-nuevobaztan.es\/fr\/\",\"logo\":{\"@type\":\"ImageObject\",\"inLanguage\":\"fr-FR\",\"@id\":\"https:\/\/turismo.ayto-nuevobaztan.es\/fr\/#\/schema\/logo\/image\/\",\"url\":\"https:\/\/turismo.ayto-nuevobaztan.es\/wp-content\/uploads\/2025\/12\/logo.png\",\"contentUrl\":\"https:\/\/turismo.ayto-nuevobaztan.es\/wp-content\/uploads\/2025\/12\/logo.png\",\"width\":1847,\"height\":1787,\"caption\":\"Turismo Nuevo Bazt\u00e1n\"},\"image\":{\"@id\":\"https:\/\/turismo.ayto-nuevobaztan.es\/fr\/#\/schema\/logo\/image\/\"},\"sameAs\":[\"https:\/\/www.facebook.com\/turismonuevobaztan\/\",\"https:\/\/x.com\/TurismoNBaztan\"]},{\"@type\":\"Person\",\"@id\":\"https:\/\/turismo.ayto-nuevobaztan.es\/fr\/#\/schema\/person\/e64d5f83a39bd3dada37f4f75e5569df\",\"name\":\"juanjog\",\"image\":{\"@type\":\"ImageObject\",\"inLanguage\":\"fr-FR\",\"@id\":\"https:\/\/secure.gravatar.com\/avatar\/aeef861b07271ad4a92db68a1c6115a397681d7d6cd43c21b002c17e98ebd354?s=96&d=mm&r=g\",\"url\":\"https:\/\/secure.gravatar.com\/avatar\/aeef861b07271ad4a92db68a1c6115a397681d7d6cd43c21b002c17e98ebd354?s=96&d=mm&r=g\",\"contentUrl\":\"https:\/\/secure.gravatar.com\/avatar\/aeef861b07271ad4a92db68a1c6115a397681d7d6cd43c21b002c17e98ebd354?s=96&d=mm&r=g\",\"caption\":\"juanjog\"},\"url\":\"#\"}]}<\/script>\n<!-- \/ Yoast SEO plugin. -->","yoast_head_json":{"title":"Les Plus Beaux Villages du Monde font de l\u2019Espagne l\u2019\u00e9picentre de la protection du patrimoine rural - Turismo Nuevo Bazt\u00e1n","description":"Les bases d\u2019un travail commun dans une m\u00eame direction se consolident","robots":{"index":"index","follow":"follow","max-snippet":"max-snippet:-1","max-image-preview":"max-image-preview:large","max-video-preview":"max-video-preview:-1"},"canonical":"https:\/\/turismo.ayto-nuevobaztan.es\/fr\/noticias\/les-plus-beaux-villages-du-monde-font-de-lespagne-lepicentre-de-la-protection-du-patrimoine-rural\/","og_locale":"fr_FR","og_type":"article","og_title":"Les Plus Beaux Villages du Monde font de l\u2019Espagne l\u2019\u00e9picentre de la protection du patrimoine rural","og_description":"Les bases d\u2019un travail commun dans une m\u00eame direction se consolident","og_url":"https:\/\/turismo.ayto-nuevobaztan.es\/fr\/noticias\/les-plus-beaux-villages-du-monde-font-de-lespagne-lepicentre-de-la-protection-du-patrimoine-rural\/","og_site_name":"Turismo Nuevo Bazt\u00e1n","article_publisher":"https:\/\/www.facebook.com\/turismonuevobaztan\/","article_published_time":"2026-05-29T09:54:41+00:00","og_image":[{"url":"https:\/\/turismo.ayto-nuevobaztan.es\/wp-content\/uploads\/2026\/05\/PMBE-Cadiz-mayo-2026-800x450.jpg","type":"","width":"","height":""}],"author":"juanjog","twitter_card":"summary_large_image","twitter_creator":"@TurismoNBaztan","twitter_site":"@TurismoNBaztan","twitter_misc":{"\u00c9crit par":"juanjog","Dur\u00e9e de lecture estim\u00e9e":"2 minutes"},"schema":{"@context":"https:\/\/schema.org","@graph":[{"@type":"Article","@id":"https:\/\/turismo.ayto-nuevobaztan.es\/fr\/noticias\/les-plus-beaux-villages-du-monde-font-de-lespagne-lepicentre-de-la-protection-du-patrimoine-rural\/#article","isPartOf":{"@id":"https:\/\/turismo.ayto-nuevobaztan.es\/fr\/noticias\/les-plus-beaux-villages-du-monde-font-de-lespagne-lepicentre-de-la-protection-du-patrimoine-rural\/"},"author":{"name":"juanjog","@id":"https:\/\/turismo.ayto-nuevobaztan.es\/fr\/#\/schema\/person\/e64d5f83a39bd3dada37f4f75e5569df"},"headline":"Les Plus Beaux Villages du Monde font de l\u2019Espagne l\u2019\u00e9picentre de la protection du patrimoine rural","datePublished":"2026-05-29T09:54:41+00:00","mainEntityOfPage":{"@id":"https:\/\/turismo.ayto-nuevobaztan.es\/fr\/noticias\/les-plus-beaux-villages-du-monde-font-de-lespagne-lepicentre-de-la-protection-du-patrimoine-rural\/"},"wordCount":418,"publisher":{"@id":"https:\/\/turismo.ayto-nuevobaztan.es\/fr\/#organization"},"image":{"@id":"https:\/\/turismo.ayto-nuevobaztan.es\/fr\/noticias\/les-plus-beaux-villages-du-monde-font-de-lespagne-lepicentre-de-la-protection-du-patrimoine-rural\/#primaryimage"},"thumbnailUrl":"https:\/\/turismo.ayto-nuevobaztan.es\/wp-content\/uploads\/2026\/05\/PMBE-Cadiz-mayo-2026.jpg","articleSection":["activit\u00e9s"],"inLanguage":"fr-FR"},{"@type":"WebPage","@id":"https:\/\/turismo.ayto-nuevobaztan.es\/fr\/noticias\/les-plus-beaux-villages-du-monde-font-de-lespagne-lepicentre-de-la-protection-du-patrimoine-rural\/","url":"https:\/\/turismo.ayto-nuevobaztan.es\/fr\/noticias\/les-plus-beaux-villages-du-monde-font-de-lespagne-lepicentre-de-la-protection-du-patrimoine-rural\/","name":"Les Plus Beaux Villages du Monde font de l\u2019Espagne l\u2019\u00e9picentre de la protection du patrimoine rural - Turismo Nuevo Bazt\u00e1n","isPartOf":{"@id":"https:\/\/turismo.ayto-nuevobaztan.es\/fr\/#website"},"primaryImageOfPage":{"@id":"https:\/\/turismo.ayto-nuevobaztan.es\/fr\/noticias\/les-plus-beaux-villages-du-monde-font-de-lespagne-lepicentre-de-la-protection-du-patrimoine-rural\/#primaryimage"},"image":{"@id":"https:\/\/turismo.ayto-nuevobaztan.es\/fr\/noticias\/les-plus-beaux-villages-du-monde-font-de-lespagne-lepicentre-de-la-protection-du-patrimoine-rural\/#primaryimage"},"thumbnailUrl":"https:\/\/turismo.ayto-nuevobaztan.es\/wp-content\/uploads\/2026\/05\/PMBE-Cadiz-mayo-2026.jpg","datePublished":"2026-05-29T09:54:41+00:00","description":"Les bases d\u2019un travail commun dans une m\u00eame direction se consolident","breadcrumb":{"@id":"https:\/\/turismo.ayto-nuevobaztan.es\/fr\/noticias\/les-plus-beaux-villages-du-monde-font-de-lespagne-lepicentre-de-la-protection-du-patrimoine-rural\/#breadcrumb"},"inLanguage":"fr-FR","potentialAction":[{"@type":"ReadAction","target":["https:\/\/turismo.ayto-nuevobaztan.es\/fr\/noticias\/les-plus-beaux-villages-du-monde-font-de-lespagne-lepicentre-de-la-protection-du-patrimoine-rural\/"]}]},{"@type":"ImageObject","inLanguage":"fr-FR","@id":"https:\/\/turismo.ayto-nuevobaztan.es\/fr\/noticias\/les-plus-beaux-villages-du-monde-font-de-lespagne-lepicentre-de-la-protection-du-patrimoine-rural\/#primaryimage","url":"https:\/\/turismo.ayto-nuevobaztan.es\/wp-content\/uploads\/2026\/05\/PMBE-Cadiz-mayo-2026.jpg","contentUrl":"https:\/\/turismo.ayto-nuevobaztan.es\/wp-content\/uploads\/2026\/05\/PMBE-Cadiz-mayo-2026.jpg","width":1267,"height":811},{"@type":"BreadcrumbList","@id":"https:\/\/turismo.ayto-nuevobaztan.es\/fr\/noticias\/les-plus-beaux-villages-du-monde-font-de-lespagne-lepicentre-de-la-protection-du-patrimoine-rural\/#breadcrumb","itemListElement":[{"@type":"ListItem","position":1,"name":"Accueil","item":"https:\/\/turismo.ayto-nuevobaztan.es\/fr\/"},{"@type":"ListItem","position":2,"name":"Les Plus Beaux Villages du Monde font de l\u2019Espagne l\u2019\u00e9picentre de la protection du patrimoine rural"}]},{"@type":"WebSite","@id":"https:\/\/turismo.ayto-nuevobaztan.es\/fr\/#website","url":"https:\/\/turismo.ayto-nuevobaztan.es\/fr\/","name":"Turismo Nuevo Bazt\u00e1n","description":"","publisher":{"@id":"https:\/\/turismo.ayto-nuevobaztan.es\/fr\/#organization"},"potentialAction":[{"@type":"SearchAction","target":{"@type":"EntryPoint","urlTemplate":"https:\/\/turismo.ayto-nuevobaztan.es\/fr\/?s={search_term_string}"},"query-input":{"@type":"PropertyValueSpecification","valueRequired":true,"valueName":"search_term_string"}}],"inLanguage":"fr-FR"},{"@type":"Organization","@id":"https:\/\/turismo.ayto-nuevobaztan.es\/fr\/#organization","name":"Turismo Nuevo Bazt\u00e1n","url":"https:\/\/turismo.ayto-nuevobaztan.es\/fr\/","logo":{"@type":"ImageObject","inLanguage":"fr-FR","@id":"https:\/\/turismo.ayto-nuevobaztan.es\/fr\/#\/schema\/logo\/image\/","url":"https:\/\/turismo.ayto-nuevobaztan.es\/wp-content\/uploads\/2025\/12\/logo.png","contentUrl":"https:\/\/turismo.ayto-nuevobaztan.es\/wp-content\/uploads\/2025\/12\/logo.png","width":1847,"height":1787,"caption":"Turismo Nuevo Bazt\u00e1n"},"image":{"@id":"https:\/\/turismo.ayto-nuevobaztan.es\/fr\/#\/schema\/logo\/image\/"},"sameAs":["https:\/\/www.facebook.com\/turismonuevobaztan\/","https:\/\/x.com\/TurismoNBaztan"]},{"@type":"Person","@id":"https:\/\/turismo.ayto-nuevobaztan.es\/fr\/#\/schema\/person\/e64d5f83a39bd3dada37f4f75e5569df","name":"juanjog","image":{"@type":"ImageObject","inLanguage":"fr-FR","@id":"https:\/\/secure.gravatar.com\/avatar\/aeef861b07271ad4a92db68a1c6115a397681d7d6cd43c21b002c17e98ebd354?s=96&d=mm&r=g","url":"https:\/\/secure.gravatar.com\/avatar\/aeef861b07271ad4a92db68a1c6115a397681d7d6cd43c21b002c17e98ebd354?s=96&d=mm&r=g","contentUrl":"https:\/\/secure.gravatar.com\/avatar\/aeef861b07271ad4a92db68a1c6115a397681d7d6cd43c21b002c17e98ebd354?s=96&d=mm&r=g","caption":"juanjog"},"url":"#"}]}},"_links":{"self":[{"href":"https:\/\/turismo.ayto-nuevobaztan.es\/fr\/wp-json\/wp\/v2\/posts\/3950","targetHints":{"allow":["GET"]}}],"collection":[{"href":"https:\/\/turismo.ayto-nuevobaztan.es\/fr\/wp-json\/wp\/v2\/posts"}],"about":[{"href":"https:\/\/turismo.ayto-nuevobaztan.es\/fr\/wp-json\/wp\/v2\/types\/post"}],"author":[{"embeddable":true,"href":"https:\/\/turismo.ayto-nuevobaztan.es\/fr\/wp-json\/wp\/v2\/users\/6"}],"replies":[{"embeddable":true,"href":"https:\/\/turismo.ayto-nuevobaztan.es\/fr\/wp-json\/wp\/v2\/comments?post=3950"}],"version-history":[{"count":0,"href":"https:\/\/turismo.ayto-nuevobaztan.es\/fr\/wp-json\/wp\/v2\/posts\/3950\/revisions"}],"wp:featuredmedia":[{"embeddable":true,"href":"https:\/\/turismo.ayto-nuevobaztan.es\/fr\/wp-json\/wp\/v2\/media\/3946"}],"wp:attachment":[{"href":"https:\/\/turismo.ayto-nuevobaztan.es\/fr\/wp-json\/wp\/v2\/media?parent=3950"}],"wp:term":[{"taxonomy":"category","embeddable":true,"href":"https:\/\/turismo.ayto-nuevobaztan.es\/fr\/wp-json\/wp\/v2\/categories?post=3950"},{"taxonomy":"post_tag","embeddable":true,"href":"https:\/\/turismo.ayto-nuevobaztan.es\/fr\/wp-json\/wp\/v2\/tags?post=3950"}],"curies":[{"name":"wp","href":"https:\/\/api.w.org\/{rel}","templated":true}]}}