{"id":3944,"date":"2026-05-29T08:10:15","date_gmt":"2026-05-29T08:10:15","guid":{"rendered":"https:\/\/turismo.ayto-nuevobaztan.es\/noticias\/nuevo-baztan-poursuit-son-plan-dembellissement-de-lensemble-historique\/"},"modified":"2026-05-29T08:10:15","modified_gmt":"2026-05-29T08:10:15","slug":"nuevo-baztan-poursuit-son-plan-dembellissement-de-lensemble-historique","status":"publish","type":"post","link":"https:\/\/turismo.ayto-nuevobaztan.es\/fr\/noticias\/nuevo-baztan-poursuit-son-plan-dembellissement-de-lensemble-historique\/","title":{"rendered":"Nuevo Bazt\u00e1n poursuit son Plan d\u2019Embellissement de l\u2019Ensemble Historique"},"content":{"rendered":"<p data-start=\"6712\" data-end=\"6988\">La mairie de Nuevo Bazt\u00e1n continue de progresser dans l\u2019am\u00e9lioration esth\u00e9tique et fonctionnelle de la commune \u00e0 travers son Plan d\u2019Embellissement. L\u2019objectif est de valoriser l\u2019image d\u2019accueil de la localit\u00e9 et de r\u00e9cup\u00e9rer des espaces \u00e0 forte valeur historique et naturelle.<\/p>\n<p data-start=\"6990\" data-end=\"7305\">L\u2019un des axes principaux de cette phase est l\u2019intervention men\u00e9e au niveau de l\u2019acc\u00e8s nord. Les travaux se sont concentr\u00e9s sur l\u2019embellissement de cette entr\u00e9e principale, afin de cr\u00e9er un environnement plus soign\u00e9 et plus agr\u00e9able, aussi bien pour les habitants que pour les visiteurs qui arrivent dans la commune.<\/p>\n<p data-start=\"7307\" data-end=\"8405\">Parmi ces actions, la r\u00e9habilitation de la fontaine publique situ\u00e9e entre le Camino del Boleo et la Senda Valmores se distingue tout particuli\u00e8rement. Les \u00e9l\u00e9ments hydrauliques de la fontaine ont \u00e9t\u00e9 r\u00e9par\u00e9s afin de lui rendre sa fonctionnalit\u00e9. Ces travaux ont compris la r\u00e9vision et le remplacement de canalisations, ainsi que le nettoyage et la restauration de la structure. Cette intervention permet de r\u00e9cup\u00e9rer un point de rencontre embl\u00e9matique pour les randonneurs et les habitants qui profitent de l\u2019environnement naturel de la commune. Les abords de la fontaine ont \u00e9t\u00e9 pav\u00e9s avec une combinaison de galets et de dalles carr\u00e9es en pierre calcaire locale, cr\u00e9ant une finition visuellement harmonieuse et en accord avec le caract\u00e8re historique du lieu. Deux bancs en pierre calcaire, un luminaire \u00e9quip\u00e9 d\u2019un panneau solaire, ainsi que des arbres et arbustes locaux ont \u00e9galement \u00e9t\u00e9 install\u00e9s. Le site dispose en outre d\u2019un syst\u00e8me d\u2019arrosage goutte \u00e0 goutte automatis\u00e9, g\u00e9r\u00e9 par des capteurs qui ajustent la quantit\u00e9 d\u2019eau en fonction des conditions climatiques et des besoins du terrain.<\/p>\n<p data-start=\"8407\" data-end=\"8642\">Aux abords de l\u2019aire de camping-cars, un syst\u00e8me d\u2019arrosage intelligent a \u00e9galement \u00e9t\u00e9 install\u00e9. Cette am\u00e9lioration technologique permettra une gestion beaucoup plus efficace de l\u2019eau, tout en assurant un entretien optimal de la zone.<\/p>\n<p data-start=\"8644\" data-end=\"9091\">Du mobilier urbain recycl\u00e9 suppl\u00e9mentaire a \u00e9galement \u00e9t\u00e9 install\u00e9, ainsi qu\u2019une fontaine \u00e0 eau destin\u00e9e aux animaux domestiques et aux visiteurs. Par ailleurs, une replantation d\u2019esp\u00e8ces autochtones a \u00e9t\u00e9 r\u00e9alis\u00e9e, renfor\u00e7ant la biodiversit\u00e9 locale et garantissant l\u2019int\u00e9gration du paysage dans l\u2019\u00e9cosyst\u00e8me de la zone. Cette intervention a repr\u00e9sent\u00e9 un investissement de pr\u00e8s de 50 000 euros, cofinanc\u00e9 par la Communaut\u00e9 de Madrid et la mairie.<\/p>\n<p data-start=\"9093\" data-end=\"9347\">Afin de compl\u00e9ter cette action, l\u2019am\u00e9nagement du Camino del Boleo sera \u00e9galement int\u00e9gr\u00e9 \u00e0 cet axe d\u2019entr\u00e9e gr\u00e2ce \u00e0 une autre subvention provenant de la Communaut\u00e9 de Madrid, accord\u00e9e pour la r\u00e9paration des dommages caus\u00e9s par le dernier \u00e9pisode de DANA.<\/p>\n<p data-start=\"9349\" data-end=\"9889\">De m\u00eame, les travaux de pavage et de connexion avec la Calle Palacio sont d\u00e9j\u00e0 en cours. Cette intervention s\u2019inscrit dans le projet de pr\u00e9vention et d\u2019adaptation au changement climatique inclus dans le Plan de Durabilit\u00e9 Touristique en Destination, qui pr\u00e9voit la r\u00e9novation du pavage de l\u2019Ensemble Historique. Elle fait partie du Plan Territorial 2023 de la Communaut\u00e9 de Madrid et b\u00e9n\u00e9ficie du financement de l\u2019Union europ\u00e9enne \u00e0 travers les fonds Next Generation EU, dans le cadre du Plan de Relance, de Transformation et de R\u00e9silience.<\/p>\n<p data-start=\"9891\" data-end=\"10128\" data-is-last-node=\"\" data-is-only-node=\"\">Enfin, trois panneaux d\u2019information consacr\u00e9s aux itin\u00e9raires cyclotouristiques de la r\u00e9gion ont \u00e9t\u00e9 install\u00e9s dans l\u2019aire de camping-cars. Ils ont \u00e9t\u00e9 fournis par ARACOVE, le Groupe d\u2019Action Locale du Sud-Est de la Communaut\u00e9 de Madrid.<\/p>\n","protected":false},"excerpt":{"rendered":"<p>La mairie de Nuevo Bazt\u00e1n continue de progresser dans l\u2019am\u00e9lioration esth\u00e9tique et fonctionnelle de la commune \u00e0 travers son Plan d\u2019Embellissement. L\u2019objectif est de valoriser l\u2019image d\u2019accueil de la localit\u00e9 et de r\u00e9cup\u00e9rer des espaces \u00e0 forte valeur historique et naturelle. L\u2019un des axes principaux de cette phase est l\u2019intervention men\u00e9e au niveau de l\u2019acc\u00e8s&hellip;<\/p>\n","protected":false},"author":6,"featured_media":3937,"comment_status":"closed","ping_status":"closed","sticky":false,"template":"","format":"standard","meta":{"_acf_changed":false,"footnotes":""},"categories":[361],"tags":[],"class_list":["post-3944","post","type-post","status-publish","format-standard","has-post-thumbnail","hentry","category-activites"],"acf":[],"yoast_head":"<!-- This site is optimized with the Yoast SEO plugin v27.2 - https:\/\/yoast.com\/product\/yoast-seo-wordpress\/ -->\n<title>Nuevo Bazt\u00e1n poursuit son Plan d\u2019Embellissement de l\u2019Ensemble Historique<\/title>\n<meta name=\"description\" content=\"Le secteur comprend la restauration de la Fontaine Publique du Camino del Boleo.\" \/>\n<meta name=\"robots\" content=\"index, follow, max-snippet:-1, max-image-preview:large, max-video-preview:-1\" \/>\n<link rel=\"canonical\" href=\"https:\/\/turismo.ayto-nuevobaztan.es\/fr\/noticias\/nuevo-baztan-poursuit-son-plan-dembellissement-de-lensemble-historique\/\" \/>\n<meta property=\"og:locale\" content=\"fr_FR\" \/>\n<meta property=\"og:type\" content=\"article\" \/>\n<meta property=\"og:title\" content=\"Nuevo Bazt\u00e1n poursuit son Plan d\u2019Embellissement de l\u2019Ensemble Historique\" \/>\n<meta property=\"og:description\" content=\"Le secteur comprend la restauration de la Fontaine Publique du Camino del Boleo.\" \/>\n<meta property=\"og:url\" content=\"https:\/\/turismo.ayto-nuevobaztan.es\/fr\/noticias\/nuevo-baztan-poursuit-son-plan-dembellissement-de-lensemble-historique\/\" \/>\n<meta property=\"og:site_name\" content=\"Turismo Nuevo Bazt\u00e1n\" \/>\n<meta property=\"article:publisher\" content=\"https:\/\/www.facebook.com\/turismonuevobaztan\/\" \/>\n<meta property=\"article:published_time\" content=\"2026-05-29T08:10:15+00:00\" \/>\n<meta property=\"og:image\" content=\"https:\/\/turismo.ayto-nuevobaztan.es\/wp-content\/uploads\/2026\/05\/embellecimiento-nuevo-baztan-04-800x450.webp\" \/>\n<meta name=\"author\" content=\"juanjog\" \/>\n<meta name=\"twitter:card\" content=\"summary_large_image\" \/>\n<meta name=\"twitter:creator\" content=\"@TurismoNBaztan\" \/>\n<meta name=\"twitter:site\" content=\"@TurismoNBaztan\" \/>\n<meta name=\"twitter:label1\" content=\"\u00c9crit par\" \/>\n\t<meta name=\"twitter:data1\" content=\"juanjog\" \/>\n\t<meta name=\"twitter:label2\" content=\"Dur\u00e9e de lecture estim\u00e9e\" \/>\n\t<meta name=\"twitter:data2\" content=\"3 minutes\" \/>\n<script type=\"application\/ld+json\" class=\"yoast-schema-graph\">{\"@context\":\"https:\/\/schema.org\",\"@graph\":[{\"@type\":\"Article\",\"@id\":\"https:\/\/turismo.ayto-nuevobaztan.es\/fr\/noticias\/nuevo-baztan-poursuit-son-plan-dembellissement-de-lensemble-historique\/#article\",\"isPartOf\":{\"@id\":\"https:\/\/turismo.ayto-nuevobaztan.es\/fr\/noticias\/nuevo-baztan-poursuit-son-plan-dembellissement-de-lensemble-historique\/\"},\"author\":{\"name\":\"juanjog\",\"@id\":\"https:\/\/turismo.ayto-nuevobaztan.es\/fr\/#\/schema\/person\/e64d5f83a39bd3dada37f4f75e5569df\"},\"headline\":\"Nuevo Bazt\u00e1n poursuit son Plan d\u2019Embellissement de l\u2019Ensemble Historique\",\"datePublished\":\"2026-05-29T08:10:15+00:00\",\"mainEntityOfPage\":{\"@id\":\"https:\/\/turismo.ayto-nuevobaztan.es\/fr\/noticias\/nuevo-baztan-poursuit-son-plan-dembellissement-de-lensemble-historique\/\"},\"wordCount\":616,\"publisher\":{\"@id\":\"https:\/\/turismo.ayto-nuevobaztan.es\/fr\/#organization\"},\"image\":{\"@id\":\"https:\/\/turismo.ayto-nuevobaztan.es\/fr\/noticias\/nuevo-baztan-poursuit-son-plan-dembellissement-de-lensemble-historique\/#primaryimage\"},\"thumbnailUrl\":\"https:\/\/turismo.ayto-nuevobaztan.es\/wp-content\/uploads\/2026\/05\/embellecimiento-nuevo-baztan-04.webp\",\"articleSection\":[\"activit\u00e9s\"],\"inLanguage\":\"fr-FR\"},{\"@type\":\"WebPage\",\"@id\":\"https:\/\/turismo.ayto-nuevobaztan.es\/fr\/noticias\/nuevo-baztan-poursuit-son-plan-dembellissement-de-lensemble-historique\/\",\"url\":\"https:\/\/turismo.ayto-nuevobaztan.es\/fr\/noticias\/nuevo-baztan-poursuit-son-plan-dembellissement-de-lensemble-historique\/\",\"name\":\"Nuevo Bazt\u00e1n poursuit son Plan d\u2019Embellissement de l\u2019Ensemble Historique\",\"isPartOf\":{\"@id\":\"https:\/\/turismo.ayto-nuevobaztan.es\/fr\/#website\"},\"primaryImageOfPage\":{\"@id\":\"https:\/\/turismo.ayto-nuevobaztan.es\/fr\/noticias\/nuevo-baztan-poursuit-son-plan-dembellissement-de-lensemble-historique\/#primaryimage\"},\"image\":{\"@id\":\"https:\/\/turismo.ayto-nuevobaztan.es\/fr\/noticias\/nuevo-baztan-poursuit-son-plan-dembellissement-de-lensemble-historique\/#primaryimage\"},\"thumbnailUrl\":\"https:\/\/turismo.ayto-nuevobaztan.es\/wp-content\/uploads\/2026\/05\/embellecimiento-nuevo-baztan-04.webp\",\"datePublished\":\"2026-05-29T08:10:15+00:00\",\"description\":\"Le secteur comprend la restauration de la Fontaine Publique du Camino del Boleo.\",\"breadcrumb\":{\"@id\":\"https:\/\/turismo.ayto-nuevobaztan.es\/fr\/noticias\/nuevo-baztan-poursuit-son-plan-dembellissement-de-lensemble-historique\/#breadcrumb\"},\"inLanguage\":\"fr-FR\",\"potentialAction\":[{\"@type\":\"ReadAction\",\"target\":[\"https:\/\/turismo.ayto-nuevobaztan.es\/fr\/noticias\/nuevo-baztan-poursuit-son-plan-dembellissement-de-lensemble-historique\/\"]}]},{\"@type\":\"ImageObject\",\"inLanguage\":\"fr-FR\",\"@id\":\"https:\/\/turismo.ayto-nuevobaztan.es\/fr\/noticias\/nuevo-baztan-poursuit-son-plan-dembellissement-de-lensemble-historique\/#primaryimage\",\"url\":\"https:\/\/turismo.ayto-nuevobaztan.es\/wp-content\/uploads\/2026\/05\/embellecimiento-nuevo-baztan-04.webp\",\"contentUrl\":\"https:\/\/turismo.ayto-nuevobaztan.es\/wp-content\/uploads\/2026\/05\/embellecimiento-nuevo-baztan-04.webp\",\"width\":1170,\"height\":1655},{\"@type\":\"BreadcrumbList\",\"@id\":\"https:\/\/turismo.ayto-nuevobaztan.es\/fr\/noticias\/nuevo-baztan-poursuit-son-plan-dembellissement-de-lensemble-historique\/#breadcrumb\",\"itemListElement\":[{\"@type\":\"ListItem\",\"position\":1,\"name\":\"Accueil\",\"item\":\"https:\/\/turismo.ayto-nuevobaztan.es\/fr\/\"},{\"@type\":\"ListItem\",\"position\":2,\"name\":\"Nuevo Bazt\u00e1n poursuit son Plan d\u2019Embellissement de l\u2019Ensemble Historique\"}]},{\"@type\":\"WebSite\",\"@id\":\"https:\/\/turismo.ayto-nuevobaztan.es\/fr\/#website\",\"url\":\"https:\/\/turismo.ayto-nuevobaztan.es\/fr\/\",\"name\":\"Turismo Nuevo Bazt\u00e1n\",\"description\":\"\",\"publisher\":{\"@id\":\"https:\/\/turismo.ayto-nuevobaztan.es\/fr\/#organization\"},\"potentialAction\":[{\"@type\":\"SearchAction\",\"target\":{\"@type\":\"EntryPoint\",\"urlTemplate\":\"https:\/\/turismo.ayto-nuevobaztan.es\/fr\/?s={search_term_string}\"},\"query-input\":{\"@type\":\"PropertyValueSpecification\",\"valueRequired\":true,\"valueName\":\"search_term_string\"}}],\"inLanguage\":\"fr-FR\"},{\"@type\":\"Organization\",\"@id\":\"https:\/\/turismo.ayto-nuevobaztan.es\/fr\/#organization\",\"name\":\"Turismo Nuevo Bazt\u00e1n\",\"url\":\"https:\/\/turismo.ayto-nuevobaztan.es\/fr\/\",\"logo\":{\"@type\":\"ImageObject\",\"inLanguage\":\"fr-FR\",\"@id\":\"https:\/\/turismo.ayto-nuevobaztan.es\/fr\/#\/schema\/logo\/image\/\",\"url\":\"https:\/\/turismo.ayto-nuevobaztan.es\/wp-content\/uploads\/2025\/12\/logo.png\",\"contentUrl\":\"https:\/\/turismo.ayto-nuevobaztan.es\/wp-content\/uploads\/2025\/12\/logo.png\",\"width\":1847,\"height\":1787,\"caption\":\"Turismo Nuevo Bazt\u00e1n\"},\"image\":{\"@id\":\"https:\/\/turismo.ayto-nuevobaztan.es\/fr\/#\/schema\/logo\/image\/\"},\"sameAs\":[\"https:\/\/www.facebook.com\/turismonuevobaztan\/\",\"https:\/\/x.com\/TurismoNBaztan\"]},{\"@type\":\"Person\",\"@id\":\"https:\/\/turismo.ayto-nuevobaztan.es\/fr\/#\/schema\/person\/e64d5f83a39bd3dada37f4f75e5569df\",\"name\":\"juanjog\",\"image\":{\"@type\":\"ImageObject\",\"inLanguage\":\"fr-FR\",\"@id\":\"https:\/\/secure.gravatar.com\/avatar\/aeef861b07271ad4a92db68a1c6115a397681d7d6cd43c21b002c17e98ebd354?s=96&d=mm&r=g\",\"url\":\"https:\/\/secure.gravatar.com\/avatar\/aeef861b07271ad4a92db68a1c6115a397681d7d6cd43c21b002c17e98ebd354?s=96&d=mm&r=g\",\"contentUrl\":\"https:\/\/secure.gravatar.com\/avatar\/aeef861b07271ad4a92db68a1c6115a397681d7d6cd43c21b002c17e98ebd354?s=96&d=mm&r=g\",\"caption\":\"juanjog\"},\"url\":\"#\"}]}<\/script>\n<!-- \/ Yoast SEO plugin. -->","yoast_head_json":{"title":"Nuevo Bazt\u00e1n poursuit son Plan d\u2019Embellissement de l\u2019Ensemble Historique","description":"Le secteur comprend la restauration de la Fontaine Publique du Camino del Boleo.","robots":{"index":"index","follow":"follow","max-snippet":"max-snippet:-1","max-image-preview":"max-image-preview:large","max-video-preview":"max-video-preview:-1"},"canonical":"https:\/\/turismo.ayto-nuevobaztan.es\/fr\/noticias\/nuevo-baztan-poursuit-son-plan-dembellissement-de-lensemble-historique\/","og_locale":"fr_FR","og_type":"article","og_title":"Nuevo Bazt\u00e1n poursuit son Plan d\u2019Embellissement de l\u2019Ensemble Historique","og_description":"Le secteur comprend la restauration de la Fontaine Publique du Camino del Boleo.","og_url":"https:\/\/turismo.ayto-nuevobaztan.es\/fr\/noticias\/nuevo-baztan-poursuit-son-plan-dembellissement-de-lensemble-historique\/","og_site_name":"Turismo Nuevo Bazt\u00e1n","article_publisher":"https:\/\/www.facebook.com\/turismonuevobaztan\/","article_published_time":"2026-05-29T08:10:15+00:00","og_image":[{"url":"https:\/\/turismo.ayto-nuevobaztan.es\/wp-content\/uploads\/2026\/05\/embellecimiento-nuevo-baztan-04-800x450.webp","type":"","width":"","height":""}],"author":"juanjog","twitter_card":"summary_large_image","twitter_creator":"@TurismoNBaztan","twitter_site":"@TurismoNBaztan","twitter_misc":{"\u00c9crit par":"juanjog","Dur\u00e9e de lecture estim\u00e9e":"3 minutes"},"schema":{"@context":"https:\/\/schema.org","@graph":[{"@type":"Article","@id":"https:\/\/turismo.ayto-nuevobaztan.es\/fr\/noticias\/nuevo-baztan-poursuit-son-plan-dembellissement-de-lensemble-historique\/#article","isPartOf":{"@id":"https:\/\/turismo.ayto-nuevobaztan.es\/fr\/noticias\/nuevo-baztan-poursuit-son-plan-dembellissement-de-lensemble-historique\/"},"author":{"name":"juanjog","@id":"https:\/\/turismo.ayto-nuevobaztan.es\/fr\/#\/schema\/person\/e64d5f83a39bd3dada37f4f75e5569df"},"headline":"Nuevo Bazt\u00e1n poursuit son Plan d\u2019Embellissement de l\u2019Ensemble Historique","datePublished":"2026-05-29T08:10:15+00:00","mainEntityOfPage":{"@id":"https:\/\/turismo.ayto-nuevobaztan.es\/fr\/noticias\/nuevo-baztan-poursuit-son-plan-dembellissement-de-lensemble-historique\/"},"wordCount":616,"publisher":{"@id":"https:\/\/turismo.ayto-nuevobaztan.es\/fr\/#organization"},"image":{"@id":"https:\/\/turismo.ayto-nuevobaztan.es\/fr\/noticias\/nuevo-baztan-poursuit-son-plan-dembellissement-de-lensemble-historique\/#primaryimage"},"thumbnailUrl":"https:\/\/turismo.ayto-nuevobaztan.es\/wp-content\/uploads\/2026\/05\/embellecimiento-nuevo-baztan-04.webp","articleSection":["activit\u00e9s"],"inLanguage":"fr-FR"},{"@type":"WebPage","@id":"https:\/\/turismo.ayto-nuevobaztan.es\/fr\/noticias\/nuevo-baztan-poursuit-son-plan-dembellissement-de-lensemble-historique\/","url":"https:\/\/turismo.ayto-nuevobaztan.es\/fr\/noticias\/nuevo-baztan-poursuit-son-plan-dembellissement-de-lensemble-historique\/","name":"Nuevo Bazt\u00e1n poursuit son Plan d\u2019Embellissement de l\u2019Ensemble Historique","isPartOf":{"@id":"https:\/\/turismo.ayto-nuevobaztan.es\/fr\/#website"},"primaryImageOfPage":{"@id":"https:\/\/turismo.ayto-nuevobaztan.es\/fr\/noticias\/nuevo-baztan-poursuit-son-plan-dembellissement-de-lensemble-historique\/#primaryimage"},"image":{"@id":"https:\/\/turismo.ayto-nuevobaztan.es\/fr\/noticias\/nuevo-baztan-poursuit-son-plan-dembellissement-de-lensemble-historique\/#primaryimage"},"thumbnailUrl":"https:\/\/turismo.ayto-nuevobaztan.es\/wp-content\/uploads\/2026\/05\/embellecimiento-nuevo-baztan-04.webp","datePublished":"2026-05-29T08:10:15+00:00","description":"Le secteur comprend la restauration de la Fontaine Publique du Camino del Boleo.","breadcrumb":{"@id":"https:\/\/turismo.ayto-nuevobaztan.es\/fr\/noticias\/nuevo-baztan-poursuit-son-plan-dembellissement-de-lensemble-historique\/#breadcrumb"},"inLanguage":"fr-FR","potentialAction":[{"@type":"ReadAction","target":["https:\/\/turismo.ayto-nuevobaztan.es\/fr\/noticias\/nuevo-baztan-poursuit-son-plan-dembellissement-de-lensemble-historique\/"]}]},{"@type":"ImageObject","inLanguage":"fr-FR","@id":"https:\/\/turismo.ayto-nuevobaztan.es\/fr\/noticias\/nuevo-baztan-poursuit-son-plan-dembellissement-de-lensemble-historique\/#primaryimage","url":"https:\/\/turismo.ayto-nuevobaztan.es\/wp-content\/uploads\/2026\/05\/embellecimiento-nuevo-baztan-04.webp","contentUrl":"https:\/\/turismo.ayto-nuevobaztan.es\/wp-content\/uploads\/2026\/05\/embellecimiento-nuevo-baztan-04.webp","width":1170,"height":1655},{"@type":"BreadcrumbList","@id":"https:\/\/turismo.ayto-nuevobaztan.es\/fr\/noticias\/nuevo-baztan-poursuit-son-plan-dembellissement-de-lensemble-historique\/#breadcrumb","itemListElement":[{"@type":"ListItem","position":1,"name":"Accueil","item":"https:\/\/turismo.ayto-nuevobaztan.es\/fr\/"},{"@type":"ListItem","position":2,"name":"Nuevo Bazt\u00e1n poursuit son Plan d\u2019Embellissement de l\u2019Ensemble Historique"}]},{"@type":"WebSite","@id":"https:\/\/turismo.ayto-nuevobaztan.es\/fr\/#website","url":"https:\/\/turismo.ayto-nuevobaztan.es\/fr\/","name":"Turismo Nuevo Bazt\u00e1n","description":"","publisher":{"@id":"https:\/\/turismo.ayto-nuevobaztan.es\/fr\/#organization"},"potentialAction":[{"@type":"SearchAction","target":{"@type":"EntryPoint","urlTemplate":"https:\/\/turismo.ayto-nuevobaztan.es\/fr\/?s={search_term_string}"},"query-input":{"@type":"PropertyValueSpecification","valueRequired":true,"valueName":"search_term_string"}}],"inLanguage":"fr-FR"},{"@type":"Organization","@id":"https:\/\/turismo.ayto-nuevobaztan.es\/fr\/#organization","name":"Turismo Nuevo Bazt\u00e1n","url":"https:\/\/turismo.ayto-nuevobaztan.es\/fr\/","logo":{"@type":"ImageObject","inLanguage":"fr-FR","@id":"https:\/\/turismo.ayto-nuevobaztan.es\/fr\/#\/schema\/logo\/image\/","url":"https:\/\/turismo.ayto-nuevobaztan.es\/wp-content\/uploads\/2025\/12\/logo.png","contentUrl":"https:\/\/turismo.ayto-nuevobaztan.es\/wp-content\/uploads\/2025\/12\/logo.png","width":1847,"height":1787,"caption":"Turismo Nuevo Bazt\u00e1n"},"image":{"@id":"https:\/\/turismo.ayto-nuevobaztan.es\/fr\/#\/schema\/logo\/image\/"},"sameAs":["https:\/\/www.facebook.com\/turismonuevobaztan\/","https:\/\/x.com\/TurismoNBaztan"]},{"@type":"Person","@id":"https:\/\/turismo.ayto-nuevobaztan.es\/fr\/#\/schema\/person\/e64d5f83a39bd3dada37f4f75e5569df","name":"juanjog","image":{"@type":"ImageObject","inLanguage":"fr-FR","@id":"https:\/\/secure.gravatar.com\/avatar\/aeef861b07271ad4a92db68a1c6115a397681d7d6cd43c21b002c17e98ebd354?s=96&d=mm&r=g","url":"https:\/\/secure.gravatar.com\/avatar\/aeef861b07271ad4a92db68a1c6115a397681d7d6cd43c21b002c17e98ebd354?s=96&d=mm&r=g","contentUrl":"https:\/\/secure.gravatar.com\/avatar\/aeef861b07271ad4a92db68a1c6115a397681d7d6cd43c21b002c17e98ebd354?s=96&d=mm&r=g","caption":"juanjog"},"url":"#"}]}},"_links":{"self":[{"href":"https:\/\/turismo.ayto-nuevobaztan.es\/fr\/wp-json\/wp\/v2\/posts\/3944","targetHints":{"allow":["GET"]}}],"collection":[{"href":"https:\/\/turismo.ayto-nuevobaztan.es\/fr\/wp-json\/wp\/v2\/posts"}],"about":[{"href":"https:\/\/turismo.ayto-nuevobaztan.es\/fr\/wp-json\/wp\/v2\/types\/post"}],"author":[{"embeddable":true,"href":"https:\/\/turismo.ayto-nuevobaztan.es\/fr\/wp-json\/wp\/v2\/users\/6"}],"replies":[{"embeddable":true,"href":"https:\/\/turismo.ayto-nuevobaztan.es\/fr\/wp-json\/wp\/v2\/comments?post=3944"}],"version-history":[{"count":0,"href":"https:\/\/turismo.ayto-nuevobaztan.es\/fr\/wp-json\/wp\/v2\/posts\/3944\/revisions"}],"wp:featuredmedia":[{"embeddable":true,"href":"https:\/\/turismo.ayto-nuevobaztan.es\/fr\/wp-json\/wp\/v2\/media\/3937"}],"wp:attachment":[{"href":"https:\/\/turismo.ayto-nuevobaztan.es\/fr\/wp-json\/wp\/v2\/media?parent=3944"}],"wp:term":[{"taxonomy":"category","embeddable":true,"href":"https:\/\/turismo.ayto-nuevobaztan.es\/fr\/wp-json\/wp\/v2\/categories?post=3944"},{"taxonomy":"post_tag","embeddable":true,"href":"https:\/\/turismo.ayto-nuevobaztan.es\/fr\/wp-json\/wp\/v2\/tags?post=3944"}],"curies":[{"name":"wp","href":"https:\/\/api.w.org\/{rel}","templated":true}]}}