{"id":3934,"date":"2026-05-29T05:30:44","date_gmt":"2026-05-29T05:30:44","guid":{"rendered":"https:\/\/turismo.ayto-nuevobaztan.es\/noticias\/nuevo-baztan-renoue-avec-sa-tradition-verriere-a-travers-un-cycle-dateliers-de-soufflage-du-verre\/"},"modified":"2026-05-29T05:30:44","modified_gmt":"2026-05-29T05:30:44","slug":"nuevo-baztan-renoue-avec-sa-tradition-verriere-a-travers-un-cycle-dateliers-de-soufflage-du-verre","status":"publish","type":"post","link":"https:\/\/turismo.ayto-nuevobaztan.es\/fr\/noticias\/nuevo-baztan-renoue-avec-sa-tradition-verriere-a-travers-un-cycle-dateliers-de-soufflage-du-verre\/","title":{"rendered":"Nuevo Bazt\u00e1n renoue avec sa tradition verri\u00e8re \u00e0 travers un cycle d\u2019ateliers de soufflage du verre"},"content":{"rendered":"<p data-start=\"4155\" data-end=\"4336\">Nuevo Bazt\u00e1n remet \u00e0 l\u2019honneur l\u2019une des traditions historiques les plus importantes de son pass\u00e9 industriel avec un cycle d\u2019ateliers de soufflage du verre destin\u00e9 au public adulte.<\/p>\n<p data-start=\"4338\" data-end=\"4710\">En 1720, la F\u00e1brica de Cristales y Vidrios Finos vit le jour dans la commune. Cet espace forma de grands ma\u00eetres verriers qui travaill\u00e8rent ensuite \u00e0 la Real F\u00e1brica de Cristales de La Granja. Aujourd\u2019hui, cette tradition artisanale revient gr\u00e2ce au Centre d\u2019interpr\u00e9tation de Nuevo Bazt\u00e1n et \u00e0 des professionnels sp\u00e9cialis\u00e9s issus de la manufacture historique de S\u00e9govie.<\/p>\n<p data-start=\"4712\" data-end=\"4886\">Le programme offrira aux participants l\u2019occasion de s\u2019initier \u00e0 diff\u00e9rentes techniques de soufflage du verre \u00e0 travers des ateliers pratiques anim\u00e9s par des ma\u00eetres artisans.<\/p>\n<p data-start=\"4888\" data-end=\"4961\">Les activit\u00e9s pr\u00e9vues en 2026, de 11 h 00 \u00e0 14 h 00, sont les suivantes :<\/p>\n<ul>\n<li data-start=\"4963\" data-end=\"4980\"><strong data-start=\"4963\" data-end=\"4980\">Samedi 30 mai<br \/>\n<\/strong>Atelier de soufflage du verre en couleur<\/li>\n<li data-start=\"5024\" data-end=\"5042\"><strong data-start=\"5024\" data-end=\"5042\">Samedi 27 juin<br \/>\n<\/strong>Atelier de soufflage de plats en verre<br \/>\nInscriptions \u00e0 partir du 2 juin<\/li>\n<li data-start=\"5117\" data-end=\"5140\"><strong data-start=\"5117\" data-end=\"5140\">Samedi 19 septembre<br \/>\n<\/strong>Atelier de d\u00e9coration au soufflage avec pinces<br \/>\nInscriptions \u00e0 partir du 29 ao\u00fbt<\/li>\n<\/ul>\n<p data-start=\"5224\" data-end=\"5332\">Les activit\u00e9s s\u2019adressent aux personnes de plus de 12 ans et se d\u00e9rouleront au Palacio de Juan de Goyeneche.<\/p>\n<p data-start=\"5334\" data-end=\"5555\">La participation est gratuite, mais la r\u00e9servation pr\u00e9alable est indispensable par courriel \u00e0 l\u2019adresse <a class=\"decorated-link cursor-pointer\" rel=\"noopener\" data-start=\"5438\" data-end=\"5458\">cinbaztan@madrid.org<\/a> ou par t\u00e9l\u00e9phone au +34 686 941 217 pendant les horaires d\u2019ouverture du Centre d\u2019interpr\u00e9tation.<\/p>\n<p data-start=\"5557\" data-end=\"5753\">Ce cycle est organis\u00e9 par la Consejer\u00eda de Cultura, Turismo y Deporte de la Comunidad de Madrid, avec la collaboration de la mairie de Nuevo Bazt\u00e1n et de la Real F\u00e1brica de Cristales de La Granja.<\/p>\n<p data-start=\"5755\" data-end=\"5895\" data-is-last-node=\"\" data-is-only-node=\"\">Une occasion unique de d\u00e9couvrir et d\u2019exp\u00e9rimenter l\u2019un des savoir-faire historiques les plus \u00e9troitement li\u00e9s aux origines de Nuevo Bazt\u00e1n.<\/p>\n","protected":false},"excerpt":{"rendered":"<p>Nuevo Bazt\u00e1n remet \u00e0 l\u2019honneur l\u2019une des traditions historiques les plus importantes de son pass\u00e9 industriel avec un cycle d\u2019ateliers de soufflage du verre destin\u00e9 au public adulte. En 1720, la F\u00e1brica de Cristales y Vidrios Finos vit le jour dans la commune. Cet espace forma de grands ma\u00eetres verriers qui travaill\u00e8rent ensuite \u00e0 la&hellip;<\/p>\n","protected":false},"author":6,"featured_media":3931,"comment_status":"closed","ping_status":"closed","sticky":false,"template":"","format":"standard","meta":{"_acf_changed":false,"footnotes":""},"categories":[361],"tags":[],"class_list":["post-3934","post","type-post","status-publish","format-standard","has-post-thumbnail","hentry","category-activites"],"acf":[],"yoast_head":"<!-- This site is optimized with the Yoast SEO plugin v27.2 - https:\/\/yoast.com\/product\/yoast-seo-wordpress\/ -->\n<title>Nuevo Bazt\u00e1n renoue avec sa tradition verri\u00e8re \u00e0 travers un cycle d\u2019ateliers de soufflage du verre<\/title>\n<meta name=\"description\" content=\"Le Centre d\u2019interpr\u00e9tation organise des activit\u00e9s anim\u00e9es par des ma\u00eetres artisans de la Real F\u00e1brica de Cristales de La Granja\" \/>\n<meta name=\"robots\" content=\"index, follow, max-snippet:-1, max-image-preview:large, max-video-preview:-1\" \/>\n<link rel=\"canonical\" href=\"https:\/\/turismo.ayto-nuevobaztan.es\/fr\/noticias\/nuevo-baztan-renoue-avec-sa-tradition-verriere-a-travers-un-cycle-dateliers-de-soufflage-du-verre\/\" \/>\n<meta property=\"og:locale\" content=\"fr_FR\" \/>\n<meta property=\"og:type\" content=\"article\" \/>\n<meta property=\"og:title\" content=\"Nuevo Bazt\u00e1n renoue avec sa tradition verri\u00e8re \u00e0 travers un cycle d\u2019ateliers de soufflage du verre\" \/>\n<meta property=\"og:description\" content=\"Le Centre d\u2019interpr\u00e9tation organise des activit\u00e9s anim\u00e9es par des ma\u00eetres artisans de la Real F\u00e1brica de Cristales de La Granja\" \/>\n<meta property=\"og:url\" content=\"https:\/\/turismo.ayto-nuevobaztan.es\/fr\/noticias\/nuevo-baztan-renoue-avec-sa-tradition-verriere-a-travers-un-cycle-dateliers-de-soufflage-du-verre\/\" \/>\n<meta property=\"og:site_name\" content=\"Turismo Nuevo Bazt\u00e1n\" \/>\n<meta property=\"article:publisher\" content=\"https:\/\/www.facebook.com\/turismonuevobaztan\/\" \/>\n<meta property=\"article:published_time\" content=\"2026-05-29T05:30:44+00:00\" \/>\n<meta property=\"og:image\" content=\"https:\/\/turismo.ayto-nuevobaztan.es\/wp-content\/uploads\/2026\/05\/taller-vidrio-soplado-2026-800x450.jpg\" \/>\n<meta name=\"author\" content=\"juanjog\" \/>\n<meta name=\"twitter:card\" content=\"summary_large_image\" \/>\n<meta name=\"twitter:creator\" content=\"@TurismoNBaztan\" \/>\n<meta name=\"twitter:site\" content=\"@TurismoNBaztan\" \/>\n<meta name=\"twitter:label1\" content=\"\u00c9crit par\" \/>\n\t<meta name=\"twitter:data1\" content=\"juanjog\" \/>\n\t<meta name=\"twitter:label2\" content=\"Dur\u00e9e de lecture estim\u00e9e\" \/>\n\t<meta name=\"twitter:data2\" content=\"1 minute\" \/>\n<script type=\"application\/ld+json\" class=\"yoast-schema-graph\">{\"@context\":\"https:\/\/schema.org\",\"@graph\":[{\"@type\":\"Article\",\"@id\":\"https:\/\/turismo.ayto-nuevobaztan.es\/fr\/noticias\/nuevo-baztan-renoue-avec-sa-tradition-verriere-a-travers-un-cycle-dateliers-de-soufflage-du-verre\/#article\",\"isPartOf\":{\"@id\":\"https:\/\/turismo.ayto-nuevobaztan.es\/fr\/noticias\/nuevo-baztan-renoue-avec-sa-tradition-verriere-a-travers-un-cycle-dateliers-de-soufflage-du-verre\/\"},\"author\":{\"name\":\"juanjog\",\"@id\":\"https:\/\/turismo.ayto-nuevobaztan.es\/fr\/#\/schema\/person\/e64d5f83a39bd3dada37f4f75e5569df\"},\"headline\":\"Nuevo Bazt\u00e1n renoue avec sa tradition verri\u00e8re \u00e0 travers un cycle d\u2019ateliers de soufflage du verre\",\"datePublished\":\"2026-05-29T05:30:44+00:00\",\"mainEntityOfPage\":{\"@id\":\"https:\/\/turismo.ayto-nuevobaztan.es\/fr\/noticias\/nuevo-baztan-renoue-avec-sa-tradition-verriere-a-travers-un-cycle-dateliers-de-soufflage-du-verre\/\"},\"wordCount\":314,\"publisher\":{\"@id\":\"https:\/\/turismo.ayto-nuevobaztan.es\/fr\/#organization\"},\"image\":{\"@id\":\"https:\/\/turismo.ayto-nuevobaztan.es\/fr\/noticias\/nuevo-baztan-renoue-avec-sa-tradition-verriere-a-travers-un-cycle-dateliers-de-soufflage-du-verre\/#primaryimage\"},\"thumbnailUrl\":\"https:\/\/turismo.ayto-nuevobaztan.es\/wp-content\/uploads\/2026\/05\/taller-vidrio-soplado-2026.jpg\",\"articleSection\":[\"activit\u00e9s\"],\"inLanguage\":\"fr-FR\"},{\"@type\":\"WebPage\",\"@id\":\"https:\/\/turismo.ayto-nuevobaztan.es\/fr\/noticias\/nuevo-baztan-renoue-avec-sa-tradition-verriere-a-travers-un-cycle-dateliers-de-soufflage-du-verre\/\",\"url\":\"https:\/\/turismo.ayto-nuevobaztan.es\/fr\/noticias\/nuevo-baztan-renoue-avec-sa-tradition-verriere-a-travers-un-cycle-dateliers-de-soufflage-du-verre\/\",\"name\":\"Nuevo Bazt\u00e1n renoue avec sa tradition verri\u00e8re \u00e0 travers un cycle d\u2019ateliers de soufflage du verre\",\"isPartOf\":{\"@id\":\"https:\/\/turismo.ayto-nuevobaztan.es\/fr\/#website\"},\"primaryImageOfPage\":{\"@id\":\"https:\/\/turismo.ayto-nuevobaztan.es\/fr\/noticias\/nuevo-baztan-renoue-avec-sa-tradition-verriere-a-travers-un-cycle-dateliers-de-soufflage-du-verre\/#primaryimage\"},\"image\":{\"@id\":\"https:\/\/turismo.ayto-nuevobaztan.es\/fr\/noticias\/nuevo-baztan-renoue-avec-sa-tradition-verriere-a-travers-un-cycle-dateliers-de-soufflage-du-verre\/#primaryimage\"},\"thumbnailUrl\":\"https:\/\/turismo.ayto-nuevobaztan.es\/wp-content\/uploads\/2026\/05\/taller-vidrio-soplado-2026.jpg\",\"datePublished\":\"2026-05-29T05:30:44+00:00\",\"description\":\"Le Centre d\u2019interpr\u00e9tation organise des activit\u00e9s anim\u00e9es par des ma\u00eetres artisans de la Real F\u00e1brica de Cristales de La Granja\",\"breadcrumb\":{\"@id\":\"https:\/\/turismo.ayto-nuevobaztan.es\/fr\/noticias\/nuevo-baztan-renoue-avec-sa-tradition-verriere-a-travers-un-cycle-dateliers-de-soufflage-du-verre\/#breadcrumb\"},\"inLanguage\":\"fr-FR\",\"potentialAction\":[{\"@type\":\"ReadAction\",\"target\":[\"https:\/\/turismo.ayto-nuevobaztan.es\/fr\/noticias\/nuevo-baztan-renoue-avec-sa-tradition-verriere-a-travers-un-cycle-dateliers-de-soufflage-du-verre\/\"]}]},{\"@type\":\"ImageObject\",\"inLanguage\":\"fr-FR\",\"@id\":\"https:\/\/turismo.ayto-nuevobaztan.es\/fr\/noticias\/nuevo-baztan-renoue-avec-sa-tradition-verriere-a-travers-un-cycle-dateliers-de-soufflage-du-verre\/#primaryimage\",\"url\":\"https:\/\/turismo.ayto-nuevobaztan.es\/wp-content\/uploads\/2026\/05\/taller-vidrio-soplado-2026.jpg\",\"contentUrl\":\"https:\/\/turismo.ayto-nuevobaztan.es\/wp-content\/uploads\/2026\/05\/taller-vidrio-soplado-2026.jpg\",\"width\":1200,\"height\":800,\"caption\":\"vidrio soplado, cristal, fabricaci\u00f3n vidrio\"},{\"@type\":\"BreadcrumbList\",\"@id\":\"https:\/\/turismo.ayto-nuevobaztan.es\/fr\/noticias\/nuevo-baztan-renoue-avec-sa-tradition-verriere-a-travers-un-cycle-dateliers-de-soufflage-du-verre\/#breadcrumb\",\"itemListElement\":[{\"@type\":\"ListItem\",\"position\":1,\"name\":\"Accueil\",\"item\":\"https:\/\/turismo.ayto-nuevobaztan.es\/fr\/\"},{\"@type\":\"ListItem\",\"position\":2,\"name\":\"Nuevo Bazt\u00e1n renoue avec sa tradition verri\u00e8re \u00e0 travers un cycle d\u2019ateliers de soufflage du verre\"}]},{\"@type\":\"WebSite\",\"@id\":\"https:\/\/turismo.ayto-nuevobaztan.es\/fr\/#website\",\"url\":\"https:\/\/turismo.ayto-nuevobaztan.es\/fr\/\",\"name\":\"Turismo Nuevo Bazt\u00e1n\",\"description\":\"\",\"publisher\":{\"@id\":\"https:\/\/turismo.ayto-nuevobaztan.es\/fr\/#organization\"},\"potentialAction\":[{\"@type\":\"SearchAction\",\"target\":{\"@type\":\"EntryPoint\",\"urlTemplate\":\"https:\/\/turismo.ayto-nuevobaztan.es\/fr\/?s={search_term_string}\"},\"query-input\":{\"@type\":\"PropertyValueSpecification\",\"valueRequired\":true,\"valueName\":\"search_term_string\"}}],\"inLanguage\":\"fr-FR\"},{\"@type\":\"Organization\",\"@id\":\"https:\/\/turismo.ayto-nuevobaztan.es\/fr\/#organization\",\"name\":\"Turismo Nuevo Bazt\u00e1n\",\"url\":\"https:\/\/turismo.ayto-nuevobaztan.es\/fr\/\",\"logo\":{\"@type\":\"ImageObject\",\"inLanguage\":\"fr-FR\",\"@id\":\"https:\/\/turismo.ayto-nuevobaztan.es\/fr\/#\/schema\/logo\/image\/\",\"url\":\"https:\/\/turismo.ayto-nuevobaztan.es\/wp-content\/uploads\/2025\/12\/logo.png\",\"contentUrl\":\"https:\/\/turismo.ayto-nuevobaztan.es\/wp-content\/uploads\/2025\/12\/logo.png\",\"width\":1847,\"height\":1787,\"caption\":\"Turismo Nuevo Bazt\u00e1n\"},\"image\":{\"@id\":\"https:\/\/turismo.ayto-nuevobaztan.es\/fr\/#\/schema\/logo\/image\/\"},\"sameAs\":[\"https:\/\/www.facebook.com\/turismonuevobaztan\/\",\"https:\/\/x.com\/TurismoNBaztan\"]},{\"@type\":\"Person\",\"@id\":\"https:\/\/turismo.ayto-nuevobaztan.es\/fr\/#\/schema\/person\/e64d5f83a39bd3dada37f4f75e5569df\",\"name\":\"juanjog\",\"image\":{\"@type\":\"ImageObject\",\"inLanguage\":\"fr-FR\",\"@id\":\"https:\/\/secure.gravatar.com\/avatar\/aeef861b07271ad4a92db68a1c6115a397681d7d6cd43c21b002c17e98ebd354?s=96&d=mm&r=g\",\"url\":\"https:\/\/secure.gravatar.com\/avatar\/aeef861b07271ad4a92db68a1c6115a397681d7d6cd43c21b002c17e98ebd354?s=96&d=mm&r=g\",\"contentUrl\":\"https:\/\/secure.gravatar.com\/avatar\/aeef861b07271ad4a92db68a1c6115a397681d7d6cd43c21b002c17e98ebd354?s=96&d=mm&r=g\",\"caption\":\"juanjog\"},\"url\":\"#\"}]}<\/script>\n<!-- \/ Yoast SEO plugin. -->","yoast_head_json":{"title":"Nuevo Bazt\u00e1n renoue avec sa tradition verri\u00e8re \u00e0 travers un cycle d\u2019ateliers de soufflage du verre","description":"Le Centre d\u2019interpr\u00e9tation organise des activit\u00e9s anim\u00e9es par des ma\u00eetres artisans de la Real F\u00e1brica de Cristales de La Granja","robots":{"index":"index","follow":"follow","max-snippet":"max-snippet:-1","max-image-preview":"max-image-preview:large","max-video-preview":"max-video-preview:-1"},"canonical":"https:\/\/turismo.ayto-nuevobaztan.es\/fr\/noticias\/nuevo-baztan-renoue-avec-sa-tradition-verriere-a-travers-un-cycle-dateliers-de-soufflage-du-verre\/","og_locale":"fr_FR","og_type":"article","og_title":"Nuevo Bazt\u00e1n renoue avec sa tradition verri\u00e8re \u00e0 travers un cycle d\u2019ateliers de soufflage du verre","og_description":"Le Centre d\u2019interpr\u00e9tation organise des activit\u00e9s anim\u00e9es par des ma\u00eetres artisans de la Real F\u00e1brica de Cristales de La Granja","og_url":"https:\/\/turismo.ayto-nuevobaztan.es\/fr\/noticias\/nuevo-baztan-renoue-avec-sa-tradition-verriere-a-travers-un-cycle-dateliers-de-soufflage-du-verre\/","og_site_name":"Turismo Nuevo Bazt\u00e1n","article_publisher":"https:\/\/www.facebook.com\/turismonuevobaztan\/","article_published_time":"2026-05-29T05:30:44+00:00","og_image":[{"url":"https:\/\/turismo.ayto-nuevobaztan.es\/wp-content\/uploads\/2026\/05\/taller-vidrio-soplado-2026-800x450.jpg","type":"","width":"","height":""}],"author":"juanjog","twitter_card":"summary_large_image","twitter_creator":"@TurismoNBaztan","twitter_site":"@TurismoNBaztan","twitter_misc":{"\u00c9crit par":"juanjog","Dur\u00e9e de lecture estim\u00e9e":"1 minute"},"schema":{"@context":"https:\/\/schema.org","@graph":[{"@type":"Article","@id":"https:\/\/turismo.ayto-nuevobaztan.es\/fr\/noticias\/nuevo-baztan-renoue-avec-sa-tradition-verriere-a-travers-un-cycle-dateliers-de-soufflage-du-verre\/#article","isPartOf":{"@id":"https:\/\/turismo.ayto-nuevobaztan.es\/fr\/noticias\/nuevo-baztan-renoue-avec-sa-tradition-verriere-a-travers-un-cycle-dateliers-de-soufflage-du-verre\/"},"author":{"name":"juanjog","@id":"https:\/\/turismo.ayto-nuevobaztan.es\/fr\/#\/schema\/person\/e64d5f83a39bd3dada37f4f75e5569df"},"headline":"Nuevo Bazt\u00e1n renoue avec sa tradition verri\u00e8re \u00e0 travers un cycle d\u2019ateliers de soufflage du verre","datePublished":"2026-05-29T05:30:44+00:00","mainEntityOfPage":{"@id":"https:\/\/turismo.ayto-nuevobaztan.es\/fr\/noticias\/nuevo-baztan-renoue-avec-sa-tradition-verriere-a-travers-un-cycle-dateliers-de-soufflage-du-verre\/"},"wordCount":314,"publisher":{"@id":"https:\/\/turismo.ayto-nuevobaztan.es\/fr\/#organization"},"image":{"@id":"https:\/\/turismo.ayto-nuevobaztan.es\/fr\/noticias\/nuevo-baztan-renoue-avec-sa-tradition-verriere-a-travers-un-cycle-dateliers-de-soufflage-du-verre\/#primaryimage"},"thumbnailUrl":"https:\/\/turismo.ayto-nuevobaztan.es\/wp-content\/uploads\/2026\/05\/taller-vidrio-soplado-2026.jpg","articleSection":["activit\u00e9s"],"inLanguage":"fr-FR"},{"@type":"WebPage","@id":"https:\/\/turismo.ayto-nuevobaztan.es\/fr\/noticias\/nuevo-baztan-renoue-avec-sa-tradition-verriere-a-travers-un-cycle-dateliers-de-soufflage-du-verre\/","url":"https:\/\/turismo.ayto-nuevobaztan.es\/fr\/noticias\/nuevo-baztan-renoue-avec-sa-tradition-verriere-a-travers-un-cycle-dateliers-de-soufflage-du-verre\/","name":"Nuevo Bazt\u00e1n renoue avec sa tradition verri\u00e8re \u00e0 travers un cycle d\u2019ateliers de soufflage du verre","isPartOf":{"@id":"https:\/\/turismo.ayto-nuevobaztan.es\/fr\/#website"},"primaryImageOfPage":{"@id":"https:\/\/turismo.ayto-nuevobaztan.es\/fr\/noticias\/nuevo-baztan-renoue-avec-sa-tradition-verriere-a-travers-un-cycle-dateliers-de-soufflage-du-verre\/#primaryimage"},"image":{"@id":"https:\/\/turismo.ayto-nuevobaztan.es\/fr\/noticias\/nuevo-baztan-renoue-avec-sa-tradition-verriere-a-travers-un-cycle-dateliers-de-soufflage-du-verre\/#primaryimage"},"thumbnailUrl":"https:\/\/turismo.ayto-nuevobaztan.es\/wp-content\/uploads\/2026\/05\/taller-vidrio-soplado-2026.jpg","datePublished":"2026-05-29T05:30:44+00:00","description":"Le Centre d\u2019interpr\u00e9tation organise des activit\u00e9s anim\u00e9es par des ma\u00eetres artisans de la Real F\u00e1brica de Cristales de La Granja","breadcrumb":{"@id":"https:\/\/turismo.ayto-nuevobaztan.es\/fr\/noticias\/nuevo-baztan-renoue-avec-sa-tradition-verriere-a-travers-un-cycle-dateliers-de-soufflage-du-verre\/#breadcrumb"},"inLanguage":"fr-FR","potentialAction":[{"@type":"ReadAction","target":["https:\/\/turismo.ayto-nuevobaztan.es\/fr\/noticias\/nuevo-baztan-renoue-avec-sa-tradition-verriere-a-travers-un-cycle-dateliers-de-soufflage-du-verre\/"]}]},{"@type":"ImageObject","inLanguage":"fr-FR","@id":"https:\/\/turismo.ayto-nuevobaztan.es\/fr\/noticias\/nuevo-baztan-renoue-avec-sa-tradition-verriere-a-travers-un-cycle-dateliers-de-soufflage-du-verre\/#primaryimage","url":"https:\/\/turismo.ayto-nuevobaztan.es\/wp-content\/uploads\/2026\/05\/taller-vidrio-soplado-2026.jpg","contentUrl":"https:\/\/turismo.ayto-nuevobaztan.es\/wp-content\/uploads\/2026\/05\/taller-vidrio-soplado-2026.jpg","width":1200,"height":800,"caption":"vidrio soplado, cristal, fabricaci\u00f3n vidrio"},{"@type":"BreadcrumbList","@id":"https:\/\/turismo.ayto-nuevobaztan.es\/fr\/noticias\/nuevo-baztan-renoue-avec-sa-tradition-verriere-a-travers-un-cycle-dateliers-de-soufflage-du-verre\/#breadcrumb","itemListElement":[{"@type":"ListItem","position":1,"name":"Accueil","item":"https:\/\/turismo.ayto-nuevobaztan.es\/fr\/"},{"@type":"ListItem","position":2,"name":"Nuevo Bazt\u00e1n renoue avec sa tradition verri\u00e8re \u00e0 travers un cycle d\u2019ateliers de soufflage du verre"}]},{"@type":"WebSite","@id":"https:\/\/turismo.ayto-nuevobaztan.es\/fr\/#website","url":"https:\/\/turismo.ayto-nuevobaztan.es\/fr\/","name":"Turismo Nuevo Bazt\u00e1n","description":"","publisher":{"@id":"https:\/\/turismo.ayto-nuevobaztan.es\/fr\/#organization"},"potentialAction":[{"@type":"SearchAction","target":{"@type":"EntryPoint","urlTemplate":"https:\/\/turismo.ayto-nuevobaztan.es\/fr\/?s={search_term_string}"},"query-input":{"@type":"PropertyValueSpecification","valueRequired":true,"valueName":"search_term_string"}}],"inLanguage":"fr-FR"},{"@type":"Organization","@id":"https:\/\/turismo.ayto-nuevobaztan.es\/fr\/#organization","name":"Turismo Nuevo Bazt\u00e1n","url":"https:\/\/turismo.ayto-nuevobaztan.es\/fr\/","logo":{"@type":"ImageObject","inLanguage":"fr-FR","@id":"https:\/\/turismo.ayto-nuevobaztan.es\/fr\/#\/schema\/logo\/image\/","url":"https:\/\/turismo.ayto-nuevobaztan.es\/wp-content\/uploads\/2025\/12\/logo.png","contentUrl":"https:\/\/turismo.ayto-nuevobaztan.es\/wp-content\/uploads\/2025\/12\/logo.png","width":1847,"height":1787,"caption":"Turismo Nuevo Bazt\u00e1n"},"image":{"@id":"https:\/\/turismo.ayto-nuevobaztan.es\/fr\/#\/schema\/logo\/image\/"},"sameAs":["https:\/\/www.facebook.com\/turismonuevobaztan\/","https:\/\/x.com\/TurismoNBaztan"]},{"@type":"Person","@id":"https:\/\/turismo.ayto-nuevobaztan.es\/fr\/#\/schema\/person\/e64d5f83a39bd3dada37f4f75e5569df","name":"juanjog","image":{"@type":"ImageObject","inLanguage":"fr-FR","@id":"https:\/\/secure.gravatar.com\/avatar\/aeef861b07271ad4a92db68a1c6115a397681d7d6cd43c21b002c17e98ebd354?s=96&d=mm&r=g","url":"https:\/\/secure.gravatar.com\/avatar\/aeef861b07271ad4a92db68a1c6115a397681d7d6cd43c21b002c17e98ebd354?s=96&d=mm&r=g","contentUrl":"https:\/\/secure.gravatar.com\/avatar\/aeef861b07271ad4a92db68a1c6115a397681d7d6cd43c21b002c17e98ebd354?s=96&d=mm&r=g","caption":"juanjog"},"url":"#"}]}},"_links":{"self":[{"href":"https:\/\/turismo.ayto-nuevobaztan.es\/fr\/wp-json\/wp\/v2\/posts\/3934","targetHints":{"allow":["GET"]}}],"collection":[{"href":"https:\/\/turismo.ayto-nuevobaztan.es\/fr\/wp-json\/wp\/v2\/posts"}],"about":[{"href":"https:\/\/turismo.ayto-nuevobaztan.es\/fr\/wp-json\/wp\/v2\/types\/post"}],"author":[{"embeddable":true,"href":"https:\/\/turismo.ayto-nuevobaztan.es\/fr\/wp-json\/wp\/v2\/users\/6"}],"replies":[{"embeddable":true,"href":"https:\/\/turismo.ayto-nuevobaztan.es\/fr\/wp-json\/wp\/v2\/comments?post=3934"}],"version-history":[{"count":0,"href":"https:\/\/turismo.ayto-nuevobaztan.es\/fr\/wp-json\/wp\/v2\/posts\/3934\/revisions"}],"wp:featuredmedia":[{"embeddable":true,"href":"https:\/\/turismo.ayto-nuevobaztan.es\/fr\/wp-json\/wp\/v2\/media\/3931"}],"wp:attachment":[{"href":"https:\/\/turismo.ayto-nuevobaztan.es\/fr\/wp-json\/wp\/v2\/media?parent=3934"}],"wp:term":[{"taxonomy":"category","embeddable":true,"href":"https:\/\/turismo.ayto-nuevobaztan.es\/fr\/wp-json\/wp\/v2\/categories?post=3934"},{"taxonomy":"post_tag","embeddable":true,"href":"https:\/\/turismo.ayto-nuevobaztan.es\/fr\/wp-json\/wp\/v2\/tags?post=3934"}],"curies":[{"name":"wp","href":"https:\/\/api.w.org\/{rel}","templated":true}]}}