{"id":3928,"date":"2026-05-20T08:46:22","date_gmt":"2026-05-20T08:46:22","guid":{"rendered":"https:\/\/turismo.ayto-nuevobaztan.es\/noticias\/ateliers-en-famille-a-nuevo-baztan\/"},"modified":"2026-05-20T08:46:22","modified_gmt":"2026-05-20T08:46:22","slug":"ateliers-en-famille-a-nuevo-baztan","status":"publish","type":"post","link":"https:\/\/turismo.ayto-nuevobaztan.es\/fr\/noticias\/ateliers-en-famille-a-nuevo-baztan\/","title":{"rendered":"Ateliers en famille \u00e0 Nuevo Bazt\u00e1n"},"content":{"rendered":"<p data-start=\"3054\" data-end=\"3329\">Le Centre d\u2019Interpr\u00e9tation de Nuevo Bazt\u00e1n propose, le 23 mai prochain, un nouvel atelier th\u00e9matique consacr\u00e9 aux industries implant\u00e9es dans la commune. Les visiteurs pourront d\u00e9couvrir de pr\u00e8s les m\u00e9tiers de l\u2019\u00e9poque et les mettre en pratique de mani\u00e8re ludique et agr\u00e9able.<\/p>\n<p data-start=\"3331\" data-end=\"3826\">L\u2019installation de manufactures en Espagne au d\u00e9but du XVIIIe si\u00e8cle r\u00e9pondait \u00e0 la volont\u00e9 de r\u00e9industrialisation et de repeuplement apparue apr\u00e8s la guerre de Succession. \u00c0 Nuevo Bazt\u00e1n, Goyeneche fonda un v\u00e9ritable complexe r\u00e9unissant \u00e0 la fois les espaces de production et les logements des ouvriers. Textiles, parfums, reliure ou teintures figurent parmi les industries que les familles pourront d\u00e9couvrir, tout en r\u00e9alisant leurs propres cr\u00e9ations inspir\u00e9es de ces savoir-faire historiques.<\/p>\n<p data-start=\"3828\" data-end=\"4100\">Ce samedi 23 mai, l\u2019atelier sera consacr\u00e9 au papier et \u00e0 la fibre v\u00e9g\u00e9tale, sous le titre \u00ab Papel mojado, fibras troceadas \u00bb (\u00ab Papier mouill\u00e9, fibres d\u00e9coup\u00e9es \u00bb). L\u2019activit\u00e9 se d\u00e9roulera de 12h00 \u00e0 14h00. Elle est gratuite, mais la r\u00e9servation pr\u00e9alable est obligatoire.<\/p>\n<p data-start=\"4102\" data-end=\"4514\" data-is-last-node=\"\" data-is-only-node=\"\">L\u2019inscription pr\u00e9alable est indispensable par t\u00e9l\u00e9phone au 918 736 238 ou au 686 941 217, ou par courriel \u00e0 l\u2019adresse <a class=\"decorated-link cursor-pointer\" rel=\"noopener\" data-start=\"4220\" data-end=\"4240\">cinbaztan@madrid.org<\/a>, en indiquant la date choisie, le nombre de participants et un num\u00e9ro de t\u00e9l\u00e9phone de contact. Organis\u00e9 par le Minist\u00e8re r\u00e9gional de la Culture, du Tourisme et des Sports. Direction g\u00e9n\u00e9rale de la Culture et des Industries cr\u00e9atives. Sous-direction g\u00e9n\u00e9rale des Beaux-Arts.<\/p>\n","protected":false},"excerpt":{"rendered":"<p>Le Centre d\u2019Interpr\u00e9tation de Nuevo Bazt\u00e1n propose, le 23 mai prochain, un nouvel atelier th\u00e9matique consacr\u00e9 aux industries implant\u00e9es dans la commune. Les visiteurs pourront d\u00e9couvrir de pr\u00e8s les m\u00e9tiers de l\u2019\u00e9poque et les mettre en pratique de mani\u00e8re ludique et agr\u00e9able. L\u2019installation de manufactures en Espagne au d\u00e9but du XVIIIe si\u00e8cle r\u00e9pondait \u00e0 la&hellip;<\/p>\n","protected":false},"author":6,"featured_media":3925,"comment_status":"closed","ping_status":"closed","sticky":false,"template":"","format":"standard","meta":{"_acf_changed":false,"footnotes":""},"categories":[361],"tags":[],"class_list":["post-3928","post","type-post","status-publish","format-standard","has-post-thumbnail","hentry","category-activites"],"acf":[],"yoast_head":"<!-- This site is optimized with the Yoast SEO plugin v27.2 - https:\/\/yoast.com\/product\/yoast-seo-wordpress\/ -->\n<title>Ateliers en famille \u00e0 Nuevo Bazt\u00e1n - Turismo Nuevo Bazt\u00e1n<\/title>\n<meta name=\"description\" content=\"Recr\u00e9er les m\u00e9tiers du XVIIIe si\u00e8cle ce samedi 23 mai\" \/>\n<meta name=\"robots\" content=\"index, follow, max-snippet:-1, max-image-preview:large, max-video-preview:-1\" \/>\n<link rel=\"canonical\" href=\"https:\/\/turismo.ayto-nuevobaztan.es\/fr\/noticias\/ateliers-en-famille-a-nuevo-baztan\/\" \/>\n<meta property=\"og:locale\" content=\"fr_FR\" \/>\n<meta property=\"og:type\" content=\"article\" \/>\n<meta property=\"og:title\" content=\"Ateliers en famille \u00e0 Nuevo Bazt\u00e1n\" \/>\n<meta property=\"og:description\" content=\"Recr\u00e9er les m\u00e9tiers du XVIIIe si\u00e8cle ce samedi 23 mai\" \/>\n<meta property=\"og:url\" content=\"https:\/\/turismo.ayto-nuevobaztan.es\/fr\/noticias\/ateliers-en-famille-a-nuevo-baztan\/\" \/>\n<meta property=\"og:site_name\" content=\"Turismo Nuevo Bazt\u00e1n\" \/>\n<meta property=\"article:publisher\" content=\"https:\/\/www.facebook.com\/turismonuevobaztan\/\" \/>\n<meta property=\"article:published_time\" content=\"2026-05-20T08:46:22+00:00\" \/>\n<meta property=\"og:image\" content=\"https:\/\/turismo.ayto-nuevobaztan.es\/wp-content\/uploads\/2026\/05\/Talleres-en-Familia-en-Nuevo-Baztan-pigmentos-vegetal-800x424.jpeg\" \/>\n<meta name=\"author\" content=\"juanjog\" \/>\n<meta name=\"twitter:card\" content=\"summary_large_image\" \/>\n<meta name=\"twitter:creator\" content=\"@TurismoNBaztan\" \/>\n<meta name=\"twitter:site\" content=\"@TurismoNBaztan\" \/>\n<meta name=\"twitter:label1\" content=\"\u00c9crit par\" \/>\n\t<meta name=\"twitter:data1\" content=\"juanjog\" \/>\n\t<meta name=\"twitter:label2\" content=\"Dur\u00e9e de lecture estim\u00e9e\" \/>\n\t<meta name=\"twitter:data2\" content=\"1 minute\" \/>\n<script type=\"application\/ld+json\" class=\"yoast-schema-graph\">{\"@context\":\"https:\/\/schema.org\",\"@graph\":[{\"@type\":\"Article\",\"@id\":\"https:\/\/turismo.ayto-nuevobaztan.es\/fr\/noticias\/ateliers-en-famille-a-nuevo-baztan\/#article\",\"isPartOf\":{\"@id\":\"https:\/\/turismo.ayto-nuevobaztan.es\/fr\/noticias\/ateliers-en-famille-a-nuevo-baztan\/\"},\"author\":{\"name\":\"juanjog\",\"@id\":\"https:\/\/turismo.ayto-nuevobaztan.es\/fr\/#\/schema\/person\/e64d5f83a39bd3dada37f4f75e5569df\"},\"headline\":\"Ateliers en famille \u00e0 Nuevo Bazt\u00e1n\",\"datePublished\":\"2026-05-20T08:46:22+00:00\",\"mainEntityOfPage\":{\"@id\":\"https:\/\/turismo.ayto-nuevobaztan.es\/fr\/noticias\/ateliers-en-famille-a-nuevo-baztan\/\"},\"wordCount\":259,\"publisher\":{\"@id\":\"https:\/\/turismo.ayto-nuevobaztan.es\/fr\/#organization\"},\"image\":{\"@id\":\"https:\/\/turismo.ayto-nuevobaztan.es\/fr\/noticias\/ateliers-en-famille-a-nuevo-baztan\/#primaryimage\"},\"thumbnailUrl\":\"https:\/\/turismo.ayto-nuevobaztan.es\/wp-content\/uploads\/2026\/05\/Talleres-en-Familia-en-Nuevo-Baztan-pigmentos-vegetal.jpeg\",\"articleSection\":[\"activit\u00e9s\"],\"inLanguage\":\"fr-FR\"},{\"@type\":\"WebPage\",\"@id\":\"https:\/\/turismo.ayto-nuevobaztan.es\/fr\/noticias\/ateliers-en-famille-a-nuevo-baztan\/\",\"url\":\"https:\/\/turismo.ayto-nuevobaztan.es\/fr\/noticias\/ateliers-en-famille-a-nuevo-baztan\/\",\"name\":\"Ateliers en famille \u00e0 Nuevo Bazt\u00e1n - Turismo Nuevo Bazt\u00e1n\",\"isPartOf\":{\"@id\":\"https:\/\/turismo.ayto-nuevobaztan.es\/fr\/#website\"},\"primaryImageOfPage\":{\"@id\":\"https:\/\/turismo.ayto-nuevobaztan.es\/fr\/noticias\/ateliers-en-famille-a-nuevo-baztan\/#primaryimage\"},\"image\":{\"@id\":\"https:\/\/turismo.ayto-nuevobaztan.es\/fr\/noticias\/ateliers-en-famille-a-nuevo-baztan\/#primaryimage\"},\"thumbnailUrl\":\"https:\/\/turismo.ayto-nuevobaztan.es\/wp-content\/uploads\/2026\/05\/Talleres-en-Familia-en-Nuevo-Baztan-pigmentos-vegetal.jpeg\",\"datePublished\":\"2026-05-20T08:46:22+00:00\",\"description\":\"Recr\u00e9er les m\u00e9tiers du XVIIIe si\u00e8cle ce samedi 23 mai\",\"breadcrumb\":{\"@id\":\"https:\/\/turismo.ayto-nuevobaztan.es\/fr\/noticias\/ateliers-en-famille-a-nuevo-baztan\/#breadcrumb\"},\"inLanguage\":\"fr-FR\",\"potentialAction\":[{\"@type\":\"ReadAction\",\"target\":[\"https:\/\/turismo.ayto-nuevobaztan.es\/fr\/noticias\/ateliers-en-famille-a-nuevo-baztan\/\"]}]},{\"@type\":\"ImageObject\",\"inLanguage\":\"fr-FR\",\"@id\":\"https:\/\/turismo.ayto-nuevobaztan.es\/fr\/noticias\/ateliers-en-famille-a-nuevo-baztan\/#primaryimage\",\"url\":\"https:\/\/turismo.ayto-nuevobaztan.es\/wp-content\/uploads\/2026\/05\/Talleres-en-Familia-en-Nuevo-Baztan-pigmentos-vegetal.jpeg\",\"contentUrl\":\"https:\/\/turismo.ayto-nuevobaztan.es\/wp-content\/uploads\/2026\/05\/Talleres-en-Familia-en-Nuevo-Baztan-pigmentos-vegetal.jpeg\",\"width\":1272,\"height\":424},{\"@type\":\"BreadcrumbList\",\"@id\":\"https:\/\/turismo.ayto-nuevobaztan.es\/fr\/noticias\/ateliers-en-famille-a-nuevo-baztan\/#breadcrumb\",\"itemListElement\":[{\"@type\":\"ListItem\",\"position\":1,\"name\":\"Accueil\",\"item\":\"https:\/\/turismo.ayto-nuevobaztan.es\/fr\/\"},{\"@type\":\"ListItem\",\"position\":2,\"name\":\"Ateliers en famille \u00e0 Nuevo Bazt\u00e1n\"}]},{\"@type\":\"WebSite\",\"@id\":\"https:\/\/turismo.ayto-nuevobaztan.es\/fr\/#website\",\"url\":\"https:\/\/turismo.ayto-nuevobaztan.es\/fr\/\",\"name\":\"Turismo Nuevo Bazt\u00e1n\",\"description\":\"\",\"publisher\":{\"@id\":\"https:\/\/turismo.ayto-nuevobaztan.es\/fr\/#organization\"},\"potentialAction\":[{\"@type\":\"SearchAction\",\"target\":{\"@type\":\"EntryPoint\",\"urlTemplate\":\"https:\/\/turismo.ayto-nuevobaztan.es\/fr\/?s={search_term_string}\"},\"query-input\":{\"@type\":\"PropertyValueSpecification\",\"valueRequired\":true,\"valueName\":\"search_term_string\"}}],\"inLanguage\":\"fr-FR\"},{\"@type\":\"Organization\",\"@id\":\"https:\/\/turismo.ayto-nuevobaztan.es\/fr\/#organization\",\"name\":\"Turismo Nuevo Bazt\u00e1n\",\"url\":\"https:\/\/turismo.ayto-nuevobaztan.es\/fr\/\",\"logo\":{\"@type\":\"ImageObject\",\"inLanguage\":\"fr-FR\",\"@id\":\"https:\/\/turismo.ayto-nuevobaztan.es\/fr\/#\/schema\/logo\/image\/\",\"url\":\"https:\/\/turismo.ayto-nuevobaztan.es\/wp-content\/uploads\/2025\/12\/logo.png\",\"contentUrl\":\"https:\/\/turismo.ayto-nuevobaztan.es\/wp-content\/uploads\/2025\/12\/logo.png\",\"width\":1847,\"height\":1787,\"caption\":\"Turismo Nuevo Bazt\u00e1n\"},\"image\":{\"@id\":\"https:\/\/turismo.ayto-nuevobaztan.es\/fr\/#\/schema\/logo\/image\/\"},\"sameAs\":[\"https:\/\/www.facebook.com\/turismonuevobaztan\/\",\"https:\/\/x.com\/TurismoNBaztan\"]},{\"@type\":\"Person\",\"@id\":\"https:\/\/turismo.ayto-nuevobaztan.es\/fr\/#\/schema\/person\/e64d5f83a39bd3dada37f4f75e5569df\",\"name\":\"juanjog\",\"image\":{\"@type\":\"ImageObject\",\"inLanguage\":\"fr-FR\",\"@id\":\"https:\/\/secure.gravatar.com\/avatar\/aeef861b07271ad4a92db68a1c6115a397681d7d6cd43c21b002c17e98ebd354?s=96&d=mm&r=g\",\"url\":\"https:\/\/secure.gravatar.com\/avatar\/aeef861b07271ad4a92db68a1c6115a397681d7d6cd43c21b002c17e98ebd354?s=96&d=mm&r=g\",\"contentUrl\":\"https:\/\/secure.gravatar.com\/avatar\/aeef861b07271ad4a92db68a1c6115a397681d7d6cd43c21b002c17e98ebd354?s=96&d=mm&r=g\",\"caption\":\"juanjog\"},\"url\":\"#\"}]}<\/script>\n<!-- \/ Yoast SEO plugin. -->","yoast_head_json":{"title":"Ateliers en famille \u00e0 Nuevo Bazt\u00e1n - Turismo Nuevo Bazt\u00e1n","description":"Recr\u00e9er les m\u00e9tiers du XVIIIe si\u00e8cle ce samedi 23 mai","robots":{"index":"index","follow":"follow","max-snippet":"max-snippet:-1","max-image-preview":"max-image-preview:large","max-video-preview":"max-video-preview:-1"},"canonical":"https:\/\/turismo.ayto-nuevobaztan.es\/fr\/noticias\/ateliers-en-famille-a-nuevo-baztan\/","og_locale":"fr_FR","og_type":"article","og_title":"Ateliers en famille \u00e0 Nuevo Bazt\u00e1n","og_description":"Recr\u00e9er les m\u00e9tiers du XVIIIe si\u00e8cle ce samedi 23 mai","og_url":"https:\/\/turismo.ayto-nuevobaztan.es\/fr\/noticias\/ateliers-en-famille-a-nuevo-baztan\/","og_site_name":"Turismo Nuevo Bazt\u00e1n","article_publisher":"https:\/\/www.facebook.com\/turismonuevobaztan\/","article_published_time":"2026-05-20T08:46:22+00:00","og_image":[{"url":"https:\/\/turismo.ayto-nuevobaztan.es\/wp-content\/uploads\/2026\/05\/Talleres-en-Familia-en-Nuevo-Baztan-pigmentos-vegetal-800x424.jpeg","type":"","width":"","height":""}],"author":"juanjog","twitter_card":"summary_large_image","twitter_creator":"@TurismoNBaztan","twitter_site":"@TurismoNBaztan","twitter_misc":{"\u00c9crit par":"juanjog","Dur\u00e9e de lecture estim\u00e9e":"1 minute"},"schema":{"@context":"https:\/\/schema.org","@graph":[{"@type":"Article","@id":"https:\/\/turismo.ayto-nuevobaztan.es\/fr\/noticias\/ateliers-en-famille-a-nuevo-baztan\/#article","isPartOf":{"@id":"https:\/\/turismo.ayto-nuevobaztan.es\/fr\/noticias\/ateliers-en-famille-a-nuevo-baztan\/"},"author":{"name":"juanjog","@id":"https:\/\/turismo.ayto-nuevobaztan.es\/fr\/#\/schema\/person\/e64d5f83a39bd3dada37f4f75e5569df"},"headline":"Ateliers en famille \u00e0 Nuevo Bazt\u00e1n","datePublished":"2026-05-20T08:46:22+00:00","mainEntityOfPage":{"@id":"https:\/\/turismo.ayto-nuevobaztan.es\/fr\/noticias\/ateliers-en-famille-a-nuevo-baztan\/"},"wordCount":259,"publisher":{"@id":"https:\/\/turismo.ayto-nuevobaztan.es\/fr\/#organization"},"image":{"@id":"https:\/\/turismo.ayto-nuevobaztan.es\/fr\/noticias\/ateliers-en-famille-a-nuevo-baztan\/#primaryimage"},"thumbnailUrl":"https:\/\/turismo.ayto-nuevobaztan.es\/wp-content\/uploads\/2026\/05\/Talleres-en-Familia-en-Nuevo-Baztan-pigmentos-vegetal.jpeg","articleSection":["activit\u00e9s"],"inLanguage":"fr-FR"},{"@type":"WebPage","@id":"https:\/\/turismo.ayto-nuevobaztan.es\/fr\/noticias\/ateliers-en-famille-a-nuevo-baztan\/","url":"https:\/\/turismo.ayto-nuevobaztan.es\/fr\/noticias\/ateliers-en-famille-a-nuevo-baztan\/","name":"Ateliers en famille \u00e0 Nuevo Bazt\u00e1n - Turismo Nuevo Bazt\u00e1n","isPartOf":{"@id":"https:\/\/turismo.ayto-nuevobaztan.es\/fr\/#website"},"primaryImageOfPage":{"@id":"https:\/\/turismo.ayto-nuevobaztan.es\/fr\/noticias\/ateliers-en-famille-a-nuevo-baztan\/#primaryimage"},"image":{"@id":"https:\/\/turismo.ayto-nuevobaztan.es\/fr\/noticias\/ateliers-en-famille-a-nuevo-baztan\/#primaryimage"},"thumbnailUrl":"https:\/\/turismo.ayto-nuevobaztan.es\/wp-content\/uploads\/2026\/05\/Talleres-en-Familia-en-Nuevo-Baztan-pigmentos-vegetal.jpeg","datePublished":"2026-05-20T08:46:22+00:00","description":"Recr\u00e9er les m\u00e9tiers du XVIIIe si\u00e8cle ce samedi 23 mai","breadcrumb":{"@id":"https:\/\/turismo.ayto-nuevobaztan.es\/fr\/noticias\/ateliers-en-famille-a-nuevo-baztan\/#breadcrumb"},"inLanguage":"fr-FR","potentialAction":[{"@type":"ReadAction","target":["https:\/\/turismo.ayto-nuevobaztan.es\/fr\/noticias\/ateliers-en-famille-a-nuevo-baztan\/"]}]},{"@type":"ImageObject","inLanguage":"fr-FR","@id":"https:\/\/turismo.ayto-nuevobaztan.es\/fr\/noticias\/ateliers-en-famille-a-nuevo-baztan\/#primaryimage","url":"https:\/\/turismo.ayto-nuevobaztan.es\/wp-content\/uploads\/2026\/05\/Talleres-en-Familia-en-Nuevo-Baztan-pigmentos-vegetal.jpeg","contentUrl":"https:\/\/turismo.ayto-nuevobaztan.es\/wp-content\/uploads\/2026\/05\/Talleres-en-Familia-en-Nuevo-Baztan-pigmentos-vegetal.jpeg","width":1272,"height":424},{"@type":"BreadcrumbList","@id":"https:\/\/turismo.ayto-nuevobaztan.es\/fr\/noticias\/ateliers-en-famille-a-nuevo-baztan\/#breadcrumb","itemListElement":[{"@type":"ListItem","position":1,"name":"Accueil","item":"https:\/\/turismo.ayto-nuevobaztan.es\/fr\/"},{"@type":"ListItem","position":2,"name":"Ateliers en famille \u00e0 Nuevo Bazt\u00e1n"}]},{"@type":"WebSite","@id":"https:\/\/turismo.ayto-nuevobaztan.es\/fr\/#website","url":"https:\/\/turismo.ayto-nuevobaztan.es\/fr\/","name":"Turismo Nuevo Bazt\u00e1n","description":"","publisher":{"@id":"https:\/\/turismo.ayto-nuevobaztan.es\/fr\/#organization"},"potentialAction":[{"@type":"SearchAction","target":{"@type":"EntryPoint","urlTemplate":"https:\/\/turismo.ayto-nuevobaztan.es\/fr\/?s={search_term_string}"},"query-input":{"@type":"PropertyValueSpecification","valueRequired":true,"valueName":"search_term_string"}}],"inLanguage":"fr-FR"},{"@type":"Organization","@id":"https:\/\/turismo.ayto-nuevobaztan.es\/fr\/#organization","name":"Turismo Nuevo Bazt\u00e1n","url":"https:\/\/turismo.ayto-nuevobaztan.es\/fr\/","logo":{"@type":"ImageObject","inLanguage":"fr-FR","@id":"https:\/\/turismo.ayto-nuevobaztan.es\/fr\/#\/schema\/logo\/image\/","url":"https:\/\/turismo.ayto-nuevobaztan.es\/wp-content\/uploads\/2025\/12\/logo.png","contentUrl":"https:\/\/turismo.ayto-nuevobaztan.es\/wp-content\/uploads\/2025\/12\/logo.png","width":1847,"height":1787,"caption":"Turismo Nuevo Bazt\u00e1n"},"image":{"@id":"https:\/\/turismo.ayto-nuevobaztan.es\/fr\/#\/schema\/logo\/image\/"},"sameAs":["https:\/\/www.facebook.com\/turismonuevobaztan\/","https:\/\/x.com\/TurismoNBaztan"]},{"@type":"Person","@id":"https:\/\/turismo.ayto-nuevobaztan.es\/fr\/#\/schema\/person\/e64d5f83a39bd3dada37f4f75e5569df","name":"juanjog","image":{"@type":"ImageObject","inLanguage":"fr-FR","@id":"https:\/\/secure.gravatar.com\/avatar\/aeef861b07271ad4a92db68a1c6115a397681d7d6cd43c21b002c17e98ebd354?s=96&d=mm&r=g","url":"https:\/\/secure.gravatar.com\/avatar\/aeef861b07271ad4a92db68a1c6115a397681d7d6cd43c21b002c17e98ebd354?s=96&d=mm&r=g","contentUrl":"https:\/\/secure.gravatar.com\/avatar\/aeef861b07271ad4a92db68a1c6115a397681d7d6cd43c21b002c17e98ebd354?s=96&d=mm&r=g","caption":"juanjog"},"url":"#"}]}},"_links":{"self":[{"href":"https:\/\/turismo.ayto-nuevobaztan.es\/fr\/wp-json\/wp\/v2\/posts\/3928","targetHints":{"allow":["GET"]}}],"collection":[{"href":"https:\/\/turismo.ayto-nuevobaztan.es\/fr\/wp-json\/wp\/v2\/posts"}],"about":[{"href":"https:\/\/turismo.ayto-nuevobaztan.es\/fr\/wp-json\/wp\/v2\/types\/post"}],"author":[{"embeddable":true,"href":"https:\/\/turismo.ayto-nuevobaztan.es\/fr\/wp-json\/wp\/v2\/users\/6"}],"replies":[{"embeddable":true,"href":"https:\/\/turismo.ayto-nuevobaztan.es\/fr\/wp-json\/wp\/v2\/comments?post=3928"}],"version-history":[{"count":0,"href":"https:\/\/turismo.ayto-nuevobaztan.es\/fr\/wp-json\/wp\/v2\/posts\/3928\/revisions"}],"wp:featuredmedia":[{"embeddable":true,"href":"https:\/\/turismo.ayto-nuevobaztan.es\/fr\/wp-json\/wp\/v2\/media\/3925"}],"wp:attachment":[{"href":"https:\/\/turismo.ayto-nuevobaztan.es\/fr\/wp-json\/wp\/v2\/media?parent=3928"}],"wp:term":[{"taxonomy":"category","embeddable":true,"href":"https:\/\/turismo.ayto-nuevobaztan.es\/fr\/wp-json\/wp\/v2\/categories?post=3928"},{"taxonomy":"post_tag","embeddable":true,"href":"https:\/\/turismo.ayto-nuevobaztan.es\/fr\/wp-json\/wp\/v2\/tags?post=3928"}],"curies":[{"name":"wp","href":"https:\/\/api.w.org\/{rel}","templated":true}]}}