{"id":3891,"date":"2026-04-28T11:13:18","date_gmt":"2026-04-28T11:13:18","guid":{"rendered":"https:\/\/turismo.ayto-nuevobaztan.es\/noticias\/conditions-de-participation-au-guiso-del-toro-des-fetes-patronales\/"},"modified":"2026-04-28T11:13:18","modified_gmt":"2026-04-28T11:13:18","slug":"conditions-de-participation-au-guiso-del-toro-des-fetes-patronales","status":"publish","type":"post","link":"https:\/\/turismo.ayto-nuevobaztan.es\/fr\/noticias\/conditions-de-participation-au-guiso-del-toro-des-fetes-patronales\/","title":{"rendered":"Conditions de participation au Guiso del Toro des F\u00eates Patronales"},"content":{"rendered":"<p data-start=\"3938\" data-end=\"4110\">Une ann\u00e9e de plus, les F\u00eates de Mai en l\u2019honneur du Sant\u00edsimo Cristo del Socorro sont de retour et, comme toujours, nous c\u00e9l\u00e9brerons la Fiesta del Guiso del Toro le 11 mai.<\/p>\n<p data-start=\"4112\" data-end=\"4401\">Cette ann\u00e9e, comme lors des \u00e9ditions pr\u00e9c\u00e9dentes, l\u2019inscription pr\u00e9alable sera INDISPENSABLE pour pouvoir participer \u00e0 la pr\u00e9paration du rago\u00fbt. Cette ann\u00e9e marque le d\u00e9but d\u2019une nouvelle \u00e9tape, avec une inscription via notre <a href=\"https:\/\/eventos.ayto-nuevobaztan.es\/\" target=\"_blank\" rel=\"noopener\">nouvelle page \u00c9v\u00e9nements.<\/a><\/p>\n<p data-start=\"4403\" data-end=\"4469\">Les inscriptions seront ouvertes du 4 mai \u00e0 8h00 jusqu\u2019au 8 avril.<\/p>\n<p data-start=\"4471\" data-end=\"4516\">Deux modalit\u00e9s d\u2019inscription sont propos\u00e9es :<\/p>\n<p data-start=\"4518\" data-end=\"4603\">Participation avec un lot fourni par la mairie. Jusqu\u2019\u00e0 10 lots complets disponibles.<\/p>\n<p data-start=\"4605\" data-end=\"4772\">Dans le cas d\u2019une participation avec un lot de la mairie, un lot sera attribu\u00e9 au moment de l\u2019inscription et remis le jour de la pr\u00e9paration du rago\u00fbt. Il comprendra :<\/p>\n<p data-start=\"4774\" data-end=\"4928\">1 grande marmite<br data-start=\"4790\" data-end=\"4793\" \/>1 tr\u00e9pied de cuisson<br data-start=\"4813\" data-end=\"4816\" \/>1 jeu de longues louches<br data-start=\"4840\" data-end=\"4843\" \/>1 jeu de tabliers<br data-start=\"4860\" data-end=\"4863\" \/>1 jeu de torchons de cuisine<br data-start=\"4891\" data-end=\"4894\" \/>1 lot de produits pour le rago\u00fbt<\/p>\n<p data-start=\"4930\" data-end=\"5026\">Participation avec du mat\u00e9riel personnel. Jusqu\u2019\u00e0 4 lots de produits pour le rago\u00fbt disponibles.<\/p>\n<p data-start=\"5028\" data-end=\"5221\">Dans le cas d\u2019une participation avec du mat\u00e9riel personnel, la mairie remettra, le jour de la pr\u00e9paration du rago\u00fbt, 1 lot de produits pour \u00e9laborer le rago\u00fbt. Produits alimentaires uniquement.<\/p>\n<p data-start=\"5223\" data-end=\"5685\" data-is-last-node=\"\" data-is-only-node=\"\">L\u2019inscription pr\u00e9alable est INDISPENSABLE pour participer au Guiso del Toro, car AUCUN mat\u00e9riel ne sera remis le jour du Toro aux personnes non inscrites, le nombre de lots \u00e9tant limit\u00e9. Les lots seront attribu\u00e9s par ordre strict d\u2019inscription, jusqu\u2019\u00e0 \u00e9puisement. Les demandeurs faisant l\u2019objet d\u2019une p\u00e9nalisation \u00e0 la suite des faits survenus l\u2019ann\u00e9e pr\u00e9c\u00e9dente seront plac\u00e9s sur liste d\u2019attente et ne pourront acc\u00e9der \u00e0 un lot que s\u2019il en reste de disponible.<\/p>\n","protected":false},"excerpt":{"rendered":"<p>Une ann\u00e9e de plus, les F\u00eates de Mai en l\u2019honneur du Sant\u00edsimo Cristo del Socorro sont de retour et, comme toujours, nous c\u00e9l\u00e9brerons la Fiesta del Guiso del Toro le 11 mai. Cette ann\u00e9e, comme lors des \u00e9ditions pr\u00e9c\u00e9dentes, l\u2019inscription pr\u00e9alable sera INDISPENSABLE pour pouvoir participer \u00e0 la pr\u00e9paration du rago\u00fbt. Cette ann\u00e9e marque le&hellip;<\/p>\n","protected":false},"author":6,"featured_media":3886,"comment_status":"closed","ping_status":"closed","sticky":false,"template":"","format":"standard","meta":{"_acf_changed":false,"footnotes":""},"categories":[361],"tags":[],"class_list":["post-3891","post","type-post","status-publish","format-standard","has-post-thumbnail","hentry","category-activites"],"acf":[],"yoast_head":"<!-- This site is optimized with the Yoast SEO plugin v27.2 - https:\/\/yoast.com\/product\/yoast-seo-wordpress\/ -->\n<title>Conditions de participation au Guiso del Toro des F\u00eates Patronales - Turismo Nuevo Bazt\u00e1n<\/title>\n<meta name=\"description\" content=\"Cette ann\u00e9e, nouveaut\u00e9 importante : les inscriptions se feront via notre nouvelle page \u00c9v\u00e9nements.\" \/>\n<meta name=\"robots\" content=\"index, follow, max-snippet:-1, max-image-preview:large, max-video-preview:-1\" \/>\n<link rel=\"canonical\" href=\"https:\/\/turismo.ayto-nuevobaztan.es\/fr\/noticias\/conditions-de-participation-au-guiso-del-toro-des-fetes-patronales\/\" \/>\n<meta property=\"og:locale\" content=\"fr_FR\" \/>\n<meta property=\"og:type\" content=\"article\" \/>\n<meta property=\"og:title\" content=\"Conditions de participation au Guiso del Toro des F\u00eates Patronales\" \/>\n<meta property=\"og:description\" content=\"Cette ann\u00e9e, nouveaut\u00e9 importante : les inscriptions se feront via notre nouvelle page \u00c9v\u00e9nements.\" \/>\n<meta property=\"og:url\" content=\"https:\/\/turismo.ayto-nuevobaztan.es\/fr\/noticias\/conditions-de-participation-au-guiso-del-toro-des-fetes-patronales\/\" \/>\n<meta property=\"og:site_name\" content=\"Turismo Nuevo Bazt\u00e1n\" \/>\n<meta property=\"article:publisher\" content=\"https:\/\/www.facebook.com\/turismonuevobaztan\/\" \/>\n<meta property=\"article:published_time\" content=\"2026-04-28T11:13:18+00:00\" \/>\n<meta property=\"og:image\" content=\"https:\/\/turismo.ayto-nuevobaztan.es\/wp-content\/uploads\/2026\/04\/POST-GUISO-DEL-TORO-2026-1080x1350px-V2-800x450.jpg\" \/>\n<meta name=\"author\" content=\"juanjog\" \/>\n<meta name=\"twitter:card\" content=\"summary_large_image\" \/>\n<meta name=\"twitter:creator\" content=\"@TurismoNBaztan\" \/>\n<meta name=\"twitter:site\" content=\"@TurismoNBaztan\" \/>\n<meta name=\"twitter:label1\" content=\"\u00c9crit par\" \/>\n\t<meta name=\"twitter:data1\" content=\"juanjog\" \/>\n\t<meta name=\"twitter:label2\" content=\"Dur\u00e9e de lecture estim\u00e9e\" \/>\n\t<meta name=\"twitter:data2\" content=\"2 minutes\" \/>\n<script type=\"application\/ld+json\" class=\"yoast-schema-graph\">{\"@context\":\"https:\/\/schema.org\",\"@graph\":[{\"@type\":\"Article\",\"@id\":\"https:\/\/turismo.ayto-nuevobaztan.es\/fr\/noticias\/conditions-de-participation-au-guiso-del-toro-des-fetes-patronales\/#article\",\"isPartOf\":{\"@id\":\"https:\/\/turismo.ayto-nuevobaztan.es\/fr\/noticias\/conditions-de-participation-au-guiso-del-toro-des-fetes-patronales\/\"},\"author\":{\"name\":\"juanjog\",\"@id\":\"https:\/\/turismo.ayto-nuevobaztan.es\/fr\/#\/schema\/person\/e64d5f83a39bd3dada37f4f75e5569df\"},\"headline\":\"Conditions de participation au Guiso del Toro des F\u00eates Patronales\",\"datePublished\":\"2026-04-28T11:13:18+00:00\",\"mainEntityOfPage\":{\"@id\":\"https:\/\/turismo.ayto-nuevobaztan.es\/fr\/noticias\/conditions-de-participation-au-guiso-del-toro-des-fetes-patronales\/\"},\"wordCount\":317,\"publisher\":{\"@id\":\"https:\/\/turismo.ayto-nuevobaztan.es\/fr\/#organization\"},\"image\":{\"@id\":\"https:\/\/turismo.ayto-nuevobaztan.es\/fr\/noticias\/conditions-de-participation-au-guiso-del-toro-des-fetes-patronales\/#primaryimage\"},\"thumbnailUrl\":\"https:\/\/turismo.ayto-nuevobaztan.es\/wp-content\/uploads\/2026\/04\/POST-GUISO-DEL-TORO-2026-1080x1350px-V2.jpg\",\"articleSection\":[\"activit\u00e9s\"],\"inLanguage\":\"fr-FR\"},{\"@type\":\"WebPage\",\"@id\":\"https:\/\/turismo.ayto-nuevobaztan.es\/fr\/noticias\/conditions-de-participation-au-guiso-del-toro-des-fetes-patronales\/\",\"url\":\"https:\/\/turismo.ayto-nuevobaztan.es\/fr\/noticias\/conditions-de-participation-au-guiso-del-toro-des-fetes-patronales\/\",\"name\":\"Conditions de participation au Guiso del Toro des F\u00eates Patronales - Turismo Nuevo Bazt\u00e1n\",\"isPartOf\":{\"@id\":\"https:\/\/turismo.ayto-nuevobaztan.es\/fr\/#website\"},\"primaryImageOfPage\":{\"@id\":\"https:\/\/turismo.ayto-nuevobaztan.es\/fr\/noticias\/conditions-de-participation-au-guiso-del-toro-des-fetes-patronales\/#primaryimage\"},\"image\":{\"@id\":\"https:\/\/turismo.ayto-nuevobaztan.es\/fr\/noticias\/conditions-de-participation-au-guiso-del-toro-des-fetes-patronales\/#primaryimage\"},\"thumbnailUrl\":\"https:\/\/turismo.ayto-nuevobaztan.es\/wp-content\/uploads\/2026\/04\/POST-GUISO-DEL-TORO-2026-1080x1350px-V2.jpg\",\"datePublished\":\"2026-04-28T11:13:18+00:00\",\"description\":\"Cette ann\u00e9e, nouveaut\u00e9 importante : les inscriptions se feront via notre nouvelle page \u00c9v\u00e9nements.\",\"breadcrumb\":{\"@id\":\"https:\/\/turismo.ayto-nuevobaztan.es\/fr\/noticias\/conditions-de-participation-au-guiso-del-toro-des-fetes-patronales\/#breadcrumb\"},\"inLanguage\":\"fr-FR\",\"potentialAction\":[{\"@type\":\"ReadAction\",\"target\":[\"https:\/\/turismo.ayto-nuevobaztan.es\/fr\/noticias\/conditions-de-participation-au-guiso-del-toro-des-fetes-patronales\/\"]}]},{\"@type\":\"ImageObject\",\"inLanguage\":\"fr-FR\",\"@id\":\"https:\/\/turismo.ayto-nuevobaztan.es\/fr\/noticias\/conditions-de-participation-au-guiso-del-toro-des-fetes-patronales\/#primaryimage\",\"url\":\"https:\/\/turismo.ayto-nuevobaztan.es\/wp-content\/uploads\/2026\/04\/POST-GUISO-DEL-TORO-2026-1080x1350px-V2.jpg\",\"contentUrl\":\"https:\/\/turismo.ayto-nuevobaztan.es\/wp-content\/uploads\/2026\/04\/POST-GUISO-DEL-TORO-2026-1080x1350px-V2.jpg\",\"width\":1080,\"height\":1350},{\"@type\":\"BreadcrumbList\",\"@id\":\"https:\/\/turismo.ayto-nuevobaztan.es\/fr\/noticias\/conditions-de-participation-au-guiso-del-toro-des-fetes-patronales\/#breadcrumb\",\"itemListElement\":[{\"@type\":\"ListItem\",\"position\":1,\"name\":\"Accueil\",\"item\":\"https:\/\/turismo.ayto-nuevobaztan.es\/fr\/\"},{\"@type\":\"ListItem\",\"position\":2,\"name\":\"Conditions de participation au Guiso del Toro des F\u00eates Patronales\"}]},{\"@type\":\"WebSite\",\"@id\":\"https:\/\/turismo.ayto-nuevobaztan.es\/fr\/#website\",\"url\":\"https:\/\/turismo.ayto-nuevobaztan.es\/fr\/\",\"name\":\"Turismo Nuevo Bazt\u00e1n\",\"description\":\"\",\"publisher\":{\"@id\":\"https:\/\/turismo.ayto-nuevobaztan.es\/fr\/#organization\"},\"potentialAction\":[{\"@type\":\"SearchAction\",\"target\":{\"@type\":\"EntryPoint\",\"urlTemplate\":\"https:\/\/turismo.ayto-nuevobaztan.es\/fr\/?s={search_term_string}\"},\"query-input\":{\"@type\":\"PropertyValueSpecification\",\"valueRequired\":true,\"valueName\":\"search_term_string\"}}],\"inLanguage\":\"fr-FR\"},{\"@type\":\"Organization\",\"@id\":\"https:\/\/turismo.ayto-nuevobaztan.es\/fr\/#organization\",\"name\":\"Turismo Nuevo Bazt\u00e1n\",\"url\":\"https:\/\/turismo.ayto-nuevobaztan.es\/fr\/\",\"logo\":{\"@type\":\"ImageObject\",\"inLanguage\":\"fr-FR\",\"@id\":\"https:\/\/turismo.ayto-nuevobaztan.es\/fr\/#\/schema\/logo\/image\/\",\"url\":\"https:\/\/turismo.ayto-nuevobaztan.es\/wp-content\/uploads\/2025\/12\/logo.png\",\"contentUrl\":\"https:\/\/turismo.ayto-nuevobaztan.es\/wp-content\/uploads\/2025\/12\/logo.png\",\"width\":1847,\"height\":1787,\"caption\":\"Turismo Nuevo Bazt\u00e1n\"},\"image\":{\"@id\":\"https:\/\/turismo.ayto-nuevobaztan.es\/fr\/#\/schema\/logo\/image\/\"},\"sameAs\":[\"https:\/\/www.facebook.com\/turismonuevobaztan\/\",\"https:\/\/x.com\/TurismoNBaztan\"]},{\"@type\":\"Person\",\"@id\":\"https:\/\/turismo.ayto-nuevobaztan.es\/fr\/#\/schema\/person\/e64d5f83a39bd3dada37f4f75e5569df\",\"name\":\"juanjog\",\"image\":{\"@type\":\"ImageObject\",\"inLanguage\":\"fr-FR\",\"@id\":\"https:\/\/secure.gravatar.com\/avatar\/aeef861b07271ad4a92db68a1c6115a397681d7d6cd43c21b002c17e98ebd354?s=96&d=mm&r=g\",\"url\":\"https:\/\/secure.gravatar.com\/avatar\/aeef861b07271ad4a92db68a1c6115a397681d7d6cd43c21b002c17e98ebd354?s=96&d=mm&r=g\",\"contentUrl\":\"https:\/\/secure.gravatar.com\/avatar\/aeef861b07271ad4a92db68a1c6115a397681d7d6cd43c21b002c17e98ebd354?s=96&d=mm&r=g\",\"caption\":\"juanjog\"},\"url\":\"#\"}]}<\/script>\n<!-- \/ Yoast SEO plugin. -->","yoast_head_json":{"title":"Conditions de participation au Guiso del Toro des F\u00eates Patronales - Turismo Nuevo Bazt\u00e1n","description":"Cette ann\u00e9e, nouveaut\u00e9 importante : les inscriptions se feront via notre nouvelle page \u00c9v\u00e9nements.","robots":{"index":"index","follow":"follow","max-snippet":"max-snippet:-1","max-image-preview":"max-image-preview:large","max-video-preview":"max-video-preview:-1"},"canonical":"https:\/\/turismo.ayto-nuevobaztan.es\/fr\/noticias\/conditions-de-participation-au-guiso-del-toro-des-fetes-patronales\/","og_locale":"fr_FR","og_type":"article","og_title":"Conditions de participation au Guiso del Toro des F\u00eates Patronales","og_description":"Cette ann\u00e9e, nouveaut\u00e9 importante : les inscriptions se feront via notre nouvelle page \u00c9v\u00e9nements.","og_url":"https:\/\/turismo.ayto-nuevobaztan.es\/fr\/noticias\/conditions-de-participation-au-guiso-del-toro-des-fetes-patronales\/","og_site_name":"Turismo Nuevo Bazt\u00e1n","article_publisher":"https:\/\/www.facebook.com\/turismonuevobaztan\/","article_published_time":"2026-04-28T11:13:18+00:00","og_image":[{"url":"https:\/\/turismo.ayto-nuevobaztan.es\/wp-content\/uploads\/2026\/04\/POST-GUISO-DEL-TORO-2026-1080x1350px-V2-800x450.jpg","type":"","width":"","height":""}],"author":"juanjog","twitter_card":"summary_large_image","twitter_creator":"@TurismoNBaztan","twitter_site":"@TurismoNBaztan","twitter_misc":{"\u00c9crit par":"juanjog","Dur\u00e9e de lecture estim\u00e9e":"2 minutes"},"schema":{"@context":"https:\/\/schema.org","@graph":[{"@type":"Article","@id":"https:\/\/turismo.ayto-nuevobaztan.es\/fr\/noticias\/conditions-de-participation-au-guiso-del-toro-des-fetes-patronales\/#article","isPartOf":{"@id":"https:\/\/turismo.ayto-nuevobaztan.es\/fr\/noticias\/conditions-de-participation-au-guiso-del-toro-des-fetes-patronales\/"},"author":{"name":"juanjog","@id":"https:\/\/turismo.ayto-nuevobaztan.es\/fr\/#\/schema\/person\/e64d5f83a39bd3dada37f4f75e5569df"},"headline":"Conditions de participation au Guiso del Toro des F\u00eates Patronales","datePublished":"2026-04-28T11:13:18+00:00","mainEntityOfPage":{"@id":"https:\/\/turismo.ayto-nuevobaztan.es\/fr\/noticias\/conditions-de-participation-au-guiso-del-toro-des-fetes-patronales\/"},"wordCount":317,"publisher":{"@id":"https:\/\/turismo.ayto-nuevobaztan.es\/fr\/#organization"},"image":{"@id":"https:\/\/turismo.ayto-nuevobaztan.es\/fr\/noticias\/conditions-de-participation-au-guiso-del-toro-des-fetes-patronales\/#primaryimage"},"thumbnailUrl":"https:\/\/turismo.ayto-nuevobaztan.es\/wp-content\/uploads\/2026\/04\/POST-GUISO-DEL-TORO-2026-1080x1350px-V2.jpg","articleSection":["activit\u00e9s"],"inLanguage":"fr-FR"},{"@type":"WebPage","@id":"https:\/\/turismo.ayto-nuevobaztan.es\/fr\/noticias\/conditions-de-participation-au-guiso-del-toro-des-fetes-patronales\/","url":"https:\/\/turismo.ayto-nuevobaztan.es\/fr\/noticias\/conditions-de-participation-au-guiso-del-toro-des-fetes-patronales\/","name":"Conditions de participation au Guiso del Toro des F\u00eates Patronales - Turismo Nuevo Bazt\u00e1n","isPartOf":{"@id":"https:\/\/turismo.ayto-nuevobaztan.es\/fr\/#website"},"primaryImageOfPage":{"@id":"https:\/\/turismo.ayto-nuevobaztan.es\/fr\/noticias\/conditions-de-participation-au-guiso-del-toro-des-fetes-patronales\/#primaryimage"},"image":{"@id":"https:\/\/turismo.ayto-nuevobaztan.es\/fr\/noticias\/conditions-de-participation-au-guiso-del-toro-des-fetes-patronales\/#primaryimage"},"thumbnailUrl":"https:\/\/turismo.ayto-nuevobaztan.es\/wp-content\/uploads\/2026\/04\/POST-GUISO-DEL-TORO-2026-1080x1350px-V2.jpg","datePublished":"2026-04-28T11:13:18+00:00","description":"Cette ann\u00e9e, nouveaut\u00e9 importante : les inscriptions se feront via notre nouvelle page \u00c9v\u00e9nements.","breadcrumb":{"@id":"https:\/\/turismo.ayto-nuevobaztan.es\/fr\/noticias\/conditions-de-participation-au-guiso-del-toro-des-fetes-patronales\/#breadcrumb"},"inLanguage":"fr-FR","potentialAction":[{"@type":"ReadAction","target":["https:\/\/turismo.ayto-nuevobaztan.es\/fr\/noticias\/conditions-de-participation-au-guiso-del-toro-des-fetes-patronales\/"]}]},{"@type":"ImageObject","inLanguage":"fr-FR","@id":"https:\/\/turismo.ayto-nuevobaztan.es\/fr\/noticias\/conditions-de-participation-au-guiso-del-toro-des-fetes-patronales\/#primaryimage","url":"https:\/\/turismo.ayto-nuevobaztan.es\/wp-content\/uploads\/2026\/04\/POST-GUISO-DEL-TORO-2026-1080x1350px-V2.jpg","contentUrl":"https:\/\/turismo.ayto-nuevobaztan.es\/wp-content\/uploads\/2026\/04\/POST-GUISO-DEL-TORO-2026-1080x1350px-V2.jpg","width":1080,"height":1350},{"@type":"BreadcrumbList","@id":"https:\/\/turismo.ayto-nuevobaztan.es\/fr\/noticias\/conditions-de-participation-au-guiso-del-toro-des-fetes-patronales\/#breadcrumb","itemListElement":[{"@type":"ListItem","position":1,"name":"Accueil","item":"https:\/\/turismo.ayto-nuevobaztan.es\/fr\/"},{"@type":"ListItem","position":2,"name":"Conditions de participation au Guiso del Toro des F\u00eates Patronales"}]},{"@type":"WebSite","@id":"https:\/\/turismo.ayto-nuevobaztan.es\/fr\/#website","url":"https:\/\/turismo.ayto-nuevobaztan.es\/fr\/","name":"Turismo Nuevo Bazt\u00e1n","description":"","publisher":{"@id":"https:\/\/turismo.ayto-nuevobaztan.es\/fr\/#organization"},"potentialAction":[{"@type":"SearchAction","target":{"@type":"EntryPoint","urlTemplate":"https:\/\/turismo.ayto-nuevobaztan.es\/fr\/?s={search_term_string}"},"query-input":{"@type":"PropertyValueSpecification","valueRequired":true,"valueName":"search_term_string"}}],"inLanguage":"fr-FR"},{"@type":"Organization","@id":"https:\/\/turismo.ayto-nuevobaztan.es\/fr\/#organization","name":"Turismo Nuevo Bazt\u00e1n","url":"https:\/\/turismo.ayto-nuevobaztan.es\/fr\/","logo":{"@type":"ImageObject","inLanguage":"fr-FR","@id":"https:\/\/turismo.ayto-nuevobaztan.es\/fr\/#\/schema\/logo\/image\/","url":"https:\/\/turismo.ayto-nuevobaztan.es\/wp-content\/uploads\/2025\/12\/logo.png","contentUrl":"https:\/\/turismo.ayto-nuevobaztan.es\/wp-content\/uploads\/2025\/12\/logo.png","width":1847,"height":1787,"caption":"Turismo Nuevo Bazt\u00e1n"},"image":{"@id":"https:\/\/turismo.ayto-nuevobaztan.es\/fr\/#\/schema\/logo\/image\/"},"sameAs":["https:\/\/www.facebook.com\/turismonuevobaztan\/","https:\/\/x.com\/TurismoNBaztan"]},{"@type":"Person","@id":"https:\/\/turismo.ayto-nuevobaztan.es\/fr\/#\/schema\/person\/e64d5f83a39bd3dada37f4f75e5569df","name":"juanjog","image":{"@type":"ImageObject","inLanguage":"fr-FR","@id":"https:\/\/secure.gravatar.com\/avatar\/aeef861b07271ad4a92db68a1c6115a397681d7d6cd43c21b002c17e98ebd354?s=96&d=mm&r=g","url":"https:\/\/secure.gravatar.com\/avatar\/aeef861b07271ad4a92db68a1c6115a397681d7d6cd43c21b002c17e98ebd354?s=96&d=mm&r=g","contentUrl":"https:\/\/secure.gravatar.com\/avatar\/aeef861b07271ad4a92db68a1c6115a397681d7d6cd43c21b002c17e98ebd354?s=96&d=mm&r=g","caption":"juanjog"},"url":"#"}]}},"_links":{"self":[{"href":"https:\/\/turismo.ayto-nuevobaztan.es\/fr\/wp-json\/wp\/v2\/posts\/3891","targetHints":{"allow":["GET"]}}],"collection":[{"href":"https:\/\/turismo.ayto-nuevobaztan.es\/fr\/wp-json\/wp\/v2\/posts"}],"about":[{"href":"https:\/\/turismo.ayto-nuevobaztan.es\/fr\/wp-json\/wp\/v2\/types\/post"}],"author":[{"embeddable":true,"href":"https:\/\/turismo.ayto-nuevobaztan.es\/fr\/wp-json\/wp\/v2\/users\/6"}],"replies":[{"embeddable":true,"href":"https:\/\/turismo.ayto-nuevobaztan.es\/fr\/wp-json\/wp\/v2\/comments?post=3891"}],"version-history":[{"count":0,"href":"https:\/\/turismo.ayto-nuevobaztan.es\/fr\/wp-json\/wp\/v2\/posts\/3891\/revisions"}],"wp:featuredmedia":[{"embeddable":true,"href":"https:\/\/turismo.ayto-nuevobaztan.es\/fr\/wp-json\/wp\/v2\/media\/3886"}],"wp:attachment":[{"href":"https:\/\/turismo.ayto-nuevobaztan.es\/fr\/wp-json\/wp\/v2\/media?parent=3891"}],"wp:term":[{"taxonomy":"category","embeddable":true,"href":"https:\/\/turismo.ayto-nuevobaztan.es\/fr\/wp-json\/wp\/v2\/categories?post=3891"},{"taxonomy":"post_tag","embeddable":true,"href":"https:\/\/turismo.ayto-nuevobaztan.es\/fr\/wp-json\/wp\/v2\/tags?post=3891"}],"curies":[{"name":"wp","href":"https:\/\/api.w.org\/{rel}","templated":true}]}}