{"id":3935,"date":"2026-05-29T08:10:15","date_gmt":"2026-05-29T08:10:15","guid":{"rendered":"https:\/\/turismo.ayto-nuevobaztan.es\/?p=3935"},"modified":"2026-05-29T08:10:15","modified_gmt":"2026-05-29T08:10:15","slug":"el-plan-de-embellecimiento-del-conjunto-historico-comienza-por-el-eje-norte","status":"publish","type":"post","link":"https:\/\/turismo.ayto-nuevobaztan.es\/es\/noticias\/el-plan-de-embellecimiento-del-conjunto-historico-comienza-por-el-eje-norte\/","title":{"rendered":"El Plan de Embellecimiento del Conjunto Hist\u00f3rico comienza por el Eje Norte"},"content":{"rendered":"<p><span data-contrast=\"none\">El \u00e1rea cuenta con la recuperaci\u00f3n de la Fuente P\u00fablica del Camino del\u00a0Boleo.<\/span><span data-ccp-props=\"{&quot;134233117&quot;:false,&quot;134233118&quot;:false,&quot;201341983&quot;:0,&quot;335551550&quot;:6,&quot;335551620&quot;:6,&quot;335557856&quot;:16777215,&quot;335559685&quot;:0,&quot;335559737&quot;:300,&quot;335559738&quot;:0,&quot;335559739&quot;:408,&quot;335559740&quot;:360}\">\u00a0<\/span><\/p>\n<p><span data-contrast=\"none\">El Ayuntamiento de Nuevo Bazt\u00e1n contin\u00faa avanzando en la mejora est\u00e9tica y funcional del municipio a trav\u00e9s de su\u00a0<\/span><b><span data-contrast=\"none\">Plan de Embellecimiento<\/span><\/b><span data-contrast=\"none\">.\u00a0Se trata de mejorar la imagen de bienvenida al municipio y recuperar espacios de valor hist\u00f3rico y natural.\u00a0<\/span><span data-ccp-props=\"{&quot;134233117&quot;:false,&quot;134233118&quot;:false,&quot;201341983&quot;:0,&quot;335551550&quot;:6,&quot;335551620&quot;:6,&quot;335557856&quot;:16777215,&quot;335559685&quot;:0,&quot;335559737&quot;:300,&quot;335559738&quot;:0,&quot;335559739&quot;:408,&quot;335559740&quot;:360}\">\u00a0<\/span><\/p>\n<p><span data-contrast=\"none\">Uno de los pilares de esta fase es la intervenci\u00f3n en el\u00a0<\/span><b><span data-contrast=\"none\">acceso norte<\/span><\/b><span data-contrast=\"none\">. Las obras se\u00a0han\u00a0centrado\u00a0en el embellecimiento de esta entrada principal, buscando crear un entorno m\u00e1s cuidado y atractivo tanto para los vecinos como para los visitantes que acceden a la localidad.\u00a0<\/span><span data-ccp-props=\"{&quot;134233117&quot;:false,&quot;134233118&quot;:false,&quot;201341983&quot;:0,&quot;335551550&quot;:6,&quot;335551620&quot;:6,&quot;335557856&quot;:16777215,&quot;335559685&quot;:0,&quot;335559737&quot;:300,&quot;335559738&quot;:0,&quot;335559739&quot;:408,&quot;335559740&quot;:360}\">\u00a0<\/span><\/p>\n<p><span data-contrast=\"none\">En\u00a0estas actuaciones destaca la rehabilitaci\u00f3n de la\u00a0<\/span><b><span data-contrast=\"none\">fuente p\u00fablica situada entre el Camino del Boleo y la Senda\u00a0Valmores<\/span><\/b><span data-contrast=\"none\">.\u00a0<\/span><span data-contrast=\"auto\">Se\u00a0ha procedido\u00a0a la reparaci\u00f3n de los elementos hidr\u00e1ulicos de la fuente para devolverle su funcionalidad. Esto\u00a0ha\u00a0incluido\u00a0la revisi\u00f3n y sustituci\u00f3n de tuber\u00edas y la limpieza y restauraci\u00f3n de la estructura.<\/span><span data-contrast=\"none\">\u00a0De esta manera se\u00a0recupera un punto de encuentro emblem\u00e1tico para senderistas y ciudadanos que disfrutan de nuestro entorno natural.\u00a0<\/span><span data-contrast=\"auto\">El entorno de la fuente ha sido\u00a0pavimentado con una combinaci\u00f3n de\u00a0canto rodado y piezas cuadradas de piedra caliza local, creando un\u00a0acabado visualmente atractivo y acorde con el estilo hist\u00f3rico.\u00a0Tambi\u00e9n se han instalado dos bancos de piedra caliza, una luminaria\u00a0con panel solar,\u00a0\u00e1rboles\u00a0y\u00a0arbustos locales.\u00a0Adem\u00e1s, cuenta\u00a0con un sistema de riego\u00a0por goteo automatizado, gestionado mediante sensores que ajustan la\u00a0cantidad de agua seg\u00fan las condiciones clim\u00e1ticas y las necesidades\u00a0del terreno.<\/span><span data-ccp-props=\"{&quot;201341983&quot;:0,&quot;335551550&quot;:6,&quot;335551620&quot;:6,&quot;335559740&quot;:360}\">\u00a0<\/span><\/p>\n<p><span data-contrast=\"none\">En el\u00a0entorno del\u00a0<\/span><b><span data-contrast=\"none\">\u00e1rea de autocaravanas<\/span><\/b><span data-contrast=\"none\">, se\u00a0ha\u00a0instalado\u00a0un\u00a0<\/span><b><span data-contrast=\"none\">sistema de riego inteligente.<\/span><\/b><span data-contrast=\"none\">\u00a0Esta mejora tecnol\u00f3gica permitir\u00e1 una gesti\u00f3n mucho m\u00e1s eficiente del agua, asegurando el mantenimiento \u00f3ptimo de la zona.\u00a0<\/span><span data-ccp-props=\"{&quot;134233117&quot;:false,&quot;134233118&quot;:false,&quot;201341983&quot;:0,&quot;335551550&quot;:6,&quot;335551620&quot;:6,&quot;335557856&quot;:16777215,&quot;335559685&quot;:0,&quot;335559737&quot;:300,&quot;335559738&quot;:0,&quot;335559739&quot;:408,&quot;335559740&quot;:360}\">\u00a0<\/span><\/p>\n<p><span data-contrast=\"none\">Tambi\u00e9n se\u00a0ha\u00a0instalado\u00a0m\u00e1s mobiliario urbano reciclado y una fuente de agua para animales dom\u00e9sticos y visitantes.\u00a0Adem\u00e1s, se\u00a0ha realizado\u00a0una\u00a0<\/span><b><span data-contrast=\"none\">replantaci\u00f3n de especies aut\u00f3ctonas<\/span><\/b><span data-contrast=\"none\">, reforzando la biodiversidad local y garantizando que el paisaje se mantenga integrado con el ecosistema de la zona.\u00a0Una intervenci\u00f3n en la que se han gastado cerca de 50.000 euros\u00a0cofinanciados por la Comunidad de Madrid y el Ayuntamiento.<\/span><span data-ccp-props=\"{&quot;134233117&quot;:false,&quot;134233118&quot;:false,&quot;201341983&quot;:0,&quot;335551550&quot;:6,&quot;335551620&quot;:6,&quot;335557856&quot;:16777215,&quot;335559685&quot;:0,&quot;335559737&quot;:300,&quot;335559738&quot;:0,&quot;335559739&quot;:408,&quot;335559740&quot;:360}\">\u00a0<\/span><\/p>\n<p><span data-contrast=\"none\">Para complementar esta actuaci\u00f3n, en este eje de entrada se incorporar\u00e1 tambi\u00e9n el acondicionamiento del Camino del Boleo mediante otra subvenci\u00f3n procedente de la Comunidad de Madrid, concedida para la reparaci\u00f3n de los da\u00f1os ocasionados por la \u00faltima DANA.<\/span><span data-ccp-props=\"{&quot;134233117&quot;:false,&quot;134233118&quot;:false,&quot;335551550&quot;:6,&quot;335551620&quot;:6,&quot;335557856&quot;:16777215,&quot;335559738&quot;:240,&quot;335559739&quot;:240}\">\u00a0<\/span><\/p>\n<p><span data-contrast=\"none\">Asimismo, ya se est\u00e1n ejecutando las obras de empedrado y conexi\u00f3n con la Calle Palacio, actuaci\u00f3n que se integra dentro del proyecto de prevenci\u00f3n y adaptaci\u00f3n al cambio clim\u00e1tico\u00a0 incluido en el Plan de Sostenibilidad Tur\u00edstica en Destino consistente en la renovaci\u00f3n del empedrado del conjunto Hist\u00f3rico, y enmarcado en el Plan Territorial de la Comunidad de Madrid 2023 y financiado por la Uni\u00f3n Europea a trav\u00e9s de los fondos Next\u00a0Generation\u00a0EU, dentro del Plan de Recuperaci\u00f3n, Transformaci\u00f3n y Resiliencia.<\/span><span data-ccp-props=\"{&quot;134233117&quot;:false,&quot;134233118&quot;:false,&quot;335551550&quot;:6,&quot;335551620&quot;:6,&quot;335557856&quot;:16777215,&quot;335559738&quot;:240,&quot;335559739&quot;:240}\">\u00a0<\/span><\/p>\n<p><span data-contrast=\"none\">Por otro lado, en el \u00e1rea de autocaravanas se han instalado tres paneles informativos sobre rutas\u00a0ciclotur\u00edsticas\u00a0de la comarca, facilitados por el Grupo de Acci\u00f3n Local del Sureste de la Comunidad de Madrid, ARACOVE.<\/span><span data-ccp-props=\"{&quot;134233117&quot;:false,&quot;134233118&quot;:false,&quot;335551550&quot;:6,&quot;335551620&quot;:6,&quot;335557856&quot;:16777215,&quot;335559738&quot;:240,&quot;335559739&quot;:240}\">\u00a0<\/span><\/p>\n\n\t\t<style>\n\t\t\t#gallery-1 {\n\t\t\t\tmargin: auto;\n\t\t\t}\n\t\t\t#gallery-1 .gallery-item {\n\t\t\t\tfloat: left;\n\t\t\t\tmargin-top: 10px;\n\t\t\t\ttext-align: center;\n\t\t\t\twidth: 33%;\n\t\t\t}\n\t\t\t#gallery-1 img {\n\t\t\t\tborder: 2px solid #cfcfcf;\n\t\t\t}\n\t\t\t#gallery-1 .gallery-caption {\n\t\t\t\tmargin-left: 0;\n\t\t\t}\n\t\t\t\/* see gallery_shortcode() in wp-includes\/media.php *\/\n\t\t<\/style>\n\t\t<div id='gallery-1' class='gallery galleryid-3935 gallery-columns-3 gallery-size-entradas'><dl class='gallery-item'>\n\t\t\t<dt class='gallery-icon portrait'>\n\t\t\t\t<a href='https:\/\/turismo.ayto-nuevobaztan.es\/wp-content\/uploads\/2026\/05\/embellecimiento-nuevo-baztan-05.webp'><img loading=\"lazy\" decoding=\"async\" width=\"800\" height=\"450\" src=\"https:\/\/turismo.ayto-nuevobaztan.es\/wp-content\/uploads\/2026\/05\/embellecimiento-nuevo-baztan-05-800x450.webp\" class=\"attachment-entradas size-entradas\" alt=\"\" \/><\/a>\n\t\t\t<\/dt><\/dl><dl class='gallery-item'>\n\t\t\t<dt class='gallery-icon portrait'>\n\t\t\t\t<a href='https:\/\/turismo.ayto-nuevobaztan.es\/wp-content\/uploads\/2026\/05\/embellecimiento-nuevo-baztan-04.webp'><img loading=\"lazy\" decoding=\"async\" width=\"800\" height=\"450\" src=\"https:\/\/turismo.ayto-nuevobaztan.es\/wp-content\/uploads\/2026\/05\/embellecimiento-nuevo-baztan-04-800x450.webp\" class=\"attachment-entradas size-entradas\" alt=\"\" \/><\/a>\n\t\t\t<\/dt><\/dl><dl class='gallery-item'>\n\t\t\t<dt class='gallery-icon portrait'>\n\t\t\t\t<a href='https:\/\/turismo.ayto-nuevobaztan.es\/wp-content\/uploads\/2026\/05\/embellecimiento-nuevo-baztan-03.webp'><img loading=\"lazy\" decoding=\"async\" width=\"800\" height=\"450\" src=\"https:\/\/turismo.ayto-nuevobaztan.es\/wp-content\/uploads\/2026\/05\/embellecimiento-nuevo-baztan-03-800x450.webp\" class=\"attachment-entradas size-entradas\" alt=\"\" \/><\/a>\n\t\t\t<\/dt><\/dl><br style=\"clear: both\" \/><dl class='gallery-item'>\n\t\t\t<dt class='gallery-icon portrait'>\n\t\t\t\t<a href='https:\/\/turismo.ayto-nuevobaztan.es\/wp-content\/uploads\/2026\/05\/embellecimiento-nuevo-baztan-02.webp'><img loading=\"lazy\" decoding=\"async\" width=\"800\" height=\"450\" src=\"https:\/\/turismo.ayto-nuevobaztan.es\/wp-content\/uploads\/2026\/05\/embellecimiento-nuevo-baztan-02-800x450.webp\" class=\"attachment-entradas size-entradas\" alt=\"\" \/><\/a>\n\t\t\t<\/dt><\/dl><dl class='gallery-item'>\n\t\t\t<dt class='gallery-icon portrait'>\n\t\t\t\t<a href='https:\/\/turismo.ayto-nuevobaztan.es\/wp-content\/uploads\/2026\/05\/embellecimiento-nuevo-baztan-01.webp'><img loading=\"lazy\" decoding=\"async\" width=\"800\" height=\"450\" src=\"https:\/\/turismo.ayto-nuevobaztan.es\/wp-content\/uploads\/2026\/05\/embellecimiento-nuevo-baztan-01-800x450.webp\" class=\"attachment-entradas size-entradas\" alt=\"\" \/><\/a>\n\t\t\t<\/dt><\/dl><dl class='gallery-item'>\n\t\t\t<dt class='gallery-icon portrait'>\n\t\t\t\t<a href='https:\/\/turismo.ayto-nuevobaztan.es\/wp-content\/uploads\/2026\/05\/embellecimiento-nuevo-baztan-06.webp'><img loading=\"lazy\" decoding=\"async\" width=\"800\" height=\"450\" src=\"https:\/\/turismo.ayto-nuevobaztan.es\/wp-content\/uploads\/2026\/05\/embellecimiento-nuevo-baztan-06-800x450.webp\" class=\"attachment-entradas size-entradas\" alt=\"\" \/><\/a>\n\t\t\t<\/dt><\/dl><br style=\"clear: both\" \/>\n\t\t<\/div>\n\n","protected":false},"excerpt":{"rendered":"<p>El \u00e1rea cuenta con la recuperaci\u00f3n de la Fuente P\u00fablica del Camino del\u00a0Boleo.\u00a0 El Ayuntamiento de Nuevo Bazt\u00e1n contin\u00faa avanzando en la mejora est\u00e9tica y funcional del municipio a trav\u00e9s de su\u00a0Plan de Embellecimiento.\u00a0Se trata de mejorar la imagen de bienvenida al municipio y recuperar espacios de valor hist\u00f3rico y natural.\u00a0\u00a0 Uno de los pilares&hellip;<\/p>\n","protected":false},"author":6,"featured_media":3937,"comment_status":"closed","ping_status":"closed","sticky":false,"template":"","format":"standard","meta":{"_acf_changed":false,"footnotes":""},"categories":[14],"tags":[],"class_list":["post-3935","post","type-post","status-publish","format-standard","has-post-thumbnail","hentry","category-actividades-nuevo-batzan"],"acf":[],"yoast_head":"<!-- This site is optimized with the Yoast SEO plugin v27.2 - https:\/\/yoast.com\/product\/yoast-seo-wordpress\/ -->\n<title>El Plan de Embellecimiento del Conjunto Hist\u00f3rico comienza por el Eje Norte<\/title>\n<meta name=\"description\" content=\"El \u00e1rea cuenta con la recuperaci\u00f3n de la Fuente P\u00fablica del Camino del Boleo.\" \/>\n<meta name=\"robots\" content=\"index, follow, max-snippet:-1, max-image-preview:large, max-video-preview:-1\" \/>\n<link rel=\"canonical\" href=\"https:\/\/turismo.ayto-nuevobaztan.es\/es\/noticias\/el-plan-de-embellecimiento-del-conjunto-historico-comienza-por-el-eje-norte\/\" \/>\n<meta property=\"og:locale\" content=\"es_ES\" \/>\n<meta property=\"og:type\" content=\"article\" \/>\n<meta property=\"og:title\" content=\"El Plan de Embellecimiento del Conjunto Hist\u00f3rico comienza por el Eje Norte\" \/>\n<meta property=\"og:description\" content=\"El \u00e1rea cuenta con la recuperaci\u00f3n de la Fuente P\u00fablica del Camino del Boleo.\" \/>\n<meta property=\"og:url\" content=\"https:\/\/turismo.ayto-nuevobaztan.es\/es\/noticias\/el-plan-de-embellecimiento-del-conjunto-historico-comienza-por-el-eje-norte\/\" \/>\n<meta property=\"og:site_name\" content=\"Turismo Nuevo Bazt\u00e1n\" \/>\n<meta property=\"article:publisher\" content=\"https:\/\/www.facebook.com\/turismonuevobaztan\/\" \/>\n<meta property=\"article:published_time\" content=\"2026-05-29T08:10:15+00:00\" \/>\n<meta property=\"og:image\" content=\"https:\/\/turismo.ayto-nuevobaztan.es\/wp-content\/uploads\/2026\/05\/embellecimiento-nuevo-baztan-04.webp\" \/>\n\t<meta property=\"og:image:width\" content=\"1170\" \/>\n\t<meta property=\"og:image:height\" content=\"1655\" \/>\n\t<meta property=\"og:image:type\" content=\"image\/webp\" \/>\n<meta name=\"author\" content=\"juanjog\" \/>\n<meta name=\"twitter:card\" content=\"summary_large_image\" \/>\n<meta name=\"twitter:creator\" content=\"@TurismoNBaztan\" \/>\n<meta name=\"twitter:site\" content=\"@TurismoNBaztan\" \/>\n<meta name=\"twitter:label1\" content=\"Escrito por\" \/>\n\t<meta name=\"twitter:data1\" content=\"juanjog\" \/>\n\t<meta name=\"twitter:label2\" content=\"Tiempo de lectura\" \/>\n\t<meta name=\"twitter:data2\" content=\"3 minutos\" \/>\n<script type=\"application\/ld+json\" class=\"yoast-schema-graph\">{\"@context\":\"https:\/\/schema.org\",\"@graph\":[{\"@type\":\"Article\",\"@id\":\"https:\/\/turismo.ayto-nuevobaztan.es\/es\/noticias\/el-plan-de-embellecimiento-del-conjunto-historico-comienza-por-el-eje-norte\/#article\",\"isPartOf\":{\"@id\":\"https:\/\/turismo.ayto-nuevobaztan.es\/es\/noticias\/el-plan-de-embellecimiento-del-conjunto-historico-comienza-por-el-eje-norte\/\"},\"author\":{\"name\":\"juanjog\",\"@id\":\"https:\/\/turismo.ayto-nuevobaztan.es\/es\/#\/schema\/person\/e64d5f83a39bd3dada37f4f75e5569df\"},\"headline\":\"El Plan de Embellecimiento del Conjunto Hist\u00f3rico comienza por el Eje Norte\",\"datePublished\":\"2026-05-29T08:10:15+00:00\",\"mainEntityOfPage\":{\"@id\":\"https:\/\/turismo.ayto-nuevobaztan.es\/es\/noticias\/el-plan-de-embellecimiento-del-conjunto-historico-comienza-por-el-eje-norte\/\"},\"wordCount\":578,\"publisher\":{\"@id\":\"https:\/\/turismo.ayto-nuevobaztan.es\/es\/#organization\"},\"image\":{\"@id\":\"https:\/\/turismo.ayto-nuevobaztan.es\/es\/noticias\/el-plan-de-embellecimiento-del-conjunto-historico-comienza-por-el-eje-norte\/#primaryimage\"},\"thumbnailUrl\":\"https:\/\/turismo.ayto-nuevobaztan.es\/wp-content\/uploads\/2026\/05\/embellecimiento-nuevo-baztan-04.webp\",\"articleSection\":[\"actividades\"],\"inLanguage\":\"es\"},{\"@type\":\"WebPage\",\"@id\":\"https:\/\/turismo.ayto-nuevobaztan.es\/es\/noticias\/el-plan-de-embellecimiento-del-conjunto-historico-comienza-por-el-eje-norte\/\",\"url\":\"https:\/\/turismo.ayto-nuevobaztan.es\/es\/noticias\/el-plan-de-embellecimiento-del-conjunto-historico-comienza-por-el-eje-norte\/\",\"name\":\"El Plan de Embellecimiento del Conjunto Hist\u00f3rico comienza por el Eje Norte\",\"isPartOf\":{\"@id\":\"https:\/\/turismo.ayto-nuevobaztan.es\/es\/#website\"},\"primaryImageOfPage\":{\"@id\":\"https:\/\/turismo.ayto-nuevobaztan.es\/es\/noticias\/el-plan-de-embellecimiento-del-conjunto-historico-comienza-por-el-eje-norte\/#primaryimage\"},\"image\":{\"@id\":\"https:\/\/turismo.ayto-nuevobaztan.es\/es\/noticias\/el-plan-de-embellecimiento-del-conjunto-historico-comienza-por-el-eje-norte\/#primaryimage\"},\"thumbnailUrl\":\"https:\/\/turismo.ayto-nuevobaztan.es\/wp-content\/uploads\/2026\/05\/embellecimiento-nuevo-baztan-04.webp\",\"datePublished\":\"2026-05-29T08:10:15+00:00\",\"description\":\"El \u00e1rea cuenta con la recuperaci\u00f3n de la Fuente P\u00fablica del Camino del Boleo.\",\"breadcrumb\":{\"@id\":\"https:\/\/turismo.ayto-nuevobaztan.es\/es\/noticias\/el-plan-de-embellecimiento-del-conjunto-historico-comienza-por-el-eje-norte\/#breadcrumb\"},\"inLanguage\":\"es\",\"potentialAction\":[{\"@type\":\"ReadAction\",\"target\":[\"https:\/\/turismo.ayto-nuevobaztan.es\/es\/noticias\/el-plan-de-embellecimiento-del-conjunto-historico-comienza-por-el-eje-norte\/\"]}]},{\"@type\":\"ImageObject\",\"inLanguage\":\"es\",\"@id\":\"https:\/\/turismo.ayto-nuevobaztan.es\/es\/noticias\/el-plan-de-embellecimiento-del-conjunto-historico-comienza-por-el-eje-norte\/#primaryimage\",\"url\":\"https:\/\/turismo.ayto-nuevobaztan.es\/wp-content\/uploads\/2026\/05\/embellecimiento-nuevo-baztan-04.webp\",\"contentUrl\":\"https:\/\/turismo.ayto-nuevobaztan.es\/wp-content\/uploads\/2026\/05\/embellecimiento-nuevo-baztan-04.webp\",\"width\":1170,\"height\":1655},{\"@type\":\"BreadcrumbList\",\"@id\":\"https:\/\/turismo.ayto-nuevobaztan.es\/es\/noticias\/el-plan-de-embellecimiento-del-conjunto-historico-comienza-por-el-eje-norte\/#breadcrumb\",\"itemListElement\":[{\"@type\":\"ListItem\",\"position\":1,\"name\":\"Inicio\",\"item\":\"https:\/\/turismo.ayto-nuevobaztan.es\/es\/\"},{\"@type\":\"ListItem\",\"position\":2,\"name\":\"El Plan de Embellecimiento del Conjunto Hist\u00f3rico comienza por el Eje Norte\"}]},{\"@type\":\"WebSite\",\"@id\":\"https:\/\/turismo.ayto-nuevobaztan.es\/es\/#website\",\"url\":\"https:\/\/turismo.ayto-nuevobaztan.es\/es\/\",\"name\":\"Turismo Nuevo Bazt\u00e1n\",\"description\":\"\",\"publisher\":{\"@id\":\"https:\/\/turismo.ayto-nuevobaztan.es\/es\/#organization\"},\"potentialAction\":[{\"@type\":\"SearchAction\",\"target\":{\"@type\":\"EntryPoint\",\"urlTemplate\":\"https:\/\/turismo.ayto-nuevobaztan.es\/es\/?s={search_term_string}\"},\"query-input\":{\"@type\":\"PropertyValueSpecification\",\"valueRequired\":true,\"valueName\":\"search_term_string\"}}],\"inLanguage\":\"es\"},{\"@type\":\"Organization\",\"@id\":\"https:\/\/turismo.ayto-nuevobaztan.es\/es\/#organization\",\"name\":\"Turismo Nuevo Bazt\u00e1n\",\"url\":\"https:\/\/turismo.ayto-nuevobaztan.es\/es\/\",\"logo\":{\"@type\":\"ImageObject\",\"inLanguage\":\"es\",\"@id\":\"https:\/\/turismo.ayto-nuevobaztan.es\/es\/#\/schema\/logo\/image\/\",\"url\":\"https:\/\/turismo.ayto-nuevobaztan.es\/wp-content\/uploads\/2025\/12\/logo.png\",\"contentUrl\":\"https:\/\/turismo.ayto-nuevobaztan.es\/wp-content\/uploads\/2025\/12\/logo.png\",\"width\":1847,\"height\":1787,\"caption\":\"Turismo Nuevo Bazt\u00e1n\"},\"image\":{\"@id\":\"https:\/\/turismo.ayto-nuevobaztan.es\/es\/#\/schema\/logo\/image\/\"},\"sameAs\":[\"https:\/\/www.facebook.com\/turismonuevobaztan\/\",\"https:\/\/x.com\/TurismoNBaztan\"]},{\"@type\":\"Person\",\"@id\":\"https:\/\/turismo.ayto-nuevobaztan.es\/es\/#\/schema\/person\/e64d5f83a39bd3dada37f4f75e5569df\",\"name\":\"juanjog\",\"image\":{\"@type\":\"ImageObject\",\"inLanguage\":\"es\",\"@id\":\"https:\/\/secure.gravatar.com\/avatar\/aeef861b07271ad4a92db68a1c6115a397681d7d6cd43c21b002c17e98ebd354?s=96&d=mm&r=g\",\"url\":\"https:\/\/secure.gravatar.com\/avatar\/aeef861b07271ad4a92db68a1c6115a397681d7d6cd43c21b002c17e98ebd354?s=96&d=mm&r=g\",\"contentUrl\":\"https:\/\/secure.gravatar.com\/avatar\/aeef861b07271ad4a92db68a1c6115a397681d7d6cd43c21b002c17e98ebd354?s=96&d=mm&r=g\",\"caption\":\"juanjog\"},\"url\":\"#\"}]}<\/script>\n<!-- \/ Yoast SEO plugin. -->","yoast_head_json":{"title":"El Plan de Embellecimiento del Conjunto Hist\u00f3rico comienza por el Eje Norte","description":"El \u00e1rea cuenta con la recuperaci\u00f3n de la Fuente P\u00fablica del Camino del Boleo.","robots":{"index":"index","follow":"follow","max-snippet":"max-snippet:-1","max-image-preview":"max-image-preview:large","max-video-preview":"max-video-preview:-1"},"canonical":"https:\/\/turismo.ayto-nuevobaztan.es\/es\/noticias\/el-plan-de-embellecimiento-del-conjunto-historico-comienza-por-el-eje-norte\/","og_locale":"es_ES","og_type":"article","og_title":"El Plan de Embellecimiento del Conjunto Hist\u00f3rico comienza por el Eje Norte","og_description":"El \u00e1rea cuenta con la recuperaci\u00f3n de la Fuente P\u00fablica del Camino del Boleo.","og_url":"https:\/\/turismo.ayto-nuevobaztan.es\/es\/noticias\/el-plan-de-embellecimiento-del-conjunto-historico-comienza-por-el-eje-norte\/","og_site_name":"Turismo Nuevo Bazt\u00e1n","article_publisher":"https:\/\/www.facebook.com\/turismonuevobaztan\/","article_published_time":"2026-05-29T08:10:15+00:00","og_image":[{"width":1170,"height":1655,"url":"https:\/\/turismo.ayto-nuevobaztan.es\/wp-content\/uploads\/2026\/05\/embellecimiento-nuevo-baztan-04.webp","type":"image\/webp"}],"author":"juanjog","twitter_card":"summary_large_image","twitter_creator":"@TurismoNBaztan","twitter_site":"@TurismoNBaztan","twitter_misc":{"Escrito por":"juanjog","Tiempo de lectura":"3 minutos"},"schema":{"@context":"https:\/\/schema.org","@graph":[{"@type":"Article","@id":"https:\/\/turismo.ayto-nuevobaztan.es\/es\/noticias\/el-plan-de-embellecimiento-del-conjunto-historico-comienza-por-el-eje-norte\/#article","isPartOf":{"@id":"https:\/\/turismo.ayto-nuevobaztan.es\/es\/noticias\/el-plan-de-embellecimiento-del-conjunto-historico-comienza-por-el-eje-norte\/"},"author":{"name":"juanjog","@id":"https:\/\/turismo.ayto-nuevobaztan.es\/es\/#\/schema\/person\/e64d5f83a39bd3dada37f4f75e5569df"},"headline":"El Plan de Embellecimiento del Conjunto Hist\u00f3rico comienza por el Eje Norte","datePublished":"2026-05-29T08:10:15+00:00","mainEntityOfPage":{"@id":"https:\/\/turismo.ayto-nuevobaztan.es\/es\/noticias\/el-plan-de-embellecimiento-del-conjunto-historico-comienza-por-el-eje-norte\/"},"wordCount":578,"publisher":{"@id":"https:\/\/turismo.ayto-nuevobaztan.es\/es\/#organization"},"image":{"@id":"https:\/\/turismo.ayto-nuevobaztan.es\/es\/noticias\/el-plan-de-embellecimiento-del-conjunto-historico-comienza-por-el-eje-norte\/#primaryimage"},"thumbnailUrl":"https:\/\/turismo.ayto-nuevobaztan.es\/wp-content\/uploads\/2026\/05\/embellecimiento-nuevo-baztan-04.webp","articleSection":["actividades"],"inLanguage":"es"},{"@type":"WebPage","@id":"https:\/\/turismo.ayto-nuevobaztan.es\/es\/noticias\/el-plan-de-embellecimiento-del-conjunto-historico-comienza-por-el-eje-norte\/","url":"https:\/\/turismo.ayto-nuevobaztan.es\/es\/noticias\/el-plan-de-embellecimiento-del-conjunto-historico-comienza-por-el-eje-norte\/","name":"El Plan de Embellecimiento del Conjunto Hist\u00f3rico comienza por el Eje Norte","isPartOf":{"@id":"https:\/\/turismo.ayto-nuevobaztan.es\/es\/#website"},"primaryImageOfPage":{"@id":"https:\/\/turismo.ayto-nuevobaztan.es\/es\/noticias\/el-plan-de-embellecimiento-del-conjunto-historico-comienza-por-el-eje-norte\/#primaryimage"},"image":{"@id":"https:\/\/turismo.ayto-nuevobaztan.es\/es\/noticias\/el-plan-de-embellecimiento-del-conjunto-historico-comienza-por-el-eje-norte\/#primaryimage"},"thumbnailUrl":"https:\/\/turismo.ayto-nuevobaztan.es\/wp-content\/uploads\/2026\/05\/embellecimiento-nuevo-baztan-04.webp","datePublished":"2026-05-29T08:10:15+00:00","description":"El \u00e1rea cuenta con la recuperaci\u00f3n de la Fuente P\u00fablica del Camino del Boleo.","breadcrumb":{"@id":"https:\/\/turismo.ayto-nuevobaztan.es\/es\/noticias\/el-plan-de-embellecimiento-del-conjunto-historico-comienza-por-el-eje-norte\/#breadcrumb"},"inLanguage":"es","potentialAction":[{"@type":"ReadAction","target":["https:\/\/turismo.ayto-nuevobaztan.es\/es\/noticias\/el-plan-de-embellecimiento-del-conjunto-historico-comienza-por-el-eje-norte\/"]}]},{"@type":"ImageObject","inLanguage":"es","@id":"https:\/\/turismo.ayto-nuevobaztan.es\/es\/noticias\/el-plan-de-embellecimiento-del-conjunto-historico-comienza-por-el-eje-norte\/#primaryimage","url":"https:\/\/turismo.ayto-nuevobaztan.es\/wp-content\/uploads\/2026\/05\/embellecimiento-nuevo-baztan-04.webp","contentUrl":"https:\/\/turismo.ayto-nuevobaztan.es\/wp-content\/uploads\/2026\/05\/embellecimiento-nuevo-baztan-04.webp","width":1170,"height":1655},{"@type":"BreadcrumbList","@id":"https:\/\/turismo.ayto-nuevobaztan.es\/es\/noticias\/el-plan-de-embellecimiento-del-conjunto-historico-comienza-por-el-eje-norte\/#breadcrumb","itemListElement":[{"@type":"ListItem","position":1,"name":"Inicio","item":"https:\/\/turismo.ayto-nuevobaztan.es\/es\/"},{"@type":"ListItem","position":2,"name":"El Plan de Embellecimiento del Conjunto Hist\u00f3rico comienza por el Eje Norte"}]},{"@type":"WebSite","@id":"https:\/\/turismo.ayto-nuevobaztan.es\/es\/#website","url":"https:\/\/turismo.ayto-nuevobaztan.es\/es\/","name":"Turismo Nuevo Bazt\u00e1n","description":"","publisher":{"@id":"https:\/\/turismo.ayto-nuevobaztan.es\/es\/#organization"},"potentialAction":[{"@type":"SearchAction","target":{"@type":"EntryPoint","urlTemplate":"https:\/\/turismo.ayto-nuevobaztan.es\/es\/?s={search_term_string}"},"query-input":{"@type":"PropertyValueSpecification","valueRequired":true,"valueName":"search_term_string"}}],"inLanguage":"es"},{"@type":"Organization","@id":"https:\/\/turismo.ayto-nuevobaztan.es\/es\/#organization","name":"Turismo Nuevo Bazt\u00e1n","url":"https:\/\/turismo.ayto-nuevobaztan.es\/es\/","logo":{"@type":"ImageObject","inLanguage":"es","@id":"https:\/\/turismo.ayto-nuevobaztan.es\/es\/#\/schema\/logo\/image\/","url":"https:\/\/turismo.ayto-nuevobaztan.es\/wp-content\/uploads\/2025\/12\/logo.png","contentUrl":"https:\/\/turismo.ayto-nuevobaztan.es\/wp-content\/uploads\/2025\/12\/logo.png","width":1847,"height":1787,"caption":"Turismo Nuevo Bazt\u00e1n"},"image":{"@id":"https:\/\/turismo.ayto-nuevobaztan.es\/es\/#\/schema\/logo\/image\/"},"sameAs":["https:\/\/www.facebook.com\/turismonuevobaztan\/","https:\/\/x.com\/TurismoNBaztan"]},{"@type":"Person","@id":"https:\/\/turismo.ayto-nuevobaztan.es\/es\/#\/schema\/person\/e64d5f83a39bd3dada37f4f75e5569df","name":"juanjog","image":{"@type":"ImageObject","inLanguage":"es","@id":"https:\/\/secure.gravatar.com\/avatar\/aeef861b07271ad4a92db68a1c6115a397681d7d6cd43c21b002c17e98ebd354?s=96&d=mm&r=g","url":"https:\/\/secure.gravatar.com\/avatar\/aeef861b07271ad4a92db68a1c6115a397681d7d6cd43c21b002c17e98ebd354?s=96&d=mm&r=g","contentUrl":"https:\/\/secure.gravatar.com\/avatar\/aeef861b07271ad4a92db68a1c6115a397681d7d6cd43c21b002c17e98ebd354?s=96&d=mm&r=g","caption":"juanjog"},"url":"#"}]}},"_links":{"self":[{"href":"https:\/\/turismo.ayto-nuevobaztan.es\/es\/wp-json\/wp\/v2\/posts\/3935","targetHints":{"allow":["GET"]}}],"collection":[{"href":"https:\/\/turismo.ayto-nuevobaztan.es\/es\/wp-json\/wp\/v2\/posts"}],"about":[{"href":"https:\/\/turismo.ayto-nuevobaztan.es\/es\/wp-json\/wp\/v2\/types\/post"}],"author":[{"embeddable":true,"href":"https:\/\/turismo.ayto-nuevobaztan.es\/es\/wp-json\/wp\/v2\/users\/6"}],"replies":[{"embeddable":true,"href":"https:\/\/turismo.ayto-nuevobaztan.es\/es\/wp-json\/wp\/v2\/comments?post=3935"}],"version-history":[{"count":1,"href":"https:\/\/turismo.ayto-nuevobaztan.es\/es\/wp-json\/wp\/v2\/posts\/3935\/revisions"}],"predecessor-version":[{"id":3942,"href":"https:\/\/turismo.ayto-nuevobaztan.es\/es\/wp-json\/wp\/v2\/posts\/3935\/revisions\/3942"}],"wp:featuredmedia":[{"embeddable":true,"href":"https:\/\/turismo.ayto-nuevobaztan.es\/es\/wp-json\/wp\/v2\/media\/3937"}],"wp:attachment":[{"href":"https:\/\/turismo.ayto-nuevobaztan.es\/es\/wp-json\/wp\/v2\/media?parent=3935"}],"wp:term":[{"taxonomy":"category","embeddable":true,"href":"https:\/\/turismo.ayto-nuevobaztan.es\/es\/wp-json\/wp\/v2\/categories?post=3935"},{"taxonomy":"post_tag","embeddable":true,"href":"https:\/\/turismo.ayto-nuevobaztan.es\/es\/wp-json\/wp\/v2\/tags?post=3935"}],"curies":[{"name":"wp","href":"https:\/\/api.w.org\/{rel}","templated":true}]}}