{"id":3930,"date":"2026-05-29T05:30:44","date_gmt":"2026-05-29T05:30:44","guid":{"rendered":"https:\/\/turismo.ayto-nuevobaztan.es\/?p=3930"},"modified":"2026-05-29T05:30:44","modified_gmt":"2026-05-29T05:30:44","slug":"nuevo-baztan-recupera-su-tradicion-vidriera-con-un-ciclo-de-talleres-de-soplado","status":"publish","type":"post","link":"https:\/\/turismo.ayto-nuevobaztan.es\/es\/noticias\/nuevo-baztan-recupera-su-tradicion-vidriera-con-un-ciclo-de-talleres-de-soplado\/","title":{"rendered":"Nuevo Bazt\u00e1n recupera su tradici\u00f3n vidriera con un ciclo de talleres de soplado"},"content":{"rendered":"<p data-start=\"248\" data-end=\"433\">Nuevo Bazt\u00e1n vuelve a poner en valor una de las tradiciones hist\u00f3ricas m\u00e1s importantes de su pasado industrial con un ciclo de talleres de soplado de vidrio dirigidos a p\u00fablico adulto.<\/p>\n<p data-start=\"435\" data-end=\"822\">En 1720 naci\u00f3 en el municipio la F\u00e1brica de Cristales y Vidrios Finos, un espacio en el que se formaron destacados maestros vidrieros que posteriormente trabajar\u00edan en la Real F\u00e1brica de Cristales de La Granja. Ahora, esa tradici\u00f3n artesanal regresa de la mano del Centro de Interpretaci\u00f3n de Nuevo Bazt\u00e1n y de profesionales especializados procedentes de la hist\u00f3rica f\u00e1brica segoviana.<\/p>\n<p data-start=\"824\" data-end=\"997\">El programa ofrecer\u00e1 a los participantes la posibilidad de iniciarse en diferentes t\u00e9cnicas de vidrio soplado mediante talleres pr\u00e1cticos impartidos por maestros artesanos.<\/p>\n<p data-start=\"999\" data-end=\"1074\">Las actividades previstas para 2026 en horario de 11:00 a 14:00 horas son:<\/p>\n<ul>\n<li data-start=\"1076\" data-end=\"1094\">S\u00e1bado 30 de mayo<br \/>\n<strong>Taller de soplado de vidrio con color<\/p>\n<p><\/strong><\/li>\n<li data-start=\"1138\" data-end=\"1157\">S\u00e1bado 27 de junio<br \/>\n<strong>Taller de soplado de platos<br \/>\n<\/strong><em>Inscripciones desde el 2 de junio<\/p>\n<p><\/em><\/li>\n<li data-start=\"1228\" data-end=\"1252\">S\u00e1bado 19 de septiembre<br \/>\n<strong>Taller de soplado de decoraci\u00f3n con pinzas<\/strong><br \/>\n<em>Inscripciones desde el 29 de agosto<\/em><\/li>\n<\/ul>\n<p data-start=\"1337\" data-end=\"1454\">Las actividades est\u00e1n dirigidas a personas mayores de 12 a\u00f1os y se desarrollar\u00e1n en el Palacio de Juan de Goyeneche.<\/p>\n<p data-start=\"1456\" data-end=\"1683\">La participaci\u00f3n es gratuita, aunque ser\u00e1 imprescindible realizar reserva previa a trav\u00e9s del correo electr\u00f3nico \ud83d\udce7 <a class=\"decorated-link cursor-pointer\" rel=\"noopener\" data-start=\"1572\" data-end=\"1592\">cinbaztan@madrid.org<\/a> o en el tel\u00e9fono 686 941 217 durante el horario de apertura del Centro de Interpretaci\u00f3n.<\/p>\n<p data-start=\"1685\" data-end=\"1885\">Este ciclo est\u00e1 organizado por la Consejer\u00eda de Cultura, Turismo y Deporte de la Comunidad de Madrid, con la colaboraci\u00f3n del Ayuntamiento de Nuevo Bazt\u00e1n y la Real F\u00e1brica de Cristales de La Granja.<\/p>\n<p data-start=\"1887\" data-end=\"2014\">Una oportunidad \u00fanica para descubrir y experimentar una de las artesan\u00edas hist\u00f3ricas m\u00e1s vinculadas al origen de Nuevo Bazt\u00e1n.<\/p>\n","protected":false},"excerpt":{"rendered":"<p>Nuevo Bazt\u00e1n vuelve a poner en valor una de las tradiciones hist\u00f3ricas m\u00e1s importantes de su pasado industrial con un ciclo de talleres de soplado de vidrio dirigidos a p\u00fablico adulto. En 1720 naci\u00f3 en el municipio la F\u00e1brica de Cristales y Vidrios Finos, un espacio en el que se formaron destacados maestros vidrieros que&hellip;<\/p>\n","protected":false},"author":6,"featured_media":3931,"comment_status":"closed","ping_status":"closed","sticky":false,"template":"","format":"standard","meta":{"_acf_changed":false,"footnotes":""},"categories":[14],"tags":[],"class_list":["post-3930","post","type-post","status-publish","format-standard","has-post-thumbnail","hentry","category-actividades-nuevo-batzan"],"acf":[],"yoast_head":"<!-- This site is optimized with the Yoast SEO plugin v27.2 - https:\/\/yoast.com\/product\/yoast-seo-wordpress\/ -->\n<title>Nuevo Bazt\u00e1n recupera su tradici\u00f3n vidriera con un ciclo de talleres de soplado<\/title>\n<meta name=\"description\" content=\"El Centro de Interpretaci\u00f3n organiza actividades impartidas por maestros de la Real F\u00e1brica de Cristales de La Granja\" \/>\n<meta name=\"robots\" content=\"index, follow, max-snippet:-1, max-image-preview:large, max-video-preview:-1\" \/>\n<link rel=\"canonical\" href=\"https:\/\/turismo.ayto-nuevobaztan.es\/es\/noticias\/nuevo-baztan-recupera-su-tradicion-vidriera-con-un-ciclo-de-talleres-de-soplado\/\" \/>\n<meta property=\"og:locale\" content=\"es_ES\" \/>\n<meta property=\"og:type\" content=\"article\" \/>\n<meta property=\"og:title\" content=\"Nuevo Bazt\u00e1n recupera su tradici\u00f3n vidriera con un ciclo de talleres de soplado\" \/>\n<meta property=\"og:description\" content=\"El Centro de Interpretaci\u00f3n organiza actividades impartidas por maestros de la Real F\u00e1brica de Cristales de La Granja\" \/>\n<meta property=\"og:url\" content=\"https:\/\/turismo.ayto-nuevobaztan.es\/es\/noticias\/nuevo-baztan-recupera-su-tradicion-vidriera-con-un-ciclo-de-talleres-de-soplado\/\" \/>\n<meta property=\"og:site_name\" content=\"Turismo Nuevo Bazt\u00e1n\" \/>\n<meta property=\"article:publisher\" content=\"https:\/\/www.facebook.com\/turismonuevobaztan\/\" \/>\n<meta property=\"article:published_time\" content=\"2026-05-29T05:30:44+00:00\" \/>\n<meta property=\"og:image\" content=\"https:\/\/turismo.ayto-nuevobaztan.es\/wp-content\/uploads\/2026\/05\/taller-vidrio-soplado-2026.jpg\" \/>\n\t<meta property=\"og:image:width\" content=\"1200\" \/>\n\t<meta property=\"og:image:height\" content=\"800\" \/>\n\t<meta property=\"og:image:type\" content=\"image\/jpeg\" \/>\n<meta name=\"author\" content=\"juanjog\" \/>\n<meta name=\"twitter:card\" content=\"summary_large_image\" \/>\n<meta name=\"twitter:creator\" content=\"@TurismoNBaztan\" \/>\n<meta name=\"twitter:site\" content=\"@TurismoNBaztan\" \/>\n<meta name=\"twitter:label1\" content=\"Escrito por\" \/>\n\t<meta name=\"twitter:data1\" content=\"juanjog\" \/>\n\t<meta name=\"twitter:label2\" content=\"Tiempo de lectura\" \/>\n\t<meta name=\"twitter:data2\" content=\"2 minutos\" \/>\n<script type=\"application\/ld+json\" class=\"yoast-schema-graph\">{\"@context\":\"https:\/\/schema.org\",\"@graph\":[{\"@type\":\"Article\",\"@id\":\"https:\/\/turismo.ayto-nuevobaztan.es\/es\/noticias\/nuevo-baztan-recupera-su-tradicion-vidriera-con-un-ciclo-de-talleres-de-soplado\/#article\",\"isPartOf\":{\"@id\":\"https:\/\/turismo.ayto-nuevobaztan.es\/es\/noticias\/nuevo-baztan-recupera-su-tradicion-vidriera-con-un-ciclo-de-talleres-de-soplado\/\"},\"author\":{\"name\":\"juanjog\",\"@id\":\"https:\/\/turismo.ayto-nuevobaztan.es\/es\/#\/schema\/person\/e64d5f83a39bd3dada37f4f75e5569df\"},\"headline\":\"Nuevo Bazt\u00e1n recupera su tradici\u00f3n vidriera con un ciclo de talleres de soplado\",\"datePublished\":\"2026-05-29T05:30:44+00:00\",\"mainEntityOfPage\":{\"@id\":\"https:\/\/turismo.ayto-nuevobaztan.es\/es\/noticias\/nuevo-baztan-recupera-su-tradicion-vidriera-con-un-ciclo-de-talleres-de-soplado\/\"},\"wordCount\":313,\"publisher\":{\"@id\":\"https:\/\/turismo.ayto-nuevobaztan.es\/es\/#organization\"},\"image\":{\"@id\":\"https:\/\/turismo.ayto-nuevobaztan.es\/es\/noticias\/nuevo-baztan-recupera-su-tradicion-vidriera-con-un-ciclo-de-talleres-de-soplado\/#primaryimage\"},\"thumbnailUrl\":\"https:\/\/turismo.ayto-nuevobaztan.es\/wp-content\/uploads\/2026\/05\/taller-vidrio-soplado-2026.jpg\",\"articleSection\":[\"actividades\"],\"inLanguage\":\"es\"},{\"@type\":\"WebPage\",\"@id\":\"https:\/\/turismo.ayto-nuevobaztan.es\/es\/noticias\/nuevo-baztan-recupera-su-tradicion-vidriera-con-un-ciclo-de-talleres-de-soplado\/\",\"url\":\"https:\/\/turismo.ayto-nuevobaztan.es\/es\/noticias\/nuevo-baztan-recupera-su-tradicion-vidriera-con-un-ciclo-de-talleres-de-soplado\/\",\"name\":\"Nuevo Bazt\u00e1n recupera su tradici\u00f3n vidriera con un ciclo de talleres de soplado\",\"isPartOf\":{\"@id\":\"https:\/\/turismo.ayto-nuevobaztan.es\/es\/#website\"},\"primaryImageOfPage\":{\"@id\":\"https:\/\/turismo.ayto-nuevobaztan.es\/es\/noticias\/nuevo-baztan-recupera-su-tradicion-vidriera-con-un-ciclo-de-talleres-de-soplado\/#primaryimage\"},\"image\":{\"@id\":\"https:\/\/turismo.ayto-nuevobaztan.es\/es\/noticias\/nuevo-baztan-recupera-su-tradicion-vidriera-con-un-ciclo-de-talleres-de-soplado\/#primaryimage\"},\"thumbnailUrl\":\"https:\/\/turismo.ayto-nuevobaztan.es\/wp-content\/uploads\/2026\/05\/taller-vidrio-soplado-2026.jpg\",\"datePublished\":\"2026-05-29T05:30:44+00:00\",\"description\":\"El Centro de Interpretaci\u00f3n organiza actividades impartidas por maestros de la Real F\u00e1brica de Cristales de La Granja\",\"breadcrumb\":{\"@id\":\"https:\/\/turismo.ayto-nuevobaztan.es\/es\/noticias\/nuevo-baztan-recupera-su-tradicion-vidriera-con-un-ciclo-de-talleres-de-soplado\/#breadcrumb\"},\"inLanguage\":\"es\",\"potentialAction\":[{\"@type\":\"ReadAction\",\"target\":[\"https:\/\/turismo.ayto-nuevobaztan.es\/es\/noticias\/nuevo-baztan-recupera-su-tradicion-vidriera-con-un-ciclo-de-talleres-de-soplado\/\"]}]},{\"@type\":\"ImageObject\",\"inLanguage\":\"es\",\"@id\":\"https:\/\/turismo.ayto-nuevobaztan.es\/es\/noticias\/nuevo-baztan-recupera-su-tradicion-vidriera-con-un-ciclo-de-talleres-de-soplado\/#primaryimage\",\"url\":\"https:\/\/turismo.ayto-nuevobaztan.es\/wp-content\/uploads\/2026\/05\/taller-vidrio-soplado-2026.jpg\",\"contentUrl\":\"https:\/\/turismo.ayto-nuevobaztan.es\/wp-content\/uploads\/2026\/05\/taller-vidrio-soplado-2026.jpg\",\"width\":1200,\"height\":800,\"caption\":\"vidrio soplado, cristal, fabricaci\u00f3n vidrio\"},{\"@type\":\"BreadcrumbList\",\"@id\":\"https:\/\/turismo.ayto-nuevobaztan.es\/es\/noticias\/nuevo-baztan-recupera-su-tradicion-vidriera-con-un-ciclo-de-talleres-de-soplado\/#breadcrumb\",\"itemListElement\":[{\"@type\":\"ListItem\",\"position\":1,\"name\":\"Inicio\",\"item\":\"https:\/\/turismo.ayto-nuevobaztan.es\/es\/\"},{\"@type\":\"ListItem\",\"position\":2,\"name\":\"Nuevo Bazt\u00e1n recupera su tradici\u00f3n vidriera con un ciclo de talleres de soplado\"}]},{\"@type\":\"WebSite\",\"@id\":\"https:\/\/turismo.ayto-nuevobaztan.es\/es\/#website\",\"url\":\"https:\/\/turismo.ayto-nuevobaztan.es\/es\/\",\"name\":\"Turismo Nuevo Bazt\u00e1n\",\"description\":\"\",\"publisher\":{\"@id\":\"https:\/\/turismo.ayto-nuevobaztan.es\/es\/#organization\"},\"potentialAction\":[{\"@type\":\"SearchAction\",\"target\":{\"@type\":\"EntryPoint\",\"urlTemplate\":\"https:\/\/turismo.ayto-nuevobaztan.es\/es\/?s={search_term_string}\"},\"query-input\":{\"@type\":\"PropertyValueSpecification\",\"valueRequired\":true,\"valueName\":\"search_term_string\"}}],\"inLanguage\":\"es\"},{\"@type\":\"Organization\",\"@id\":\"https:\/\/turismo.ayto-nuevobaztan.es\/es\/#organization\",\"name\":\"Turismo Nuevo Bazt\u00e1n\",\"url\":\"https:\/\/turismo.ayto-nuevobaztan.es\/es\/\",\"logo\":{\"@type\":\"ImageObject\",\"inLanguage\":\"es\",\"@id\":\"https:\/\/turismo.ayto-nuevobaztan.es\/es\/#\/schema\/logo\/image\/\",\"url\":\"https:\/\/turismo.ayto-nuevobaztan.es\/wp-content\/uploads\/2025\/12\/logo.png\",\"contentUrl\":\"https:\/\/turismo.ayto-nuevobaztan.es\/wp-content\/uploads\/2025\/12\/logo.png\",\"width\":1847,\"height\":1787,\"caption\":\"Turismo Nuevo Bazt\u00e1n\"},\"image\":{\"@id\":\"https:\/\/turismo.ayto-nuevobaztan.es\/es\/#\/schema\/logo\/image\/\"},\"sameAs\":[\"https:\/\/www.facebook.com\/turismonuevobaztan\/\",\"https:\/\/x.com\/TurismoNBaztan\"]},{\"@type\":\"Person\",\"@id\":\"https:\/\/turismo.ayto-nuevobaztan.es\/es\/#\/schema\/person\/e64d5f83a39bd3dada37f4f75e5569df\",\"name\":\"juanjog\",\"image\":{\"@type\":\"ImageObject\",\"inLanguage\":\"es\",\"@id\":\"https:\/\/secure.gravatar.com\/avatar\/aeef861b07271ad4a92db68a1c6115a397681d7d6cd43c21b002c17e98ebd354?s=96&d=mm&r=g\",\"url\":\"https:\/\/secure.gravatar.com\/avatar\/aeef861b07271ad4a92db68a1c6115a397681d7d6cd43c21b002c17e98ebd354?s=96&d=mm&r=g\",\"contentUrl\":\"https:\/\/secure.gravatar.com\/avatar\/aeef861b07271ad4a92db68a1c6115a397681d7d6cd43c21b002c17e98ebd354?s=96&d=mm&r=g\",\"caption\":\"juanjog\"},\"url\":\"#\"}]}<\/script>\n<!-- \/ Yoast SEO plugin. -->","yoast_head_json":{"title":"Nuevo Bazt\u00e1n recupera su tradici\u00f3n vidriera con un ciclo de talleres de soplado","description":"El Centro de Interpretaci\u00f3n organiza actividades impartidas por maestros de la Real F\u00e1brica de Cristales de La Granja","robots":{"index":"index","follow":"follow","max-snippet":"max-snippet:-1","max-image-preview":"max-image-preview:large","max-video-preview":"max-video-preview:-1"},"canonical":"https:\/\/turismo.ayto-nuevobaztan.es\/es\/noticias\/nuevo-baztan-recupera-su-tradicion-vidriera-con-un-ciclo-de-talleres-de-soplado\/","og_locale":"es_ES","og_type":"article","og_title":"Nuevo Bazt\u00e1n recupera su tradici\u00f3n vidriera con un ciclo de talleres de soplado","og_description":"El Centro de Interpretaci\u00f3n organiza actividades impartidas por maestros de la Real F\u00e1brica de Cristales de La Granja","og_url":"https:\/\/turismo.ayto-nuevobaztan.es\/es\/noticias\/nuevo-baztan-recupera-su-tradicion-vidriera-con-un-ciclo-de-talleres-de-soplado\/","og_site_name":"Turismo Nuevo Bazt\u00e1n","article_publisher":"https:\/\/www.facebook.com\/turismonuevobaztan\/","article_published_time":"2026-05-29T05:30:44+00:00","og_image":[{"width":1200,"height":800,"url":"https:\/\/turismo.ayto-nuevobaztan.es\/wp-content\/uploads\/2026\/05\/taller-vidrio-soplado-2026.jpg","type":"image\/jpeg"}],"author":"juanjog","twitter_card":"summary_large_image","twitter_creator":"@TurismoNBaztan","twitter_site":"@TurismoNBaztan","twitter_misc":{"Escrito por":"juanjog","Tiempo de lectura":"2 minutos"},"schema":{"@context":"https:\/\/schema.org","@graph":[{"@type":"Article","@id":"https:\/\/turismo.ayto-nuevobaztan.es\/es\/noticias\/nuevo-baztan-recupera-su-tradicion-vidriera-con-un-ciclo-de-talleres-de-soplado\/#article","isPartOf":{"@id":"https:\/\/turismo.ayto-nuevobaztan.es\/es\/noticias\/nuevo-baztan-recupera-su-tradicion-vidriera-con-un-ciclo-de-talleres-de-soplado\/"},"author":{"name":"juanjog","@id":"https:\/\/turismo.ayto-nuevobaztan.es\/es\/#\/schema\/person\/e64d5f83a39bd3dada37f4f75e5569df"},"headline":"Nuevo Bazt\u00e1n recupera su tradici\u00f3n vidriera con un ciclo de talleres de soplado","datePublished":"2026-05-29T05:30:44+00:00","mainEntityOfPage":{"@id":"https:\/\/turismo.ayto-nuevobaztan.es\/es\/noticias\/nuevo-baztan-recupera-su-tradicion-vidriera-con-un-ciclo-de-talleres-de-soplado\/"},"wordCount":313,"publisher":{"@id":"https:\/\/turismo.ayto-nuevobaztan.es\/es\/#organization"},"image":{"@id":"https:\/\/turismo.ayto-nuevobaztan.es\/es\/noticias\/nuevo-baztan-recupera-su-tradicion-vidriera-con-un-ciclo-de-talleres-de-soplado\/#primaryimage"},"thumbnailUrl":"https:\/\/turismo.ayto-nuevobaztan.es\/wp-content\/uploads\/2026\/05\/taller-vidrio-soplado-2026.jpg","articleSection":["actividades"],"inLanguage":"es"},{"@type":"WebPage","@id":"https:\/\/turismo.ayto-nuevobaztan.es\/es\/noticias\/nuevo-baztan-recupera-su-tradicion-vidriera-con-un-ciclo-de-talleres-de-soplado\/","url":"https:\/\/turismo.ayto-nuevobaztan.es\/es\/noticias\/nuevo-baztan-recupera-su-tradicion-vidriera-con-un-ciclo-de-talleres-de-soplado\/","name":"Nuevo Bazt\u00e1n recupera su tradici\u00f3n vidriera con un ciclo de talleres de soplado","isPartOf":{"@id":"https:\/\/turismo.ayto-nuevobaztan.es\/es\/#website"},"primaryImageOfPage":{"@id":"https:\/\/turismo.ayto-nuevobaztan.es\/es\/noticias\/nuevo-baztan-recupera-su-tradicion-vidriera-con-un-ciclo-de-talleres-de-soplado\/#primaryimage"},"image":{"@id":"https:\/\/turismo.ayto-nuevobaztan.es\/es\/noticias\/nuevo-baztan-recupera-su-tradicion-vidriera-con-un-ciclo-de-talleres-de-soplado\/#primaryimage"},"thumbnailUrl":"https:\/\/turismo.ayto-nuevobaztan.es\/wp-content\/uploads\/2026\/05\/taller-vidrio-soplado-2026.jpg","datePublished":"2026-05-29T05:30:44+00:00","description":"El Centro de Interpretaci\u00f3n organiza actividades impartidas por maestros de la Real F\u00e1brica de Cristales de La Granja","breadcrumb":{"@id":"https:\/\/turismo.ayto-nuevobaztan.es\/es\/noticias\/nuevo-baztan-recupera-su-tradicion-vidriera-con-un-ciclo-de-talleres-de-soplado\/#breadcrumb"},"inLanguage":"es","potentialAction":[{"@type":"ReadAction","target":["https:\/\/turismo.ayto-nuevobaztan.es\/es\/noticias\/nuevo-baztan-recupera-su-tradicion-vidriera-con-un-ciclo-de-talleres-de-soplado\/"]}]},{"@type":"ImageObject","inLanguage":"es","@id":"https:\/\/turismo.ayto-nuevobaztan.es\/es\/noticias\/nuevo-baztan-recupera-su-tradicion-vidriera-con-un-ciclo-de-talleres-de-soplado\/#primaryimage","url":"https:\/\/turismo.ayto-nuevobaztan.es\/wp-content\/uploads\/2026\/05\/taller-vidrio-soplado-2026.jpg","contentUrl":"https:\/\/turismo.ayto-nuevobaztan.es\/wp-content\/uploads\/2026\/05\/taller-vidrio-soplado-2026.jpg","width":1200,"height":800,"caption":"vidrio soplado, cristal, fabricaci\u00f3n vidrio"},{"@type":"BreadcrumbList","@id":"https:\/\/turismo.ayto-nuevobaztan.es\/es\/noticias\/nuevo-baztan-recupera-su-tradicion-vidriera-con-un-ciclo-de-talleres-de-soplado\/#breadcrumb","itemListElement":[{"@type":"ListItem","position":1,"name":"Inicio","item":"https:\/\/turismo.ayto-nuevobaztan.es\/es\/"},{"@type":"ListItem","position":2,"name":"Nuevo Bazt\u00e1n recupera su tradici\u00f3n vidriera con un ciclo de talleres de soplado"}]},{"@type":"WebSite","@id":"https:\/\/turismo.ayto-nuevobaztan.es\/es\/#website","url":"https:\/\/turismo.ayto-nuevobaztan.es\/es\/","name":"Turismo Nuevo Bazt\u00e1n","description":"","publisher":{"@id":"https:\/\/turismo.ayto-nuevobaztan.es\/es\/#organization"},"potentialAction":[{"@type":"SearchAction","target":{"@type":"EntryPoint","urlTemplate":"https:\/\/turismo.ayto-nuevobaztan.es\/es\/?s={search_term_string}"},"query-input":{"@type":"PropertyValueSpecification","valueRequired":true,"valueName":"search_term_string"}}],"inLanguage":"es"},{"@type":"Organization","@id":"https:\/\/turismo.ayto-nuevobaztan.es\/es\/#organization","name":"Turismo Nuevo Bazt\u00e1n","url":"https:\/\/turismo.ayto-nuevobaztan.es\/es\/","logo":{"@type":"ImageObject","inLanguage":"es","@id":"https:\/\/turismo.ayto-nuevobaztan.es\/es\/#\/schema\/logo\/image\/","url":"https:\/\/turismo.ayto-nuevobaztan.es\/wp-content\/uploads\/2025\/12\/logo.png","contentUrl":"https:\/\/turismo.ayto-nuevobaztan.es\/wp-content\/uploads\/2025\/12\/logo.png","width":1847,"height":1787,"caption":"Turismo Nuevo Bazt\u00e1n"},"image":{"@id":"https:\/\/turismo.ayto-nuevobaztan.es\/es\/#\/schema\/logo\/image\/"},"sameAs":["https:\/\/www.facebook.com\/turismonuevobaztan\/","https:\/\/x.com\/TurismoNBaztan"]},{"@type":"Person","@id":"https:\/\/turismo.ayto-nuevobaztan.es\/es\/#\/schema\/person\/e64d5f83a39bd3dada37f4f75e5569df","name":"juanjog","image":{"@type":"ImageObject","inLanguage":"es","@id":"https:\/\/secure.gravatar.com\/avatar\/aeef861b07271ad4a92db68a1c6115a397681d7d6cd43c21b002c17e98ebd354?s=96&d=mm&r=g","url":"https:\/\/secure.gravatar.com\/avatar\/aeef861b07271ad4a92db68a1c6115a397681d7d6cd43c21b002c17e98ebd354?s=96&d=mm&r=g","contentUrl":"https:\/\/secure.gravatar.com\/avatar\/aeef861b07271ad4a92db68a1c6115a397681d7d6cd43c21b002c17e98ebd354?s=96&d=mm&r=g","caption":"juanjog"},"url":"#"}]}},"_links":{"self":[{"href":"https:\/\/turismo.ayto-nuevobaztan.es\/es\/wp-json\/wp\/v2\/posts\/3930","targetHints":{"allow":["GET"]}}],"collection":[{"href":"https:\/\/turismo.ayto-nuevobaztan.es\/es\/wp-json\/wp\/v2\/posts"}],"about":[{"href":"https:\/\/turismo.ayto-nuevobaztan.es\/es\/wp-json\/wp\/v2\/types\/post"}],"author":[{"embeddable":true,"href":"https:\/\/turismo.ayto-nuevobaztan.es\/es\/wp-json\/wp\/v2\/users\/6"}],"replies":[{"embeddable":true,"href":"https:\/\/turismo.ayto-nuevobaztan.es\/es\/wp-json\/wp\/v2\/comments?post=3930"}],"version-history":[{"count":1,"href":"https:\/\/turismo.ayto-nuevobaztan.es\/es\/wp-json\/wp\/v2\/posts\/3930\/revisions"}],"predecessor-version":[{"id":3932,"href":"https:\/\/turismo.ayto-nuevobaztan.es\/es\/wp-json\/wp\/v2\/posts\/3930\/revisions\/3932"}],"wp:featuredmedia":[{"embeddable":true,"href":"https:\/\/turismo.ayto-nuevobaztan.es\/es\/wp-json\/wp\/v2\/media\/3931"}],"wp:attachment":[{"href":"https:\/\/turismo.ayto-nuevobaztan.es\/es\/wp-json\/wp\/v2\/media?parent=3930"}],"wp:term":[{"taxonomy":"category","embeddable":true,"href":"https:\/\/turismo.ayto-nuevobaztan.es\/es\/wp-json\/wp\/v2\/categories?post=3930"},{"taxonomy":"post_tag","embeddable":true,"href":"https:\/\/turismo.ayto-nuevobaztan.es\/es\/wp-json\/wp\/v2\/tags?post=3930"}],"curies":[{"name":"wp","href":"https:\/\/api.w.org\/{rel}","templated":true}]}}