{"id":3894,"date":"2026-05-13T06:41:31","date_gmt":"2026-05-13T06:41:31","guid":{"rendered":"https:\/\/turismo.ayto-nuevobaztan.es\/?p=3894"},"modified":"2026-05-13T06:41:51","modified_gmt":"2026-05-13T06:41:51","slug":"nuevo-baztan-celebra-el-dia-de-los-museos-con-musica-del-siglo-xviii","status":"publish","type":"post","link":"https:\/\/turismo.ayto-nuevobaztan.es\/es\/noticias\/nuevo-baztan-celebra-el-dia-de-los-museos-con-musica-del-siglo-xviii\/","title":{"rendered":"Nuevo Bazt\u00e1n celebra el D\u00eda de los Museos con m\u00fasica del siglo XVIII"},"content":{"rendered":"<p data-start=\"112\" data-end=\"296\">El Centro de Interpretaci\u00f3n de Nuevo Bazt\u00e1n celebrar\u00e1 el D\u00eda de los Museos con el concierto \u201cM\u00fasica para flauta y viol\u00edn en la Espa\u00f1a de la Ilustraci\u00f3n\u201d, a cargo del ensemble Effimera.<\/p>\n<p data-start=\"298\" data-end=\"460\">La actuaci\u00f3n tendr\u00e1 lugar el <strong>s\u00e1bado 16 de mayo de 2026, de 12:30 a 13:30 horas, en el Centro de Interpretaci\u00f3n<\/strong>, situado en la C\/ del Arco, 1. Actividad gratuita.<\/p>\n<p data-start=\"462\" data-end=\"752\">El programa ofrecer\u00e1 un recorrido por piezas instrumentales del siglo XVIII, con obras de compositores como Luis Mis\u00f3n, Francisco Manalt, Antonio Soler y Jos\u00e9 Pla. La interpretaci\u00f3n correr\u00e1 a cargo de Olga Castiblanque S\u00e1nchez, Cristina Ortiz D\u00edaz, Blanca Mart\u00edn Mu\u00f1oz y \u00c1lvaro Mota Medina.<\/p>\n<p data-start=\"754\" data-end=\"953\">Desde el Ayuntamiento se anima a vecinos, vecinas y visitantes a participar en esta propuesta cultural, que une m\u00fasica, historia y patrimonio en uno de los espacios m\u00e1s representativos del municipio.<\/p>\n","protected":false},"excerpt":{"rendered":"<p>El Centro de Interpretaci\u00f3n de Nuevo Bazt\u00e1n celebrar\u00e1 el D\u00eda de los Museos con el concierto \u201cM\u00fasica para flauta y viol\u00edn en la Espa\u00f1a de la Ilustraci\u00f3n\u201d, a cargo del ensemble Effimera. La actuaci\u00f3n tendr\u00e1 lugar el s\u00e1bado 16 de mayo de 2026, de 12:30 a 13:30 horas, en el Centro de Interpretaci\u00f3n, situado en&hellip;<\/p>\n","protected":false},"author":6,"featured_media":3895,"comment_status":"closed","ping_status":"closed","sticky":false,"template":"","format":"standard","meta":{"_acf_changed":false,"footnotes":""},"categories":[14],"tags":[],"class_list":["post-3894","post","type-post","status-publish","format-standard","has-post-thumbnail","hentry","category-actividades-nuevo-batzan"],"acf":[],"yoast_head":"<!-- This site is optimized with the Yoast SEO plugin v27.2 - https:\/\/yoast.com\/product\/yoast-seo-wordpress\/ -->\n<title>Nuevo Bazt\u00e1n celebra el D\u00eda de los Museos con m\u00fasica del siglo XVIII - Turismo Nuevo Bazt\u00e1n<\/title>\n<meta name=\"description\" content=\"La actuaci\u00f3n tendr\u00e1 lugar el s\u00e1bado 16 de mayo de 2026, de 12:30 a 13:30 horas, en el Centro de Interpretaci\u00f3n, situado en la C\/ del Arco, 1. Actividad gratuita.\" \/>\n<meta name=\"robots\" content=\"index, follow, max-snippet:-1, max-image-preview:large, max-video-preview:-1\" \/>\n<link rel=\"canonical\" href=\"https:\/\/turismo.ayto-nuevobaztan.es\/es\/noticias\/nuevo-baztan-celebra-el-dia-de-los-museos-con-musica-del-siglo-xviii\/\" \/>\n<meta property=\"og:locale\" content=\"es_ES\" \/>\n<meta property=\"og:type\" content=\"article\" \/>\n<meta property=\"og:title\" content=\"Nuevo Bazt\u00e1n celebra el D\u00eda de los Museos con m\u00fasica del siglo XVIII\" \/>\n<meta property=\"og:description\" content=\"La actuaci\u00f3n tendr\u00e1 lugar el s\u00e1bado 16 de mayo de 2026, de 12:30 a 13:30 horas, en el Centro de Interpretaci\u00f3n, situado en la C\/ del Arco, 1. Actividad gratuita.\" \/>\n<meta property=\"og:url\" content=\"https:\/\/turismo.ayto-nuevobaztan.es\/es\/noticias\/nuevo-baztan-celebra-el-dia-de-los-museos-con-musica-del-siglo-xviii\/\" \/>\n<meta property=\"og:site_name\" content=\"Turismo Nuevo Bazt\u00e1n\" \/>\n<meta property=\"article:publisher\" content=\"https:\/\/www.facebook.com\/turismonuevobaztan\/\" \/>\n<meta property=\"article:published_time\" content=\"2026-05-13T06:41:31+00:00\" \/>\n<meta property=\"article:modified_time\" content=\"2026-05-13T06:41:51+00:00\" \/>\n<meta property=\"og:image\" content=\"https:\/\/turismo.ayto-nuevobaztan.es\/wp-content\/uploads\/2026\/05\/concierto-effimera.jpg\" \/>\n\t<meta property=\"og:image:width\" content=\"1272\" \/>\n\t<meta property=\"og:image:height\" content=\"424\" \/>\n\t<meta property=\"og:image:type\" content=\"image\/jpeg\" \/>\n<meta name=\"author\" content=\"juanjog\" \/>\n<meta name=\"twitter:card\" content=\"summary_large_image\" \/>\n<meta name=\"twitter:creator\" content=\"@TurismoNBaztan\" \/>\n<meta name=\"twitter:site\" content=\"@TurismoNBaztan\" \/>\n<meta name=\"twitter:label1\" content=\"Escrito por\" \/>\n\t<meta name=\"twitter:data1\" content=\"juanjog\" \/>\n\t<meta name=\"twitter:label2\" content=\"Tiempo de lectura\" \/>\n\t<meta name=\"twitter:data2\" content=\"1 minuto\" \/>\n<script type=\"application\/ld+json\" class=\"yoast-schema-graph\">{\"@context\":\"https:\/\/schema.org\",\"@graph\":[{\"@type\":\"Article\",\"@id\":\"https:\/\/turismo.ayto-nuevobaztan.es\/es\/noticias\/nuevo-baztan-celebra-el-dia-de-los-museos-con-musica-del-siglo-xviii\/#article\",\"isPartOf\":{\"@id\":\"https:\/\/turismo.ayto-nuevobaztan.es\/es\/noticias\/nuevo-baztan-celebra-el-dia-de-los-museos-con-musica-del-siglo-xviii\/\"},\"author\":{\"name\":\"juanjog\",\"@id\":\"https:\/\/turismo.ayto-nuevobaztan.es\/es\/#\/schema\/person\/e64d5f83a39bd3dada37f4f75e5569df\"},\"headline\":\"Nuevo Bazt\u00e1n celebra el D\u00eda de los Museos con m\u00fasica del siglo XVIII\",\"datePublished\":\"2026-05-13T06:41:31+00:00\",\"dateModified\":\"2026-05-13T06:41:51+00:00\",\"mainEntityOfPage\":{\"@id\":\"https:\/\/turismo.ayto-nuevobaztan.es\/es\/noticias\/nuevo-baztan-celebra-el-dia-de-los-museos-con-musica-del-siglo-xviii\/\"},\"wordCount\":166,\"publisher\":{\"@id\":\"https:\/\/turismo.ayto-nuevobaztan.es\/es\/#organization\"},\"image\":{\"@id\":\"https:\/\/turismo.ayto-nuevobaztan.es\/es\/noticias\/nuevo-baztan-celebra-el-dia-de-los-museos-con-musica-del-siglo-xviii\/#primaryimage\"},\"thumbnailUrl\":\"https:\/\/turismo.ayto-nuevobaztan.es\/wp-content\/uploads\/2026\/05\/concierto-effimera.jpg\",\"articleSection\":[\"actividades\"],\"inLanguage\":\"es\"},{\"@type\":\"WebPage\",\"@id\":\"https:\/\/turismo.ayto-nuevobaztan.es\/es\/noticias\/nuevo-baztan-celebra-el-dia-de-los-museos-con-musica-del-siglo-xviii\/\",\"url\":\"https:\/\/turismo.ayto-nuevobaztan.es\/es\/noticias\/nuevo-baztan-celebra-el-dia-de-los-museos-con-musica-del-siglo-xviii\/\",\"name\":\"Nuevo Bazt\u00e1n celebra el D\u00eda de los Museos con m\u00fasica del siglo XVIII - Turismo Nuevo Bazt\u00e1n\",\"isPartOf\":{\"@id\":\"https:\/\/turismo.ayto-nuevobaztan.es\/es\/#website\"},\"primaryImageOfPage\":{\"@id\":\"https:\/\/turismo.ayto-nuevobaztan.es\/es\/noticias\/nuevo-baztan-celebra-el-dia-de-los-museos-con-musica-del-siglo-xviii\/#primaryimage\"},\"image\":{\"@id\":\"https:\/\/turismo.ayto-nuevobaztan.es\/es\/noticias\/nuevo-baztan-celebra-el-dia-de-los-museos-con-musica-del-siglo-xviii\/#primaryimage\"},\"thumbnailUrl\":\"https:\/\/turismo.ayto-nuevobaztan.es\/wp-content\/uploads\/2026\/05\/concierto-effimera.jpg\",\"datePublished\":\"2026-05-13T06:41:31+00:00\",\"dateModified\":\"2026-05-13T06:41:51+00:00\",\"description\":\"La actuaci\u00f3n tendr\u00e1 lugar el s\u00e1bado 16 de mayo de 2026, de 12:30 a 13:30 horas, en el Centro de Interpretaci\u00f3n, situado en la C\/ del Arco, 1. Actividad gratuita.\",\"breadcrumb\":{\"@id\":\"https:\/\/turismo.ayto-nuevobaztan.es\/es\/noticias\/nuevo-baztan-celebra-el-dia-de-los-museos-con-musica-del-siglo-xviii\/#breadcrumb\"},\"inLanguage\":\"es\",\"potentialAction\":[{\"@type\":\"ReadAction\",\"target\":[\"https:\/\/turismo.ayto-nuevobaztan.es\/es\/noticias\/nuevo-baztan-celebra-el-dia-de-los-museos-con-musica-del-siglo-xviii\/\"]}]},{\"@type\":\"ImageObject\",\"inLanguage\":\"es\",\"@id\":\"https:\/\/turismo.ayto-nuevobaztan.es\/es\/noticias\/nuevo-baztan-celebra-el-dia-de-los-museos-con-musica-del-siglo-xviii\/#primaryimage\",\"url\":\"https:\/\/turismo.ayto-nuevobaztan.es\/wp-content\/uploads\/2026\/05\/concierto-effimera.jpg\",\"contentUrl\":\"https:\/\/turismo.ayto-nuevobaztan.es\/wp-content\/uploads\/2026\/05\/concierto-effimera.jpg\",\"width\":1272,\"height\":424},{\"@type\":\"BreadcrumbList\",\"@id\":\"https:\/\/turismo.ayto-nuevobaztan.es\/es\/noticias\/nuevo-baztan-celebra-el-dia-de-los-museos-con-musica-del-siglo-xviii\/#breadcrumb\",\"itemListElement\":[{\"@type\":\"ListItem\",\"position\":1,\"name\":\"Inicio\",\"item\":\"https:\/\/turismo.ayto-nuevobaztan.es\/es\/\"},{\"@type\":\"ListItem\",\"position\":2,\"name\":\"Nuevo Bazt\u00e1n celebra el D\u00eda de los Museos con m\u00fasica del siglo XVIII\"}]},{\"@type\":\"WebSite\",\"@id\":\"https:\/\/turismo.ayto-nuevobaztan.es\/es\/#website\",\"url\":\"https:\/\/turismo.ayto-nuevobaztan.es\/es\/\",\"name\":\"Turismo Nuevo Bazt\u00e1n\",\"description\":\"\",\"publisher\":{\"@id\":\"https:\/\/turismo.ayto-nuevobaztan.es\/es\/#organization\"},\"potentialAction\":[{\"@type\":\"SearchAction\",\"target\":{\"@type\":\"EntryPoint\",\"urlTemplate\":\"https:\/\/turismo.ayto-nuevobaztan.es\/es\/?s={search_term_string}\"},\"query-input\":{\"@type\":\"PropertyValueSpecification\",\"valueRequired\":true,\"valueName\":\"search_term_string\"}}],\"inLanguage\":\"es\"},{\"@type\":\"Organization\",\"@id\":\"https:\/\/turismo.ayto-nuevobaztan.es\/es\/#organization\",\"name\":\"Turismo Nuevo Bazt\u00e1n\",\"url\":\"https:\/\/turismo.ayto-nuevobaztan.es\/es\/\",\"logo\":{\"@type\":\"ImageObject\",\"inLanguage\":\"es\",\"@id\":\"https:\/\/turismo.ayto-nuevobaztan.es\/es\/#\/schema\/logo\/image\/\",\"url\":\"https:\/\/turismo.ayto-nuevobaztan.es\/wp-content\/uploads\/2025\/12\/logo.png\",\"contentUrl\":\"https:\/\/turismo.ayto-nuevobaztan.es\/wp-content\/uploads\/2025\/12\/logo.png\",\"width\":1847,\"height\":1787,\"caption\":\"Turismo Nuevo Bazt\u00e1n\"},\"image\":{\"@id\":\"https:\/\/turismo.ayto-nuevobaztan.es\/es\/#\/schema\/logo\/image\/\"},\"sameAs\":[\"https:\/\/www.facebook.com\/turismonuevobaztan\/\",\"https:\/\/x.com\/TurismoNBaztan\"]},{\"@type\":\"Person\",\"@id\":\"https:\/\/turismo.ayto-nuevobaztan.es\/es\/#\/schema\/person\/e64d5f83a39bd3dada37f4f75e5569df\",\"name\":\"juanjog\",\"image\":{\"@type\":\"ImageObject\",\"inLanguage\":\"es\",\"@id\":\"https:\/\/secure.gravatar.com\/avatar\/aeef861b07271ad4a92db68a1c6115a397681d7d6cd43c21b002c17e98ebd354?s=96&d=mm&r=g\",\"url\":\"https:\/\/secure.gravatar.com\/avatar\/aeef861b07271ad4a92db68a1c6115a397681d7d6cd43c21b002c17e98ebd354?s=96&d=mm&r=g\",\"contentUrl\":\"https:\/\/secure.gravatar.com\/avatar\/aeef861b07271ad4a92db68a1c6115a397681d7d6cd43c21b002c17e98ebd354?s=96&d=mm&r=g\",\"caption\":\"juanjog\"},\"url\":\"#\"}]}<\/script>\n<!-- \/ Yoast SEO plugin. -->","yoast_head_json":{"title":"Nuevo Bazt\u00e1n celebra el D\u00eda de los Museos con m\u00fasica del siglo XVIII - Turismo Nuevo Bazt\u00e1n","description":"La actuaci\u00f3n tendr\u00e1 lugar el s\u00e1bado 16 de mayo de 2026, de 12:30 a 13:30 horas, en el Centro de Interpretaci\u00f3n, situado en la C\/ del Arco, 1. Actividad gratuita.","robots":{"index":"index","follow":"follow","max-snippet":"max-snippet:-1","max-image-preview":"max-image-preview:large","max-video-preview":"max-video-preview:-1"},"canonical":"https:\/\/turismo.ayto-nuevobaztan.es\/es\/noticias\/nuevo-baztan-celebra-el-dia-de-los-museos-con-musica-del-siglo-xviii\/","og_locale":"es_ES","og_type":"article","og_title":"Nuevo Bazt\u00e1n celebra el D\u00eda de los Museos con m\u00fasica del siglo XVIII","og_description":"La actuaci\u00f3n tendr\u00e1 lugar el s\u00e1bado 16 de mayo de 2026, de 12:30 a 13:30 horas, en el Centro de Interpretaci\u00f3n, situado en la C\/ del Arco, 1. Actividad gratuita.","og_url":"https:\/\/turismo.ayto-nuevobaztan.es\/es\/noticias\/nuevo-baztan-celebra-el-dia-de-los-museos-con-musica-del-siglo-xviii\/","og_site_name":"Turismo Nuevo Bazt\u00e1n","article_publisher":"https:\/\/www.facebook.com\/turismonuevobaztan\/","article_published_time":"2026-05-13T06:41:31+00:00","article_modified_time":"2026-05-13T06:41:51+00:00","og_image":[{"width":1272,"height":424,"url":"https:\/\/turismo.ayto-nuevobaztan.es\/wp-content\/uploads\/2026\/05\/concierto-effimera.jpg","type":"image\/jpeg"}],"author":"juanjog","twitter_card":"summary_large_image","twitter_creator":"@TurismoNBaztan","twitter_site":"@TurismoNBaztan","twitter_misc":{"Escrito por":"juanjog","Tiempo de lectura":"1 minuto"},"schema":{"@context":"https:\/\/schema.org","@graph":[{"@type":"Article","@id":"https:\/\/turismo.ayto-nuevobaztan.es\/es\/noticias\/nuevo-baztan-celebra-el-dia-de-los-museos-con-musica-del-siglo-xviii\/#article","isPartOf":{"@id":"https:\/\/turismo.ayto-nuevobaztan.es\/es\/noticias\/nuevo-baztan-celebra-el-dia-de-los-museos-con-musica-del-siglo-xviii\/"},"author":{"name":"juanjog","@id":"https:\/\/turismo.ayto-nuevobaztan.es\/es\/#\/schema\/person\/e64d5f83a39bd3dada37f4f75e5569df"},"headline":"Nuevo Bazt\u00e1n celebra el D\u00eda de los Museos con m\u00fasica del siglo XVIII","datePublished":"2026-05-13T06:41:31+00:00","dateModified":"2026-05-13T06:41:51+00:00","mainEntityOfPage":{"@id":"https:\/\/turismo.ayto-nuevobaztan.es\/es\/noticias\/nuevo-baztan-celebra-el-dia-de-los-museos-con-musica-del-siglo-xviii\/"},"wordCount":166,"publisher":{"@id":"https:\/\/turismo.ayto-nuevobaztan.es\/es\/#organization"},"image":{"@id":"https:\/\/turismo.ayto-nuevobaztan.es\/es\/noticias\/nuevo-baztan-celebra-el-dia-de-los-museos-con-musica-del-siglo-xviii\/#primaryimage"},"thumbnailUrl":"https:\/\/turismo.ayto-nuevobaztan.es\/wp-content\/uploads\/2026\/05\/concierto-effimera.jpg","articleSection":["actividades"],"inLanguage":"es"},{"@type":"WebPage","@id":"https:\/\/turismo.ayto-nuevobaztan.es\/es\/noticias\/nuevo-baztan-celebra-el-dia-de-los-museos-con-musica-del-siglo-xviii\/","url":"https:\/\/turismo.ayto-nuevobaztan.es\/es\/noticias\/nuevo-baztan-celebra-el-dia-de-los-museos-con-musica-del-siglo-xviii\/","name":"Nuevo Bazt\u00e1n celebra el D\u00eda de los Museos con m\u00fasica del siglo XVIII - Turismo Nuevo Bazt\u00e1n","isPartOf":{"@id":"https:\/\/turismo.ayto-nuevobaztan.es\/es\/#website"},"primaryImageOfPage":{"@id":"https:\/\/turismo.ayto-nuevobaztan.es\/es\/noticias\/nuevo-baztan-celebra-el-dia-de-los-museos-con-musica-del-siglo-xviii\/#primaryimage"},"image":{"@id":"https:\/\/turismo.ayto-nuevobaztan.es\/es\/noticias\/nuevo-baztan-celebra-el-dia-de-los-museos-con-musica-del-siglo-xviii\/#primaryimage"},"thumbnailUrl":"https:\/\/turismo.ayto-nuevobaztan.es\/wp-content\/uploads\/2026\/05\/concierto-effimera.jpg","datePublished":"2026-05-13T06:41:31+00:00","dateModified":"2026-05-13T06:41:51+00:00","description":"La actuaci\u00f3n tendr\u00e1 lugar el s\u00e1bado 16 de mayo de 2026, de 12:30 a 13:30 horas, en el Centro de Interpretaci\u00f3n, situado en la C\/ del Arco, 1. Actividad gratuita.","breadcrumb":{"@id":"https:\/\/turismo.ayto-nuevobaztan.es\/es\/noticias\/nuevo-baztan-celebra-el-dia-de-los-museos-con-musica-del-siglo-xviii\/#breadcrumb"},"inLanguage":"es","potentialAction":[{"@type":"ReadAction","target":["https:\/\/turismo.ayto-nuevobaztan.es\/es\/noticias\/nuevo-baztan-celebra-el-dia-de-los-museos-con-musica-del-siglo-xviii\/"]}]},{"@type":"ImageObject","inLanguage":"es","@id":"https:\/\/turismo.ayto-nuevobaztan.es\/es\/noticias\/nuevo-baztan-celebra-el-dia-de-los-museos-con-musica-del-siglo-xviii\/#primaryimage","url":"https:\/\/turismo.ayto-nuevobaztan.es\/wp-content\/uploads\/2026\/05\/concierto-effimera.jpg","contentUrl":"https:\/\/turismo.ayto-nuevobaztan.es\/wp-content\/uploads\/2026\/05\/concierto-effimera.jpg","width":1272,"height":424},{"@type":"BreadcrumbList","@id":"https:\/\/turismo.ayto-nuevobaztan.es\/es\/noticias\/nuevo-baztan-celebra-el-dia-de-los-museos-con-musica-del-siglo-xviii\/#breadcrumb","itemListElement":[{"@type":"ListItem","position":1,"name":"Inicio","item":"https:\/\/turismo.ayto-nuevobaztan.es\/es\/"},{"@type":"ListItem","position":2,"name":"Nuevo Bazt\u00e1n celebra el D\u00eda de los Museos con m\u00fasica del siglo XVIII"}]},{"@type":"WebSite","@id":"https:\/\/turismo.ayto-nuevobaztan.es\/es\/#website","url":"https:\/\/turismo.ayto-nuevobaztan.es\/es\/","name":"Turismo Nuevo Bazt\u00e1n","description":"","publisher":{"@id":"https:\/\/turismo.ayto-nuevobaztan.es\/es\/#organization"},"potentialAction":[{"@type":"SearchAction","target":{"@type":"EntryPoint","urlTemplate":"https:\/\/turismo.ayto-nuevobaztan.es\/es\/?s={search_term_string}"},"query-input":{"@type":"PropertyValueSpecification","valueRequired":true,"valueName":"search_term_string"}}],"inLanguage":"es"},{"@type":"Organization","@id":"https:\/\/turismo.ayto-nuevobaztan.es\/es\/#organization","name":"Turismo Nuevo Bazt\u00e1n","url":"https:\/\/turismo.ayto-nuevobaztan.es\/es\/","logo":{"@type":"ImageObject","inLanguage":"es","@id":"https:\/\/turismo.ayto-nuevobaztan.es\/es\/#\/schema\/logo\/image\/","url":"https:\/\/turismo.ayto-nuevobaztan.es\/wp-content\/uploads\/2025\/12\/logo.png","contentUrl":"https:\/\/turismo.ayto-nuevobaztan.es\/wp-content\/uploads\/2025\/12\/logo.png","width":1847,"height":1787,"caption":"Turismo Nuevo Bazt\u00e1n"},"image":{"@id":"https:\/\/turismo.ayto-nuevobaztan.es\/es\/#\/schema\/logo\/image\/"},"sameAs":["https:\/\/www.facebook.com\/turismonuevobaztan\/","https:\/\/x.com\/TurismoNBaztan"]},{"@type":"Person","@id":"https:\/\/turismo.ayto-nuevobaztan.es\/es\/#\/schema\/person\/e64d5f83a39bd3dada37f4f75e5569df","name":"juanjog","image":{"@type":"ImageObject","inLanguage":"es","@id":"https:\/\/secure.gravatar.com\/avatar\/aeef861b07271ad4a92db68a1c6115a397681d7d6cd43c21b002c17e98ebd354?s=96&d=mm&r=g","url":"https:\/\/secure.gravatar.com\/avatar\/aeef861b07271ad4a92db68a1c6115a397681d7d6cd43c21b002c17e98ebd354?s=96&d=mm&r=g","contentUrl":"https:\/\/secure.gravatar.com\/avatar\/aeef861b07271ad4a92db68a1c6115a397681d7d6cd43c21b002c17e98ebd354?s=96&d=mm&r=g","caption":"juanjog"},"url":"#"}]}},"_links":{"self":[{"href":"https:\/\/turismo.ayto-nuevobaztan.es\/es\/wp-json\/wp\/v2\/posts\/3894","targetHints":{"allow":["GET"]}}],"collection":[{"href":"https:\/\/turismo.ayto-nuevobaztan.es\/es\/wp-json\/wp\/v2\/posts"}],"about":[{"href":"https:\/\/turismo.ayto-nuevobaztan.es\/es\/wp-json\/wp\/v2\/types\/post"}],"author":[{"embeddable":true,"href":"https:\/\/turismo.ayto-nuevobaztan.es\/es\/wp-json\/wp\/v2\/users\/6"}],"replies":[{"embeddable":true,"href":"https:\/\/turismo.ayto-nuevobaztan.es\/es\/wp-json\/wp\/v2\/comments?post=3894"}],"version-history":[{"count":2,"href":"https:\/\/turismo.ayto-nuevobaztan.es\/es\/wp-json\/wp\/v2\/posts\/3894\/revisions"}],"predecessor-version":[{"id":3898,"href":"https:\/\/turismo.ayto-nuevobaztan.es\/es\/wp-json\/wp\/v2\/posts\/3894\/revisions\/3898"}],"wp:featuredmedia":[{"embeddable":true,"href":"https:\/\/turismo.ayto-nuevobaztan.es\/es\/wp-json\/wp\/v2\/media\/3895"}],"wp:attachment":[{"href":"https:\/\/turismo.ayto-nuevobaztan.es\/es\/wp-json\/wp\/v2\/media?parent=3894"}],"wp:term":[{"taxonomy":"category","embeddable":true,"href":"https:\/\/turismo.ayto-nuevobaztan.es\/es\/wp-json\/wp\/v2\/categories?post=3894"},{"taxonomy":"post_tag","embeddable":true,"href":"https:\/\/turismo.ayto-nuevobaztan.es\/es\/wp-json\/wp\/v2\/tags?post=3894"}],"curies":[{"name":"wp","href":"https:\/\/api.w.org\/{rel}","templated":true}]}}