{"id":3220,"date":"2026-01-21T11:54:35","date_gmt":"2026-01-21T10:54:35","guid":{"rendered":"https:\/\/turismo.ayto-nuevobaztan.es\/?p=2402"},"modified":"2026-01-21T11:54:35","modified_gmt":"2026-01-21T10:54:35","slug":"nuevo-baztan-impulsa-su-plan-de-embellecimiento-del-conjunto-historico","status":"publish","type":"post","link":"https:\/\/turismo.ayto-nuevobaztan.es\/es\/noticias\/nuevo-baztan-impulsa-su-plan-de-embellecimiento-del-conjunto-historico\/","title":{"rendered":"Nuevo Bazt\u00e1n impulsa su Plan de Embellecimiento del Conjunto Hist\u00f3rico"},"content":{"rendered":"<p><span data-contrast=\"none\">El Ayuntamiento de Nuevo Bazt\u00e1n contin\u00faa avanzando en la mejora est\u00e9tica y funcional del municipio a trav\u00e9s de su\u00a0<\/span><b><span data-contrast=\"none\">Plan de Embellecimiento<\/span><\/b><span data-contrast=\"none\">.\u00a0Durante las pr\u00f3ximas semanas, y siempre que las condiciones climatol\u00f3gicas sean favorables, se intensificar\u00e1n los trabajos en varios puntos estrat\u00e9gicos para mejorar la imagen de bienvenida al municipio y recuperar espacios de valor hist\u00f3rico y natural.<\/span><span data-ccp-props=\"{&quot;134233117&quot;:false,&quot;134233118&quot;:false,&quot;201341983&quot;:0,&quot;335551550&quot;:6,&quot;335551620&quot;:6,&quot;335557856&quot;:16777215,&quot;335559738&quot;:0,&quot;335559739&quot;:0,&quot;335559740&quot;:360}\">\u00a0<\/span><\/p>\n<p><span data-contrast=\"none\">Uno de los pilares de esta fase es la intervenci\u00f3n en el\u00a0<\/span><b><span data-contrast=\"none\">acceso norte<\/span><\/b><span data-contrast=\"none\">. Las obras se centran en el embellecimiento de esta entrada principal, buscando crear un entorno m\u00e1s cuidado y atractivo tanto para los vecinos como para los visitantes que acceden a la localidad.<\/span><span data-ccp-props=\"{&quot;134233117&quot;:false,&quot;134233118&quot;:false,&quot;201341983&quot;:0,&quot;335551550&quot;:6,&quot;335551620&quot;:6,&quot;335557856&quot;:16777215,&quot;335559738&quot;:0,&quot;335559739&quot;:0,&quot;335559740&quot;:360}\">\u00a0<\/span><\/p>\n<p><span data-contrast=\"none\">En el marco de estas actuaciones, destaca la rehabilitaci\u00f3n de la\u00a0<\/span><b><span data-contrast=\"none\">fuente p\u00fablica situada entre el Camino del Boleo y la Senda\u00a0Valmores<\/span><\/b><span data-contrast=\"none\">. Los trabajos no solo contemplan su restauraci\u00f3n est\u00e9tica, sino tambi\u00e9n su puesta en funcionamiento, recuperando as\u00ed un punto de encuentro emblem\u00e1tico para senderistas y ciudadanos que disfrutan de nuestro entorno natural.<\/span><span data-ccp-props=\"{&quot;134233117&quot;:false,&quot;134233118&quot;:false,&quot;201341983&quot;:0,&quot;335551550&quot;:6,&quot;335551620&quot;:6,&quot;335557856&quot;:16777215,&quot;335559738&quot;:0,&quot;335559739&quot;:0,&quot;335559740&quot;:360}\">\u00a0<\/span><\/p>\n<p><span data-contrast=\"none\">La modernizaci\u00f3n tambi\u00e9n llega a la gesti\u00f3n de los recursos h\u00eddricos. En el entorno del\u00a0<\/span><b><span data-contrast=\"none\">\u00e1rea de autocaravanas<\/span><\/b><span data-contrast=\"none\">, se est\u00e1 procediendo a la instalaci\u00f3n de un\u00a0<\/span><b><span data-contrast=\"none\">sistema de riego inteligente,\u00a0<\/span><\/b><span data-contrast=\"none\">esta mejora tecnol\u00f3gica permitir\u00e1 una gesti\u00f3n mucho m\u00e1s eficiente del agua, asegurando el mantenimiento \u00f3ptimo de la zona.<\/span><span data-ccp-props=\"{&quot;134233117&quot;:false,&quot;134233118&quot;:false,&quot;201341983&quot;:0,&quot;335551550&quot;:6,&quot;335551620&quot;:6,&quot;335557856&quot;:16777215,&quot;335559738&quot;:0,&quot;335559739&quot;:0,&quot;335559740&quot;:360}\">\u00a0<\/span><\/p>\n<p><span data-contrast=\"none\">Tambi\u00e9n se instalar\u00e1 m\u00e1s mobiliario urbano reciclado y una fuente de agua para animales dom\u00e9sticos y visitantes.<\/span><span data-ccp-props=\"{&quot;134233117&quot;:false,&quot;134233118&quot;:false,&quot;201341983&quot;:0,&quot;335551550&quot;:6,&quot;335551620&quot;:6,&quot;335557856&quot;:16777215,&quot;335559738&quot;:0,&quot;335559739&quot;:0,&quot;335559740&quot;:360}\">\u00a0<\/span><\/p>\n<p><span data-contrast=\"none\">Adem\u00e1s, se acompa\u00f1ar\u00e1 de una\u00a0<\/span><b><span data-contrast=\"none\">replantaci\u00f3n de especies aut\u00f3ctonas<\/span><\/b><span data-contrast=\"none\">, reforzando la biodiversidad local y garantizando que el paisaje se mantenga integrado con el ecosistema de la zona.<\/span><span data-ccp-props=\"{&quot;134233117&quot;:false,&quot;134233118&quot;:false,&quot;201341983&quot;:0,&quot;335551550&quot;:6,&quot;335551620&quot;:6,&quot;335557856&quot;:16777215,&quot;335559738&quot;:0,&quot;335559739&quot;:0,&quot;335559740&quot;:360}\">\u00a0<\/span><\/p>\n<p>&nbsp;<\/p>\n\n\t\t<style>\n\t\t\t#gallery-1 {\n\t\t\t\tmargin: auto;\n\t\t\t}\n\t\t\t#gallery-1 .gallery-item {\n\t\t\t\tfloat: left;\n\t\t\t\tmargin-top: 10px;\n\t\t\t\ttext-align: center;\n\t\t\t\twidth: 33%;\n\t\t\t}\n\t\t\t#gallery-1 img {\n\t\t\t\tborder: 2px solid #cfcfcf;\n\t\t\t}\n\t\t\t#gallery-1 .gallery-caption {\n\t\t\t\tmargin-left: 0;\n\t\t\t}\n\t\t\t\/* see gallery_shortcode() in wp-includes\/media.php *\/\n\t\t<\/style>\n\t\t<div id='gallery-1' class='gallery galleryid-3220 gallery-columns-3 gallery-size-thumbnail'><dl class='gallery-item'>\n\t\t\t<dt class='gallery-icon landscape'>\n\t\t\t\t<a href='https:\/\/turismo.ayto-nuevobaztan.es\/es\/que-hacer-en-nuevo-baztan\/turismo-cultural\/attachment\/centro-de-interpretacion\/'><img loading=\"lazy\" decoding=\"async\" width=\"150\" height=\"100\" src=\"https:\/\/turismo.ayto-nuevobaztan.es\/wp-content\/uploads\/2026\/01\/Centro-de-Interpretacion.jpg\" class=\"attachment-thumbnail size-thumbnail\" alt=\"\" srcset=\"https:\/\/turismo.ayto-nuevobaztan.es\/wp-content\/uploads\/2026\/01\/Centro-de-Interpretacion.jpg 1600w, https:\/\/turismo.ayto-nuevobaztan.es\/wp-content\/uploads\/2026\/01\/Centro-de-Interpretacion-600x401.jpg 600w\" sizes=\"auto, (max-width: 150px) 100vw, 150px\" \/><\/a>\n\t\t\t<\/dt><\/dl>\n\t\t\t<br style='clear: both' \/>\n\t\t<\/div>\n\n","protected":false},"excerpt":{"rendered":"<p>El Ayuntamiento de Nuevo Bazt\u00e1n contin\u00faa avanzando en la mejora est\u00e9tica y funcional del municipio a trav\u00e9s de su\u00a0Plan de Embellecimiento.\u00a0Durante las pr\u00f3ximas semanas, y siempre que las condiciones climatol\u00f3gicas sean favorables, se intensificar\u00e1n los trabajos en varios puntos estrat\u00e9gicos para mejorar la imagen de bienvenida al municipio y recuperar espacios de valor hist\u00f3rico y&hellip;<\/p>\n","protected":false},"author":2,"featured_media":3221,"comment_status":"closed","ping_status":"closed","sticky":false,"template":"","format":"standard","meta":{"_acf_changed":false,"footnotes":""},"categories":[14],"tags":[],"class_list":["post-3220","post","type-post","status-publish","format-standard","has-post-thumbnail","hentry","category-actividades-nuevo-batzan"],"acf":[],"yoast_head":"<!-- This site is optimized with the Yoast SEO plugin v27.2 - https:\/\/yoast.com\/product\/yoast-seo-wordpress\/ -->\n<title>Nuevo Bazt\u00e1n impulsa su Plan de Embellecimiento del Conjunto Hist\u00f3rico - Turismo Nuevo Bazt\u00e1n<\/title>\n<meta name=\"description\" content=\"Actuaciones muy importantes en el acceso norte y sus zonas verdes cercanas a la calle Boleo\" \/>\n<meta name=\"robots\" content=\"index, follow, max-snippet:-1, max-image-preview:large, max-video-preview:-1\" \/>\n<link rel=\"canonical\" href=\"https:\/\/turismo.ayto-nuevobaztan.es\/es\/noticias\/nuevo-baztan-impulsa-su-plan-de-embellecimiento-del-conjunto-historico\/\" \/>\n<meta property=\"og:locale\" content=\"es_ES\" \/>\n<meta property=\"og:type\" content=\"article\" \/>\n<meta property=\"og:title\" content=\"Nuevo Bazt\u00e1n impulsa su Plan de Embellecimiento del Conjunto Hist\u00f3rico.\" \/>\n<meta property=\"og:description\" content=\"Actuaciones muy importantes en el acceso norte y sus zonas verdes cercanas a la calle Boleo\" \/>\n<meta property=\"og:url\" content=\"https:\/\/turismo.ayto-nuevobaztan.es\/es\/noticias\/nuevo-baztan-impulsa-su-plan-de-embellecimiento-del-conjunto-historico\/\" \/>\n<meta property=\"og:site_name\" content=\"Turismo Nuevo Bazt\u00e1n\" \/>\n<meta property=\"article:publisher\" content=\"https:\/\/www.facebook.com\/turismonuevobaztan\/\" \/>\n<meta property=\"article:published_time\" content=\"2026-01-21T10:54:35+00:00\" \/>\n<meta property=\"og:image\" content=\"https:\/\/turismo.ayto-nuevobaztan.es\/wp-content\/uploads\/2026\/01\/Centro-de-Interpretacion.jpg\" \/>\n\t<meta property=\"og:image:width\" content=\"1600\" \/>\n\t<meta property=\"og:image:height\" content=\"1068\" \/>\n\t<meta property=\"og:image:type\" content=\"image\/jpeg\" \/>\n<meta name=\"author\" content=\"Turismo Nuevo Bazt\u00e1n\" \/>\n<meta name=\"twitter:card\" content=\"summary_large_image\" \/>\n<meta name=\"twitter:creator\" content=\"@TurismoNBaztan\" \/>\n<meta name=\"twitter:site\" content=\"@TurismoNBaztan\" \/>\n<meta name=\"twitter:label1\" content=\"Escrito por\" \/>\n\t<meta name=\"twitter:data1\" content=\"Turismo Nuevo Bazt\u00e1n\" \/>\n\t<meta name=\"twitter:label2\" content=\"Tiempo de lectura\" \/>\n\t<meta name=\"twitter:data2\" content=\"2 minutos\" \/>\n<script type=\"application\/ld+json\" class=\"yoast-schema-graph\">{\"@context\":\"https:\/\/schema.org\",\"@graph\":[{\"@type\":\"Article\",\"@id\":\"https:\/\/turismo.ayto-nuevobaztan.es\/es\/noticias\/nuevo-baztan-impulsa-su-plan-de-embellecimiento-del-conjunto-historico\/#article\",\"isPartOf\":{\"@id\":\"https:\/\/turismo.ayto-nuevobaztan.es\/es\/noticias\/nuevo-baztan-impulsa-su-plan-de-embellecimiento-del-conjunto-historico\/\"},\"author\":{\"name\":\"Turismo Nuevo Bazt\u00e1n\",\"@id\":\"https:\/\/turismo.ayto-nuevobaztan.es\/es\/#\/schema\/person\/bc781c848e33ae71437002fa79b5c3df\"},\"headline\":\"Nuevo Bazt\u00e1n impulsa su Plan de Embellecimiento del Conjunto Hist\u00f3rico\",\"datePublished\":\"2026-01-21T10:54:35+00:00\",\"mainEntityOfPage\":{\"@id\":\"https:\/\/turismo.ayto-nuevobaztan.es\/es\/noticias\/nuevo-baztan-impulsa-su-plan-de-embellecimiento-del-conjunto-historico\/\"},\"wordCount\":297,\"publisher\":{\"@id\":\"https:\/\/turismo.ayto-nuevobaztan.es\/es\/#organization\"},\"image\":{\"@id\":\"https:\/\/turismo.ayto-nuevobaztan.es\/es\/noticias\/nuevo-baztan-impulsa-su-plan-de-embellecimiento-del-conjunto-historico\/#primaryimage\"},\"thumbnailUrl\":\"https:\/\/turismo.ayto-nuevobaztan.es\/wp-content\/uploads\/2026\/01\/plan-embellecimiento-1.jpg\",\"articleSection\":[\"actividades\"],\"inLanguage\":\"es\"},{\"@type\":\"WebPage\",\"@id\":\"https:\/\/turismo.ayto-nuevobaztan.es\/es\/noticias\/nuevo-baztan-impulsa-su-plan-de-embellecimiento-del-conjunto-historico\/\",\"url\":\"https:\/\/turismo.ayto-nuevobaztan.es\/es\/noticias\/nuevo-baztan-impulsa-su-plan-de-embellecimiento-del-conjunto-historico\/\",\"name\":\"Nuevo Bazt\u00e1n impulsa su Plan de Embellecimiento del Conjunto Hist\u00f3rico - Turismo Nuevo Bazt\u00e1n\",\"isPartOf\":{\"@id\":\"https:\/\/turismo.ayto-nuevobaztan.es\/es\/#website\"},\"primaryImageOfPage\":{\"@id\":\"https:\/\/turismo.ayto-nuevobaztan.es\/es\/noticias\/nuevo-baztan-impulsa-su-plan-de-embellecimiento-del-conjunto-historico\/#primaryimage\"},\"image\":{\"@id\":\"https:\/\/turismo.ayto-nuevobaztan.es\/es\/noticias\/nuevo-baztan-impulsa-su-plan-de-embellecimiento-del-conjunto-historico\/#primaryimage\"},\"thumbnailUrl\":\"https:\/\/turismo.ayto-nuevobaztan.es\/wp-content\/uploads\/2026\/01\/plan-embellecimiento-1.jpg\",\"datePublished\":\"2026-01-21T10:54:35+00:00\",\"description\":\"Actuaciones muy importantes en el acceso norte y sus zonas verdes cercanas a la calle Boleo\",\"breadcrumb\":{\"@id\":\"https:\/\/turismo.ayto-nuevobaztan.es\/es\/noticias\/nuevo-baztan-impulsa-su-plan-de-embellecimiento-del-conjunto-historico\/#breadcrumb\"},\"inLanguage\":\"es\",\"potentialAction\":[{\"@type\":\"ReadAction\",\"target\":[\"https:\/\/turismo.ayto-nuevobaztan.es\/es\/noticias\/nuevo-baztan-impulsa-su-plan-de-embellecimiento-del-conjunto-historico\/\"]}]},{\"@type\":\"ImageObject\",\"inLanguage\":\"es\",\"@id\":\"https:\/\/turismo.ayto-nuevobaztan.es\/es\/noticias\/nuevo-baztan-impulsa-su-plan-de-embellecimiento-del-conjunto-historico\/#primaryimage\",\"url\":\"https:\/\/turismo.ayto-nuevobaztan.es\/wp-content\/uploads\/2026\/01\/plan-embellecimiento-1.jpg\",\"contentUrl\":\"https:\/\/turismo.ayto-nuevobaztan.es\/wp-content\/uploads\/2026\/01\/plan-embellecimiento-1.jpg\",\"width\":900,\"height\":1200},{\"@type\":\"BreadcrumbList\",\"@id\":\"https:\/\/turismo.ayto-nuevobaztan.es\/es\/noticias\/nuevo-baztan-impulsa-su-plan-de-embellecimiento-del-conjunto-historico\/#breadcrumb\",\"itemListElement\":[{\"@type\":\"ListItem\",\"position\":1,\"name\":\"Inicio\",\"item\":\"https:\/\/turismo.ayto-nuevobaztan.es\/es\/\"},{\"@type\":\"ListItem\",\"position\":2,\"name\":\"Nuevo Bazt\u00e1n impulsa su Plan de Embellecimiento del Conjunto Hist\u00f3rico\"}]},{\"@type\":\"WebSite\",\"@id\":\"https:\/\/turismo.ayto-nuevobaztan.es\/es\/#website\",\"url\":\"https:\/\/turismo.ayto-nuevobaztan.es\/es\/\",\"name\":\"Turismo Nuevo Bazt\u00e1n\",\"description\":\"\",\"publisher\":{\"@id\":\"https:\/\/turismo.ayto-nuevobaztan.es\/es\/#organization\"},\"potentialAction\":[{\"@type\":\"SearchAction\",\"target\":{\"@type\":\"EntryPoint\",\"urlTemplate\":\"https:\/\/turismo.ayto-nuevobaztan.es\/es\/?s={search_term_string}\"},\"query-input\":{\"@type\":\"PropertyValueSpecification\",\"valueRequired\":true,\"valueName\":\"search_term_string\"}}],\"inLanguage\":\"es\"},{\"@type\":\"Organization\",\"@id\":\"https:\/\/turismo.ayto-nuevobaztan.es\/es\/#organization\",\"name\":\"Turismo Nuevo Bazt\u00e1n\",\"url\":\"https:\/\/turismo.ayto-nuevobaztan.es\/es\/\",\"logo\":{\"@type\":\"ImageObject\",\"inLanguage\":\"es\",\"@id\":\"https:\/\/turismo.ayto-nuevobaztan.es\/es\/#\/schema\/logo\/image\/\",\"url\":\"https:\/\/turismo.ayto-nuevobaztan.es\/wp-content\/uploads\/2025\/12\/logo.png\",\"contentUrl\":\"https:\/\/turismo.ayto-nuevobaztan.es\/wp-content\/uploads\/2025\/12\/logo.png\",\"width\":1847,\"height\":1787,\"caption\":\"Turismo Nuevo Bazt\u00e1n\"},\"image\":{\"@id\":\"https:\/\/turismo.ayto-nuevobaztan.es\/es\/#\/schema\/logo\/image\/\"},\"sameAs\":[\"https:\/\/www.facebook.com\/turismonuevobaztan\/\",\"https:\/\/x.com\/TurismoNBaztan\"]},{\"@type\":\"Person\",\"@id\":\"https:\/\/turismo.ayto-nuevobaztan.es\/es\/#\/schema\/person\/bc781c848e33ae71437002fa79b5c3df\",\"name\":\"Turismo Nuevo Bazt\u00e1n\",\"image\":{\"@type\":\"ImageObject\",\"inLanguage\":\"es\",\"@id\":\"https:\/\/secure.gravatar.com\/avatar\/c34f0d8aae58e8accb5d24f13ebda51911caa6f3106f7c0db25bd0888b071620?s=96&d=mm&r=g\",\"url\":\"https:\/\/secure.gravatar.com\/avatar\/c34f0d8aae58e8accb5d24f13ebda51911caa6f3106f7c0db25bd0888b071620?s=96&d=mm&r=g\",\"contentUrl\":\"https:\/\/secure.gravatar.com\/avatar\/c34f0d8aae58e8accb5d24f13ebda51911caa6f3106f7c0db25bd0888b071620?s=96&d=mm&r=g\",\"caption\":\"Turismo Nuevo Bazt\u00e1n\"},\"url\":\"#\"}]}<\/script>\n<!-- \/ Yoast SEO plugin. -->","yoast_head_json":{"title":"Nuevo Bazt\u00e1n impulsa su Plan de Embellecimiento del Conjunto Hist\u00f3rico - Turismo Nuevo Bazt\u00e1n","description":"Actuaciones muy importantes en el acceso norte y sus zonas verdes cercanas a la calle Boleo","robots":{"index":"index","follow":"follow","max-snippet":"max-snippet:-1","max-image-preview":"max-image-preview:large","max-video-preview":"max-video-preview:-1"},"canonical":"https:\/\/turismo.ayto-nuevobaztan.es\/es\/noticias\/nuevo-baztan-impulsa-su-plan-de-embellecimiento-del-conjunto-historico\/","og_locale":"es_ES","og_type":"article","og_title":"Nuevo Bazt\u00e1n impulsa su Plan de Embellecimiento del Conjunto Hist\u00f3rico.","og_description":"Actuaciones muy importantes en el acceso norte y sus zonas verdes cercanas a la calle Boleo","og_url":"https:\/\/turismo.ayto-nuevobaztan.es\/es\/noticias\/nuevo-baztan-impulsa-su-plan-de-embellecimiento-del-conjunto-historico\/","og_site_name":"Turismo Nuevo Bazt\u00e1n","article_publisher":"https:\/\/www.facebook.com\/turismonuevobaztan\/","article_published_time":"2026-01-21T10:54:35+00:00","og_image":[{"width":1600,"height":1068,"url":"https:\/\/turismo.ayto-nuevobaztan.es\/wp-content\/uploads\/2026\/01\/Centro-de-Interpretacion.jpg","type":"image\/jpeg"}],"author":"Turismo Nuevo Bazt\u00e1n","twitter_card":"summary_large_image","twitter_creator":"@TurismoNBaztan","twitter_site":"@TurismoNBaztan","twitter_misc":{"Escrito por":"Turismo Nuevo Bazt\u00e1n","Tiempo de lectura":"2 minutos"},"schema":{"@context":"https:\/\/schema.org","@graph":[{"@type":"Article","@id":"https:\/\/turismo.ayto-nuevobaztan.es\/es\/noticias\/nuevo-baztan-impulsa-su-plan-de-embellecimiento-del-conjunto-historico\/#article","isPartOf":{"@id":"https:\/\/turismo.ayto-nuevobaztan.es\/es\/noticias\/nuevo-baztan-impulsa-su-plan-de-embellecimiento-del-conjunto-historico\/"},"author":{"name":"Turismo Nuevo Bazt\u00e1n","@id":"https:\/\/turismo.ayto-nuevobaztan.es\/es\/#\/schema\/person\/bc781c848e33ae71437002fa79b5c3df"},"headline":"Nuevo Bazt\u00e1n impulsa su Plan de Embellecimiento del Conjunto Hist\u00f3rico","datePublished":"2026-01-21T10:54:35+00:00","mainEntityOfPage":{"@id":"https:\/\/turismo.ayto-nuevobaztan.es\/es\/noticias\/nuevo-baztan-impulsa-su-plan-de-embellecimiento-del-conjunto-historico\/"},"wordCount":297,"publisher":{"@id":"https:\/\/turismo.ayto-nuevobaztan.es\/es\/#organization"},"image":{"@id":"https:\/\/turismo.ayto-nuevobaztan.es\/es\/noticias\/nuevo-baztan-impulsa-su-plan-de-embellecimiento-del-conjunto-historico\/#primaryimage"},"thumbnailUrl":"https:\/\/turismo.ayto-nuevobaztan.es\/wp-content\/uploads\/2026\/01\/plan-embellecimiento-1.jpg","articleSection":["actividades"],"inLanguage":"es"},{"@type":"WebPage","@id":"https:\/\/turismo.ayto-nuevobaztan.es\/es\/noticias\/nuevo-baztan-impulsa-su-plan-de-embellecimiento-del-conjunto-historico\/","url":"https:\/\/turismo.ayto-nuevobaztan.es\/es\/noticias\/nuevo-baztan-impulsa-su-plan-de-embellecimiento-del-conjunto-historico\/","name":"Nuevo Bazt\u00e1n impulsa su Plan de Embellecimiento del Conjunto Hist\u00f3rico - Turismo Nuevo Bazt\u00e1n","isPartOf":{"@id":"https:\/\/turismo.ayto-nuevobaztan.es\/es\/#website"},"primaryImageOfPage":{"@id":"https:\/\/turismo.ayto-nuevobaztan.es\/es\/noticias\/nuevo-baztan-impulsa-su-plan-de-embellecimiento-del-conjunto-historico\/#primaryimage"},"image":{"@id":"https:\/\/turismo.ayto-nuevobaztan.es\/es\/noticias\/nuevo-baztan-impulsa-su-plan-de-embellecimiento-del-conjunto-historico\/#primaryimage"},"thumbnailUrl":"https:\/\/turismo.ayto-nuevobaztan.es\/wp-content\/uploads\/2026\/01\/plan-embellecimiento-1.jpg","datePublished":"2026-01-21T10:54:35+00:00","description":"Actuaciones muy importantes en el acceso norte y sus zonas verdes cercanas a la calle Boleo","breadcrumb":{"@id":"https:\/\/turismo.ayto-nuevobaztan.es\/es\/noticias\/nuevo-baztan-impulsa-su-plan-de-embellecimiento-del-conjunto-historico\/#breadcrumb"},"inLanguage":"es","potentialAction":[{"@type":"ReadAction","target":["https:\/\/turismo.ayto-nuevobaztan.es\/es\/noticias\/nuevo-baztan-impulsa-su-plan-de-embellecimiento-del-conjunto-historico\/"]}]},{"@type":"ImageObject","inLanguage":"es","@id":"https:\/\/turismo.ayto-nuevobaztan.es\/es\/noticias\/nuevo-baztan-impulsa-su-plan-de-embellecimiento-del-conjunto-historico\/#primaryimage","url":"https:\/\/turismo.ayto-nuevobaztan.es\/wp-content\/uploads\/2026\/01\/plan-embellecimiento-1.jpg","contentUrl":"https:\/\/turismo.ayto-nuevobaztan.es\/wp-content\/uploads\/2026\/01\/plan-embellecimiento-1.jpg","width":900,"height":1200},{"@type":"BreadcrumbList","@id":"https:\/\/turismo.ayto-nuevobaztan.es\/es\/noticias\/nuevo-baztan-impulsa-su-plan-de-embellecimiento-del-conjunto-historico\/#breadcrumb","itemListElement":[{"@type":"ListItem","position":1,"name":"Inicio","item":"https:\/\/turismo.ayto-nuevobaztan.es\/es\/"},{"@type":"ListItem","position":2,"name":"Nuevo Bazt\u00e1n impulsa su Plan de Embellecimiento del Conjunto Hist\u00f3rico"}]},{"@type":"WebSite","@id":"https:\/\/turismo.ayto-nuevobaztan.es\/es\/#website","url":"https:\/\/turismo.ayto-nuevobaztan.es\/es\/","name":"Turismo Nuevo Bazt\u00e1n","description":"","publisher":{"@id":"https:\/\/turismo.ayto-nuevobaztan.es\/es\/#organization"},"potentialAction":[{"@type":"SearchAction","target":{"@type":"EntryPoint","urlTemplate":"https:\/\/turismo.ayto-nuevobaztan.es\/es\/?s={search_term_string}"},"query-input":{"@type":"PropertyValueSpecification","valueRequired":true,"valueName":"search_term_string"}}],"inLanguage":"es"},{"@type":"Organization","@id":"https:\/\/turismo.ayto-nuevobaztan.es\/es\/#organization","name":"Turismo Nuevo Bazt\u00e1n","url":"https:\/\/turismo.ayto-nuevobaztan.es\/es\/","logo":{"@type":"ImageObject","inLanguage":"es","@id":"https:\/\/turismo.ayto-nuevobaztan.es\/es\/#\/schema\/logo\/image\/","url":"https:\/\/turismo.ayto-nuevobaztan.es\/wp-content\/uploads\/2025\/12\/logo.png","contentUrl":"https:\/\/turismo.ayto-nuevobaztan.es\/wp-content\/uploads\/2025\/12\/logo.png","width":1847,"height":1787,"caption":"Turismo Nuevo Bazt\u00e1n"},"image":{"@id":"https:\/\/turismo.ayto-nuevobaztan.es\/es\/#\/schema\/logo\/image\/"},"sameAs":["https:\/\/www.facebook.com\/turismonuevobaztan\/","https:\/\/x.com\/TurismoNBaztan"]},{"@type":"Person","@id":"https:\/\/turismo.ayto-nuevobaztan.es\/es\/#\/schema\/person\/bc781c848e33ae71437002fa79b5c3df","name":"Turismo Nuevo Bazt\u00e1n","image":{"@type":"ImageObject","inLanguage":"es","@id":"https:\/\/secure.gravatar.com\/avatar\/c34f0d8aae58e8accb5d24f13ebda51911caa6f3106f7c0db25bd0888b071620?s=96&d=mm&r=g","url":"https:\/\/secure.gravatar.com\/avatar\/c34f0d8aae58e8accb5d24f13ebda51911caa6f3106f7c0db25bd0888b071620?s=96&d=mm&r=g","contentUrl":"https:\/\/secure.gravatar.com\/avatar\/c34f0d8aae58e8accb5d24f13ebda51911caa6f3106f7c0db25bd0888b071620?s=96&d=mm&r=g","caption":"Turismo Nuevo Bazt\u00e1n"},"url":"#"}]}},"_links":{"self":[{"href":"https:\/\/turismo.ayto-nuevobaztan.es\/es\/wp-json\/wp\/v2\/posts\/3220","targetHints":{"allow":["GET"]}}],"collection":[{"href":"https:\/\/turismo.ayto-nuevobaztan.es\/es\/wp-json\/wp\/v2\/posts"}],"about":[{"href":"https:\/\/turismo.ayto-nuevobaztan.es\/es\/wp-json\/wp\/v2\/types\/post"}],"author":[{"embeddable":true,"href":"https:\/\/turismo.ayto-nuevobaztan.es\/es\/wp-json\/wp\/v2\/users\/2"}],"replies":[{"embeddable":true,"href":"https:\/\/turismo.ayto-nuevobaztan.es\/es\/wp-json\/wp\/v2\/comments?post=3220"}],"version-history":[{"count":0,"href":"https:\/\/turismo.ayto-nuevobaztan.es\/es\/wp-json\/wp\/v2\/posts\/3220\/revisions"}],"wp:featuredmedia":[{"embeddable":true,"href":"https:\/\/turismo.ayto-nuevobaztan.es\/es\/wp-json\/wp\/v2\/media\/3221"}],"wp:attachment":[{"href":"https:\/\/turismo.ayto-nuevobaztan.es\/es\/wp-json\/wp\/v2\/media?parent=3220"}],"wp:term":[{"taxonomy":"category","embeddable":true,"href":"https:\/\/turismo.ayto-nuevobaztan.es\/es\/wp-json\/wp\/v2\/categories?post=3220"},{"taxonomy":"post_tag","embeddable":true,"href":"https:\/\/turismo.ayto-nuevobaztan.es\/es\/wp-json\/wp\/v2\/tags?post=3220"}],"curies":[{"name":"wp","href":"https:\/\/api.w.org\/{rel}","templated":true}]}}