{"id":3218,"date":"2026-01-20T14:32:22","date_gmt":"2026-01-20T13:32:22","guid":{"rendered":"https:\/\/turismo.ayto-nuevobaztan.es\/?p=2397"},"modified":"2026-01-20T14:32:22","modified_gmt":"2026-01-20T13:32:22","slug":"nuevo-baztan-estara-presente-en-fitur-2026","status":"publish","type":"post","link":"https:\/\/turismo.ayto-nuevobaztan.es\/es\/noticias\/nuevo-baztan-estara-presente-en-fitur-2026\/","title":{"rendered":"Nuevo Bazt\u00e1n estar\u00e1 presente en FITUR 2026"},"content":{"rendered":"<p><span data-contrast=\"auto\">El\u00a0<\/span><b><span data-contrast=\"auto\">Ayuntamiento de Nuevo Bazt\u00e1n<\/span><\/b><span data-contrast=\"auto\">\u00a0estar\u00e1 presente un a\u00f1o m\u00e1s en la\u00a0<\/span><b><span data-contrast=\"auto\">Feria Internacional de Turismo (FITUR)<\/span><\/b><span data-contrast=\"auto\">, que se celebra en\u00a0<\/span><b><span data-contrast=\"auto\">IFEMA<\/span><\/b><span data-contrast=\"auto\">\u00a0desde este\u00a0<\/span><b><span data-contrast=\"auto\">mi\u00e9rcoles<\/span><\/b><span data-contrast=\"auto\">\u00a0y permanecer\u00e1 abierta hasta el\u00a0<\/span><b><span data-contrast=\"auto\">domingo 25 de enero<\/span><\/b><span data-contrast=\"auto\">, consolid\u00e1ndose como uno de los principales escaparates tur\u00edsticos a nivel nacional e internacional.<\/span><span data-ccp-props=\"{&quot;134233117&quot;:false,&quot;134233118&quot;:false,&quot;201341983&quot;:0,&quot;335551550&quot;:6,&quot;335551620&quot;:6,&quot;335559738&quot;:240,&quot;335559739&quot;:240,&quot;335559740&quot;:360}\">\u00a0<\/span><\/p>\n<p><span data-contrast=\"auto\">La participaci\u00f3n del municipio en FITUR 2026 se enmarca en el desarrollo del\u00a0<\/span><b><span data-contrast=\"auto\">Plan de Sostenibilidad Tur\u00edstica en Destino (PSTD)<\/span><\/b><span data-contrast=\"auto\">, a trav\u00e9s del cual se est\u00e1n invirtiendo\u00a0<\/span><b><span data-contrast=\"auto\">2 millones de euros<\/span><\/b><span data-contrast=\"auto\">\u00a0para avanzar hacia un modelo tur\u00edstico\u00a0<\/span><b><span data-contrast=\"auto\">responsable, sostenible y alineado con la identidad local<\/span><\/b><span data-contrast=\"auto\">.<\/span><span data-ccp-props=\"{&quot;134233117&quot;:false,&quot;134233118&quot;:false,&quot;201341983&quot;:0,&quot;335551550&quot;:6,&quot;335551620&quot;:6,&quot;335559738&quot;:240,&quot;335559739&quot;:240,&quot;335559740&quot;:360}\">\u00a0<\/span><\/p>\n<p><span data-contrast=\"auto\">Durante la feria, Nuevo Bazt\u00e1n presentar\u00e1\u00a0<\/span><b><span data-contrast=\"auto\">importantes proyectos estrat\u00e9gicos<\/span><\/b><span data-contrast=\"auto\">, entre los que destacan la\u00a0<\/span><b><span data-contrast=\"auto\">Marca Tur\u00edstica del municipio<\/span><\/b><span data-contrast=\"auto\">, la\u00a0<\/span><b><span data-contrast=\"auto\">nueva Web de Turismo<\/span><\/b><span data-contrast=\"auto\">\u00a0y el\u00a0<\/span><b><span data-contrast=\"auto\">nuevo v\u00eddeo promocional<\/span><\/b><span data-contrast=\"auto\">, herramientas clave para reforzar la proyecci\u00f3n del destino y mejorar la experiencia de visitantes y turistas.<\/span><span data-ccp-props=\"{&quot;134233117&quot;:false,&quot;134233118&quot;:false,&quot;201341983&quot;:0,&quot;335551550&quot;:6,&quot;335551620&quot;:6,&quot;335559738&quot;:240,&quot;335559739&quot;:240,&quot;335559740&quot;:360}\">\u00a0<\/span><\/p>\n<p><span data-contrast=\"auto\">Nuevo Bazt\u00e1n forma parte de distintas\u00a0<\/span><b><span data-contrast=\"auto\">redes y organismos de promoci\u00f3n tur\u00edstica<\/span><\/b><span data-contrast=\"auto\">, como\u00a0<\/span><b><span data-contrast=\"auto\">Las Villas de Madrid<\/span><\/b><span data-contrast=\"auto\">, la\u00a0<\/span><b><span data-contrast=\"auto\">Ruta del Vino<\/span><\/b><span data-contrast=\"auto\">,\u00a0<\/span><b><span data-contrast=\"auto\">CiclaMadrid<\/span><\/b><span data-contrast=\"auto\">,\u00a0<\/span><b><span data-contrast=\"auto\">ARACOVE<\/span><\/b><span data-contrast=\"auto\">,\u00a0<\/span><b><span data-contrast=\"auto\">MadRural<\/span><\/b><span data-contrast=\"auto\">\u00a0y la\u00a0<\/span><b><span data-contrast=\"auto\">Asociaci\u00f3n de los Pueblos M\u00e1s Bonitos de Espa\u00f1a<\/span><\/b><span data-contrast=\"auto\">, lo que permite al municipio trabajar de forma coordinada y ganar visibilidad dentro de diferentes \u00e1mbitos del turismo cultural, rural y sostenible.<\/span><span data-ccp-props=\"{&quot;134233117&quot;:false,&quot;134233118&quot;:false,&quot;201341983&quot;:0,&quot;335551550&quot;:6,&quot;335551620&quot;:6,&quot;335559738&quot;:240,&quot;335559739&quot;:240,&quot;335559740&quot;:360}\">\u00a0<\/span><\/p>\n<p><span data-contrast=\"auto\"><img loading=\"lazy\" decoding=\"async\" class=\"size-medium wp-image-2398 alignleft\" src=\"https:\/\/turismo.ayto-nuevobaztan.es\/wp-content\/uploads\/2026\/01\/POST-FITUR-2026-1080x1350px-240x300.jpg\" alt=\"\" width=\"240\" height=\"300\" \/>A lo largo de FITUR se ir\u00e1n presentando estos proyectos y l\u00edneas de actuaci\u00f3n en distintos espacios de la feria. En concreto:<\/span><span data-ccp-props=\"{&quot;134233117&quot;:false,&quot;134233118&quot;:false,&quot;201341983&quot;:0,&quot;335551550&quot;:6,&quot;335551620&quot;:6,&quot;335559738&quot;:240,&quot;335559739&quot;:240,&quot;335559740&quot;:360}\">\u00a0<\/span><\/p>\n<ul>\n<li aria-setsize=\"-1\" data-leveltext=\"\uf0b7\" data-font=\"Symbol\" data-listid=\"1\" data-list-defn-props=\"{&quot;335552541&quot;:1,&quot;335559683&quot;:0,&quot;335559684&quot;:-2,&quot;335559685&quot;:720,&quot;335559991&quot;:360,&quot;469769226&quot;:&quot;Symbol&quot;,&quot;469769242&quot;:[8226],&quot;469777803&quot;:&quot;left&quot;,&quot;469777804&quot;:&quot;\uf0b7&quot;,&quot;469777815&quot;:&quot;hybridMultilevel&quot;}\" data-aria-posinset=\"1\" data-aria-level=\"1\"><span data-contrast=\"auto\">El\u00a0<\/span><b><span data-contrast=\"auto\">jueves<\/span><\/b><span data-contrast=\"auto\">, a partir de las\u00a0<\/span><b><span data-contrast=\"auto\">13:00 horas<\/span><\/b><span data-contrast=\"auto\">, Nuevo Bazt\u00e1n estar\u00e1 presente en el\u00a0<\/span><b><span data-contrast=\"auto\">Pabell\u00f3n 9, stand 9A13<\/span><\/b><span data-contrast=\"auto\">, dentro del espacio de\u00a0<\/span><b><span data-contrast=\"auto\">MadRural<\/span><\/b><span data-contrast=\"auto\">.<\/span><span data-ccp-props=\"{&quot;134233117&quot;:false,&quot;134233118&quot;:false,&quot;201341983&quot;:0,&quot;335551550&quot;:6,&quot;335551620&quot;:6,&quot;335559738&quot;:240,&quot;335559739&quot;:240,&quot;335559740&quot;:360}\">\u00a0<\/span><\/li>\n<\/ul>\n<ul>\n<li aria-setsize=\"-1\" data-leveltext=\"\uf0b7\" data-font=\"Symbol\" data-listid=\"1\" data-list-defn-props=\"{&quot;335552541&quot;:1,&quot;335559683&quot;:0,&quot;335559684&quot;:-2,&quot;335559685&quot;:720,&quot;335559991&quot;:360,&quot;469769226&quot;:&quot;Symbol&quot;,&quot;469769242&quot;:[8226],&quot;469777803&quot;:&quot;left&quot;,&quot;469777804&quot;:&quot;\uf0b7&quot;,&quot;469777815&quot;:&quot;hybridMultilevel&quot;}\" data-aria-posinset=\"2\" data-aria-level=\"1\"><span data-contrast=\"auto\">El\u00a0<\/span><b><span data-contrast=\"auto\">viernes y el s\u00e1bado<\/span><\/b><span data-contrast=\"auto\">,\u00a0a las 12:30h.,\u00a0el municipio participar\u00e1 en el\u00a0<\/span><b><span data-contrast=\"auto\">Pabell\u00f3n 9<\/span><\/b><span data-contrast=\"auto\">\u00a0<\/span><b><span data-contrast=\"auto\">stand 9A11 de la Asociaci\u00f3n de los Pueblos M\u00e1s Bonitos de Espa\u00f1a<\/span><\/b><span data-contrast=\"auto\">, donde se presentar\u00e1n las principales novedades tur\u00edsticas.<\/span><span data-ccp-props=\"{&quot;134233117&quot;:false,&quot;134233118&quot;:false,&quot;201341983&quot;:0,&quot;335551550&quot;:6,&quot;335551620&quot;:6,&quot;335559738&quot;:240,&quot;335559739&quot;:240,&quot;335559740&quot;:360}\">\u00a0<\/span><\/li>\n<\/ul>\n<ul>\n<li aria-setsize=\"-1\" data-leveltext=\"\uf0b7\" data-font=\"Symbol\" data-listid=\"1\" data-list-defn-props=\"{&quot;335552541&quot;:1,&quot;335559683&quot;:0,&quot;335559684&quot;:-2,&quot;335559685&quot;:720,&quot;335559991&quot;:360,&quot;469769226&quot;:&quot;Symbol&quot;,&quot;469769242&quot;:[8226],&quot;469777803&quot;:&quot;left&quot;,&quot;469777804&quot;:&quot;\uf0b7&quot;,&quot;469777815&quot;:&quot;hybridMultilevel&quot;}\" data-aria-posinset=\"3\" data-aria-level=\"1\"><span data-contrast=\"auto\">El\u00a0<\/span><b><span data-contrast=\"auto\">s\u00e1bado<\/span><\/b><span data-contrast=\"auto\">, adem\u00e1s, se ofrecer\u00e1 una\u00a0<\/span><b><span data-contrast=\"auto\">degustaci\u00f3n de cocido elaborado en Nuevo Bazt\u00e1n<\/span><\/b><span data-contrast=\"auto\">, como muestra de la gastronom\u00eda local.<\/span><span data-ccp-props=\"{&quot;134233117&quot;:false,&quot;134233118&quot;:false,&quot;201341983&quot;:0,&quot;335551550&quot;:6,&quot;335551620&quot;:6,&quot;335559738&quot;:240,&quot;335559739&quot;:240,&quot;335559740&quot;:360}\">\u00a0<\/span><\/li>\n<\/ul>\n<p><span data-contrast=\"auto\">Tal y como se anunci\u00f3 previamente, el\u00a0<\/span><b><span data-contrast=\"auto\">s\u00e1bado 40 personas mayores del municipio visitar\u00e1n FITUR<\/span><\/b><span data-contrast=\"auto\">, en una iniciativa organizada por el Ayuntamiento para acercar este evento tur\u00edstico a la ciudadan\u00eda.<\/span><span data-ccp-props=\"{&quot;134233117&quot;:false,&quot;134233118&quot;:false,&quot;201341983&quot;:0,&quot;335551550&quot;:6,&quot;335551620&quot;:6,&quot;335559738&quot;:240,&quot;335559739&quot;:240,&quot;335559740&quot;:360}\">\u00a0<\/span><\/p>\n<p><span data-contrast=\"auto\">En los distintos actos y presentaciones, Nuevo Bazt\u00e1n estar\u00e1 representado por\u00a0<\/span><b><span data-contrast=\"auto\">miembros de la Corporaci\u00f3n Municipal<\/span><\/b><span data-contrast=\"auto\">, entre ellos la\u00a0<\/span><b><span data-contrast=\"auto\">alcaldesa, Gemma Pacheco<\/span><\/b><span data-contrast=\"auto\">, reforzando el compromiso institucional con el desarrollo tur\u00edstico del municipio.<\/span><span data-ccp-props=\"{&quot;134233117&quot;:false,&quot;134233118&quot;:false,&quot;201341983&quot;:0,&quot;335551550&quot;:6,&quot;335551620&quot;:6,&quot;335559738&quot;:240,&quot;335559739&quot;:240,&quot;335559740&quot;:360}\">\u00a0<\/span><\/p>\n<p><span data-contrast=\"auto\">Con su presencia en FITUR 2026, el Ayuntamiento de Nuevo Bazt\u00e1n contin\u00faa avanzando en la\u00a0<\/span><b><span data-contrast=\"auto\">consolidaci\u00f3n de un modelo tur\u00edstico sostenible, innovador y con identidad propia<\/span><\/b><span data-contrast=\"auto\">, que pone en valor su patrimonio hist\u00f3rico, cultural y natural.<\/span><span data-ccp-props=\"{&quot;134233117&quot;:false,&quot;134233118&quot;:false,&quot;201341983&quot;:0,&quot;335551550&quot;:6,&quot;335551620&quot;:6,&quot;335559738&quot;:240,&quot;335559739&quot;:240,&quot;335559740&quot;:360}\">\u00a0<\/span><\/p>\n<p><span data-ccp-props=\"{}\">\u00a0<\/span><\/p>\n","protected":false},"excerpt":{"rendered":"<p>El\u00a0Ayuntamiento de Nuevo Bazt\u00e1n\u00a0estar\u00e1 presente un a\u00f1o m\u00e1s en la\u00a0Feria Internacional de Turismo (FITUR), que se celebra en\u00a0IFEMA\u00a0desde este\u00a0mi\u00e9rcoles\u00a0y permanecer\u00e1 abierta hasta el\u00a0domingo 25 de enero, consolid\u00e1ndose como uno de los principales escaparates tur\u00edsticos a nivel nacional e internacional.\u00a0 La participaci\u00f3n del municipio en FITUR 2026 se enmarca en el desarrollo del\u00a0Plan de Sostenibilidad Tur\u00edstica&hellip;<\/p>\n","protected":false},"author":2,"featured_media":3219,"comment_status":"closed","ping_status":"closed","sticky":false,"template":"","format":"standard","meta":{"_acf_changed":false,"footnotes":""},"categories":[14],"tags":[],"class_list":["post-3218","post","type-post","status-publish","format-standard","has-post-thumbnail","hentry","category-actividades-nuevo-batzan"],"acf":[],"yoast_head":"<!-- This site is optimized with the Yoast SEO plugin v27.2 - https:\/\/yoast.com\/product\/yoast-seo-wordpress\/ -->\n<title>Nuevo Bazt\u00e1n estar\u00e1 presente en FITUR 2026<\/title>\n<meta name=\"description\" content=\"Esta semana se quiere poner de manifiesto su apuesta por un turismo sostenible y de calidad\" \/>\n<meta name=\"robots\" content=\"index, follow, max-snippet:-1, max-image-preview:large, max-video-preview:-1\" \/>\n<link rel=\"canonical\" href=\"https:\/\/turismo.ayto-nuevobaztan.es\/es\/noticias\/nuevo-baztan-estara-presente-en-fitur-2026\/\" \/>\n<meta property=\"og:locale\" content=\"es_ES\" \/>\n<meta property=\"og:type\" content=\"article\" \/>\n<meta property=\"og:title\" content=\"Nuevo Bazt\u00e1n estar\u00e1 presente en FITUR 2026\" \/>\n<meta property=\"og:description\" content=\"Nuevo Bazt\u00e1n estar\u00e1 presente en FITUR 2026\u00a0Esta semana se quiere poner de manifiesto su apuesta por un turismo sostenible y de calidad\" \/>\n<meta property=\"og:url\" content=\"https:\/\/turismo.ayto-nuevobaztan.es\/es\/noticias\/nuevo-baztan-estara-presente-en-fitur-2026\/\" \/>\n<meta property=\"og:site_name\" content=\"Turismo Nuevo Bazt\u00e1n\" \/>\n<meta property=\"article:publisher\" content=\"https:\/\/www.facebook.com\/turismonuevobaztan\/\" \/>\n<meta property=\"article:published_time\" content=\"2026-01-20T13:32:22+00:00\" \/>\n<meta name=\"author\" content=\"Turismo Nuevo Bazt\u00e1n\" \/>\n<meta name=\"twitter:card\" content=\"summary_large_image\" \/>\n<meta name=\"twitter:image\" content=\"https:\/\/turismo.ayto-nuevobaztan.es\/wp-content\/uploads\/2026\/01\/POST-FITUR-2026-1080x1350px.jpg\" \/>\n<meta name=\"twitter:creator\" content=\"@TurismoNBaztan\" \/>\n<meta name=\"twitter:site\" content=\"@TurismoNBaztan\" \/>\n<meta name=\"twitter:label1\" content=\"Escrito por\" \/>\n\t<meta name=\"twitter:data1\" content=\"Turismo Nuevo Bazt\u00e1n\" \/>\n\t<meta name=\"twitter:label2\" content=\"Tiempo de lectura\" \/>\n\t<meta name=\"twitter:data2\" content=\"3 minutos\" \/>\n<script type=\"application\/ld+json\" class=\"yoast-schema-graph\">{\"@context\":\"https:\/\/schema.org\",\"@graph\":[{\"@type\":\"Article\",\"@id\":\"https:\/\/turismo.ayto-nuevobaztan.es\/es\/noticias\/nuevo-baztan-estara-presente-en-fitur-2026\/#article\",\"isPartOf\":{\"@id\":\"https:\/\/turismo.ayto-nuevobaztan.es\/es\/noticias\/nuevo-baztan-estara-presente-en-fitur-2026\/\"},\"author\":{\"name\":\"Turismo Nuevo Bazt\u00e1n\",\"@id\":\"https:\/\/turismo.ayto-nuevobaztan.es\/es\/#\/schema\/person\/bc781c848e33ae71437002fa79b5c3df\"},\"headline\":\"Nuevo Bazt\u00e1n estar\u00e1 presente en FITUR 2026\",\"datePublished\":\"2026-01-20T13:32:22+00:00\",\"mainEntityOfPage\":{\"@id\":\"https:\/\/turismo.ayto-nuevobaztan.es\/es\/noticias\/nuevo-baztan-estara-presente-en-fitur-2026\/\"},\"wordCount\":438,\"publisher\":{\"@id\":\"https:\/\/turismo.ayto-nuevobaztan.es\/es\/#organization\"},\"image\":{\"@id\":\"https:\/\/turismo.ayto-nuevobaztan.es\/es\/noticias\/nuevo-baztan-estara-presente-en-fitur-2026\/#primaryimage\"},\"thumbnailUrl\":\"https:\/\/turismo.ayto-nuevobaztan.es\/wp-content\/uploads\/2026\/01\/POST-FITUR-2026-1080x1350px.jpg\",\"articleSection\":[\"actividades\"],\"inLanguage\":\"es\"},{\"@type\":\"WebPage\",\"@id\":\"https:\/\/turismo.ayto-nuevobaztan.es\/es\/noticias\/nuevo-baztan-estara-presente-en-fitur-2026\/\",\"url\":\"https:\/\/turismo.ayto-nuevobaztan.es\/es\/noticias\/nuevo-baztan-estara-presente-en-fitur-2026\/\",\"name\":\"Nuevo Bazt\u00e1n estar\u00e1 presente en FITUR 2026\",\"isPartOf\":{\"@id\":\"https:\/\/turismo.ayto-nuevobaztan.es\/es\/#website\"},\"primaryImageOfPage\":{\"@id\":\"https:\/\/turismo.ayto-nuevobaztan.es\/es\/noticias\/nuevo-baztan-estara-presente-en-fitur-2026\/#primaryimage\"},\"image\":{\"@id\":\"https:\/\/turismo.ayto-nuevobaztan.es\/es\/noticias\/nuevo-baztan-estara-presente-en-fitur-2026\/#primaryimage\"},\"thumbnailUrl\":\"https:\/\/turismo.ayto-nuevobaztan.es\/wp-content\/uploads\/2026\/01\/POST-FITUR-2026-1080x1350px.jpg\",\"datePublished\":\"2026-01-20T13:32:22+00:00\",\"description\":\"Esta semana se quiere poner de manifiesto su apuesta por un turismo sostenible y de calidad\",\"breadcrumb\":{\"@id\":\"https:\/\/turismo.ayto-nuevobaztan.es\/es\/noticias\/nuevo-baztan-estara-presente-en-fitur-2026\/#breadcrumb\"},\"inLanguage\":\"es\",\"potentialAction\":[{\"@type\":\"ReadAction\",\"target\":[\"https:\/\/turismo.ayto-nuevobaztan.es\/es\/noticias\/nuevo-baztan-estara-presente-en-fitur-2026\/\"]}]},{\"@type\":\"ImageObject\",\"inLanguage\":\"es\",\"@id\":\"https:\/\/turismo.ayto-nuevobaztan.es\/es\/noticias\/nuevo-baztan-estara-presente-en-fitur-2026\/#primaryimage\",\"url\":\"https:\/\/turismo.ayto-nuevobaztan.es\/wp-content\/uploads\/2026\/01\/POST-FITUR-2026-1080x1350px.jpg\",\"contentUrl\":\"https:\/\/turismo.ayto-nuevobaztan.es\/wp-content\/uploads\/2026\/01\/POST-FITUR-2026-1080x1350px.jpg\",\"width\":1080,\"height\":1350},{\"@type\":\"BreadcrumbList\",\"@id\":\"https:\/\/turismo.ayto-nuevobaztan.es\/es\/noticias\/nuevo-baztan-estara-presente-en-fitur-2026\/#breadcrumb\",\"itemListElement\":[{\"@type\":\"ListItem\",\"position\":1,\"name\":\"Inicio\",\"item\":\"https:\/\/turismo.ayto-nuevobaztan.es\/es\/\"},{\"@type\":\"ListItem\",\"position\":2,\"name\":\"Nuevo Bazt\u00e1n estar\u00e1 presente en FITUR 2026\"}]},{\"@type\":\"WebSite\",\"@id\":\"https:\/\/turismo.ayto-nuevobaztan.es\/es\/#website\",\"url\":\"https:\/\/turismo.ayto-nuevobaztan.es\/es\/\",\"name\":\"Turismo Nuevo Bazt\u00e1n\",\"description\":\"\",\"publisher\":{\"@id\":\"https:\/\/turismo.ayto-nuevobaztan.es\/es\/#organization\"},\"potentialAction\":[{\"@type\":\"SearchAction\",\"target\":{\"@type\":\"EntryPoint\",\"urlTemplate\":\"https:\/\/turismo.ayto-nuevobaztan.es\/es\/?s={search_term_string}\"},\"query-input\":{\"@type\":\"PropertyValueSpecification\",\"valueRequired\":true,\"valueName\":\"search_term_string\"}}],\"inLanguage\":\"es\"},{\"@type\":\"Organization\",\"@id\":\"https:\/\/turismo.ayto-nuevobaztan.es\/es\/#organization\",\"name\":\"Turismo Nuevo Bazt\u00e1n\",\"url\":\"https:\/\/turismo.ayto-nuevobaztan.es\/es\/\",\"logo\":{\"@type\":\"ImageObject\",\"inLanguage\":\"es\",\"@id\":\"https:\/\/turismo.ayto-nuevobaztan.es\/es\/#\/schema\/logo\/image\/\",\"url\":\"https:\/\/turismo.ayto-nuevobaztan.es\/wp-content\/uploads\/2025\/12\/logo.png\",\"contentUrl\":\"https:\/\/turismo.ayto-nuevobaztan.es\/wp-content\/uploads\/2025\/12\/logo.png\",\"width\":1847,\"height\":1787,\"caption\":\"Turismo Nuevo Bazt\u00e1n\"},\"image\":{\"@id\":\"https:\/\/turismo.ayto-nuevobaztan.es\/es\/#\/schema\/logo\/image\/\"},\"sameAs\":[\"https:\/\/www.facebook.com\/turismonuevobaztan\/\",\"https:\/\/x.com\/TurismoNBaztan\"]},{\"@type\":\"Person\",\"@id\":\"https:\/\/turismo.ayto-nuevobaztan.es\/es\/#\/schema\/person\/bc781c848e33ae71437002fa79b5c3df\",\"name\":\"Turismo Nuevo Bazt\u00e1n\",\"image\":{\"@type\":\"ImageObject\",\"inLanguage\":\"es\",\"@id\":\"https:\/\/secure.gravatar.com\/avatar\/c34f0d8aae58e8accb5d24f13ebda51911caa6f3106f7c0db25bd0888b071620?s=96&d=mm&r=g\",\"url\":\"https:\/\/secure.gravatar.com\/avatar\/c34f0d8aae58e8accb5d24f13ebda51911caa6f3106f7c0db25bd0888b071620?s=96&d=mm&r=g\",\"contentUrl\":\"https:\/\/secure.gravatar.com\/avatar\/c34f0d8aae58e8accb5d24f13ebda51911caa6f3106f7c0db25bd0888b071620?s=96&d=mm&r=g\",\"caption\":\"Turismo Nuevo Bazt\u00e1n\"},\"url\":\"#\"}]}<\/script>\n<!-- \/ Yoast SEO plugin. -->","yoast_head_json":{"title":"Nuevo Bazt\u00e1n estar\u00e1 presente en FITUR 2026","description":"Esta semana se quiere poner de manifiesto su apuesta por un turismo sostenible y de calidad","robots":{"index":"index","follow":"follow","max-snippet":"max-snippet:-1","max-image-preview":"max-image-preview:large","max-video-preview":"max-video-preview:-1"},"canonical":"https:\/\/turismo.ayto-nuevobaztan.es\/es\/noticias\/nuevo-baztan-estara-presente-en-fitur-2026\/","og_locale":"es_ES","og_type":"article","og_title":"Nuevo Bazt\u00e1n estar\u00e1 presente en FITUR 2026","og_description":"Nuevo Bazt\u00e1n estar\u00e1 presente en FITUR 2026\u00a0Esta semana se quiere poner de manifiesto su apuesta por un turismo sostenible y de calidad","og_url":"https:\/\/turismo.ayto-nuevobaztan.es\/es\/noticias\/nuevo-baztan-estara-presente-en-fitur-2026\/","og_site_name":"Turismo Nuevo Bazt\u00e1n","article_publisher":"https:\/\/www.facebook.com\/turismonuevobaztan\/","article_published_time":"2026-01-20T13:32:22+00:00","author":"Turismo Nuevo Bazt\u00e1n","twitter_card":"summary_large_image","twitter_image":"https:\/\/turismo.ayto-nuevobaztan.es\/wp-content\/uploads\/2026\/01\/POST-FITUR-2026-1080x1350px.jpg","twitter_creator":"@TurismoNBaztan","twitter_site":"@TurismoNBaztan","twitter_misc":{"Escrito por":"Turismo Nuevo Bazt\u00e1n","Tiempo de lectura":"3 minutos"},"schema":{"@context":"https:\/\/schema.org","@graph":[{"@type":"Article","@id":"https:\/\/turismo.ayto-nuevobaztan.es\/es\/noticias\/nuevo-baztan-estara-presente-en-fitur-2026\/#article","isPartOf":{"@id":"https:\/\/turismo.ayto-nuevobaztan.es\/es\/noticias\/nuevo-baztan-estara-presente-en-fitur-2026\/"},"author":{"name":"Turismo Nuevo Bazt\u00e1n","@id":"https:\/\/turismo.ayto-nuevobaztan.es\/es\/#\/schema\/person\/bc781c848e33ae71437002fa79b5c3df"},"headline":"Nuevo Bazt\u00e1n estar\u00e1 presente en FITUR 2026","datePublished":"2026-01-20T13:32:22+00:00","mainEntityOfPage":{"@id":"https:\/\/turismo.ayto-nuevobaztan.es\/es\/noticias\/nuevo-baztan-estara-presente-en-fitur-2026\/"},"wordCount":438,"publisher":{"@id":"https:\/\/turismo.ayto-nuevobaztan.es\/es\/#organization"},"image":{"@id":"https:\/\/turismo.ayto-nuevobaztan.es\/es\/noticias\/nuevo-baztan-estara-presente-en-fitur-2026\/#primaryimage"},"thumbnailUrl":"https:\/\/turismo.ayto-nuevobaztan.es\/wp-content\/uploads\/2026\/01\/POST-FITUR-2026-1080x1350px.jpg","articleSection":["actividades"],"inLanguage":"es"},{"@type":"WebPage","@id":"https:\/\/turismo.ayto-nuevobaztan.es\/es\/noticias\/nuevo-baztan-estara-presente-en-fitur-2026\/","url":"https:\/\/turismo.ayto-nuevobaztan.es\/es\/noticias\/nuevo-baztan-estara-presente-en-fitur-2026\/","name":"Nuevo Bazt\u00e1n estar\u00e1 presente en FITUR 2026","isPartOf":{"@id":"https:\/\/turismo.ayto-nuevobaztan.es\/es\/#website"},"primaryImageOfPage":{"@id":"https:\/\/turismo.ayto-nuevobaztan.es\/es\/noticias\/nuevo-baztan-estara-presente-en-fitur-2026\/#primaryimage"},"image":{"@id":"https:\/\/turismo.ayto-nuevobaztan.es\/es\/noticias\/nuevo-baztan-estara-presente-en-fitur-2026\/#primaryimage"},"thumbnailUrl":"https:\/\/turismo.ayto-nuevobaztan.es\/wp-content\/uploads\/2026\/01\/POST-FITUR-2026-1080x1350px.jpg","datePublished":"2026-01-20T13:32:22+00:00","description":"Esta semana se quiere poner de manifiesto su apuesta por un turismo sostenible y de calidad","breadcrumb":{"@id":"https:\/\/turismo.ayto-nuevobaztan.es\/es\/noticias\/nuevo-baztan-estara-presente-en-fitur-2026\/#breadcrumb"},"inLanguage":"es","potentialAction":[{"@type":"ReadAction","target":["https:\/\/turismo.ayto-nuevobaztan.es\/es\/noticias\/nuevo-baztan-estara-presente-en-fitur-2026\/"]}]},{"@type":"ImageObject","inLanguage":"es","@id":"https:\/\/turismo.ayto-nuevobaztan.es\/es\/noticias\/nuevo-baztan-estara-presente-en-fitur-2026\/#primaryimage","url":"https:\/\/turismo.ayto-nuevobaztan.es\/wp-content\/uploads\/2026\/01\/POST-FITUR-2026-1080x1350px.jpg","contentUrl":"https:\/\/turismo.ayto-nuevobaztan.es\/wp-content\/uploads\/2026\/01\/POST-FITUR-2026-1080x1350px.jpg","width":1080,"height":1350},{"@type":"BreadcrumbList","@id":"https:\/\/turismo.ayto-nuevobaztan.es\/es\/noticias\/nuevo-baztan-estara-presente-en-fitur-2026\/#breadcrumb","itemListElement":[{"@type":"ListItem","position":1,"name":"Inicio","item":"https:\/\/turismo.ayto-nuevobaztan.es\/es\/"},{"@type":"ListItem","position":2,"name":"Nuevo Bazt\u00e1n estar\u00e1 presente en FITUR 2026"}]},{"@type":"WebSite","@id":"https:\/\/turismo.ayto-nuevobaztan.es\/es\/#website","url":"https:\/\/turismo.ayto-nuevobaztan.es\/es\/","name":"Turismo Nuevo Bazt\u00e1n","description":"","publisher":{"@id":"https:\/\/turismo.ayto-nuevobaztan.es\/es\/#organization"},"potentialAction":[{"@type":"SearchAction","target":{"@type":"EntryPoint","urlTemplate":"https:\/\/turismo.ayto-nuevobaztan.es\/es\/?s={search_term_string}"},"query-input":{"@type":"PropertyValueSpecification","valueRequired":true,"valueName":"search_term_string"}}],"inLanguage":"es"},{"@type":"Organization","@id":"https:\/\/turismo.ayto-nuevobaztan.es\/es\/#organization","name":"Turismo Nuevo Bazt\u00e1n","url":"https:\/\/turismo.ayto-nuevobaztan.es\/es\/","logo":{"@type":"ImageObject","inLanguage":"es","@id":"https:\/\/turismo.ayto-nuevobaztan.es\/es\/#\/schema\/logo\/image\/","url":"https:\/\/turismo.ayto-nuevobaztan.es\/wp-content\/uploads\/2025\/12\/logo.png","contentUrl":"https:\/\/turismo.ayto-nuevobaztan.es\/wp-content\/uploads\/2025\/12\/logo.png","width":1847,"height":1787,"caption":"Turismo Nuevo Bazt\u00e1n"},"image":{"@id":"https:\/\/turismo.ayto-nuevobaztan.es\/es\/#\/schema\/logo\/image\/"},"sameAs":["https:\/\/www.facebook.com\/turismonuevobaztan\/","https:\/\/x.com\/TurismoNBaztan"]},{"@type":"Person","@id":"https:\/\/turismo.ayto-nuevobaztan.es\/es\/#\/schema\/person\/bc781c848e33ae71437002fa79b5c3df","name":"Turismo Nuevo Bazt\u00e1n","image":{"@type":"ImageObject","inLanguage":"es","@id":"https:\/\/secure.gravatar.com\/avatar\/c34f0d8aae58e8accb5d24f13ebda51911caa6f3106f7c0db25bd0888b071620?s=96&d=mm&r=g","url":"https:\/\/secure.gravatar.com\/avatar\/c34f0d8aae58e8accb5d24f13ebda51911caa6f3106f7c0db25bd0888b071620?s=96&d=mm&r=g","contentUrl":"https:\/\/secure.gravatar.com\/avatar\/c34f0d8aae58e8accb5d24f13ebda51911caa6f3106f7c0db25bd0888b071620?s=96&d=mm&r=g","caption":"Turismo Nuevo Bazt\u00e1n"},"url":"#"}]}},"_links":{"self":[{"href":"https:\/\/turismo.ayto-nuevobaztan.es\/es\/wp-json\/wp\/v2\/posts\/3218","targetHints":{"allow":["GET"]}}],"collection":[{"href":"https:\/\/turismo.ayto-nuevobaztan.es\/es\/wp-json\/wp\/v2\/posts"}],"about":[{"href":"https:\/\/turismo.ayto-nuevobaztan.es\/es\/wp-json\/wp\/v2\/types\/post"}],"author":[{"embeddable":true,"href":"https:\/\/turismo.ayto-nuevobaztan.es\/es\/wp-json\/wp\/v2\/users\/2"}],"replies":[{"embeddable":true,"href":"https:\/\/turismo.ayto-nuevobaztan.es\/es\/wp-json\/wp\/v2\/comments?post=3218"}],"version-history":[{"count":0,"href":"https:\/\/turismo.ayto-nuevobaztan.es\/es\/wp-json\/wp\/v2\/posts\/3218\/revisions"}],"wp:featuredmedia":[{"embeddable":true,"href":"https:\/\/turismo.ayto-nuevobaztan.es\/es\/wp-json\/wp\/v2\/media\/3219"}],"wp:attachment":[{"href":"https:\/\/turismo.ayto-nuevobaztan.es\/es\/wp-json\/wp\/v2\/media?parent=3218"}],"wp:term":[{"taxonomy":"category","embeddable":true,"href":"https:\/\/turismo.ayto-nuevobaztan.es\/es\/wp-json\/wp\/v2\/categories?post=3218"},{"taxonomy":"post_tag","embeddable":true,"href":"https:\/\/turismo.ayto-nuevobaztan.es\/es\/wp-json\/wp\/v2\/tags?post=3218"}],"curies":[{"name":"wp","href":"https:\/\/api.w.org\/{rel}","templated":true}]}}