{"id":2386,"date":"2025-12-15T09:36:34","date_gmt":"2025-12-15T08:36:34","guid":{"rendered":"https:\/\/turismo.ayto-nuevobaztan.es\/?p=2386"},"modified":"2026-01-26T21:02:23","modified_gmt":"2026-01-26T21:02:23","slug":"presentacion-del-libro-los-agotes-del-baztan-en-el-palacio-juan-de-goyeneche","status":"publish","type":"post","link":"https:\/\/turismo.ayto-nuevobaztan.es\/es\/noticias\/presentacion-del-libro-los-agotes-del-baztan-en-el-palacio-juan-de-goyeneche\/","title":{"rendered":"Presentaci\u00f3n del libro \u201cLos Agotes del Bazt\u00e1n\u201d en el Palacio Juan de Goyeneche"},"content":{"rendered":"<p><span data-contrast=\"none\">El Ayuntamiento de Nuevo Bazt\u00e1n le invita a la presentaci\u00f3n del libro <\/span><b><i><span data-contrast=\"none\">Los Agotes del Bazt\u00e1n<\/span><\/i><\/b><span data-contrast=\"none\">, escrito por la autora <\/span><b><span data-contrast=\"none\">Luz Nogu\u00e9s.<\/span><\/b><span data-contrast=\"none\"> Una novela ambientada en nuestro municipio que contribuye a poner en valor su historia, su identidad y su patrimonio cultural. Un recorrido con los agotes, a quienes rinde homenaje y devuelve a un lugar protagonista en la historia.<\/span><span data-contrast=\"none\"> La historia jam\u00e1s contada de un pueblo maldito y el hombre que los redimi\u00f3. Los agotes vivieron marcados por el estigma. Obligados a llevar cosida en su ropa una pata de oca roja, eran apartados en las iglesias, despreciados por la comunidad y perseguidos por la Inquisici\u00f3n. Un pueblo proscrito al que la historia intent\u00f3 borrar de sus p\u00e1ginas.<\/span><span data-ccp-props=\"{&quot;134233117&quot;:false,&quot;134233118&quot;:false,&quot;201341983&quot;:0,&quot;335551550&quot;:6,&quot;335551620&quot;:6,&quot;335557856&quot;:16777215,&quot;335559738&quot;:0,&quot;335559739&quot;:180,&quot;335559740&quot;:360}\">\u00a0<\/span><\/p>\n<p><span data-contrast=\"none\">El acto tendr\u00e1 lugar el <\/span><b><span data-contrast=\"none\">jueves 18 de diciembre<\/span><\/b><span data-contrast=\"none\">, a las <\/span><b><span data-contrast=\"none\">18:00 horas<\/span><\/b><span data-contrast=\"none\">, en las <\/span><b><span data-contrast=\"none\">Salas del Palacio Juan de Goyeneche<\/span><\/b><span data-contrast=\"none\">, un espacio emblem\u00e1tico del Conjunto Hist\u00f3rico de Nuevo Bazt\u00e1n.<\/span><span data-ccp-props=\"{&quot;134233117&quot;:false,&quot;134233118&quot;:false,&quot;201341983&quot;:0,&quot;335551550&quot;:6,&quot;335551620&quot;:6,&quot;335559738&quot;:240,&quot;335559739&quot;:240,&quot;335559740&quot;:360}\">\u00a0<\/span><\/p>\n<p><span data-contrast=\"none\">Durante el encuentro, Luz Nogu\u00e9s ofrecer\u00e1 una introducci\u00f3n a la obra, compartir\u00e1 su proceso creativo y responder\u00e1 a las preguntas de los asistentes. Ser\u00e1 una oportunidad para acercarse a una narrativa vinculada al territorio, escrita con sensibilidad y gran atenci\u00f3n al contexto hist\u00f3rico.<\/span><span data-ccp-props=\"{&quot;134233117&quot;:false,&quot;134233118&quot;:false,&quot;201341983&quot;:0,&quot;335551550&quot;:6,&quot;335551620&quot;:6,&quot;335559738&quot;:240,&quot;335559739&quot;:240,&quot;335559740&quot;:360}\">\u00a0<\/span><\/p>\n<p><span data-contrast=\"none\">Desde el Ayuntamiento animamos a vecinos, vecinas y visitantes a participar en este evento cultural y a disfrutar de una tarde literaria en un lugar \u00fanico.<\/span><span data-ccp-props=\"{&quot;134233117&quot;:false,&quot;134233118&quot;:false,&quot;201341983&quot;:0,&quot;335551550&quot;:6,&quot;335551620&quot;:6,&quot;335559738&quot;:240,&quot;335559739&quot;:240,&quot;335559740&quot;:360}\">\u00a0<\/span><\/p>\n","protected":false},"excerpt":{"rendered":"<p>El Ayuntamiento de Nuevo Bazt\u00e1n le invita a la presentaci\u00f3n del libro Los Agotes del Bazt\u00e1n, escrito por la autora Luz Nogu\u00e9s. Una novela ambientada en nuestro municipio que contribuye a poner en valor su historia, su identidad y su patrimonio cultural. Un recorrido con los agotes, a quienes rinde homenaje y devuelve a un&hellip;<\/p>\n","protected":false},"author":2,"featured_media":2389,"comment_status":"closed","ping_status":"closed","sticky":false,"template":"","format":"standard","meta":{"_acf_changed":false,"footnotes":""},"categories":[14],"tags":[],"class_list":["post-2386","post","type-post","status-publish","format-standard","has-post-thumbnail","hentry","category-actividades-nuevo-batzan"],"acf":[],"yoast_head":"<!-- This site is optimized with the Yoast SEO plugin v27.2 - https:\/\/yoast.com\/product\/yoast-seo-wordpress\/ -->\n<title>Presentaci\u00f3n del libro \u201cLos Agotes del Bazt\u00e1n\u201d en el Palacio Juan de Goyeneche - Turismo Nuevo Bazt\u00e1n<\/title>\n<meta name=\"description\" content=\"La historia de nuestra fundaci\u00f3n de la mano de una novela que nos habla los primeros habitantes del municipio.\" \/>\n<meta name=\"robots\" content=\"index, follow, max-snippet:-1, max-image-preview:large, max-video-preview:-1\" \/>\n<link rel=\"canonical\" href=\"https:\/\/turismo.ayto-nuevobaztan.es\/es\/noticias\/presentacion-del-libro-los-agotes-del-baztan-en-el-palacio-juan-de-goyeneche\/\" \/>\n<meta property=\"og:locale\" content=\"es_ES\" \/>\n<meta property=\"og:type\" content=\"article\" \/>\n<meta property=\"og:title\" content=\"Presentaci\u00f3n del libro \u201cLos Agotes del Bazt\u00e1n\u201d en el Palacio Juan de Goyeneche\" \/>\n<meta property=\"og:description\" content=\"La historia de nuestra fundaci\u00f3n de la mano de una novela que nos habla los primeros habitantes del municipio.\" \/>\n<meta property=\"og:url\" content=\"https:\/\/turismo.ayto-nuevobaztan.es\/es\/noticias\/presentacion-del-libro-los-agotes-del-baztan-en-el-palacio-juan-de-goyeneche\/\" \/>\n<meta property=\"og:site_name\" content=\"Turismo Nuevo Bazt\u00e1n\" \/>\n<meta property=\"article:publisher\" content=\"https:\/\/www.facebook.com\/turismonuevobaztan\/\" \/>\n<meta property=\"article:published_time\" content=\"2025-12-15T08:36:34+00:00\" \/>\n<meta property=\"article:modified_time\" content=\"2026-01-26T21:02:23+00:00\" \/>\n<meta property=\"og:image\" content=\"https:\/\/turismo.ayto-nuevobaztan.es\/wp-content\/uploads\/2025\/12\/Foto-Luz-nogues-libro.jpeg\" \/>\n\t<meta property=\"og:image:width\" content=\"1200\" \/>\n\t<meta property=\"og:image:height\" content=\"1600\" \/>\n\t<meta property=\"og:image:type\" content=\"image\/jpeg\" \/>\n<meta name=\"author\" content=\"Turismo Nuevo Bazt\u00e1n\" \/>\n<meta name=\"twitter:card\" content=\"summary_large_image\" \/>\n<meta name=\"twitter:creator\" content=\"@TurismoNBaztan\" \/>\n<meta name=\"twitter:site\" content=\"@TurismoNBaztan\" \/>\n<meta name=\"twitter:label1\" content=\"Escrito por\" \/>\n\t<meta name=\"twitter:data1\" content=\"Turismo Nuevo Bazt\u00e1n\" \/>\n\t<meta name=\"twitter:label2\" content=\"Tiempo de lectura\" \/>\n\t<meta name=\"twitter:data2\" content=\"2 minutos\" \/>\n<script type=\"application\/ld+json\" class=\"yoast-schema-graph\">{\"@context\":\"https:\/\/schema.org\",\"@graph\":[{\"@type\":\"Article\",\"@id\":\"https:\/\/turismo.ayto-nuevobaztan.es\/es\/noticias\/presentacion-del-libro-los-agotes-del-baztan-en-el-palacio-juan-de-goyeneche\/#article\",\"isPartOf\":{\"@id\":\"https:\/\/turismo.ayto-nuevobaztan.es\/es\/noticias\/presentacion-del-libro-los-agotes-del-baztan-en-el-palacio-juan-de-goyeneche\/\"},\"author\":{\"name\":\"Turismo Nuevo Bazt\u00e1n\",\"@id\":\"https:\/\/turismo.ayto-nuevobaztan.es\/es\/#\/schema\/person\/bc781c848e33ae71437002fa79b5c3df\"},\"headline\":\"Presentaci\u00f3n del libro \u201cLos Agotes del Bazt\u00e1n\u201d en el Palacio Juan de Goyeneche\",\"datePublished\":\"2025-12-15T08:36:34+00:00\",\"dateModified\":\"2026-01-26T21:02:23+00:00\",\"mainEntityOfPage\":{\"@id\":\"https:\/\/turismo.ayto-nuevobaztan.es\/es\/noticias\/presentacion-del-libro-los-agotes-del-baztan-en-el-palacio-juan-de-goyeneche\/\"},\"wordCount\":245,\"publisher\":{\"@id\":\"https:\/\/turismo.ayto-nuevobaztan.es\/es\/#organization\"},\"image\":{\"@id\":\"https:\/\/turismo.ayto-nuevobaztan.es\/es\/noticias\/presentacion-del-libro-los-agotes-del-baztan-en-el-palacio-juan-de-goyeneche\/#primaryimage\"},\"thumbnailUrl\":\"https:\/\/turismo.ayto-nuevobaztan.es\/wp-content\/uploads\/2025\/12\/Foto-luz-nogues-palacio.jpg\",\"articleSection\":[\"actividades\"],\"inLanguage\":\"es\"},{\"@type\":\"WebPage\",\"@id\":\"https:\/\/turismo.ayto-nuevobaztan.es\/es\/noticias\/presentacion-del-libro-los-agotes-del-baztan-en-el-palacio-juan-de-goyeneche\/\",\"url\":\"https:\/\/turismo.ayto-nuevobaztan.es\/es\/noticias\/presentacion-del-libro-los-agotes-del-baztan-en-el-palacio-juan-de-goyeneche\/\",\"name\":\"Presentaci\u00f3n del libro \u201cLos Agotes del Bazt\u00e1n\u201d en el Palacio Juan de Goyeneche - Turismo Nuevo Bazt\u00e1n\",\"isPartOf\":{\"@id\":\"https:\/\/turismo.ayto-nuevobaztan.es\/es\/#website\"},\"primaryImageOfPage\":{\"@id\":\"https:\/\/turismo.ayto-nuevobaztan.es\/es\/noticias\/presentacion-del-libro-los-agotes-del-baztan-en-el-palacio-juan-de-goyeneche\/#primaryimage\"},\"image\":{\"@id\":\"https:\/\/turismo.ayto-nuevobaztan.es\/es\/noticias\/presentacion-del-libro-los-agotes-del-baztan-en-el-palacio-juan-de-goyeneche\/#primaryimage\"},\"thumbnailUrl\":\"https:\/\/turismo.ayto-nuevobaztan.es\/wp-content\/uploads\/2025\/12\/Foto-luz-nogues-palacio.jpg\",\"datePublished\":\"2025-12-15T08:36:34+00:00\",\"dateModified\":\"2026-01-26T21:02:23+00:00\",\"description\":\"La historia de nuestra fundaci\u00f3n de la mano de una novela que nos habla los primeros habitantes del municipio.\",\"breadcrumb\":{\"@id\":\"https:\/\/turismo.ayto-nuevobaztan.es\/es\/noticias\/presentacion-del-libro-los-agotes-del-baztan-en-el-palacio-juan-de-goyeneche\/#breadcrumb\"},\"inLanguage\":\"es\",\"potentialAction\":[{\"@type\":\"ReadAction\",\"target\":[\"https:\/\/turismo.ayto-nuevobaztan.es\/es\/noticias\/presentacion-del-libro-los-agotes-del-baztan-en-el-palacio-juan-de-goyeneche\/\"]}]},{\"@type\":\"ImageObject\",\"inLanguage\":\"es\",\"@id\":\"https:\/\/turismo.ayto-nuevobaztan.es\/es\/noticias\/presentacion-del-libro-los-agotes-del-baztan-en-el-palacio-juan-de-goyeneche\/#primaryimage\",\"url\":\"https:\/\/turismo.ayto-nuevobaztan.es\/wp-content\/uploads\/2025\/12\/Foto-luz-nogues-palacio.jpg\",\"contentUrl\":\"https:\/\/turismo.ayto-nuevobaztan.es\/wp-content\/uploads\/2025\/12\/Foto-luz-nogues-palacio.jpg\",\"width\":1080,\"height\":1350},{\"@type\":\"BreadcrumbList\",\"@id\":\"https:\/\/turismo.ayto-nuevobaztan.es\/es\/noticias\/presentacion-del-libro-los-agotes-del-baztan-en-el-palacio-juan-de-goyeneche\/#breadcrumb\",\"itemListElement\":[{\"@type\":\"ListItem\",\"position\":1,\"name\":\"Inicio\",\"item\":\"https:\/\/turismo.ayto-nuevobaztan.es\/es\/\"},{\"@type\":\"ListItem\",\"position\":2,\"name\":\"Presentaci\u00f3n del libro \u201cLos Agotes del Bazt\u00e1n\u201d en el Palacio Juan de Goyeneche\"}]},{\"@type\":\"WebSite\",\"@id\":\"https:\/\/turismo.ayto-nuevobaztan.es\/es\/#website\",\"url\":\"https:\/\/turismo.ayto-nuevobaztan.es\/es\/\",\"name\":\"Turismo Nuevo Bazt\u00e1n\",\"description\":\"\",\"publisher\":{\"@id\":\"https:\/\/turismo.ayto-nuevobaztan.es\/es\/#organization\"},\"potentialAction\":[{\"@type\":\"SearchAction\",\"target\":{\"@type\":\"EntryPoint\",\"urlTemplate\":\"https:\/\/turismo.ayto-nuevobaztan.es\/es\/?s={search_term_string}\"},\"query-input\":{\"@type\":\"PropertyValueSpecification\",\"valueRequired\":true,\"valueName\":\"search_term_string\"}}],\"inLanguage\":\"es\"},{\"@type\":\"Organization\",\"@id\":\"https:\/\/turismo.ayto-nuevobaztan.es\/es\/#organization\",\"name\":\"Turismo Nuevo Bazt\u00e1n\",\"url\":\"https:\/\/turismo.ayto-nuevobaztan.es\/es\/\",\"logo\":{\"@type\":\"ImageObject\",\"inLanguage\":\"es\",\"@id\":\"https:\/\/turismo.ayto-nuevobaztan.es\/es\/#\/schema\/logo\/image\/\",\"url\":\"https:\/\/turismo.ayto-nuevobaztan.es\/wp-content\/uploads\/2025\/12\/logo.png\",\"contentUrl\":\"https:\/\/turismo.ayto-nuevobaztan.es\/wp-content\/uploads\/2025\/12\/logo.png\",\"width\":1847,\"height\":1787,\"caption\":\"Turismo Nuevo Bazt\u00e1n\"},\"image\":{\"@id\":\"https:\/\/turismo.ayto-nuevobaztan.es\/es\/#\/schema\/logo\/image\/\"},\"sameAs\":[\"https:\/\/www.facebook.com\/turismonuevobaztan\/\",\"https:\/\/x.com\/TurismoNBaztan\"]},{\"@type\":\"Person\",\"@id\":\"https:\/\/turismo.ayto-nuevobaztan.es\/es\/#\/schema\/person\/bc781c848e33ae71437002fa79b5c3df\",\"name\":\"Turismo Nuevo Bazt\u00e1n\",\"image\":{\"@type\":\"ImageObject\",\"inLanguage\":\"es\",\"@id\":\"https:\/\/secure.gravatar.com\/avatar\/c34f0d8aae58e8accb5d24f13ebda51911caa6f3106f7c0db25bd0888b071620?s=96&d=mm&r=g\",\"url\":\"https:\/\/secure.gravatar.com\/avatar\/c34f0d8aae58e8accb5d24f13ebda51911caa6f3106f7c0db25bd0888b071620?s=96&d=mm&r=g\",\"contentUrl\":\"https:\/\/secure.gravatar.com\/avatar\/c34f0d8aae58e8accb5d24f13ebda51911caa6f3106f7c0db25bd0888b071620?s=96&d=mm&r=g\",\"caption\":\"Turismo Nuevo Bazt\u00e1n\"},\"url\":\"#\"}]}<\/script>\n<!-- \/ Yoast SEO plugin. -->","yoast_head_json":{"title":"Presentaci\u00f3n del libro \u201cLos Agotes del Bazt\u00e1n\u201d en el Palacio Juan de Goyeneche - Turismo Nuevo Bazt\u00e1n","description":"La historia de nuestra fundaci\u00f3n de la mano de una novela que nos habla los primeros habitantes del municipio.","robots":{"index":"index","follow":"follow","max-snippet":"max-snippet:-1","max-image-preview":"max-image-preview:large","max-video-preview":"max-video-preview:-1"},"canonical":"https:\/\/turismo.ayto-nuevobaztan.es\/es\/noticias\/presentacion-del-libro-los-agotes-del-baztan-en-el-palacio-juan-de-goyeneche\/","og_locale":"es_ES","og_type":"article","og_title":"Presentaci\u00f3n del libro \u201cLos Agotes del Bazt\u00e1n\u201d en el Palacio Juan de Goyeneche","og_description":"La historia de nuestra fundaci\u00f3n de la mano de una novela que nos habla los primeros habitantes del municipio.","og_url":"https:\/\/turismo.ayto-nuevobaztan.es\/es\/noticias\/presentacion-del-libro-los-agotes-del-baztan-en-el-palacio-juan-de-goyeneche\/","og_site_name":"Turismo Nuevo Bazt\u00e1n","article_publisher":"https:\/\/www.facebook.com\/turismonuevobaztan\/","article_published_time":"2025-12-15T08:36:34+00:00","article_modified_time":"2026-01-26T21:02:23+00:00","og_image":[{"width":1200,"height":1600,"url":"https:\/\/turismo.ayto-nuevobaztan.es\/wp-content\/uploads\/2025\/12\/Foto-Luz-nogues-libro.jpeg","type":"image\/jpeg"}],"author":"Turismo Nuevo Bazt\u00e1n","twitter_card":"summary_large_image","twitter_creator":"@TurismoNBaztan","twitter_site":"@TurismoNBaztan","twitter_misc":{"Escrito por":"Turismo Nuevo Bazt\u00e1n","Tiempo de lectura":"2 minutos"},"schema":{"@context":"https:\/\/schema.org","@graph":[{"@type":"Article","@id":"https:\/\/turismo.ayto-nuevobaztan.es\/es\/noticias\/presentacion-del-libro-los-agotes-del-baztan-en-el-palacio-juan-de-goyeneche\/#article","isPartOf":{"@id":"https:\/\/turismo.ayto-nuevobaztan.es\/es\/noticias\/presentacion-del-libro-los-agotes-del-baztan-en-el-palacio-juan-de-goyeneche\/"},"author":{"name":"Turismo Nuevo Bazt\u00e1n","@id":"https:\/\/turismo.ayto-nuevobaztan.es\/es\/#\/schema\/person\/bc781c848e33ae71437002fa79b5c3df"},"headline":"Presentaci\u00f3n del libro \u201cLos Agotes del Bazt\u00e1n\u201d en el Palacio Juan de Goyeneche","datePublished":"2025-12-15T08:36:34+00:00","dateModified":"2026-01-26T21:02:23+00:00","mainEntityOfPage":{"@id":"https:\/\/turismo.ayto-nuevobaztan.es\/es\/noticias\/presentacion-del-libro-los-agotes-del-baztan-en-el-palacio-juan-de-goyeneche\/"},"wordCount":245,"publisher":{"@id":"https:\/\/turismo.ayto-nuevobaztan.es\/es\/#organization"},"image":{"@id":"https:\/\/turismo.ayto-nuevobaztan.es\/es\/noticias\/presentacion-del-libro-los-agotes-del-baztan-en-el-palacio-juan-de-goyeneche\/#primaryimage"},"thumbnailUrl":"https:\/\/turismo.ayto-nuevobaztan.es\/wp-content\/uploads\/2025\/12\/Foto-luz-nogues-palacio.jpg","articleSection":["actividades"],"inLanguage":"es"},{"@type":"WebPage","@id":"https:\/\/turismo.ayto-nuevobaztan.es\/es\/noticias\/presentacion-del-libro-los-agotes-del-baztan-en-el-palacio-juan-de-goyeneche\/","url":"https:\/\/turismo.ayto-nuevobaztan.es\/es\/noticias\/presentacion-del-libro-los-agotes-del-baztan-en-el-palacio-juan-de-goyeneche\/","name":"Presentaci\u00f3n del libro \u201cLos Agotes del Bazt\u00e1n\u201d en el Palacio Juan de Goyeneche - Turismo Nuevo Bazt\u00e1n","isPartOf":{"@id":"https:\/\/turismo.ayto-nuevobaztan.es\/es\/#website"},"primaryImageOfPage":{"@id":"https:\/\/turismo.ayto-nuevobaztan.es\/es\/noticias\/presentacion-del-libro-los-agotes-del-baztan-en-el-palacio-juan-de-goyeneche\/#primaryimage"},"image":{"@id":"https:\/\/turismo.ayto-nuevobaztan.es\/es\/noticias\/presentacion-del-libro-los-agotes-del-baztan-en-el-palacio-juan-de-goyeneche\/#primaryimage"},"thumbnailUrl":"https:\/\/turismo.ayto-nuevobaztan.es\/wp-content\/uploads\/2025\/12\/Foto-luz-nogues-palacio.jpg","datePublished":"2025-12-15T08:36:34+00:00","dateModified":"2026-01-26T21:02:23+00:00","description":"La historia de nuestra fundaci\u00f3n de la mano de una novela que nos habla los primeros habitantes del municipio.","breadcrumb":{"@id":"https:\/\/turismo.ayto-nuevobaztan.es\/es\/noticias\/presentacion-del-libro-los-agotes-del-baztan-en-el-palacio-juan-de-goyeneche\/#breadcrumb"},"inLanguage":"es","potentialAction":[{"@type":"ReadAction","target":["https:\/\/turismo.ayto-nuevobaztan.es\/es\/noticias\/presentacion-del-libro-los-agotes-del-baztan-en-el-palacio-juan-de-goyeneche\/"]}]},{"@type":"ImageObject","inLanguage":"es","@id":"https:\/\/turismo.ayto-nuevobaztan.es\/es\/noticias\/presentacion-del-libro-los-agotes-del-baztan-en-el-palacio-juan-de-goyeneche\/#primaryimage","url":"https:\/\/turismo.ayto-nuevobaztan.es\/wp-content\/uploads\/2025\/12\/Foto-luz-nogues-palacio.jpg","contentUrl":"https:\/\/turismo.ayto-nuevobaztan.es\/wp-content\/uploads\/2025\/12\/Foto-luz-nogues-palacio.jpg","width":1080,"height":1350},{"@type":"BreadcrumbList","@id":"https:\/\/turismo.ayto-nuevobaztan.es\/es\/noticias\/presentacion-del-libro-los-agotes-del-baztan-en-el-palacio-juan-de-goyeneche\/#breadcrumb","itemListElement":[{"@type":"ListItem","position":1,"name":"Inicio","item":"https:\/\/turismo.ayto-nuevobaztan.es\/es\/"},{"@type":"ListItem","position":2,"name":"Presentaci\u00f3n del libro \u201cLos Agotes del Bazt\u00e1n\u201d en el Palacio Juan de Goyeneche"}]},{"@type":"WebSite","@id":"https:\/\/turismo.ayto-nuevobaztan.es\/es\/#website","url":"https:\/\/turismo.ayto-nuevobaztan.es\/es\/","name":"Turismo Nuevo Bazt\u00e1n","description":"","publisher":{"@id":"https:\/\/turismo.ayto-nuevobaztan.es\/es\/#organization"},"potentialAction":[{"@type":"SearchAction","target":{"@type":"EntryPoint","urlTemplate":"https:\/\/turismo.ayto-nuevobaztan.es\/es\/?s={search_term_string}"},"query-input":{"@type":"PropertyValueSpecification","valueRequired":true,"valueName":"search_term_string"}}],"inLanguage":"es"},{"@type":"Organization","@id":"https:\/\/turismo.ayto-nuevobaztan.es\/es\/#organization","name":"Turismo Nuevo Bazt\u00e1n","url":"https:\/\/turismo.ayto-nuevobaztan.es\/es\/","logo":{"@type":"ImageObject","inLanguage":"es","@id":"https:\/\/turismo.ayto-nuevobaztan.es\/es\/#\/schema\/logo\/image\/","url":"https:\/\/turismo.ayto-nuevobaztan.es\/wp-content\/uploads\/2025\/12\/logo.png","contentUrl":"https:\/\/turismo.ayto-nuevobaztan.es\/wp-content\/uploads\/2025\/12\/logo.png","width":1847,"height":1787,"caption":"Turismo Nuevo Bazt\u00e1n"},"image":{"@id":"https:\/\/turismo.ayto-nuevobaztan.es\/es\/#\/schema\/logo\/image\/"},"sameAs":["https:\/\/www.facebook.com\/turismonuevobaztan\/","https:\/\/x.com\/TurismoNBaztan"]},{"@type":"Person","@id":"https:\/\/turismo.ayto-nuevobaztan.es\/es\/#\/schema\/person\/bc781c848e33ae71437002fa79b5c3df","name":"Turismo Nuevo Bazt\u00e1n","image":{"@type":"ImageObject","inLanguage":"es","@id":"https:\/\/secure.gravatar.com\/avatar\/c34f0d8aae58e8accb5d24f13ebda51911caa6f3106f7c0db25bd0888b071620?s=96&d=mm&r=g","url":"https:\/\/secure.gravatar.com\/avatar\/c34f0d8aae58e8accb5d24f13ebda51911caa6f3106f7c0db25bd0888b071620?s=96&d=mm&r=g","contentUrl":"https:\/\/secure.gravatar.com\/avatar\/c34f0d8aae58e8accb5d24f13ebda51911caa6f3106f7c0db25bd0888b071620?s=96&d=mm&r=g","caption":"Turismo Nuevo Bazt\u00e1n"},"url":"#"}]}},"_links":{"self":[{"href":"https:\/\/turismo.ayto-nuevobaztan.es\/es\/wp-json\/wp\/v2\/posts\/2386","targetHints":{"allow":["GET"]}}],"collection":[{"href":"https:\/\/turismo.ayto-nuevobaztan.es\/es\/wp-json\/wp\/v2\/posts"}],"about":[{"href":"https:\/\/turismo.ayto-nuevobaztan.es\/es\/wp-json\/wp\/v2\/types\/post"}],"author":[{"embeddable":true,"href":"https:\/\/turismo.ayto-nuevobaztan.es\/es\/wp-json\/wp\/v2\/users\/2"}],"replies":[{"embeddable":true,"href":"https:\/\/turismo.ayto-nuevobaztan.es\/es\/wp-json\/wp\/v2\/comments?post=2386"}],"version-history":[{"count":1,"href":"https:\/\/turismo.ayto-nuevobaztan.es\/es\/wp-json\/wp\/v2\/posts\/2386\/revisions"}],"predecessor-version":[{"id":3175,"href":"https:\/\/turismo.ayto-nuevobaztan.es\/es\/wp-json\/wp\/v2\/posts\/2386\/revisions\/3175"}],"wp:featuredmedia":[{"embeddable":true,"href":"https:\/\/turismo.ayto-nuevobaztan.es\/es\/wp-json\/wp\/v2\/media\/2389"}],"wp:attachment":[{"href":"https:\/\/turismo.ayto-nuevobaztan.es\/es\/wp-json\/wp\/v2\/media?parent=2386"}],"wp:term":[{"taxonomy":"category","embeddable":true,"href":"https:\/\/turismo.ayto-nuevobaztan.es\/es\/wp-json\/wp\/v2\/categories?post=2386"},{"taxonomy":"post_tag","embeddable":true,"href":"https:\/\/turismo.ayto-nuevobaztan.es\/es\/wp-json\/wp\/v2\/tags?post=2386"}],"curies":[{"name":"wp","href":"https:\/\/api.w.org\/{rel}","templated":true}]}}