{"id":2365,"date":"2025-11-21T13:06:20","date_gmt":"2025-11-21T12:06:20","guid":{"rendered":"https:\/\/turismo.ayto-nuevobaztan.es\/?p=2365"},"modified":"2025-11-21T13:06:20","modified_gmt":"2025-11-21T12:06:20","slug":"el-palacio-de-juan-de-goyeneche-acoge-la-exposicion-animales-y-personajes-fantasticos","status":"publish","type":"post","link":"https:\/\/turismo.ayto-nuevobaztan.es\/es\/noticias\/el-palacio-de-juan-de-goyeneche-acoge-la-exposicion-animales-y-personajes-fantasticos\/","title":{"rendered":"El Palacio de Juan de Goyeneche acoge la exposici\u00f3n \u201cAnimales y Personajes Fant\u00e1sticos\u201d"},"content":{"rendered":"<p><span data-contrast=\"auto\">El Ayuntamiento de Nuevo Bazt\u00e1n presenta la nueva exposici\u00f3n\u00a0<\/span><b><span data-contrast=\"auto\">\u201cAnimales y Personajes Fant\u00e1sticos\u201d<\/span><\/b><span data-contrast=\"auto\">, una muestra realizada por\u00a0los alumnos\u00a0de la artista y docente\u00a0<\/span><b><span data-contrast=\"auto\">Susana Palacios<\/span><\/b><span data-contrast=\"auto\">, vecina del municipio. La exposici\u00f3n podr\u00e1 visitarse en las salas del\u00a0<\/span><b><span data-contrast=\"auto\">Palacio de Juan de Goyeneche<\/span><\/b><span data-contrast=\"auto\">\u00a0desde el\u00a0<\/span><b><span data-contrast=\"auto\">s\u00e1bado 22 de noviembre hasta el domingo 30 de noviembre<\/span><\/b><span data-contrast=\"auto\">, coincidiendo con el horario habitual de la\u00a0<\/span><b><span data-contrast=\"auto\">Oficina de Turismo de Nuevo Bazt\u00e1n<\/span><\/b><span data-contrast=\"auto\">.<\/span><span data-ccp-props=\"{&quot;134233117&quot;:false,&quot;134233118&quot;:false,&quot;201341983&quot;:0,&quot;335551550&quot;:6,&quot;335551620&quot;:6,&quot;335559738&quot;:240,&quot;335559739&quot;:240,&quot;335559740&quot;:360}\">\u00a0<\/span><\/p>\n<p><span data-contrast=\"auto\">La muestra re\u00fane los trabajos de j\u00f3venes creadores de entre\u00a0<\/span><b><span data-contrast=\"auto\">4 y 15 a\u00f1os<\/span><\/b><span data-contrast=\"auto\">, que presentan su particular visi\u00f3n del mundo a trav\u00e9s de obras enmarcadas en la fantas\u00eda, los animales imaginarios y personajes creados desde la imaginaci\u00f3n. Se trata de una visi\u00f3n\u00a0<\/span><b><span data-contrast=\"auto\">espont\u00e1nea, fresca y personal<\/span><\/b><span data-contrast=\"auto\">, resultado de una\u00a0<\/span><b><span data-contrast=\"auto\">creatividad dirigida<\/span><\/b><span data-contrast=\"auto\">\u00a0en el taller que imparte Susana Palacios.<\/span><span data-ccp-props=\"{&quot;134233117&quot;:false,&quot;134233118&quot;:false,&quot;201341983&quot;:0,&quot;335551550&quot;:6,&quot;335551620&quot;:6,&quot;335559738&quot;:240,&quot;335559739&quot;:240,&quot;335559740&quot;:360}\">\u00a0<\/span><\/p>\n<p><span data-contrast=\"auto\">La exposici\u00f3n incluir\u00e1 cerca de\u00a0<\/span><b><span data-contrast=\"auto\">70 cuadros<\/span><\/b><span data-contrast=\"auto\">, algunos de ellos realizados por la propia artista, que desarrolla en el municipio un completo programa formativo en\u00a0<\/span><b><span data-contrast=\"auto\">dibujo, pintura art\u00edstica y modelado<\/span><\/b><span data-contrast=\"auto\">, fomentando el talento local y el gusto por las artes pl\u00e1sticas.<\/span><span data-ccp-props=\"{&quot;134233117&quot;:false,&quot;134233118&quot;:false,&quot;201341983&quot;:0,&quot;335551550&quot;:6,&quot;335551620&quot;:6,&quot;335559738&quot;:240,&quot;335559739&quot;:240,&quot;335559740&quot;:360}\">\u00a0<\/span><\/p>\n<p><span data-contrast=\"auto\">Con esta iniciativa, Nuevo Bazt\u00e1n contin\u00faa apoyando la actividad cultural y el trabajo de sus creadoras y creadores, promoviendo espacios de aprendizaje y expresi\u00f3n art\u00edstica para la ciudadan\u00eda m\u00e1s joven.<\/span><span data-ccp-props=\"{&quot;134233117&quot;:false,&quot;134233118&quot;:false,&quot;201341983&quot;:0,&quot;335551550&quot;:6,&quot;335551620&quot;:6,&quot;335559738&quot;:240,&quot;335559739&quot;:240,&quot;335559740&quot;:360}\">\u00a0<\/span><\/p>\n<p><b><span data-contrast=\"auto\">\u201cEs una alegr\u00eda poder mostrar el talento y la creatividad de nuestros j\u00f3venes artistas, fruto del trabajo realizado en\u00a0mi\u00a0taller. Invitamos a toda la ciudadan\u00eda a disfrutar de esta exposici\u00f3n tan especial\u201d<\/span><\/b><span data-contrast=\"auto\">, ha se\u00f1alado\u00a0Susana Palacios.<\/span><span data-ccp-props=\"{&quot;134233117&quot;:false,&quot;134233118&quot;:false,&quot;201341983&quot;:0,&quot;335551550&quot;:6,&quot;335551620&quot;:6,&quot;335559738&quot;:240,&quot;335559739&quot;:240,&quot;335559740&quot;:360}\">\u00a0<\/span><\/p>\n<p>&nbsp;<\/p>\n\n\t\t<style>\n\t\t\t#gallery-1 {\n\t\t\t\tmargin: auto;\n\t\t\t}\n\t\t\t#gallery-1 .gallery-item {\n\t\t\t\tfloat: left;\n\t\t\t\tmargin-top: 10px;\n\t\t\t\ttext-align: center;\n\t\t\t\twidth: 33%;\n\t\t\t}\n\t\t\t#gallery-1 img {\n\t\t\t\tborder: 2px solid #cfcfcf;\n\t\t\t}\n\t\t\t#gallery-1 .gallery-caption {\n\t\t\t\tmargin-left: 0;\n\t\t\t}\n\t\t\t\/* see gallery_shortcode() in wp-includes\/media.php *\/\n\t\t<\/style>\n\t\t<div id='gallery-1' class='gallery galleryid-2365 gallery-columns-3 gallery-size-thumbnail'><dl class='gallery-item'>\n\t\t\t<dt class='gallery-icon portrait'>\n\t\t\t\t<a href='https:\/\/turismo.ayto-nuevobaztan.es\/es\/noticias\/el-palacio-de-juan-de-goyeneche-acoge-la-exposicion-animales-y-personajes-fantasticos\/attachment\/expo-animales-y-personajes-fantasticos-02\/'><img loading=\"lazy\" decoding=\"async\" width=\"113\" height=\"150\" src=\"https:\/\/turismo.ayto-nuevobaztan.es\/wp-content\/uploads\/2025\/11\/Expo-Animales-y-Personajes-Fantasticos-02.jpg\" class=\"attachment-thumbnail size-thumbnail\" alt=\"\" srcset=\"https:\/\/turismo.ayto-nuevobaztan.es\/wp-content\/uploads\/2025\/11\/Expo-Animales-y-Personajes-Fantasticos-02.jpg 694w, https:\/\/turismo.ayto-nuevobaztan.es\/wp-content\/uploads\/2025\/11\/Expo-Animales-y-Personajes-Fantasticos-02-600x797.jpg 600w\" sizes=\"auto, (max-width: 113px) 100vw, 113px\" \/><\/a>\n\t\t\t<\/dt><\/dl><dl class='gallery-item'>\n\t\t\t<dt class='gallery-icon landscape'>\n\t\t\t\t<a href='https:\/\/turismo.ayto-nuevobaztan.es\/es\/noticias\/el-palacio-de-juan-de-goyeneche-acoge-la-exposicion-animales-y-personajes-fantasticos\/attachment\/expo-animales-y-personajes-fantasticos-01\/'><img loading=\"lazy\" decoding=\"async\" width=\"150\" height=\"113\" src=\"https:\/\/turismo.ayto-nuevobaztan.es\/wp-content\/uploads\/2025\/11\/Expo-Animales-y-Personajes-Fantasticos-01.jpg\" class=\"attachment-thumbnail size-thumbnail\" alt=\"\" srcset=\"https:\/\/turismo.ayto-nuevobaztan.es\/wp-content\/uploads\/2025\/11\/Expo-Animales-y-Personajes-Fantasticos-01.jpg 922w, https:\/\/turismo.ayto-nuevobaztan.es\/wp-content\/uploads\/2025\/11\/Expo-Animales-y-Personajes-Fantasticos-01-600x452.jpg 600w\" sizes=\"auto, (max-width: 150px) 100vw, 150px\" \/><\/a>\n\t\t\t<\/dt><\/dl><dl class='gallery-item'>\n\t\t\t<dt class='gallery-icon portrait'>\n\t\t\t\t<a href='https:\/\/turismo.ayto-nuevobaztan.es\/es\/noticias\/el-palacio-de-juan-de-goyeneche-acoge-la-exposicion-animales-y-personajes-fantasticos\/attachment\/expo-animales-y-personajes-fantasticos-03\/'><img loading=\"lazy\" decoding=\"async\" width=\"113\" height=\"150\" src=\"https:\/\/turismo.ayto-nuevobaztan.es\/wp-content\/uploads\/2025\/11\/Expo-Animales-y-Personajes-Fantasticos-03.jpg\" class=\"attachment-thumbnail size-thumbnail\" alt=\"\" srcset=\"https:\/\/turismo.ayto-nuevobaztan.es\/wp-content\/uploads\/2025\/11\/Expo-Animales-y-Personajes-Fantasticos-03.jpg 694w, https:\/\/turismo.ayto-nuevobaztan.es\/wp-content\/uploads\/2025\/11\/Expo-Animales-y-Personajes-Fantasticos-03-600x797.jpg 600w\" sizes=\"auto, (max-width: 113px) 100vw, 113px\" \/><\/a>\n\t\t\t<\/dt><\/dl><br style=\"clear: both\" \/>\n\t\t<\/div>\n\n","protected":false},"excerpt":{"rendered":"<p>El Ayuntamiento de Nuevo Bazt\u00e1n presenta la nueva exposici\u00f3n\u00a0\u201cAnimales y Personajes Fant\u00e1sticos\u201d, una muestra realizada por\u00a0los alumnos\u00a0de la artista y docente\u00a0Susana Palacios, vecina del municipio. La exposici\u00f3n podr\u00e1 visitarse en las salas del\u00a0Palacio de Juan de Goyeneche\u00a0desde el\u00a0s\u00e1bado 22 de noviembre hasta el domingo 30 de noviembre, coincidiendo con el horario habitual de la\u00a0Oficina de&hellip;<\/p>\n","protected":false},"author":2,"featured_media":2367,"comment_status":"closed","ping_status":"closed","sticky":false,"template":"","format":"standard","meta":{"_acf_changed":false,"footnotes":""},"categories":[14],"tags":[],"class_list":["post-2365","post","type-post","status-publish","format-standard","has-post-thumbnail","hentry","category-actividades-nuevo-batzan"],"acf":[],"yoast_head":"<!-- This site is optimized with the Yoast SEO plugin v27.2 - https:\/\/yoast.com\/product\/yoast-seo-wordpress\/ -->\n<title>El Palacio de Juan de Goyeneche acoge la exposici\u00f3n \u201cAnimales y Personajes Fant\u00e1sticos\u201d<\/title>\n<meta name=\"description\" content=\"Podremos disfrutar de ella hasta el pr\u00f3ximo 30 de noviembre en el horario habitual de la Oficina de Turismo.\" \/>\n<meta name=\"robots\" content=\"index, follow, max-snippet:-1, max-image-preview:large, max-video-preview:-1\" \/>\n<link rel=\"canonical\" href=\"https:\/\/turismo.ayto-nuevobaztan.es\/es\/noticias\/el-palacio-de-juan-de-goyeneche-acoge-la-exposicion-animales-y-personajes-fantasticos\/\" \/>\n<meta property=\"og:locale\" content=\"es_ES\" \/>\n<meta property=\"og:type\" content=\"article\" \/>\n<meta property=\"og:title\" content=\"El Palacio de Juan de Goyeneche acoge la exposici\u00f3n \u201cAnimales y Personajes Fant\u00e1sticos\u201d\" \/>\n<meta property=\"og:description\" content=\"Podremos disfrutar de ella hasta el pr\u00f3ximo 30 de noviembre en el horario habitual de la Oficina de Turismo.\" \/>\n<meta property=\"og:url\" content=\"https:\/\/turismo.ayto-nuevobaztan.es\/es\/noticias\/el-palacio-de-juan-de-goyeneche-acoge-la-exposicion-animales-y-personajes-fantasticos\/\" \/>\n<meta property=\"og:site_name\" content=\"Turismo Nuevo Bazt\u00e1n\" \/>\n<meta property=\"article:publisher\" content=\"https:\/\/www.facebook.com\/turismonuevobaztan\/\" \/>\n<meta property=\"article:published_time\" content=\"2025-11-21T12:06:20+00:00\" \/>\n<meta property=\"og:image\" content=\"https:\/\/turismo.ayto-nuevobaztan.es\/wp-content\/uploads\/2025\/11\/Expo-Animales-y-Personajes-Fantasticos-01.jpg\" \/>\n\t<meta property=\"og:image:width\" content=\"922\" \/>\n\t<meta property=\"og:image:height\" content=\"694\" \/>\n\t<meta property=\"og:image:type\" content=\"image\/jpeg\" \/>\n<meta name=\"author\" content=\"Turismo Nuevo Bazt\u00e1n\" \/>\n<meta name=\"twitter:card\" content=\"summary_large_image\" \/>\n<meta name=\"twitter:creator\" content=\"@TurismoNBaztan\" \/>\n<meta name=\"twitter:site\" content=\"@TurismoNBaztan\" \/>\n<meta name=\"twitter:label1\" content=\"Escrito por\" \/>\n\t<meta name=\"twitter:data1\" content=\"Turismo Nuevo Bazt\u00e1n\" \/>\n\t<meta name=\"twitter:label2\" content=\"Tiempo de lectura\" \/>\n\t<meta name=\"twitter:data2\" content=\"2 minutos\" \/>\n<script type=\"application\/ld+json\" class=\"yoast-schema-graph\">{\"@context\":\"https:\/\/schema.org\",\"@graph\":[{\"@type\":\"Article\",\"@id\":\"https:\/\/turismo.ayto-nuevobaztan.es\/es\/noticias\/el-palacio-de-juan-de-goyeneche-acoge-la-exposicion-animales-y-personajes-fantasticos\/#article\",\"isPartOf\":{\"@id\":\"https:\/\/turismo.ayto-nuevobaztan.es\/es\/noticias\/el-palacio-de-juan-de-goyeneche-acoge-la-exposicion-animales-y-personajes-fantasticos\/\"},\"author\":{\"name\":\"Turismo Nuevo Bazt\u00e1n\",\"@id\":\"https:\/\/turismo.ayto-nuevobaztan.es\/es\/#\/schema\/person\/bc781c848e33ae71437002fa79b5c3df\"},\"headline\":\"El Palacio de Juan de Goyeneche acoge la exposici\u00f3n \u201cAnimales y Personajes Fant\u00e1sticos\u201d\",\"datePublished\":\"2025-11-21T12:06:20+00:00\",\"mainEntityOfPage\":{\"@id\":\"https:\/\/turismo.ayto-nuevobaztan.es\/es\/noticias\/el-palacio-de-juan-de-goyeneche-acoge-la-exposicion-animales-y-personajes-fantasticos\/\"},\"wordCount\":276,\"publisher\":{\"@id\":\"https:\/\/turismo.ayto-nuevobaztan.es\/es\/#organization\"},\"image\":{\"@id\":\"https:\/\/turismo.ayto-nuevobaztan.es\/es\/noticias\/el-palacio-de-juan-de-goyeneche-acoge-la-exposicion-animales-y-personajes-fantasticos\/#primaryimage\"},\"thumbnailUrl\":\"https:\/\/turismo.ayto-nuevobaztan.es\/wp-content\/uploads\/2025\/11\/Expo-Animales-y-Personajes-Fantasticos-01.jpg\",\"articleSection\":[\"actividades\"],\"inLanguage\":\"es\"},{\"@type\":\"WebPage\",\"@id\":\"https:\/\/turismo.ayto-nuevobaztan.es\/es\/noticias\/el-palacio-de-juan-de-goyeneche-acoge-la-exposicion-animales-y-personajes-fantasticos\/\",\"url\":\"https:\/\/turismo.ayto-nuevobaztan.es\/es\/noticias\/el-palacio-de-juan-de-goyeneche-acoge-la-exposicion-animales-y-personajes-fantasticos\/\",\"name\":\"El Palacio de Juan de Goyeneche acoge la exposici\u00f3n \u201cAnimales y Personajes Fant\u00e1sticos\u201d\",\"isPartOf\":{\"@id\":\"https:\/\/turismo.ayto-nuevobaztan.es\/es\/#website\"},\"primaryImageOfPage\":{\"@id\":\"https:\/\/turismo.ayto-nuevobaztan.es\/es\/noticias\/el-palacio-de-juan-de-goyeneche-acoge-la-exposicion-animales-y-personajes-fantasticos\/#primaryimage\"},\"image\":{\"@id\":\"https:\/\/turismo.ayto-nuevobaztan.es\/es\/noticias\/el-palacio-de-juan-de-goyeneche-acoge-la-exposicion-animales-y-personajes-fantasticos\/#primaryimage\"},\"thumbnailUrl\":\"https:\/\/turismo.ayto-nuevobaztan.es\/wp-content\/uploads\/2025\/11\/Expo-Animales-y-Personajes-Fantasticos-01.jpg\",\"datePublished\":\"2025-11-21T12:06:20+00:00\",\"description\":\"Podremos disfrutar de ella hasta el pr\u00f3ximo 30 de noviembre en el horario habitual de la Oficina de Turismo.\",\"breadcrumb\":{\"@id\":\"https:\/\/turismo.ayto-nuevobaztan.es\/es\/noticias\/el-palacio-de-juan-de-goyeneche-acoge-la-exposicion-animales-y-personajes-fantasticos\/#breadcrumb\"},\"inLanguage\":\"es\",\"potentialAction\":[{\"@type\":\"ReadAction\",\"target\":[\"https:\/\/turismo.ayto-nuevobaztan.es\/es\/noticias\/el-palacio-de-juan-de-goyeneche-acoge-la-exposicion-animales-y-personajes-fantasticos\/\"]}]},{\"@type\":\"ImageObject\",\"inLanguage\":\"es\",\"@id\":\"https:\/\/turismo.ayto-nuevobaztan.es\/es\/noticias\/el-palacio-de-juan-de-goyeneche-acoge-la-exposicion-animales-y-personajes-fantasticos\/#primaryimage\",\"url\":\"https:\/\/turismo.ayto-nuevobaztan.es\/wp-content\/uploads\/2025\/11\/Expo-Animales-y-Personajes-Fantasticos-01.jpg\",\"contentUrl\":\"https:\/\/turismo.ayto-nuevobaztan.es\/wp-content\/uploads\/2025\/11\/Expo-Animales-y-Personajes-Fantasticos-01.jpg\",\"width\":922,\"height\":694},{\"@type\":\"BreadcrumbList\",\"@id\":\"https:\/\/turismo.ayto-nuevobaztan.es\/es\/noticias\/el-palacio-de-juan-de-goyeneche-acoge-la-exposicion-animales-y-personajes-fantasticos\/#breadcrumb\",\"itemListElement\":[{\"@type\":\"ListItem\",\"position\":1,\"name\":\"Inicio\",\"item\":\"https:\/\/turismo.ayto-nuevobaztan.es\/es\/\"},{\"@type\":\"ListItem\",\"position\":2,\"name\":\"El Palacio de Juan de Goyeneche acoge la exposici\u00f3n \u201cAnimales y Personajes Fant\u00e1sticos\u201d\"}]},{\"@type\":\"WebSite\",\"@id\":\"https:\/\/turismo.ayto-nuevobaztan.es\/es\/#website\",\"url\":\"https:\/\/turismo.ayto-nuevobaztan.es\/es\/\",\"name\":\"Turismo Nuevo Bazt\u00e1n\",\"description\":\"\",\"publisher\":{\"@id\":\"https:\/\/turismo.ayto-nuevobaztan.es\/es\/#organization\"},\"potentialAction\":[{\"@type\":\"SearchAction\",\"target\":{\"@type\":\"EntryPoint\",\"urlTemplate\":\"https:\/\/turismo.ayto-nuevobaztan.es\/es\/?s={search_term_string}\"},\"query-input\":{\"@type\":\"PropertyValueSpecification\",\"valueRequired\":true,\"valueName\":\"search_term_string\"}}],\"inLanguage\":\"es\"},{\"@type\":\"Organization\",\"@id\":\"https:\/\/turismo.ayto-nuevobaztan.es\/es\/#organization\",\"name\":\"Turismo Nuevo Bazt\u00e1n\",\"url\":\"https:\/\/turismo.ayto-nuevobaztan.es\/es\/\",\"logo\":{\"@type\":\"ImageObject\",\"inLanguage\":\"es\",\"@id\":\"https:\/\/turismo.ayto-nuevobaztan.es\/es\/#\/schema\/logo\/image\/\",\"url\":\"https:\/\/turismo.ayto-nuevobaztan.es\/wp-content\/uploads\/2025\/12\/logo.png\",\"contentUrl\":\"https:\/\/turismo.ayto-nuevobaztan.es\/wp-content\/uploads\/2025\/12\/logo.png\",\"width\":1847,\"height\":1787,\"caption\":\"Turismo Nuevo Bazt\u00e1n\"},\"image\":{\"@id\":\"https:\/\/turismo.ayto-nuevobaztan.es\/es\/#\/schema\/logo\/image\/\"},\"sameAs\":[\"https:\/\/www.facebook.com\/turismonuevobaztan\/\",\"https:\/\/x.com\/TurismoNBaztan\"]},{\"@type\":\"Person\",\"@id\":\"https:\/\/turismo.ayto-nuevobaztan.es\/es\/#\/schema\/person\/bc781c848e33ae71437002fa79b5c3df\",\"name\":\"Turismo Nuevo Bazt\u00e1n\",\"image\":{\"@type\":\"ImageObject\",\"inLanguage\":\"es\",\"@id\":\"https:\/\/secure.gravatar.com\/avatar\/c34f0d8aae58e8accb5d24f13ebda51911caa6f3106f7c0db25bd0888b071620?s=96&d=mm&r=g\",\"url\":\"https:\/\/secure.gravatar.com\/avatar\/c34f0d8aae58e8accb5d24f13ebda51911caa6f3106f7c0db25bd0888b071620?s=96&d=mm&r=g\",\"contentUrl\":\"https:\/\/secure.gravatar.com\/avatar\/c34f0d8aae58e8accb5d24f13ebda51911caa6f3106f7c0db25bd0888b071620?s=96&d=mm&r=g\",\"caption\":\"Turismo Nuevo Bazt\u00e1n\"},\"url\":\"#\"}]}<\/script>\n<!-- \/ Yoast SEO plugin. -->","yoast_head_json":{"title":"El Palacio de Juan de Goyeneche acoge la exposici\u00f3n \u201cAnimales y Personajes Fant\u00e1sticos\u201d","description":"Podremos disfrutar de ella hasta el pr\u00f3ximo 30 de noviembre en el horario habitual de la Oficina de Turismo.","robots":{"index":"index","follow":"follow","max-snippet":"max-snippet:-1","max-image-preview":"max-image-preview:large","max-video-preview":"max-video-preview:-1"},"canonical":"https:\/\/turismo.ayto-nuevobaztan.es\/es\/noticias\/el-palacio-de-juan-de-goyeneche-acoge-la-exposicion-animales-y-personajes-fantasticos\/","og_locale":"es_ES","og_type":"article","og_title":"El Palacio de Juan de Goyeneche acoge la exposici\u00f3n \u201cAnimales y Personajes Fant\u00e1sticos\u201d","og_description":"Podremos disfrutar de ella hasta el pr\u00f3ximo 30 de noviembre en el horario habitual de la Oficina de Turismo.","og_url":"https:\/\/turismo.ayto-nuevobaztan.es\/es\/noticias\/el-palacio-de-juan-de-goyeneche-acoge-la-exposicion-animales-y-personajes-fantasticos\/","og_site_name":"Turismo Nuevo Bazt\u00e1n","article_publisher":"https:\/\/www.facebook.com\/turismonuevobaztan\/","article_published_time":"2025-11-21T12:06:20+00:00","og_image":[{"width":922,"height":694,"url":"https:\/\/turismo.ayto-nuevobaztan.es\/wp-content\/uploads\/2025\/11\/Expo-Animales-y-Personajes-Fantasticos-01.jpg","type":"image\/jpeg"}],"author":"Turismo Nuevo Bazt\u00e1n","twitter_card":"summary_large_image","twitter_creator":"@TurismoNBaztan","twitter_site":"@TurismoNBaztan","twitter_misc":{"Escrito por":"Turismo Nuevo Bazt\u00e1n","Tiempo de lectura":"2 minutos"},"schema":{"@context":"https:\/\/schema.org","@graph":[{"@type":"Article","@id":"https:\/\/turismo.ayto-nuevobaztan.es\/es\/noticias\/el-palacio-de-juan-de-goyeneche-acoge-la-exposicion-animales-y-personajes-fantasticos\/#article","isPartOf":{"@id":"https:\/\/turismo.ayto-nuevobaztan.es\/es\/noticias\/el-palacio-de-juan-de-goyeneche-acoge-la-exposicion-animales-y-personajes-fantasticos\/"},"author":{"name":"Turismo Nuevo Bazt\u00e1n","@id":"https:\/\/turismo.ayto-nuevobaztan.es\/es\/#\/schema\/person\/bc781c848e33ae71437002fa79b5c3df"},"headline":"El Palacio de Juan de Goyeneche acoge la exposici\u00f3n \u201cAnimales y Personajes Fant\u00e1sticos\u201d","datePublished":"2025-11-21T12:06:20+00:00","mainEntityOfPage":{"@id":"https:\/\/turismo.ayto-nuevobaztan.es\/es\/noticias\/el-palacio-de-juan-de-goyeneche-acoge-la-exposicion-animales-y-personajes-fantasticos\/"},"wordCount":276,"publisher":{"@id":"https:\/\/turismo.ayto-nuevobaztan.es\/es\/#organization"},"image":{"@id":"https:\/\/turismo.ayto-nuevobaztan.es\/es\/noticias\/el-palacio-de-juan-de-goyeneche-acoge-la-exposicion-animales-y-personajes-fantasticos\/#primaryimage"},"thumbnailUrl":"https:\/\/turismo.ayto-nuevobaztan.es\/wp-content\/uploads\/2025\/11\/Expo-Animales-y-Personajes-Fantasticos-01.jpg","articleSection":["actividades"],"inLanguage":"es"},{"@type":"WebPage","@id":"https:\/\/turismo.ayto-nuevobaztan.es\/es\/noticias\/el-palacio-de-juan-de-goyeneche-acoge-la-exposicion-animales-y-personajes-fantasticos\/","url":"https:\/\/turismo.ayto-nuevobaztan.es\/es\/noticias\/el-palacio-de-juan-de-goyeneche-acoge-la-exposicion-animales-y-personajes-fantasticos\/","name":"El Palacio de Juan de Goyeneche acoge la exposici\u00f3n \u201cAnimales y Personajes Fant\u00e1sticos\u201d","isPartOf":{"@id":"https:\/\/turismo.ayto-nuevobaztan.es\/es\/#website"},"primaryImageOfPage":{"@id":"https:\/\/turismo.ayto-nuevobaztan.es\/es\/noticias\/el-palacio-de-juan-de-goyeneche-acoge-la-exposicion-animales-y-personajes-fantasticos\/#primaryimage"},"image":{"@id":"https:\/\/turismo.ayto-nuevobaztan.es\/es\/noticias\/el-palacio-de-juan-de-goyeneche-acoge-la-exposicion-animales-y-personajes-fantasticos\/#primaryimage"},"thumbnailUrl":"https:\/\/turismo.ayto-nuevobaztan.es\/wp-content\/uploads\/2025\/11\/Expo-Animales-y-Personajes-Fantasticos-01.jpg","datePublished":"2025-11-21T12:06:20+00:00","description":"Podremos disfrutar de ella hasta el pr\u00f3ximo 30 de noviembre en el horario habitual de la Oficina de Turismo.","breadcrumb":{"@id":"https:\/\/turismo.ayto-nuevobaztan.es\/es\/noticias\/el-palacio-de-juan-de-goyeneche-acoge-la-exposicion-animales-y-personajes-fantasticos\/#breadcrumb"},"inLanguage":"es","potentialAction":[{"@type":"ReadAction","target":["https:\/\/turismo.ayto-nuevobaztan.es\/es\/noticias\/el-palacio-de-juan-de-goyeneche-acoge-la-exposicion-animales-y-personajes-fantasticos\/"]}]},{"@type":"ImageObject","inLanguage":"es","@id":"https:\/\/turismo.ayto-nuevobaztan.es\/es\/noticias\/el-palacio-de-juan-de-goyeneche-acoge-la-exposicion-animales-y-personajes-fantasticos\/#primaryimage","url":"https:\/\/turismo.ayto-nuevobaztan.es\/wp-content\/uploads\/2025\/11\/Expo-Animales-y-Personajes-Fantasticos-01.jpg","contentUrl":"https:\/\/turismo.ayto-nuevobaztan.es\/wp-content\/uploads\/2025\/11\/Expo-Animales-y-Personajes-Fantasticos-01.jpg","width":922,"height":694},{"@type":"BreadcrumbList","@id":"https:\/\/turismo.ayto-nuevobaztan.es\/es\/noticias\/el-palacio-de-juan-de-goyeneche-acoge-la-exposicion-animales-y-personajes-fantasticos\/#breadcrumb","itemListElement":[{"@type":"ListItem","position":1,"name":"Inicio","item":"https:\/\/turismo.ayto-nuevobaztan.es\/es\/"},{"@type":"ListItem","position":2,"name":"El Palacio de Juan de Goyeneche acoge la exposici\u00f3n \u201cAnimales y Personajes Fant\u00e1sticos\u201d"}]},{"@type":"WebSite","@id":"https:\/\/turismo.ayto-nuevobaztan.es\/es\/#website","url":"https:\/\/turismo.ayto-nuevobaztan.es\/es\/","name":"Turismo Nuevo Bazt\u00e1n","description":"","publisher":{"@id":"https:\/\/turismo.ayto-nuevobaztan.es\/es\/#organization"},"potentialAction":[{"@type":"SearchAction","target":{"@type":"EntryPoint","urlTemplate":"https:\/\/turismo.ayto-nuevobaztan.es\/es\/?s={search_term_string}"},"query-input":{"@type":"PropertyValueSpecification","valueRequired":true,"valueName":"search_term_string"}}],"inLanguage":"es"},{"@type":"Organization","@id":"https:\/\/turismo.ayto-nuevobaztan.es\/es\/#organization","name":"Turismo Nuevo Bazt\u00e1n","url":"https:\/\/turismo.ayto-nuevobaztan.es\/es\/","logo":{"@type":"ImageObject","inLanguage":"es","@id":"https:\/\/turismo.ayto-nuevobaztan.es\/es\/#\/schema\/logo\/image\/","url":"https:\/\/turismo.ayto-nuevobaztan.es\/wp-content\/uploads\/2025\/12\/logo.png","contentUrl":"https:\/\/turismo.ayto-nuevobaztan.es\/wp-content\/uploads\/2025\/12\/logo.png","width":1847,"height":1787,"caption":"Turismo Nuevo Bazt\u00e1n"},"image":{"@id":"https:\/\/turismo.ayto-nuevobaztan.es\/es\/#\/schema\/logo\/image\/"},"sameAs":["https:\/\/www.facebook.com\/turismonuevobaztan\/","https:\/\/x.com\/TurismoNBaztan"]},{"@type":"Person","@id":"https:\/\/turismo.ayto-nuevobaztan.es\/es\/#\/schema\/person\/bc781c848e33ae71437002fa79b5c3df","name":"Turismo Nuevo Bazt\u00e1n","image":{"@type":"ImageObject","inLanguage":"es","@id":"https:\/\/secure.gravatar.com\/avatar\/c34f0d8aae58e8accb5d24f13ebda51911caa6f3106f7c0db25bd0888b071620?s=96&d=mm&r=g","url":"https:\/\/secure.gravatar.com\/avatar\/c34f0d8aae58e8accb5d24f13ebda51911caa6f3106f7c0db25bd0888b071620?s=96&d=mm&r=g","contentUrl":"https:\/\/secure.gravatar.com\/avatar\/c34f0d8aae58e8accb5d24f13ebda51911caa6f3106f7c0db25bd0888b071620?s=96&d=mm&r=g","caption":"Turismo Nuevo Bazt\u00e1n"},"url":"#"}]}},"_links":{"self":[{"href":"https:\/\/turismo.ayto-nuevobaztan.es\/es\/wp-json\/wp\/v2\/posts\/2365","targetHints":{"allow":["GET"]}}],"collection":[{"href":"https:\/\/turismo.ayto-nuevobaztan.es\/es\/wp-json\/wp\/v2\/posts"}],"about":[{"href":"https:\/\/turismo.ayto-nuevobaztan.es\/es\/wp-json\/wp\/v2\/types\/post"}],"author":[{"embeddable":true,"href":"https:\/\/turismo.ayto-nuevobaztan.es\/es\/wp-json\/wp\/v2\/users\/2"}],"replies":[{"embeddable":true,"href":"https:\/\/turismo.ayto-nuevobaztan.es\/es\/wp-json\/wp\/v2\/comments?post=2365"}],"version-history":[{"count":0,"href":"https:\/\/turismo.ayto-nuevobaztan.es\/es\/wp-json\/wp\/v2\/posts\/2365\/revisions"}],"wp:featuredmedia":[{"embeddable":true,"href":"https:\/\/turismo.ayto-nuevobaztan.es\/es\/wp-json\/wp\/v2\/media\/2367"}],"wp:attachment":[{"href":"https:\/\/turismo.ayto-nuevobaztan.es\/es\/wp-json\/wp\/v2\/media?parent=2365"}],"wp:term":[{"taxonomy":"category","embeddable":true,"href":"https:\/\/turismo.ayto-nuevobaztan.es\/es\/wp-json\/wp\/v2\/categories?post=2365"},{"taxonomy":"post_tag","embeddable":true,"href":"https:\/\/turismo.ayto-nuevobaztan.es\/es\/wp-json\/wp\/v2\/tags?post=2365"}],"curies":[{"name":"wp","href":"https:\/\/api.w.org\/{rel}","templated":true}]}}