{"id":2336,"date":"2025-10-17T12:11:08","date_gmt":"2025-10-17T10:11:08","guid":{"rendered":"https:\/\/turismo.ayto-nuevobaztan.es\/?p=2336"},"modified":"2025-10-17T12:11:08","modified_gmt":"2025-10-17T10:11:08","slug":"emotivo-cierre-de-las-fiestas-de-la-fundacion-con-arte-reconocimiento-y-tradicion-en-nuevo-baztan","status":"publish","type":"post","link":"https:\/\/turismo.ayto-nuevobaztan.es\/es\/noticias\/emotivo-cierre-de-las-fiestas-de-la-fundacion-con-arte-reconocimiento-y-tradicion-en-nuevo-baztan\/","title":{"rendered":"Emotivo cierre de las Fiestas de la Fundaci\u00f3n con arte, reconocimiento y tradici\u00f3n en Nuevo Bazt\u00e1n"},"content":{"rendered":"<p><span data-contrast=\"auto\">El segundo d\u00eda de las Fiestas de la Fundaci\u00f3n han tenido algunos actos importantes. A mediod\u00eda se celebraba la misa mayor que conmemoraba la Fundaci\u00f3n de la Parroquia de San Francisco Javier. Por primera vez particip\u00f3 la \u201cPolif\u00f3nica San Francisco Javier\u201d. \u00a0Una nueva iniciativa vecinal. Les deseamos lo mejor y que sigan trabajando como lo han hecho hasta ahora.<\/span><span data-ccp-props=\"{&quot;134233117&quot;:false,&quot;134233118&quot;:false,&quot;201341983&quot;:0,&quot;335551550&quot;:6,&quot;335551620&quot;:6,&quot;335559738&quot;:240,&quot;335559739&quot;:240,&quot;335559740&quot;:360}\">\u00a0<\/span><\/p>\n<p><span data-contrast=\"auto\">El patio del Palacio de Juan de Goyeneche acogi\u00f3 este domingo la entrega de premios del <\/span><b><span data-contrast=\"auto\">VII\u00a0Certamen de Pintura R\u00e1pida<\/span><\/b><span data-contrast=\"auto\">, dedicado este a\u00f1o al tema <\/span><i><span data-contrast=\"auto\">\u201cLos valores hist\u00f3ricos, culturales y paisaj\u00edsticos de Nuevo Bazt\u00e1n\u201d<\/span><\/i><span data-contrast=\"auto\">.<\/span><span data-ccp-props=\"{&quot;134233117&quot;:false,&quot;134233118&quot;:false,&quot;201341983&quot;:0,&quot;335551550&quot;:6,&quot;335551620&quot;:6,&quot;335559738&quot;:240,&quot;335559739&quot;:240,&quot;335559740&quot;:360}\">\u00a0<\/span><\/p>\n<p><span data-contrast=\"auto\">La <\/span><b><span data-contrast=\"auto\">alcaldesa, Gemma Pacheco<\/span><\/b><span data-contrast=\"auto\">, junto a la <\/span><b><span data-contrast=\"auto\">concejala de Cultura, Rosario Garc\u00eda<\/span><\/b><span data-contrast=\"auto\">, fueron las encargadas de entregar los galardones a los ganadores:<\/span><span data-ccp-props=\"{&quot;134233117&quot;:false,&quot;134233118&quot;:false,&quot;201341983&quot;:0,&quot;335551550&quot;:6,&quot;335551620&quot;:6,&quot;335559738&quot;:240,&quot;335559739&quot;:240,&quot;335559740&quot;:360}\">\u00a0<\/span><\/p>\n<ul>\n<li aria-setsize=\"-1\" data-leveltext=\"\uf0b7\" data-font=\"Symbol\" data-listid=\"1\" data-list-defn-props=\"{&quot;335552541&quot;:1,&quot;335559683&quot;:0,&quot;335559684&quot;:-2,&quot;335559685&quot;:720,&quot;335559991&quot;:360,&quot;469769226&quot;:&quot;Symbol&quot;,&quot;469769242&quot;:[8226],&quot;469777803&quot;:&quot;left&quot;,&quot;469777804&quot;:&quot;\uf0b7&quot;,&quot;469777815&quot;:&quot;hybridMultilevel&quot;}\" data-aria-posinset=\"1\" data-aria-level=\"1\"><b><span data-contrast=\"auto\">1\u00ba premio (1.000 \u20ac)<\/span><\/b><span data-contrast=\"auto\">: Justo Antonio Paniagua, de Meco.<\/span><span data-ccp-props=\"{&quot;134233117&quot;:false,&quot;134233118&quot;:false,&quot;201341983&quot;:0,&quot;335551550&quot;:6,&quot;335551620&quot;:6,&quot;335559738&quot;:240,&quot;335559739&quot;:240,&quot;335559740&quot;:360}\">\u00a0<\/span><\/li>\n<\/ul>\n<ul>\n<li aria-setsize=\"-1\" data-leveltext=\"\uf0b7\" data-font=\"Symbol\" data-listid=\"1\" data-list-defn-props=\"{&quot;335552541&quot;:1,&quot;335559683&quot;:0,&quot;335559684&quot;:-2,&quot;335559685&quot;:720,&quot;335559991&quot;:360,&quot;469769226&quot;:&quot;Symbol&quot;,&quot;469769242&quot;:[8226],&quot;469777803&quot;:&quot;left&quot;,&quot;469777804&quot;:&quot;\uf0b7&quot;,&quot;469777815&quot;:&quot;hybridMultilevel&quot;}\" data-aria-posinset=\"2\" data-aria-level=\"1\"><b><span data-contrast=\"auto\">2\u00ba premio (500 \u20ac)<\/span><\/b><span data-contrast=\"auto\">: Miguel \u00c1ngel Rodr\u00edguez, de Alovera.<\/span><span data-ccp-props=\"{&quot;134233117&quot;:false,&quot;134233118&quot;:false,&quot;201341983&quot;:0,&quot;335551550&quot;:6,&quot;335551620&quot;:6,&quot;335559738&quot;:240,&quot;335559739&quot;:240,&quot;335559740&quot;:360}\">\u00a0<\/span><\/li>\n<\/ul>\n<ul>\n<li aria-setsize=\"-1\" data-leveltext=\"\uf0b7\" data-font=\"Symbol\" data-listid=\"1\" data-list-defn-props=\"{&quot;335552541&quot;:1,&quot;335559683&quot;:0,&quot;335559684&quot;:-2,&quot;335559685&quot;:720,&quot;335559991&quot;:360,&quot;469769226&quot;:&quot;Symbol&quot;,&quot;469769242&quot;:[8226],&quot;469777803&quot;:&quot;left&quot;,&quot;469777804&quot;:&quot;\uf0b7&quot;,&quot;469777815&quot;:&quot;hybridMultilevel&quot;}\" data-aria-posinset=\"3\" data-aria-level=\"1\"><b><span data-contrast=\"auto\">3\u00ba premio (300 \u20ac)<\/span><\/b><span data-contrast=\"auto\">: Pilar S\u00e1nchez, de Alcal\u00e1 de Henares.<\/span><span data-ccp-props=\"{&quot;134233117&quot;:false,&quot;134233118&quot;:false,&quot;201341983&quot;:0,&quot;335551550&quot;:6,&quot;335551620&quot;:6,&quot;335559738&quot;:240,&quot;335559739&quot;:240,&quot;335559740&quot;:360}\">\u00a0<\/span><\/li>\n<\/ul>\n<p><span data-contrast=\"auto\">Durante el mismo acto se realiz\u00f3 un <\/span><b><span data-contrast=\"auto\">emotivo reconocimiento al pintor Antonio Espa\u00f1ol<\/span><\/b><span data-contrast=\"auto\">, quien recibi\u00f3 un <\/span><b><span data-contrast=\"auto\">Premio Honor\u00edfico<\/span><\/b><span data-contrast=\"auto\"> por su trayectoria art\u00edstica y su v\u00ednculo con el municipio. La alcaldesa le entreg\u00f3 una <\/span><b><span data-contrast=\"auto\">placa conmemorativa<\/span><\/b><span data-contrast=\"auto\">, en un momento especialmente emotivo para todos los asistentes.<\/span><span data-ccp-props=\"{&quot;134233117&quot;:false,&quot;134233118&quot;:false,&quot;201341983&quot;:0,&quot;335551550&quot;:6,&quot;335551620&quot;:6,&quot;335559738&quot;:240,&quot;335559739&quot;:240,&quot;335559740&quot;:360}\">\u00a0<\/span><\/p>\n<p><span data-contrast=\"auto\">Como broche final de las fiestas, la artesana local <\/span><b><span data-contrast=\"auto\">Cinta Pla<\/span><\/b><span data-contrast=\"auto\"> hizo entrega a la alcaldesa de una <\/span><b><span data-contrast=\"auto\">r\u00e9plica artesanal de la fachada del conjunto Palacio-Iglesia de Juan de Goyeneche<\/span><\/b><span data-contrast=\"auto\">, s\u00edmbolo del patrimonio hist\u00f3rico de Nuevo Bazt\u00e1n.<\/span><span data-ccp-props=\"{&quot;134233117&quot;:false,&quot;134233118&quot;:false,&quot;201341983&quot;:0,&quot;335551550&quot;:6,&quot;335551620&quot;:6,&quot;335559738&quot;:240,&quot;335559739&quot;:240,&quot;335559740&quot;:360}\">\u00a0<\/span><\/p>\n\n\t\t<style>\n\t\t\t#gallery-1 {\n\t\t\t\tmargin: auto;\n\t\t\t}\n\t\t\t#gallery-1 .gallery-item {\n\t\t\t\tfloat: left;\n\t\t\t\tmargin-top: 10px;\n\t\t\t\ttext-align: center;\n\t\t\t\twidth: 20%;\n\t\t\t}\n\t\t\t#gallery-1 img {\n\t\t\t\tborder: 2px solid #cfcfcf;\n\t\t\t}\n\t\t\t#gallery-1 .gallery-caption {\n\t\t\t\tmargin-left: 0;\n\t\t\t}\n\t\t\t\/* see gallery_shortcode() in wp-includes\/media.php *\/\n\t\t<\/style>\n\t\t<div id='gallery-1' class='gallery galleryid-2336 gallery-columns-5 gallery-size-thumbnail'><dl class='gallery-item'>\n\t\t\t<dt class='gallery-icon portrait'>\n\t\t\t\t<a href='https:\/\/turismo.ayto-nuevobaztan.es\/wp-content\/uploads\/2025\/10\/Fiestas-Fundacion-2025-primero.jpg'><img loading=\"lazy\" decoding=\"async\" width=\"113\" height=\"150\" src=\"https:\/\/turismo.ayto-nuevobaztan.es\/wp-content\/uploads\/2025\/10\/Fiestas-Fundacion-2025-primero.jpg\" class=\"attachment-thumbnail size-thumbnail\" alt=\"\" srcset=\"https:\/\/turismo.ayto-nuevobaztan.es\/wp-content\/uploads\/2025\/10\/Fiestas-Fundacion-2025-primero.jpg 1080w, https:\/\/turismo.ayto-nuevobaztan.es\/wp-content\/uploads\/2025\/10\/Fiestas-Fundacion-2025-primero-600x800.jpg 600w\" sizes=\"auto, (max-width: 113px) 100vw, 113px\" \/><\/a>\n\t\t\t<\/dt><\/dl><dl class='gallery-item'>\n\t\t\t<dt class='gallery-icon portrait'>\n\t\t\t\t<a href='https:\/\/turismo.ayto-nuevobaztan.es\/wp-content\/uploads\/2025\/10\/Fiestas-Fundacion-2025-segundo.jpg'><img loading=\"lazy\" decoding=\"async\" width=\"113\" height=\"150\" src=\"https:\/\/turismo.ayto-nuevobaztan.es\/wp-content\/uploads\/2025\/10\/Fiestas-Fundacion-2025-segundo.jpg\" class=\"attachment-thumbnail size-thumbnail\" alt=\"\" srcset=\"https:\/\/turismo.ayto-nuevobaztan.es\/wp-content\/uploads\/2025\/10\/Fiestas-Fundacion-2025-segundo.jpg 1080w, https:\/\/turismo.ayto-nuevobaztan.es\/wp-content\/uploads\/2025\/10\/Fiestas-Fundacion-2025-segundo-600x800.jpg 600w\" sizes=\"auto, (max-width: 113px) 100vw, 113px\" \/><\/a>\n\t\t\t<\/dt><\/dl><dl class='gallery-item'>\n\t\t\t<dt class='gallery-icon portrait'>\n\t\t\t\t<a href='https:\/\/turismo.ayto-nuevobaztan.es\/wp-content\/uploads\/2025\/10\/Fiestas-Fundacion-2025-tercero.jpg'><img loading=\"lazy\" decoding=\"async\" width=\"113\" height=\"150\" src=\"https:\/\/turismo.ayto-nuevobaztan.es\/wp-content\/uploads\/2025\/10\/Fiestas-Fundacion-2025-tercero.jpg\" class=\"attachment-thumbnail size-thumbnail\" alt=\"\" srcset=\"https:\/\/turismo.ayto-nuevobaztan.es\/wp-content\/uploads\/2025\/10\/Fiestas-Fundacion-2025-tercero.jpg 1080w, https:\/\/turismo.ayto-nuevobaztan.es\/wp-content\/uploads\/2025\/10\/Fiestas-Fundacion-2025-tercero-600x800.jpg 600w\" sizes=\"auto, (max-width: 113px) 100vw, 113px\" \/><\/a>\n\t\t\t<\/dt><\/dl><dl class='gallery-item'>\n\t\t\t<dt class='gallery-icon portrait'>\n\t\t\t\t<a href='https:\/\/turismo.ayto-nuevobaztan.es\/wp-content\/uploads\/2025\/10\/Fiestas-Fundacion-2025-Gemma-y-Cinta.jpg'><img loading=\"lazy\" decoding=\"async\" width=\"113\" height=\"150\" src=\"https:\/\/turismo.ayto-nuevobaztan.es\/wp-content\/uploads\/2025\/10\/Fiestas-Fundacion-2025-Gemma-y-Cinta.jpg\" class=\"attachment-thumbnail size-thumbnail\" alt=\"\" srcset=\"https:\/\/turismo.ayto-nuevobaztan.es\/wp-content\/uploads\/2025\/10\/Fiestas-Fundacion-2025-Gemma-y-Cinta.jpg 961w, https:\/\/turismo.ayto-nuevobaztan.es\/wp-content\/uploads\/2025\/10\/Fiestas-Fundacion-2025-Gemma-y-Cinta-600x799.jpg 600w\" sizes=\"auto, (max-width: 113px) 100vw, 113px\" \/><\/a>\n\t\t\t<\/dt><\/dl><dl class='gallery-item'>\n\t\t\t<dt class='gallery-icon portrait'>\n\t\t\t\t<a href='https:\/\/turismo.ayto-nuevobaztan.es\/wp-content\/uploads\/2025\/10\/Fiestas-Fundacion-2025-Antonio.jpg'><img loading=\"lazy\" decoding=\"async\" width=\"113\" height=\"150\" src=\"https:\/\/turismo.ayto-nuevobaztan.es\/wp-content\/uploads\/2025\/10\/Fiestas-Fundacion-2025-Antonio.jpg\" class=\"attachment-thumbnail size-thumbnail\" alt=\"\" srcset=\"https:\/\/turismo.ayto-nuevobaztan.es\/wp-content\/uploads\/2025\/10\/Fiestas-Fundacion-2025-Antonio.jpg 1080w, https:\/\/turismo.ayto-nuevobaztan.es\/wp-content\/uploads\/2025\/10\/Fiestas-Fundacion-2025-Antonio-600x800.jpg 600w\" sizes=\"auto, (max-width: 113px) 100vw, 113px\" \/><\/a>\n\t\t\t<\/dt><\/dl><br style=\"clear: both\" \/>\n\t\t<\/div>\n\n","protected":false},"excerpt":{"rendered":"<p>El segundo d\u00eda de las Fiestas de la Fundaci\u00f3n han tenido algunos actos importantes. A mediod\u00eda se celebraba la misa mayor que conmemoraba la Fundaci\u00f3n de la Parroquia de San Francisco Javier. Por primera vez particip\u00f3 la \u201cPolif\u00f3nica San Francisco Javier\u201d. \u00a0Una nueva iniciativa vecinal. Les deseamos lo mejor y que sigan trabajando como lo&hellip;<\/p>\n","protected":false},"author":2,"featured_media":2337,"comment_status":"closed","ping_status":"closed","sticky":false,"template":"","format":"standard","meta":{"_acf_changed":false,"footnotes":""},"categories":[14],"tags":[252,254,65,206,255,39],"class_list":["post-2336","post","type-post","status-publish","format-standard","has-post-thumbnail","hentry","category-actividades-nuevo-batzan","tag-antonio-espanol","tag-certamen","tag-cultura","tag-fiestas-fundacion","tag-pintores","tag-turismo"],"acf":[],"yoast_head":"<!-- This site is optimized with the Yoast SEO plugin v27.2 - https:\/\/yoast.com\/product\/yoast-seo-wordpress\/ -->\n<title>Emotivo cierre de las Fiestas de la Fundaci\u00f3n con arte, reconocimiento y tradici\u00f3n en Nuevo Bazt\u00e1n<\/title>\n<meta name=\"description\" content=\"El VII Certamen de Pintura R\u00e1pida y un homenaje especial al pintor Antonio Espa\u00f1ol protagonizaron la jornada final.\" \/>\n<meta name=\"robots\" content=\"index, follow, max-snippet:-1, max-image-preview:large, max-video-preview:-1\" \/>\n<link rel=\"canonical\" href=\"https:\/\/turismo.ayto-nuevobaztan.es\/es\/noticias\/emotivo-cierre-de-las-fiestas-de-la-fundacion-con-arte-reconocimiento-y-tradicion-en-nuevo-baztan\/\" \/>\n<meta property=\"og:locale\" content=\"es_ES\" \/>\n<meta property=\"og:type\" content=\"article\" \/>\n<meta property=\"og:title\" content=\"Emotivo cierre de las Fiestas de la Fundaci\u00f3n con arte, reconocimiento y tradici\u00f3n en Nuevo Bazt\u00e1n\" \/>\n<meta property=\"og:description\" content=\"El VII Certamen de Pintura R\u00e1pida y un homenaje especial al pintor Antonio Espa\u00f1ol protagonizaron la jornada final.\" \/>\n<meta property=\"og:url\" content=\"https:\/\/turismo.ayto-nuevobaztan.es\/es\/noticias\/emotivo-cierre-de-las-fiestas-de-la-fundacion-con-arte-reconocimiento-y-tradicion-en-nuevo-baztan\/\" \/>\n<meta property=\"og:site_name\" content=\"Turismo Nuevo Bazt\u00e1n\" \/>\n<meta property=\"article:publisher\" content=\"https:\/\/www.facebook.com\/turismonuevobaztan\/\" \/>\n<meta property=\"article:published_time\" content=\"2025-10-17T10:11:08+00:00\" \/>\n<meta property=\"og:image\" content=\"https:\/\/turismo.ayto-nuevobaztan.es\/wp-content\/uploads\/2025\/10\/Fiestas-Fundacion-2025-primero.jpg\" \/>\n\t<meta property=\"og:image:width\" content=\"1080\" \/>\n\t<meta property=\"og:image:height\" content=\"1440\" \/>\n\t<meta property=\"og:image:type\" content=\"image\/jpeg\" \/>\n<meta name=\"author\" content=\"Turismo Nuevo Bazt\u00e1n\" \/>\n<meta name=\"twitter:card\" content=\"summary_large_image\" \/>\n<meta name=\"twitter:creator\" content=\"@TurismoNBaztan\" \/>\n<meta name=\"twitter:site\" content=\"@TurismoNBaztan\" \/>\n<meta name=\"twitter:label1\" content=\"Escrito por\" \/>\n\t<meta name=\"twitter:data1\" content=\"Turismo Nuevo Bazt\u00e1n\" \/>\n\t<meta name=\"twitter:label2\" content=\"Tiempo de lectura\" \/>\n\t<meta name=\"twitter:data2\" content=\"2 minutos\" \/>\n<script type=\"application\/ld+json\" class=\"yoast-schema-graph\">{\"@context\":\"https:\/\/schema.org\",\"@graph\":[{\"@type\":\"Article\",\"@id\":\"https:\/\/turismo.ayto-nuevobaztan.es\/es\/noticias\/emotivo-cierre-de-las-fiestas-de-la-fundacion-con-arte-reconocimiento-y-tradicion-en-nuevo-baztan\/#article\",\"isPartOf\":{\"@id\":\"https:\/\/turismo.ayto-nuevobaztan.es\/es\/noticias\/emotivo-cierre-de-las-fiestas-de-la-fundacion-con-arte-reconocimiento-y-tradicion-en-nuevo-baztan\/\"},\"author\":{\"name\":\"Turismo Nuevo Bazt\u00e1n\",\"@id\":\"https:\/\/turismo.ayto-nuevobaztan.es\/es\/#\/schema\/person\/bc781c848e33ae71437002fa79b5c3df\"},\"headline\":\"Emotivo cierre de las Fiestas de la Fundaci\u00f3n con arte, reconocimiento y tradici\u00f3n en Nuevo Bazt\u00e1n\",\"datePublished\":\"2025-10-17T10:11:08+00:00\",\"mainEntityOfPage\":{\"@id\":\"https:\/\/turismo.ayto-nuevobaztan.es\/es\/noticias\/emotivo-cierre-de-las-fiestas-de-la-fundacion-con-arte-reconocimiento-y-tradicion-en-nuevo-baztan\/\"},\"wordCount\":261,\"publisher\":{\"@id\":\"https:\/\/turismo.ayto-nuevobaztan.es\/es\/#organization\"},\"image\":{\"@id\":\"https:\/\/turismo.ayto-nuevobaztan.es\/es\/noticias\/emotivo-cierre-de-las-fiestas-de-la-fundacion-con-arte-reconocimiento-y-tradicion-en-nuevo-baztan\/#primaryimage\"},\"thumbnailUrl\":\"https:\/\/turismo.ayto-nuevobaztan.es\/wp-content\/uploads\/2025\/10\/Fiestas-Fundacion-2025-Antonio.jpg\",\"keywords\":[\"Antonio Espa\u00f1ol\",\"Certamen\",\"cultura\",\"Fiestas Fundacion\",\"Pintores\",\"Turismo\"],\"articleSection\":[\"actividades\"],\"inLanguage\":\"es\"},{\"@type\":\"WebPage\",\"@id\":\"https:\/\/turismo.ayto-nuevobaztan.es\/es\/noticias\/emotivo-cierre-de-las-fiestas-de-la-fundacion-con-arte-reconocimiento-y-tradicion-en-nuevo-baztan\/\",\"url\":\"https:\/\/turismo.ayto-nuevobaztan.es\/es\/noticias\/emotivo-cierre-de-las-fiestas-de-la-fundacion-con-arte-reconocimiento-y-tradicion-en-nuevo-baztan\/\",\"name\":\"Emotivo cierre de las Fiestas de la Fundaci\u00f3n con arte, reconocimiento y tradici\u00f3n en Nuevo Bazt\u00e1n\",\"isPartOf\":{\"@id\":\"https:\/\/turismo.ayto-nuevobaztan.es\/es\/#website\"},\"primaryImageOfPage\":{\"@id\":\"https:\/\/turismo.ayto-nuevobaztan.es\/es\/noticias\/emotivo-cierre-de-las-fiestas-de-la-fundacion-con-arte-reconocimiento-y-tradicion-en-nuevo-baztan\/#primaryimage\"},\"image\":{\"@id\":\"https:\/\/turismo.ayto-nuevobaztan.es\/es\/noticias\/emotivo-cierre-de-las-fiestas-de-la-fundacion-con-arte-reconocimiento-y-tradicion-en-nuevo-baztan\/#primaryimage\"},\"thumbnailUrl\":\"https:\/\/turismo.ayto-nuevobaztan.es\/wp-content\/uploads\/2025\/10\/Fiestas-Fundacion-2025-Antonio.jpg\",\"datePublished\":\"2025-10-17T10:11:08+00:00\",\"description\":\"El VII Certamen de Pintura R\u00e1pida y un homenaje especial al pintor Antonio Espa\u00f1ol protagonizaron la jornada final.\",\"breadcrumb\":{\"@id\":\"https:\/\/turismo.ayto-nuevobaztan.es\/es\/noticias\/emotivo-cierre-de-las-fiestas-de-la-fundacion-con-arte-reconocimiento-y-tradicion-en-nuevo-baztan\/#breadcrumb\"},\"inLanguage\":\"es\",\"potentialAction\":[{\"@type\":\"ReadAction\",\"target\":[\"https:\/\/turismo.ayto-nuevobaztan.es\/es\/noticias\/emotivo-cierre-de-las-fiestas-de-la-fundacion-con-arte-reconocimiento-y-tradicion-en-nuevo-baztan\/\"]}]},{\"@type\":\"ImageObject\",\"inLanguage\":\"es\",\"@id\":\"https:\/\/turismo.ayto-nuevobaztan.es\/es\/noticias\/emotivo-cierre-de-las-fiestas-de-la-fundacion-con-arte-reconocimiento-y-tradicion-en-nuevo-baztan\/#primaryimage\",\"url\":\"https:\/\/turismo.ayto-nuevobaztan.es\/wp-content\/uploads\/2025\/10\/Fiestas-Fundacion-2025-Antonio.jpg\",\"contentUrl\":\"https:\/\/turismo.ayto-nuevobaztan.es\/wp-content\/uploads\/2025\/10\/Fiestas-Fundacion-2025-Antonio.jpg\",\"width\":1080,\"height\":1440},{\"@type\":\"BreadcrumbList\",\"@id\":\"https:\/\/turismo.ayto-nuevobaztan.es\/es\/noticias\/emotivo-cierre-de-las-fiestas-de-la-fundacion-con-arte-reconocimiento-y-tradicion-en-nuevo-baztan\/#breadcrumb\",\"itemListElement\":[{\"@type\":\"ListItem\",\"position\":1,\"name\":\"Inicio\",\"item\":\"https:\/\/turismo.ayto-nuevobaztan.es\/es\/\"},{\"@type\":\"ListItem\",\"position\":2,\"name\":\"Emotivo cierre de las Fiestas de la Fundaci\u00f3n con arte, reconocimiento y tradici\u00f3n en Nuevo Bazt\u00e1n\"}]},{\"@type\":\"WebSite\",\"@id\":\"https:\/\/turismo.ayto-nuevobaztan.es\/es\/#website\",\"url\":\"https:\/\/turismo.ayto-nuevobaztan.es\/es\/\",\"name\":\"Turismo Nuevo Bazt\u00e1n\",\"description\":\"\",\"publisher\":{\"@id\":\"https:\/\/turismo.ayto-nuevobaztan.es\/es\/#organization\"},\"potentialAction\":[{\"@type\":\"SearchAction\",\"target\":{\"@type\":\"EntryPoint\",\"urlTemplate\":\"https:\/\/turismo.ayto-nuevobaztan.es\/es\/?s={search_term_string}\"},\"query-input\":{\"@type\":\"PropertyValueSpecification\",\"valueRequired\":true,\"valueName\":\"search_term_string\"}}],\"inLanguage\":\"es\"},{\"@type\":\"Organization\",\"@id\":\"https:\/\/turismo.ayto-nuevobaztan.es\/es\/#organization\",\"name\":\"Turismo Nuevo Bazt\u00e1n\",\"url\":\"https:\/\/turismo.ayto-nuevobaztan.es\/es\/\",\"logo\":{\"@type\":\"ImageObject\",\"inLanguage\":\"es\",\"@id\":\"https:\/\/turismo.ayto-nuevobaztan.es\/es\/#\/schema\/logo\/image\/\",\"url\":\"https:\/\/turismo.ayto-nuevobaztan.es\/wp-content\/uploads\/2025\/12\/logo.png\",\"contentUrl\":\"https:\/\/turismo.ayto-nuevobaztan.es\/wp-content\/uploads\/2025\/12\/logo.png\",\"width\":1847,\"height\":1787,\"caption\":\"Turismo Nuevo Bazt\u00e1n\"},\"image\":{\"@id\":\"https:\/\/turismo.ayto-nuevobaztan.es\/es\/#\/schema\/logo\/image\/\"},\"sameAs\":[\"https:\/\/www.facebook.com\/turismonuevobaztan\/\",\"https:\/\/x.com\/TurismoNBaztan\"]},{\"@type\":\"Person\",\"@id\":\"https:\/\/turismo.ayto-nuevobaztan.es\/es\/#\/schema\/person\/bc781c848e33ae71437002fa79b5c3df\",\"name\":\"Turismo Nuevo Bazt\u00e1n\",\"image\":{\"@type\":\"ImageObject\",\"inLanguage\":\"es\",\"@id\":\"https:\/\/secure.gravatar.com\/avatar\/c34f0d8aae58e8accb5d24f13ebda51911caa6f3106f7c0db25bd0888b071620?s=96&d=mm&r=g\",\"url\":\"https:\/\/secure.gravatar.com\/avatar\/c34f0d8aae58e8accb5d24f13ebda51911caa6f3106f7c0db25bd0888b071620?s=96&d=mm&r=g\",\"contentUrl\":\"https:\/\/secure.gravatar.com\/avatar\/c34f0d8aae58e8accb5d24f13ebda51911caa6f3106f7c0db25bd0888b071620?s=96&d=mm&r=g\",\"caption\":\"Turismo Nuevo Bazt\u00e1n\"},\"url\":\"#\"}]}<\/script>\n<!-- \/ Yoast SEO plugin. -->","yoast_head_json":{"title":"Emotivo cierre de las Fiestas de la Fundaci\u00f3n con arte, reconocimiento y tradici\u00f3n en Nuevo Bazt\u00e1n","description":"El VII Certamen de Pintura R\u00e1pida y un homenaje especial al pintor Antonio Espa\u00f1ol protagonizaron la jornada final.","robots":{"index":"index","follow":"follow","max-snippet":"max-snippet:-1","max-image-preview":"max-image-preview:large","max-video-preview":"max-video-preview:-1"},"canonical":"https:\/\/turismo.ayto-nuevobaztan.es\/es\/noticias\/emotivo-cierre-de-las-fiestas-de-la-fundacion-con-arte-reconocimiento-y-tradicion-en-nuevo-baztan\/","og_locale":"es_ES","og_type":"article","og_title":"Emotivo cierre de las Fiestas de la Fundaci\u00f3n con arte, reconocimiento y tradici\u00f3n en Nuevo Bazt\u00e1n","og_description":"El VII Certamen de Pintura R\u00e1pida y un homenaje especial al pintor Antonio Espa\u00f1ol protagonizaron la jornada final.","og_url":"https:\/\/turismo.ayto-nuevobaztan.es\/es\/noticias\/emotivo-cierre-de-las-fiestas-de-la-fundacion-con-arte-reconocimiento-y-tradicion-en-nuevo-baztan\/","og_site_name":"Turismo Nuevo Bazt\u00e1n","article_publisher":"https:\/\/www.facebook.com\/turismonuevobaztan\/","article_published_time":"2025-10-17T10:11:08+00:00","og_image":[{"width":1080,"height":1440,"url":"https:\/\/turismo.ayto-nuevobaztan.es\/wp-content\/uploads\/2025\/10\/Fiestas-Fundacion-2025-primero.jpg","type":"image\/jpeg"}],"author":"Turismo Nuevo Bazt\u00e1n","twitter_card":"summary_large_image","twitter_creator":"@TurismoNBaztan","twitter_site":"@TurismoNBaztan","twitter_misc":{"Escrito por":"Turismo Nuevo Bazt\u00e1n","Tiempo de lectura":"2 minutos"},"schema":{"@context":"https:\/\/schema.org","@graph":[{"@type":"Article","@id":"https:\/\/turismo.ayto-nuevobaztan.es\/es\/noticias\/emotivo-cierre-de-las-fiestas-de-la-fundacion-con-arte-reconocimiento-y-tradicion-en-nuevo-baztan\/#article","isPartOf":{"@id":"https:\/\/turismo.ayto-nuevobaztan.es\/es\/noticias\/emotivo-cierre-de-las-fiestas-de-la-fundacion-con-arte-reconocimiento-y-tradicion-en-nuevo-baztan\/"},"author":{"name":"Turismo Nuevo Bazt\u00e1n","@id":"https:\/\/turismo.ayto-nuevobaztan.es\/es\/#\/schema\/person\/bc781c848e33ae71437002fa79b5c3df"},"headline":"Emotivo cierre de las Fiestas de la Fundaci\u00f3n con arte, reconocimiento y tradici\u00f3n en Nuevo Bazt\u00e1n","datePublished":"2025-10-17T10:11:08+00:00","mainEntityOfPage":{"@id":"https:\/\/turismo.ayto-nuevobaztan.es\/es\/noticias\/emotivo-cierre-de-las-fiestas-de-la-fundacion-con-arte-reconocimiento-y-tradicion-en-nuevo-baztan\/"},"wordCount":261,"publisher":{"@id":"https:\/\/turismo.ayto-nuevobaztan.es\/es\/#organization"},"image":{"@id":"https:\/\/turismo.ayto-nuevobaztan.es\/es\/noticias\/emotivo-cierre-de-las-fiestas-de-la-fundacion-con-arte-reconocimiento-y-tradicion-en-nuevo-baztan\/#primaryimage"},"thumbnailUrl":"https:\/\/turismo.ayto-nuevobaztan.es\/wp-content\/uploads\/2025\/10\/Fiestas-Fundacion-2025-Antonio.jpg","keywords":["Antonio Espa\u00f1ol","Certamen","cultura","Fiestas Fundacion","Pintores","Turismo"],"articleSection":["actividades"],"inLanguage":"es"},{"@type":"WebPage","@id":"https:\/\/turismo.ayto-nuevobaztan.es\/es\/noticias\/emotivo-cierre-de-las-fiestas-de-la-fundacion-con-arte-reconocimiento-y-tradicion-en-nuevo-baztan\/","url":"https:\/\/turismo.ayto-nuevobaztan.es\/es\/noticias\/emotivo-cierre-de-las-fiestas-de-la-fundacion-con-arte-reconocimiento-y-tradicion-en-nuevo-baztan\/","name":"Emotivo cierre de las Fiestas de la Fundaci\u00f3n con arte, reconocimiento y tradici\u00f3n en Nuevo Bazt\u00e1n","isPartOf":{"@id":"https:\/\/turismo.ayto-nuevobaztan.es\/es\/#website"},"primaryImageOfPage":{"@id":"https:\/\/turismo.ayto-nuevobaztan.es\/es\/noticias\/emotivo-cierre-de-las-fiestas-de-la-fundacion-con-arte-reconocimiento-y-tradicion-en-nuevo-baztan\/#primaryimage"},"image":{"@id":"https:\/\/turismo.ayto-nuevobaztan.es\/es\/noticias\/emotivo-cierre-de-las-fiestas-de-la-fundacion-con-arte-reconocimiento-y-tradicion-en-nuevo-baztan\/#primaryimage"},"thumbnailUrl":"https:\/\/turismo.ayto-nuevobaztan.es\/wp-content\/uploads\/2025\/10\/Fiestas-Fundacion-2025-Antonio.jpg","datePublished":"2025-10-17T10:11:08+00:00","description":"El VII Certamen de Pintura R\u00e1pida y un homenaje especial al pintor Antonio Espa\u00f1ol protagonizaron la jornada final.","breadcrumb":{"@id":"https:\/\/turismo.ayto-nuevobaztan.es\/es\/noticias\/emotivo-cierre-de-las-fiestas-de-la-fundacion-con-arte-reconocimiento-y-tradicion-en-nuevo-baztan\/#breadcrumb"},"inLanguage":"es","potentialAction":[{"@type":"ReadAction","target":["https:\/\/turismo.ayto-nuevobaztan.es\/es\/noticias\/emotivo-cierre-de-las-fiestas-de-la-fundacion-con-arte-reconocimiento-y-tradicion-en-nuevo-baztan\/"]}]},{"@type":"ImageObject","inLanguage":"es","@id":"https:\/\/turismo.ayto-nuevobaztan.es\/es\/noticias\/emotivo-cierre-de-las-fiestas-de-la-fundacion-con-arte-reconocimiento-y-tradicion-en-nuevo-baztan\/#primaryimage","url":"https:\/\/turismo.ayto-nuevobaztan.es\/wp-content\/uploads\/2025\/10\/Fiestas-Fundacion-2025-Antonio.jpg","contentUrl":"https:\/\/turismo.ayto-nuevobaztan.es\/wp-content\/uploads\/2025\/10\/Fiestas-Fundacion-2025-Antonio.jpg","width":1080,"height":1440},{"@type":"BreadcrumbList","@id":"https:\/\/turismo.ayto-nuevobaztan.es\/es\/noticias\/emotivo-cierre-de-las-fiestas-de-la-fundacion-con-arte-reconocimiento-y-tradicion-en-nuevo-baztan\/#breadcrumb","itemListElement":[{"@type":"ListItem","position":1,"name":"Inicio","item":"https:\/\/turismo.ayto-nuevobaztan.es\/es\/"},{"@type":"ListItem","position":2,"name":"Emotivo cierre de las Fiestas de la Fundaci\u00f3n con arte, reconocimiento y tradici\u00f3n en Nuevo Bazt\u00e1n"}]},{"@type":"WebSite","@id":"https:\/\/turismo.ayto-nuevobaztan.es\/es\/#website","url":"https:\/\/turismo.ayto-nuevobaztan.es\/es\/","name":"Turismo Nuevo Bazt\u00e1n","description":"","publisher":{"@id":"https:\/\/turismo.ayto-nuevobaztan.es\/es\/#organization"},"potentialAction":[{"@type":"SearchAction","target":{"@type":"EntryPoint","urlTemplate":"https:\/\/turismo.ayto-nuevobaztan.es\/es\/?s={search_term_string}"},"query-input":{"@type":"PropertyValueSpecification","valueRequired":true,"valueName":"search_term_string"}}],"inLanguage":"es"},{"@type":"Organization","@id":"https:\/\/turismo.ayto-nuevobaztan.es\/es\/#organization","name":"Turismo Nuevo Bazt\u00e1n","url":"https:\/\/turismo.ayto-nuevobaztan.es\/es\/","logo":{"@type":"ImageObject","inLanguage":"es","@id":"https:\/\/turismo.ayto-nuevobaztan.es\/es\/#\/schema\/logo\/image\/","url":"https:\/\/turismo.ayto-nuevobaztan.es\/wp-content\/uploads\/2025\/12\/logo.png","contentUrl":"https:\/\/turismo.ayto-nuevobaztan.es\/wp-content\/uploads\/2025\/12\/logo.png","width":1847,"height":1787,"caption":"Turismo Nuevo Bazt\u00e1n"},"image":{"@id":"https:\/\/turismo.ayto-nuevobaztan.es\/es\/#\/schema\/logo\/image\/"},"sameAs":["https:\/\/www.facebook.com\/turismonuevobaztan\/","https:\/\/x.com\/TurismoNBaztan"]},{"@type":"Person","@id":"https:\/\/turismo.ayto-nuevobaztan.es\/es\/#\/schema\/person\/bc781c848e33ae71437002fa79b5c3df","name":"Turismo Nuevo Bazt\u00e1n","image":{"@type":"ImageObject","inLanguage":"es","@id":"https:\/\/secure.gravatar.com\/avatar\/c34f0d8aae58e8accb5d24f13ebda51911caa6f3106f7c0db25bd0888b071620?s=96&d=mm&r=g","url":"https:\/\/secure.gravatar.com\/avatar\/c34f0d8aae58e8accb5d24f13ebda51911caa6f3106f7c0db25bd0888b071620?s=96&d=mm&r=g","contentUrl":"https:\/\/secure.gravatar.com\/avatar\/c34f0d8aae58e8accb5d24f13ebda51911caa6f3106f7c0db25bd0888b071620?s=96&d=mm&r=g","caption":"Turismo Nuevo Bazt\u00e1n"},"url":"#"}]}},"_links":{"self":[{"href":"https:\/\/turismo.ayto-nuevobaztan.es\/es\/wp-json\/wp\/v2\/posts\/2336","targetHints":{"allow":["GET"]}}],"collection":[{"href":"https:\/\/turismo.ayto-nuevobaztan.es\/es\/wp-json\/wp\/v2\/posts"}],"about":[{"href":"https:\/\/turismo.ayto-nuevobaztan.es\/es\/wp-json\/wp\/v2\/types\/post"}],"author":[{"embeddable":true,"href":"https:\/\/turismo.ayto-nuevobaztan.es\/es\/wp-json\/wp\/v2\/users\/2"}],"replies":[{"embeddable":true,"href":"https:\/\/turismo.ayto-nuevobaztan.es\/es\/wp-json\/wp\/v2\/comments?post=2336"}],"version-history":[{"count":0,"href":"https:\/\/turismo.ayto-nuevobaztan.es\/es\/wp-json\/wp\/v2\/posts\/2336\/revisions"}],"wp:featuredmedia":[{"embeddable":true,"href":"https:\/\/turismo.ayto-nuevobaztan.es\/es\/wp-json\/wp\/v2\/media\/2337"}],"wp:attachment":[{"href":"https:\/\/turismo.ayto-nuevobaztan.es\/es\/wp-json\/wp\/v2\/media?parent=2336"}],"wp:term":[{"taxonomy":"category","embeddable":true,"href":"https:\/\/turismo.ayto-nuevobaztan.es\/es\/wp-json\/wp\/v2\/categories?post=2336"},{"taxonomy":"post_tag","embeddable":true,"href":"https:\/\/turismo.ayto-nuevobaztan.es\/es\/wp-json\/wp\/v2\/tags?post=2336"}],"curies":[{"name":"wp","href":"https:\/\/api.w.org\/{rel}","templated":true}]}}