{"id":2274,"date":"2025-09-23T11:44:40","date_gmt":"2025-09-23T09:44:40","guid":{"rendered":"https:\/\/turismo.ayto-nuevobaztan.es\/?p=2274"},"modified":"2025-09-23T11:44:40","modified_gmt":"2025-09-23T09:44:40","slug":"la-importancia-patrimonial-e-historica-de-nuevo-baztan-mas-alla-de-nuestras-fronteras","status":"publish","type":"post","link":"https:\/\/turismo.ayto-nuevobaztan.es\/es\/noticias\/la-importancia-patrimonial-e-historica-de-nuevo-baztan-mas-alla-de-nuestras-fronteras\/","title":{"rendered":"La importancia patrimonial e hist\u00f3rica de Nuevo Bazt\u00e1n m\u00e1s all\u00e1 de nuestras fronteras"},"content":{"rendered":"<p><span data-contrast=\"none\"><img loading=\"lazy\" decoding=\"async\" class=\"alignleft wp-image-2275 size-medium\" src=\"https:\/\/turismo.ayto-nuevobaztan.es\/wp-content\/uploads\/2025\/09\/video-patrimonio-francia-300x191.jpg\" alt=\"\" width=\"300\" height=\"191\" \/>El municipio de Nuevo Bazt\u00e1n constituye uno de los conjuntos urbanos y fabriles m\u00e1s singulares del patrimonio espa\u00f1ol y europeo. Catalogado como Conjunto Hist\u00f3rico-Art\u00edstico y Bien de Inter\u00e9s Cultural (BIC) en 2001, representa un hito excepcional en la historia del urbanismo, la industria y la arquitectura de la Edad Moderna en Europa constituyendo una joya urban\u00edstica, industrial y cultural reconocida fuera de nuestras fronteras.<\/span><span data-ccp-props=\"{&quot;134233117&quot;:false,&quot;134233118&quot;:false,&quot;201341983&quot;:0,&quot;335551550&quot;:6,&quot;335551620&quot;:6,&quot;335557856&quot;:16777215,&quot;335559738&quot;:0,&quot;335559739&quot;:160,&quot;335559740&quot;:360}\">\u00a0<\/span><\/p>\n<p><span data-contrast=\"none\">Este modelo urbano-fabril resulta in\u00e9dito en la Europa de su tiempo, combinando en un solo espacio residencia, producci\u00f3n y culto, en un equilibrio que anticipaba concepciones industriales y urban\u00edsticas posteriores.<\/span><span data-ccp-props=\"{&quot;134233117&quot;:false,&quot;134233118&quot;:false,&quot;201341983&quot;:0,&quot;335551550&quot;:6,&quot;335551620&quot;:6,&quot;335557856&quot;:16777215,&quot;335559738&quot;:0,&quot;335559739&quot;:160,&quot;335559740&quot;:360}\">\u00a0<\/span><\/p>\n<p><span data-contrast=\"none\">En pa\u00edses como Francia, Nuevo Bazt\u00e1n se estudia y se valora como ejemplo original e innovador de conjunto fabril del siglo XVIII, reconociendo su car\u00e1cter precursor en el desarrollo de manufacturas modernas y sit\u00faan a Nuevo Bazt\u00e1n como ejemplo pionero de urbanismo fabril moderno, valorando su car\u00e1cter original y su aportaci\u00f3n a la historia de la industria europea.<\/span><span data-ccp-props=\"{&quot;134233117&quot;:false,&quot;134233118&quot;:false,&quot;201341983&quot;:0,&quot;335551550&quot;:6,&quot;335551620&quot;:6,&quot;335557856&quot;:16777215,&quot;335559738&quot;:0,&quot;335559739&quot;:160,&quot;335559740&quot;:360}\">\u00a0<\/span><\/p>\n<p><span data-contrast=\"none\">Su menci\u00f3n en foros nacionales e internacionales sit\u00faa al municipio en el mapa europeo del patrimonio industrial y cultural, lo que refuerza la necesidad de proteger y difundir este legado.<\/span><span data-ccp-props=\"{&quot;134233117&quot;:false,&quot;134233118&quot;:false,&quot;201341983&quot;:0,&quot;335551550&quot;:6,&quot;335551620&quot;:6,&quot;335557856&quot;:16777215,&quot;335559738&quot;:0,&quot;335559739&quot;:160,&quot;335559740&quot;:360}\">\u00a0<\/span><\/p>\n<p><span data-contrast=\"none\">Hace un a\u00f1o aproximadamente, desde la Televisi\u00f3n P\u00fablica francesa, el Canal de Arte \u201cArte TV France\u201d, rod\u00f3 durante varios d\u00edas en nuestro Conjunto Hist\u00f3rico, un reportaje que ha comenzado a emitirse desde ayer, en la TV francesa y en la hom\u00f3loga alemana, dentro de un programa espec\u00edfico sobre las Reales F\u00e1bricas Borb\u00f3nicas (Vidrio en la Granja y Tapices en Madrid) y la importancia de Nuevo Bazt\u00e1n como precedente de estas f\u00e1bricas.<\/span><span data-ccp-props=\"{&quot;134233117&quot;:false,&quot;134233118&quot;:false,&quot;201341983&quot;:0,&quot;335551550&quot;:6,&quot;335551620&quot;:6,&quot;335557856&quot;:16777215,&quot;335559738&quot;:0,&quot;335559739&quot;:160,&quot;335559740&quot;:360}\">\u00a0<\/span><\/p>\n<p><span data-contrast=\"none\">Sin embargo, en demasiadas ocasiones somos nosotros mismos, los que convivimos a diario con este patrimonio, los que olvidamos que tenemos el privilegio de convivir con un conjunto hist\u00f3rico admirado fuera de nuestras fronteras y, al mismo tiempo, el deber de participar en su protecci\u00f3n y puesta en valor<\/span><span data-ccp-props=\"{&quot;134233117&quot;:false,&quot;134233118&quot;:false,&quot;201341983&quot;:0,&quot;335551550&quot;:6,&quot;335551620&quot;:6,&quot;335557856&quot;:16777215,&quot;335559738&quot;:0,&quot;335559739&quot;:160,&quot;335559740&quot;:360}\">\u00a0<\/span><\/p>\n<p><span data-contrast=\"none\">Este conjunto no es solo un recuerdo del pasado: es un s\u00edmbolo de identidad que diferencia a Nuevo Bazt\u00e1n sobre el resto, un motivo de orgullo y arraigo para quienes lo habitamos. Para los vecinos de Nuevo Bazt\u00e1n, este conjunto hist\u00f3rico no es \u00fanicamente un recurso cultural, sino un s\u00edmbolo identitario que diferencia al municipio dentro de la Comunidad de Madrid y del conjunto del pa\u00eds.<\/span><span data-ccp-props=\"{&quot;134233117&quot;:false,&quot;134233118&quot;:false,&quot;201341983&quot;:0,&quot;335551550&quot;:6,&quot;335551620&quot;:6,&quot;335557856&quot;:16777215,&quot;335559738&quot;:0,&quot;335559739&quot;:160,&quot;335559740&quot;:360}\">\u00a0<\/span><\/p>\n<p><span data-contrast=\"none\">La conservaci\u00f3n de Nuevo Bazt\u00e1n no es \u00fanicamente un mandato legal derivado de su catalogaci\u00f3n como BIC, sino tambi\u00e9n un deber moral y cultural de todos los actores implicados: administraciones p\u00fablicas, ciudadan\u00eda y tejido social.<\/span><span data-ccp-props=\"{&quot;134233117&quot;:false,&quot;134233118&quot;:false,&quot;201341983&quot;:0,&quot;335551550&quot;:6,&quot;335551620&quot;:6,&quot;335557856&quot;:16777215,&quot;335559738&quot;:0,&quot;335559739&quot;:160,&quot;335559740&quot;:360}\">\u00a0<\/span><\/p>\n<p><span data-contrast=\"none\">Adem\u00e1s de su valor hist\u00f3rico, este conjunto constituye una oportunidad de desarrollo sostenible a trav\u00e9s del turismo cultural, la investigaci\u00f3n y la difusi\u00f3n educativa, que pueden convertirse en motores de orgullo local y dinamizaci\u00f3n econ\u00f3mica no solo del municipio sino de toda la comarca.<\/span><span data-ccp-props=\"{&quot;134233117&quot;:false,&quot;134233118&quot;:false,&quot;201341983&quot;:0,&quot;335551550&quot;:6,&quot;335551620&quot;:6,&quot;335557856&quot;:16777215,&quot;335559738&quot;:0,&quot;335559739&quot;:160,&quot;335559740&quot;:360}\">\u00a0<\/span><\/p>\n<p><span data-contrast=\"none\">Por ello, vivir junto a un patrimonio de esta magnitud debe entenderse como un privilegio y una responsabilidad compartida: no solo corresponde a las instituciones velar por su protecci\u00f3n y conservaci\u00f3n, sino tambi\u00e9n a los particulares, como custodios y transmisores de este legado a las generaciones futuras. Disfruta de la aparici\u00f3n en este programa desde el minuto 18.<\/span><span data-ccp-props=\"{&quot;134233117&quot;:false,&quot;134233118&quot;:false,&quot;201341983&quot;:0,&quot;335551550&quot;:6,&quot;335551620&quot;:6,&quot;335557856&quot;:16777215,&quot;335559738&quot;:0,&quot;335559739&quot;:160,&quot;335559740&quot;:360}\">\u00a0<\/span><\/p>\n<p><span data-contrast=\"none\">Enlace para ver el video:\u00a0<\/span><a href=\"https:\/\/www.arte.tv\/fr\/videos\/120086-097-A\/invitation-au-voyage\/\"><span data-contrast=\"none\">https:\/\/www.arte.tv\/fr\/videos\/120086-097-A\/invitation-au-voyage\/<\/span><\/a><span data-ccp-props=\"{&quot;134233117&quot;:false,&quot;134233118&quot;:false,&quot;201341983&quot;:0,&quot;335551550&quot;:6,&quot;335551620&quot;:6,&quot;335557856&quot;:16777215,&quot;335559738&quot;:0,&quot;335559739&quot;:160,&quot;335559740&quot;:360}\">\u00a0<\/span><\/p>\n","protected":false},"excerpt":{"rendered":"<p>El municipio de Nuevo Bazt\u00e1n constituye uno de los conjuntos urbanos y fabriles m\u00e1s singulares del patrimonio espa\u00f1ol y europeo. Catalogado como Conjunto Hist\u00f3rico-Art\u00edstico y Bien de Inter\u00e9s Cultural (BIC) en 2001, representa un hito excepcional en la historia del urbanismo, la industria y la arquitectura de la Edad Moderna en Europa constituyendo una joya&hellip;<\/p>\n","protected":false},"author":2,"featured_media":2275,"comment_status":"closed","ping_status":"closed","sticky":false,"template":"","format":"standard","meta":{"_acf_changed":false,"footnotes":""},"categories":[14],"tags":[244,245,29,246],"class_list":["post-2274","post","type-post","status-publish","format-standard","has-post-thumbnail","hentry","category-actividades-nuevo-batzan","tag-francia","tag-fronteras","tag-nuevo-baztan","tag-patrimonio"],"acf":[],"yoast_head":"<!-- This site is optimized with the Yoast SEO plugin v27.2 - https:\/\/yoast.com\/product\/yoast-seo-wordpress\/ -->\n<title>La importancia patrimonial e hist\u00f3rica de Nuevo Bazt\u00e1n m\u00e1s all\u00e1 de nuestras fronteras<\/title>\n<meta name=\"description\" content=\"Europa entera nos marca nuestro sitio en la Historia con un Patrimonio que permanece hoy en d\u00eda.\" \/>\n<meta name=\"robots\" content=\"index, follow, max-snippet:-1, max-image-preview:large, max-video-preview:-1\" \/>\n<link rel=\"canonical\" href=\"https:\/\/turismo.ayto-nuevobaztan.es\/es\/noticias\/la-importancia-patrimonial-e-historica-de-nuevo-baztan-mas-alla-de-nuestras-fronteras\/\" \/>\n<meta property=\"og:locale\" content=\"es_ES\" \/>\n<meta property=\"og:type\" content=\"article\" \/>\n<meta property=\"og:title\" content=\"La importancia patrimonial e hist\u00f3rica de Nuevo Bazt\u00e1n m\u00e1s all\u00e1 de nuestras fronteras\" \/>\n<meta property=\"og:description\" content=\"Europa entera nos marca nuestro sitio en la Historia con un Patrimonio que permanece hoy en d\u00eda.\" \/>\n<meta property=\"og:url\" content=\"https:\/\/turismo.ayto-nuevobaztan.es\/es\/noticias\/la-importancia-patrimonial-e-historica-de-nuevo-baztan-mas-alla-de-nuestras-fronteras\/\" \/>\n<meta property=\"og:site_name\" content=\"Turismo Nuevo Bazt\u00e1n\" \/>\n<meta property=\"article:publisher\" content=\"https:\/\/www.facebook.com\/turismonuevobaztan\/\" \/>\n<meta property=\"article:published_time\" content=\"2025-09-23T09:44:40+00:00\" \/>\n<meta property=\"og:image\" content=\"https:\/\/turismo.ayto-nuevobaztan.es\/wp-content\/uploads\/2025\/09\/video-patrimonio-francia.jpg\" \/>\n\t<meta property=\"og:image:width\" content=\"931\" \/>\n\t<meta property=\"og:image:height\" content=\"592\" \/>\n\t<meta property=\"og:image:type\" content=\"image\/jpeg\" \/>\n<meta name=\"author\" content=\"Turismo Nuevo Bazt\u00e1n\" \/>\n<meta name=\"twitter:card\" content=\"summary_large_image\" \/>\n<meta name=\"twitter:creator\" content=\"@TurismoNBaztan\" \/>\n<meta name=\"twitter:site\" content=\"@TurismoNBaztan\" \/>\n<meta name=\"twitter:label1\" content=\"Escrito por\" \/>\n\t<meta name=\"twitter:data1\" content=\"Turismo Nuevo Bazt\u00e1n\" \/>\n\t<meta name=\"twitter:label2\" content=\"Tiempo de lectura\" \/>\n\t<meta name=\"twitter:data2\" content=\"3 minutos\" \/>\n<script type=\"application\/ld+json\" class=\"yoast-schema-graph\">{\"@context\":\"https:\/\/schema.org\",\"@graph\":[{\"@type\":\"Article\",\"@id\":\"https:\/\/turismo.ayto-nuevobaztan.es\/es\/noticias\/la-importancia-patrimonial-e-historica-de-nuevo-baztan-mas-alla-de-nuestras-fronteras\/#article\",\"isPartOf\":{\"@id\":\"https:\/\/turismo.ayto-nuevobaztan.es\/es\/noticias\/la-importancia-patrimonial-e-historica-de-nuevo-baztan-mas-alla-de-nuestras-fronteras\/\"},\"author\":{\"name\":\"Turismo Nuevo Bazt\u00e1n\",\"@id\":\"https:\/\/turismo.ayto-nuevobaztan.es\/es\/#\/schema\/person\/bc781c848e33ae71437002fa79b5c3df\"},\"headline\":\"La importancia patrimonial e hist\u00f3rica de Nuevo Bazt\u00e1n m\u00e1s all\u00e1 de nuestras fronteras\",\"datePublished\":\"2025-09-23T09:44:40+00:00\",\"mainEntityOfPage\":{\"@id\":\"https:\/\/turismo.ayto-nuevobaztan.es\/es\/noticias\/la-importancia-patrimonial-e-historica-de-nuevo-baztan-mas-alla-de-nuestras-fronteras\/\"},\"wordCount\":588,\"publisher\":{\"@id\":\"https:\/\/turismo.ayto-nuevobaztan.es\/es\/#organization\"},\"image\":{\"@id\":\"https:\/\/turismo.ayto-nuevobaztan.es\/es\/noticias\/la-importancia-patrimonial-e-historica-de-nuevo-baztan-mas-alla-de-nuestras-fronteras\/#primaryimage\"},\"thumbnailUrl\":\"https:\/\/turismo.ayto-nuevobaztan.es\/wp-content\/uploads\/2025\/09\/video-patrimonio-francia.jpg\",\"keywords\":[\"Francia\",\"Fronteras\",\"Nuevo Bazt\u00e1n\",\"Patrimonio\"],\"articleSection\":[\"actividades\"],\"inLanguage\":\"es\"},{\"@type\":\"WebPage\",\"@id\":\"https:\/\/turismo.ayto-nuevobaztan.es\/es\/noticias\/la-importancia-patrimonial-e-historica-de-nuevo-baztan-mas-alla-de-nuestras-fronteras\/\",\"url\":\"https:\/\/turismo.ayto-nuevobaztan.es\/es\/noticias\/la-importancia-patrimonial-e-historica-de-nuevo-baztan-mas-alla-de-nuestras-fronteras\/\",\"name\":\"La importancia patrimonial e hist\u00f3rica de Nuevo Bazt\u00e1n m\u00e1s all\u00e1 de nuestras fronteras\",\"isPartOf\":{\"@id\":\"https:\/\/turismo.ayto-nuevobaztan.es\/es\/#website\"},\"primaryImageOfPage\":{\"@id\":\"https:\/\/turismo.ayto-nuevobaztan.es\/es\/noticias\/la-importancia-patrimonial-e-historica-de-nuevo-baztan-mas-alla-de-nuestras-fronteras\/#primaryimage\"},\"image\":{\"@id\":\"https:\/\/turismo.ayto-nuevobaztan.es\/es\/noticias\/la-importancia-patrimonial-e-historica-de-nuevo-baztan-mas-alla-de-nuestras-fronteras\/#primaryimage\"},\"thumbnailUrl\":\"https:\/\/turismo.ayto-nuevobaztan.es\/wp-content\/uploads\/2025\/09\/video-patrimonio-francia.jpg\",\"datePublished\":\"2025-09-23T09:44:40+00:00\",\"description\":\"Europa entera nos marca nuestro sitio en la Historia con un Patrimonio que permanece hoy en d\u00eda.\",\"breadcrumb\":{\"@id\":\"https:\/\/turismo.ayto-nuevobaztan.es\/es\/noticias\/la-importancia-patrimonial-e-historica-de-nuevo-baztan-mas-alla-de-nuestras-fronteras\/#breadcrumb\"},\"inLanguage\":\"es\",\"potentialAction\":[{\"@type\":\"ReadAction\",\"target\":[\"https:\/\/turismo.ayto-nuevobaztan.es\/es\/noticias\/la-importancia-patrimonial-e-historica-de-nuevo-baztan-mas-alla-de-nuestras-fronteras\/\"]}]},{\"@type\":\"ImageObject\",\"inLanguage\":\"es\",\"@id\":\"https:\/\/turismo.ayto-nuevobaztan.es\/es\/noticias\/la-importancia-patrimonial-e-historica-de-nuevo-baztan-mas-alla-de-nuestras-fronteras\/#primaryimage\",\"url\":\"https:\/\/turismo.ayto-nuevobaztan.es\/wp-content\/uploads\/2025\/09\/video-patrimonio-francia.jpg\",\"contentUrl\":\"https:\/\/turismo.ayto-nuevobaztan.es\/wp-content\/uploads\/2025\/09\/video-patrimonio-francia.jpg\",\"width\":931,\"height\":592},{\"@type\":\"BreadcrumbList\",\"@id\":\"https:\/\/turismo.ayto-nuevobaztan.es\/es\/noticias\/la-importancia-patrimonial-e-historica-de-nuevo-baztan-mas-alla-de-nuestras-fronteras\/#breadcrumb\",\"itemListElement\":[{\"@type\":\"ListItem\",\"position\":1,\"name\":\"Inicio\",\"item\":\"https:\/\/turismo.ayto-nuevobaztan.es\/es\/\"},{\"@type\":\"ListItem\",\"position\":2,\"name\":\"La importancia patrimonial e hist\u00f3rica de Nuevo Bazt\u00e1n m\u00e1s all\u00e1 de nuestras fronteras\"}]},{\"@type\":\"WebSite\",\"@id\":\"https:\/\/turismo.ayto-nuevobaztan.es\/es\/#website\",\"url\":\"https:\/\/turismo.ayto-nuevobaztan.es\/es\/\",\"name\":\"Turismo Nuevo Bazt\u00e1n\",\"description\":\"\",\"publisher\":{\"@id\":\"https:\/\/turismo.ayto-nuevobaztan.es\/es\/#organization\"},\"potentialAction\":[{\"@type\":\"SearchAction\",\"target\":{\"@type\":\"EntryPoint\",\"urlTemplate\":\"https:\/\/turismo.ayto-nuevobaztan.es\/es\/?s={search_term_string}\"},\"query-input\":{\"@type\":\"PropertyValueSpecification\",\"valueRequired\":true,\"valueName\":\"search_term_string\"}}],\"inLanguage\":\"es\"},{\"@type\":\"Organization\",\"@id\":\"https:\/\/turismo.ayto-nuevobaztan.es\/es\/#organization\",\"name\":\"Turismo Nuevo Bazt\u00e1n\",\"url\":\"https:\/\/turismo.ayto-nuevobaztan.es\/es\/\",\"logo\":{\"@type\":\"ImageObject\",\"inLanguage\":\"es\",\"@id\":\"https:\/\/turismo.ayto-nuevobaztan.es\/es\/#\/schema\/logo\/image\/\",\"url\":\"https:\/\/turismo.ayto-nuevobaztan.es\/wp-content\/uploads\/2025\/12\/logo.png\",\"contentUrl\":\"https:\/\/turismo.ayto-nuevobaztan.es\/wp-content\/uploads\/2025\/12\/logo.png\",\"width\":1847,\"height\":1787,\"caption\":\"Turismo Nuevo Bazt\u00e1n\"},\"image\":{\"@id\":\"https:\/\/turismo.ayto-nuevobaztan.es\/es\/#\/schema\/logo\/image\/\"},\"sameAs\":[\"https:\/\/www.facebook.com\/turismonuevobaztan\/\",\"https:\/\/x.com\/TurismoNBaztan\"]},{\"@type\":\"Person\",\"@id\":\"https:\/\/turismo.ayto-nuevobaztan.es\/es\/#\/schema\/person\/bc781c848e33ae71437002fa79b5c3df\",\"name\":\"Turismo Nuevo Bazt\u00e1n\",\"image\":{\"@type\":\"ImageObject\",\"inLanguage\":\"es\",\"@id\":\"https:\/\/secure.gravatar.com\/avatar\/c34f0d8aae58e8accb5d24f13ebda51911caa6f3106f7c0db25bd0888b071620?s=96&d=mm&r=g\",\"url\":\"https:\/\/secure.gravatar.com\/avatar\/c34f0d8aae58e8accb5d24f13ebda51911caa6f3106f7c0db25bd0888b071620?s=96&d=mm&r=g\",\"contentUrl\":\"https:\/\/secure.gravatar.com\/avatar\/c34f0d8aae58e8accb5d24f13ebda51911caa6f3106f7c0db25bd0888b071620?s=96&d=mm&r=g\",\"caption\":\"Turismo Nuevo Bazt\u00e1n\"},\"url\":\"#\"}]}<\/script>\n<!-- \/ Yoast SEO plugin. -->","yoast_head_json":{"title":"La importancia patrimonial e hist\u00f3rica de Nuevo Bazt\u00e1n m\u00e1s all\u00e1 de nuestras fronteras","description":"Europa entera nos marca nuestro sitio en la Historia con un Patrimonio que permanece hoy en d\u00eda.","robots":{"index":"index","follow":"follow","max-snippet":"max-snippet:-1","max-image-preview":"max-image-preview:large","max-video-preview":"max-video-preview:-1"},"canonical":"https:\/\/turismo.ayto-nuevobaztan.es\/es\/noticias\/la-importancia-patrimonial-e-historica-de-nuevo-baztan-mas-alla-de-nuestras-fronteras\/","og_locale":"es_ES","og_type":"article","og_title":"La importancia patrimonial e hist\u00f3rica de Nuevo Bazt\u00e1n m\u00e1s all\u00e1 de nuestras fronteras","og_description":"Europa entera nos marca nuestro sitio en la Historia con un Patrimonio que permanece hoy en d\u00eda.","og_url":"https:\/\/turismo.ayto-nuevobaztan.es\/es\/noticias\/la-importancia-patrimonial-e-historica-de-nuevo-baztan-mas-alla-de-nuestras-fronteras\/","og_site_name":"Turismo Nuevo Bazt\u00e1n","article_publisher":"https:\/\/www.facebook.com\/turismonuevobaztan\/","article_published_time":"2025-09-23T09:44:40+00:00","og_image":[{"width":931,"height":592,"url":"https:\/\/turismo.ayto-nuevobaztan.es\/wp-content\/uploads\/2025\/09\/video-patrimonio-francia.jpg","type":"image\/jpeg"}],"author":"Turismo Nuevo Bazt\u00e1n","twitter_card":"summary_large_image","twitter_creator":"@TurismoNBaztan","twitter_site":"@TurismoNBaztan","twitter_misc":{"Escrito por":"Turismo Nuevo Bazt\u00e1n","Tiempo de lectura":"3 minutos"},"schema":{"@context":"https:\/\/schema.org","@graph":[{"@type":"Article","@id":"https:\/\/turismo.ayto-nuevobaztan.es\/es\/noticias\/la-importancia-patrimonial-e-historica-de-nuevo-baztan-mas-alla-de-nuestras-fronteras\/#article","isPartOf":{"@id":"https:\/\/turismo.ayto-nuevobaztan.es\/es\/noticias\/la-importancia-patrimonial-e-historica-de-nuevo-baztan-mas-alla-de-nuestras-fronteras\/"},"author":{"name":"Turismo Nuevo Bazt\u00e1n","@id":"https:\/\/turismo.ayto-nuevobaztan.es\/es\/#\/schema\/person\/bc781c848e33ae71437002fa79b5c3df"},"headline":"La importancia patrimonial e hist\u00f3rica de Nuevo Bazt\u00e1n m\u00e1s all\u00e1 de nuestras fronteras","datePublished":"2025-09-23T09:44:40+00:00","mainEntityOfPage":{"@id":"https:\/\/turismo.ayto-nuevobaztan.es\/es\/noticias\/la-importancia-patrimonial-e-historica-de-nuevo-baztan-mas-alla-de-nuestras-fronteras\/"},"wordCount":588,"publisher":{"@id":"https:\/\/turismo.ayto-nuevobaztan.es\/es\/#organization"},"image":{"@id":"https:\/\/turismo.ayto-nuevobaztan.es\/es\/noticias\/la-importancia-patrimonial-e-historica-de-nuevo-baztan-mas-alla-de-nuestras-fronteras\/#primaryimage"},"thumbnailUrl":"https:\/\/turismo.ayto-nuevobaztan.es\/wp-content\/uploads\/2025\/09\/video-patrimonio-francia.jpg","keywords":["Francia","Fronteras","Nuevo Bazt\u00e1n","Patrimonio"],"articleSection":["actividades"],"inLanguage":"es"},{"@type":"WebPage","@id":"https:\/\/turismo.ayto-nuevobaztan.es\/es\/noticias\/la-importancia-patrimonial-e-historica-de-nuevo-baztan-mas-alla-de-nuestras-fronteras\/","url":"https:\/\/turismo.ayto-nuevobaztan.es\/es\/noticias\/la-importancia-patrimonial-e-historica-de-nuevo-baztan-mas-alla-de-nuestras-fronteras\/","name":"La importancia patrimonial e hist\u00f3rica de Nuevo Bazt\u00e1n m\u00e1s all\u00e1 de nuestras fronteras","isPartOf":{"@id":"https:\/\/turismo.ayto-nuevobaztan.es\/es\/#website"},"primaryImageOfPage":{"@id":"https:\/\/turismo.ayto-nuevobaztan.es\/es\/noticias\/la-importancia-patrimonial-e-historica-de-nuevo-baztan-mas-alla-de-nuestras-fronteras\/#primaryimage"},"image":{"@id":"https:\/\/turismo.ayto-nuevobaztan.es\/es\/noticias\/la-importancia-patrimonial-e-historica-de-nuevo-baztan-mas-alla-de-nuestras-fronteras\/#primaryimage"},"thumbnailUrl":"https:\/\/turismo.ayto-nuevobaztan.es\/wp-content\/uploads\/2025\/09\/video-patrimonio-francia.jpg","datePublished":"2025-09-23T09:44:40+00:00","description":"Europa entera nos marca nuestro sitio en la Historia con un Patrimonio que permanece hoy en d\u00eda.","breadcrumb":{"@id":"https:\/\/turismo.ayto-nuevobaztan.es\/es\/noticias\/la-importancia-patrimonial-e-historica-de-nuevo-baztan-mas-alla-de-nuestras-fronteras\/#breadcrumb"},"inLanguage":"es","potentialAction":[{"@type":"ReadAction","target":["https:\/\/turismo.ayto-nuevobaztan.es\/es\/noticias\/la-importancia-patrimonial-e-historica-de-nuevo-baztan-mas-alla-de-nuestras-fronteras\/"]}]},{"@type":"ImageObject","inLanguage":"es","@id":"https:\/\/turismo.ayto-nuevobaztan.es\/es\/noticias\/la-importancia-patrimonial-e-historica-de-nuevo-baztan-mas-alla-de-nuestras-fronteras\/#primaryimage","url":"https:\/\/turismo.ayto-nuevobaztan.es\/wp-content\/uploads\/2025\/09\/video-patrimonio-francia.jpg","contentUrl":"https:\/\/turismo.ayto-nuevobaztan.es\/wp-content\/uploads\/2025\/09\/video-patrimonio-francia.jpg","width":931,"height":592},{"@type":"BreadcrumbList","@id":"https:\/\/turismo.ayto-nuevobaztan.es\/es\/noticias\/la-importancia-patrimonial-e-historica-de-nuevo-baztan-mas-alla-de-nuestras-fronteras\/#breadcrumb","itemListElement":[{"@type":"ListItem","position":1,"name":"Inicio","item":"https:\/\/turismo.ayto-nuevobaztan.es\/es\/"},{"@type":"ListItem","position":2,"name":"La importancia patrimonial e hist\u00f3rica de Nuevo Bazt\u00e1n m\u00e1s all\u00e1 de nuestras fronteras"}]},{"@type":"WebSite","@id":"https:\/\/turismo.ayto-nuevobaztan.es\/es\/#website","url":"https:\/\/turismo.ayto-nuevobaztan.es\/es\/","name":"Turismo Nuevo Bazt\u00e1n","description":"","publisher":{"@id":"https:\/\/turismo.ayto-nuevobaztan.es\/es\/#organization"},"potentialAction":[{"@type":"SearchAction","target":{"@type":"EntryPoint","urlTemplate":"https:\/\/turismo.ayto-nuevobaztan.es\/es\/?s={search_term_string}"},"query-input":{"@type":"PropertyValueSpecification","valueRequired":true,"valueName":"search_term_string"}}],"inLanguage":"es"},{"@type":"Organization","@id":"https:\/\/turismo.ayto-nuevobaztan.es\/es\/#organization","name":"Turismo Nuevo Bazt\u00e1n","url":"https:\/\/turismo.ayto-nuevobaztan.es\/es\/","logo":{"@type":"ImageObject","inLanguage":"es","@id":"https:\/\/turismo.ayto-nuevobaztan.es\/es\/#\/schema\/logo\/image\/","url":"https:\/\/turismo.ayto-nuevobaztan.es\/wp-content\/uploads\/2025\/12\/logo.png","contentUrl":"https:\/\/turismo.ayto-nuevobaztan.es\/wp-content\/uploads\/2025\/12\/logo.png","width":1847,"height":1787,"caption":"Turismo Nuevo Bazt\u00e1n"},"image":{"@id":"https:\/\/turismo.ayto-nuevobaztan.es\/es\/#\/schema\/logo\/image\/"},"sameAs":["https:\/\/www.facebook.com\/turismonuevobaztan\/","https:\/\/x.com\/TurismoNBaztan"]},{"@type":"Person","@id":"https:\/\/turismo.ayto-nuevobaztan.es\/es\/#\/schema\/person\/bc781c848e33ae71437002fa79b5c3df","name":"Turismo Nuevo Bazt\u00e1n","image":{"@type":"ImageObject","inLanguage":"es","@id":"https:\/\/secure.gravatar.com\/avatar\/c34f0d8aae58e8accb5d24f13ebda51911caa6f3106f7c0db25bd0888b071620?s=96&d=mm&r=g","url":"https:\/\/secure.gravatar.com\/avatar\/c34f0d8aae58e8accb5d24f13ebda51911caa6f3106f7c0db25bd0888b071620?s=96&d=mm&r=g","contentUrl":"https:\/\/secure.gravatar.com\/avatar\/c34f0d8aae58e8accb5d24f13ebda51911caa6f3106f7c0db25bd0888b071620?s=96&d=mm&r=g","caption":"Turismo Nuevo Bazt\u00e1n"},"url":"#"}]}},"_links":{"self":[{"href":"https:\/\/turismo.ayto-nuevobaztan.es\/es\/wp-json\/wp\/v2\/posts\/2274","targetHints":{"allow":["GET"]}}],"collection":[{"href":"https:\/\/turismo.ayto-nuevobaztan.es\/es\/wp-json\/wp\/v2\/posts"}],"about":[{"href":"https:\/\/turismo.ayto-nuevobaztan.es\/es\/wp-json\/wp\/v2\/types\/post"}],"author":[{"embeddable":true,"href":"https:\/\/turismo.ayto-nuevobaztan.es\/es\/wp-json\/wp\/v2\/users\/2"}],"replies":[{"embeddable":true,"href":"https:\/\/turismo.ayto-nuevobaztan.es\/es\/wp-json\/wp\/v2\/comments?post=2274"}],"version-history":[{"count":0,"href":"https:\/\/turismo.ayto-nuevobaztan.es\/es\/wp-json\/wp\/v2\/posts\/2274\/revisions"}],"wp:featuredmedia":[{"embeddable":true,"href":"https:\/\/turismo.ayto-nuevobaztan.es\/es\/wp-json\/wp\/v2\/media\/2275"}],"wp:attachment":[{"href":"https:\/\/turismo.ayto-nuevobaztan.es\/es\/wp-json\/wp\/v2\/media?parent=2274"}],"wp:term":[{"taxonomy":"category","embeddable":true,"href":"https:\/\/turismo.ayto-nuevobaztan.es\/es\/wp-json\/wp\/v2\/categories?post=2274"},{"taxonomy":"post_tag","embeddable":true,"href":"https:\/\/turismo.ayto-nuevobaztan.es\/es\/wp-json\/wp\/v2\/tags?post=2274"}],"curies":[{"name":"wp","href":"https:\/\/api.w.org\/{rel}","templated":true}]}}