{"id":2266,"date":"2025-09-08T12:13:22","date_gmt":"2025-09-08T10:13:22","guid":{"rendered":"https:\/\/turismo.ayto-nuevobaztan.es\/?p=2266"},"modified":"2025-09-08T12:13:22","modified_gmt":"2025-09-08T10:13:22","slug":"mercado-de-palacio-fiestas-de-la-fundacion-2025","status":"publish","type":"post","link":"https:\/\/turismo.ayto-nuevobaztan.es\/es\/noticias\/mercado-de-palacio-fiestas-de-la-fundacion-2025\/","title":{"rendered":"Mercado de Palacio. Fiestas de la Fundaci\u00f3n 2025"},"content":{"rendered":"<p><span data-contrast=\"none\">Llegan en el segundo fin de semana de octubre las\u00a0<\/span><b><span data-contrast=\"none\">\u201cFiestas de la Fundaci\u00f3n\u201d<\/span><\/b><span data-contrast=\"none\">. Se celebra, como cada a\u00f1o, la fecha de fundaci\u00f3n el municipio. Nuestro Conjunto Hist\u00f3rico se llenar\u00e1 de actividades.<br \/>\n<\/span><span data-ccp-props=\"{&quot;134233117&quot;:false,&quot;134233118&quot;:false,&quot;201341983&quot;:0,&quot;335551550&quot;:6,&quot;335551620&quot;:6,&quot;335557856&quot;:16777215,&quot;335559738&quot;:0,&quot;335559739&quot;:150,&quot;335559740&quot;:360}\"><br \/>\n<\/span><span data-contrast=\"none\">Antes de presentarte toda la programaci\u00f3n definitiva te proponemos\u00a0<\/span><b><span data-contrast=\"none\">que participes en una de ellas<\/span><\/b><span data-contrast=\"none\">. Ser\u00e1 durante los d\u00edas\u00a0<\/span><b><span data-contrast=\"none\">11 y 12 de octubre<\/span><\/b><span data-contrast=\"none\">. Se va a organizar una nueva edici\u00f3n del\u00a0<\/span><b><span data-contrast=\"none\">\u00abMercado de Palacio\u00bb<\/span><\/b><span data-contrast=\"none\">\u00a0en los jardines frente al Palacio de Juan de Goyeneche. Artesanos, creadores\u2026\u00a0<\/span><span data-ccp-props=\"{&quot;134233117&quot;:false,&quot;134233118&quot;:false,&quot;201341983&quot;:0,&quot;335551550&quot;:6,&quot;335551620&quot;:6,&quot;335557856&quot;:16777215,&quot;335559738&quot;:0,&quot;335559739&quot;:150,&quot;335559740&quot;:360}\">\u00a0<\/span><\/p>\n<p><span data-contrast=\"none\">Si quieres participar te ofrecemos hacerlo de una forma sencilla. A continuaci\u00f3n,\u00a0<\/span><b><span data-contrast=\"none\">os dejamos\u00a02 enlaces donde puedes consultar las bases y descargarte la solicitud de inscripci\u00f3n.<\/span><\/b><\/p>\n<p>&nbsp;<\/p>\n<h4 style=\"text-align: center;\"><a href=\"https:\/\/ayto-nuevobaztan.es\/download\/1808\/turismo-y-palacio\/41641\/bases-mercado-de-palacio-fiestas-de-la-fundacion-2025.pdf\" target=\"_blank\" rel=\"noopener\">\u00a0DESCARGAR BASES<\/a>\u00a0 |\u00a0 <a href=\"https:\/\/ayto-nuevobaztan.es\/mercado-de-palacio-fiestas-de-la-fundacion-2025\/#:~:text=DESCARGAR%20BASES-,DESCARGAR%20SOLICITUD,-COMPARTIR%3A\" target=\"_blank\" rel=\"noopener\">DESCARGAR SOLICITUD<\/a><\/h4>\n","protected":false},"excerpt":{"rendered":"<p>Llegan en el segundo fin de semana de octubre las\u00a0\u201cFiestas de la Fundaci\u00f3n\u201d. Se celebra, como cada a\u00f1o, la fecha de fundaci\u00f3n el municipio. Nuestro Conjunto Hist\u00f3rico se llenar\u00e1 de actividades. Antes de presentarte toda la programaci\u00f3n definitiva te proponemos\u00a0que participes en una de ellas. Ser\u00e1 durante los d\u00edas\u00a011 y 12 de octubre. Se va&hellip;<\/p>\n","protected":false},"author":2,"featured_media":2267,"comment_status":"closed","ping_status":"closed","sticky":false,"template":"","format":"standard","meta":{"_acf_changed":false,"footnotes":""},"categories":[14],"tags":[],"class_list":["post-2266","post","type-post","status-publish","format-standard","has-post-thumbnail","hentry","category-actividades-nuevo-batzan"],"acf":[],"yoast_head":"<!-- This site is optimized with the Yoast SEO plugin v27.2 - https:\/\/yoast.com\/product\/yoast-seo-wordpress\/ -->\n<title>Mercado de Palacio. Fiestas de la Fundaci\u00f3n 2025<\/title>\n<meta name=\"description\" content=\"Participa activamente en octubre, en el Mercado. Estar\u00e1 ubicado en la Plaza de la Iglesia, frente al Palacio Juan de Goyeneche.\" \/>\n<meta name=\"robots\" content=\"index, follow, max-snippet:-1, max-image-preview:large, max-video-preview:-1\" \/>\n<link rel=\"canonical\" href=\"https:\/\/turismo.ayto-nuevobaztan.es\/es\/noticias\/mercado-de-palacio-fiestas-de-la-fundacion-2025\/\" \/>\n<meta property=\"og:locale\" content=\"es_ES\" \/>\n<meta property=\"og:type\" content=\"article\" \/>\n<meta property=\"og:title\" content=\"Mercado de Palacio. Fiestas de la Fundaci\u00f3n 2025\" \/>\n<meta property=\"og:description\" content=\"Participa activamente en octubre, en el Mercado. Estar\u00e1 ubicado en la Plaza de la Iglesia, frente al Palacio Juan de Goyeneche.\" \/>\n<meta property=\"og:url\" content=\"https:\/\/turismo.ayto-nuevobaztan.es\/es\/noticias\/mercado-de-palacio-fiestas-de-la-fundacion-2025\/\" \/>\n<meta property=\"og:site_name\" content=\"Turismo Nuevo Bazt\u00e1n\" \/>\n<meta property=\"article:publisher\" content=\"https:\/\/www.facebook.com\/turismonuevobaztan\/\" \/>\n<meta property=\"article:published_time\" content=\"2025-09-08T10:13:22+00:00\" \/>\n<meta property=\"og:image\" content=\"https:\/\/turismo.ayto-nuevobaztan.es\/wp-content\/uploads\/2025\/09\/POST-BASES-INSCRIPCIONES-MERCADO-PALACIO.jpg\" \/>\n\t<meta property=\"og:image:width\" content=\"1080\" \/>\n\t<meta property=\"og:image:height\" content=\"1350\" \/>\n\t<meta property=\"og:image:type\" content=\"image\/jpeg\" \/>\n<meta name=\"author\" content=\"Turismo Nuevo Bazt\u00e1n\" \/>\n<meta name=\"twitter:card\" content=\"summary_large_image\" \/>\n<meta name=\"twitter:creator\" content=\"@TurismoNBaztan\" \/>\n<meta name=\"twitter:site\" content=\"@TurismoNBaztan\" \/>\n<meta name=\"twitter:label1\" content=\"Escrito por\" \/>\n\t<meta name=\"twitter:data1\" content=\"Turismo Nuevo Bazt\u00e1n\" \/>\n\t<meta name=\"twitter:label2\" content=\"Tiempo de lectura\" \/>\n\t<meta name=\"twitter:data2\" content=\"1 minuto\" \/>\n<script type=\"application\/ld+json\" class=\"yoast-schema-graph\">{\"@context\":\"https:\/\/schema.org\",\"@graph\":[{\"@type\":\"Article\",\"@id\":\"https:\/\/turismo.ayto-nuevobaztan.es\/es\/noticias\/mercado-de-palacio-fiestas-de-la-fundacion-2025\/#article\",\"isPartOf\":{\"@id\":\"https:\/\/turismo.ayto-nuevobaztan.es\/es\/noticias\/mercado-de-palacio-fiestas-de-la-fundacion-2025\/\"},\"author\":{\"name\":\"Turismo Nuevo Bazt\u00e1n\",\"@id\":\"https:\/\/turismo.ayto-nuevobaztan.es\/es\/#\/schema\/person\/bc781c848e33ae71437002fa79b5c3df\"},\"headline\":\"Mercado de Palacio. Fiestas de la Fundaci\u00f3n 2025\",\"datePublished\":\"2025-09-08T10:13:22+00:00\",\"mainEntityOfPage\":{\"@id\":\"https:\/\/turismo.ayto-nuevobaztan.es\/es\/noticias\/mercado-de-palacio-fiestas-de-la-fundacion-2025\/\"},\"wordCount\":125,\"publisher\":{\"@id\":\"https:\/\/turismo.ayto-nuevobaztan.es\/es\/#organization\"},\"image\":{\"@id\":\"https:\/\/turismo.ayto-nuevobaztan.es\/es\/noticias\/mercado-de-palacio-fiestas-de-la-fundacion-2025\/#primaryimage\"},\"thumbnailUrl\":\"https:\/\/turismo.ayto-nuevobaztan.es\/wp-content\/uploads\/2025\/09\/POST-BASES-INSCRIPCIONES-MERCADO-PALACIO.jpg\",\"articleSection\":[\"actividades\"],\"inLanguage\":\"es\"},{\"@type\":\"WebPage\",\"@id\":\"https:\/\/turismo.ayto-nuevobaztan.es\/es\/noticias\/mercado-de-palacio-fiestas-de-la-fundacion-2025\/\",\"url\":\"https:\/\/turismo.ayto-nuevobaztan.es\/es\/noticias\/mercado-de-palacio-fiestas-de-la-fundacion-2025\/\",\"name\":\"Mercado de Palacio. Fiestas de la Fundaci\u00f3n 2025\",\"isPartOf\":{\"@id\":\"https:\/\/turismo.ayto-nuevobaztan.es\/es\/#website\"},\"primaryImageOfPage\":{\"@id\":\"https:\/\/turismo.ayto-nuevobaztan.es\/es\/noticias\/mercado-de-palacio-fiestas-de-la-fundacion-2025\/#primaryimage\"},\"image\":{\"@id\":\"https:\/\/turismo.ayto-nuevobaztan.es\/es\/noticias\/mercado-de-palacio-fiestas-de-la-fundacion-2025\/#primaryimage\"},\"thumbnailUrl\":\"https:\/\/turismo.ayto-nuevobaztan.es\/wp-content\/uploads\/2025\/09\/POST-BASES-INSCRIPCIONES-MERCADO-PALACIO.jpg\",\"datePublished\":\"2025-09-08T10:13:22+00:00\",\"description\":\"Participa activamente en octubre, en el Mercado. Estar\u00e1 ubicado en la Plaza de la Iglesia, frente al Palacio Juan de Goyeneche.\",\"breadcrumb\":{\"@id\":\"https:\/\/turismo.ayto-nuevobaztan.es\/es\/noticias\/mercado-de-palacio-fiestas-de-la-fundacion-2025\/#breadcrumb\"},\"inLanguage\":\"es\",\"potentialAction\":[{\"@type\":\"ReadAction\",\"target\":[\"https:\/\/turismo.ayto-nuevobaztan.es\/es\/noticias\/mercado-de-palacio-fiestas-de-la-fundacion-2025\/\"]}]},{\"@type\":\"ImageObject\",\"inLanguage\":\"es\",\"@id\":\"https:\/\/turismo.ayto-nuevobaztan.es\/es\/noticias\/mercado-de-palacio-fiestas-de-la-fundacion-2025\/#primaryimage\",\"url\":\"https:\/\/turismo.ayto-nuevobaztan.es\/wp-content\/uploads\/2025\/09\/POST-BASES-INSCRIPCIONES-MERCADO-PALACIO.jpg\",\"contentUrl\":\"https:\/\/turismo.ayto-nuevobaztan.es\/wp-content\/uploads\/2025\/09\/POST-BASES-INSCRIPCIONES-MERCADO-PALACIO.jpg\",\"width\":1080,\"height\":1350},{\"@type\":\"BreadcrumbList\",\"@id\":\"https:\/\/turismo.ayto-nuevobaztan.es\/es\/noticias\/mercado-de-palacio-fiestas-de-la-fundacion-2025\/#breadcrumb\",\"itemListElement\":[{\"@type\":\"ListItem\",\"position\":1,\"name\":\"Inicio\",\"item\":\"https:\/\/turismo.ayto-nuevobaztan.es\/es\/\"},{\"@type\":\"ListItem\",\"position\":2,\"name\":\"Mercado de Palacio. Fiestas de la Fundaci\u00f3n 2025\"}]},{\"@type\":\"WebSite\",\"@id\":\"https:\/\/turismo.ayto-nuevobaztan.es\/es\/#website\",\"url\":\"https:\/\/turismo.ayto-nuevobaztan.es\/es\/\",\"name\":\"Turismo Nuevo Bazt\u00e1n\",\"description\":\"\",\"publisher\":{\"@id\":\"https:\/\/turismo.ayto-nuevobaztan.es\/es\/#organization\"},\"potentialAction\":[{\"@type\":\"SearchAction\",\"target\":{\"@type\":\"EntryPoint\",\"urlTemplate\":\"https:\/\/turismo.ayto-nuevobaztan.es\/es\/?s={search_term_string}\"},\"query-input\":{\"@type\":\"PropertyValueSpecification\",\"valueRequired\":true,\"valueName\":\"search_term_string\"}}],\"inLanguage\":\"es\"},{\"@type\":\"Organization\",\"@id\":\"https:\/\/turismo.ayto-nuevobaztan.es\/es\/#organization\",\"name\":\"Turismo Nuevo Bazt\u00e1n\",\"url\":\"https:\/\/turismo.ayto-nuevobaztan.es\/es\/\",\"logo\":{\"@type\":\"ImageObject\",\"inLanguage\":\"es\",\"@id\":\"https:\/\/turismo.ayto-nuevobaztan.es\/es\/#\/schema\/logo\/image\/\",\"url\":\"https:\/\/turismo.ayto-nuevobaztan.es\/wp-content\/uploads\/2025\/12\/logo.png\",\"contentUrl\":\"https:\/\/turismo.ayto-nuevobaztan.es\/wp-content\/uploads\/2025\/12\/logo.png\",\"width\":1847,\"height\":1787,\"caption\":\"Turismo Nuevo Bazt\u00e1n\"},\"image\":{\"@id\":\"https:\/\/turismo.ayto-nuevobaztan.es\/es\/#\/schema\/logo\/image\/\"},\"sameAs\":[\"https:\/\/www.facebook.com\/turismonuevobaztan\/\",\"https:\/\/x.com\/TurismoNBaztan\"]},{\"@type\":\"Person\",\"@id\":\"https:\/\/turismo.ayto-nuevobaztan.es\/es\/#\/schema\/person\/bc781c848e33ae71437002fa79b5c3df\",\"name\":\"Turismo Nuevo Bazt\u00e1n\",\"image\":{\"@type\":\"ImageObject\",\"inLanguage\":\"es\",\"@id\":\"https:\/\/secure.gravatar.com\/avatar\/c34f0d8aae58e8accb5d24f13ebda51911caa6f3106f7c0db25bd0888b071620?s=96&d=mm&r=g\",\"url\":\"https:\/\/secure.gravatar.com\/avatar\/c34f0d8aae58e8accb5d24f13ebda51911caa6f3106f7c0db25bd0888b071620?s=96&d=mm&r=g\",\"contentUrl\":\"https:\/\/secure.gravatar.com\/avatar\/c34f0d8aae58e8accb5d24f13ebda51911caa6f3106f7c0db25bd0888b071620?s=96&d=mm&r=g\",\"caption\":\"Turismo Nuevo Bazt\u00e1n\"},\"url\":\"#\"}]}<\/script>\n<!-- \/ Yoast SEO plugin. -->","yoast_head_json":{"title":"Mercado de Palacio. Fiestas de la Fundaci\u00f3n 2025","description":"Participa activamente en octubre, en el Mercado. Estar\u00e1 ubicado en la Plaza de la Iglesia, frente al Palacio Juan de Goyeneche.","robots":{"index":"index","follow":"follow","max-snippet":"max-snippet:-1","max-image-preview":"max-image-preview:large","max-video-preview":"max-video-preview:-1"},"canonical":"https:\/\/turismo.ayto-nuevobaztan.es\/es\/noticias\/mercado-de-palacio-fiestas-de-la-fundacion-2025\/","og_locale":"es_ES","og_type":"article","og_title":"Mercado de Palacio. Fiestas de la Fundaci\u00f3n 2025","og_description":"Participa activamente en octubre, en el Mercado. Estar\u00e1 ubicado en la Plaza de la Iglesia, frente al Palacio Juan de Goyeneche.","og_url":"https:\/\/turismo.ayto-nuevobaztan.es\/es\/noticias\/mercado-de-palacio-fiestas-de-la-fundacion-2025\/","og_site_name":"Turismo Nuevo Bazt\u00e1n","article_publisher":"https:\/\/www.facebook.com\/turismonuevobaztan\/","article_published_time":"2025-09-08T10:13:22+00:00","og_image":[{"width":1080,"height":1350,"url":"https:\/\/turismo.ayto-nuevobaztan.es\/wp-content\/uploads\/2025\/09\/POST-BASES-INSCRIPCIONES-MERCADO-PALACIO.jpg","type":"image\/jpeg"}],"author":"Turismo Nuevo Bazt\u00e1n","twitter_card":"summary_large_image","twitter_creator":"@TurismoNBaztan","twitter_site":"@TurismoNBaztan","twitter_misc":{"Escrito por":"Turismo Nuevo Bazt\u00e1n","Tiempo de lectura":"1 minuto"},"schema":{"@context":"https:\/\/schema.org","@graph":[{"@type":"Article","@id":"https:\/\/turismo.ayto-nuevobaztan.es\/es\/noticias\/mercado-de-palacio-fiestas-de-la-fundacion-2025\/#article","isPartOf":{"@id":"https:\/\/turismo.ayto-nuevobaztan.es\/es\/noticias\/mercado-de-palacio-fiestas-de-la-fundacion-2025\/"},"author":{"name":"Turismo Nuevo Bazt\u00e1n","@id":"https:\/\/turismo.ayto-nuevobaztan.es\/es\/#\/schema\/person\/bc781c848e33ae71437002fa79b5c3df"},"headline":"Mercado de Palacio. Fiestas de la Fundaci\u00f3n 2025","datePublished":"2025-09-08T10:13:22+00:00","mainEntityOfPage":{"@id":"https:\/\/turismo.ayto-nuevobaztan.es\/es\/noticias\/mercado-de-palacio-fiestas-de-la-fundacion-2025\/"},"wordCount":125,"publisher":{"@id":"https:\/\/turismo.ayto-nuevobaztan.es\/es\/#organization"},"image":{"@id":"https:\/\/turismo.ayto-nuevobaztan.es\/es\/noticias\/mercado-de-palacio-fiestas-de-la-fundacion-2025\/#primaryimage"},"thumbnailUrl":"https:\/\/turismo.ayto-nuevobaztan.es\/wp-content\/uploads\/2025\/09\/POST-BASES-INSCRIPCIONES-MERCADO-PALACIO.jpg","articleSection":["actividades"],"inLanguage":"es"},{"@type":"WebPage","@id":"https:\/\/turismo.ayto-nuevobaztan.es\/es\/noticias\/mercado-de-palacio-fiestas-de-la-fundacion-2025\/","url":"https:\/\/turismo.ayto-nuevobaztan.es\/es\/noticias\/mercado-de-palacio-fiestas-de-la-fundacion-2025\/","name":"Mercado de Palacio. Fiestas de la Fundaci\u00f3n 2025","isPartOf":{"@id":"https:\/\/turismo.ayto-nuevobaztan.es\/es\/#website"},"primaryImageOfPage":{"@id":"https:\/\/turismo.ayto-nuevobaztan.es\/es\/noticias\/mercado-de-palacio-fiestas-de-la-fundacion-2025\/#primaryimage"},"image":{"@id":"https:\/\/turismo.ayto-nuevobaztan.es\/es\/noticias\/mercado-de-palacio-fiestas-de-la-fundacion-2025\/#primaryimage"},"thumbnailUrl":"https:\/\/turismo.ayto-nuevobaztan.es\/wp-content\/uploads\/2025\/09\/POST-BASES-INSCRIPCIONES-MERCADO-PALACIO.jpg","datePublished":"2025-09-08T10:13:22+00:00","description":"Participa activamente en octubre, en el Mercado. Estar\u00e1 ubicado en la Plaza de la Iglesia, frente al Palacio Juan de Goyeneche.","breadcrumb":{"@id":"https:\/\/turismo.ayto-nuevobaztan.es\/es\/noticias\/mercado-de-palacio-fiestas-de-la-fundacion-2025\/#breadcrumb"},"inLanguage":"es","potentialAction":[{"@type":"ReadAction","target":["https:\/\/turismo.ayto-nuevobaztan.es\/es\/noticias\/mercado-de-palacio-fiestas-de-la-fundacion-2025\/"]}]},{"@type":"ImageObject","inLanguage":"es","@id":"https:\/\/turismo.ayto-nuevobaztan.es\/es\/noticias\/mercado-de-palacio-fiestas-de-la-fundacion-2025\/#primaryimage","url":"https:\/\/turismo.ayto-nuevobaztan.es\/wp-content\/uploads\/2025\/09\/POST-BASES-INSCRIPCIONES-MERCADO-PALACIO.jpg","contentUrl":"https:\/\/turismo.ayto-nuevobaztan.es\/wp-content\/uploads\/2025\/09\/POST-BASES-INSCRIPCIONES-MERCADO-PALACIO.jpg","width":1080,"height":1350},{"@type":"BreadcrumbList","@id":"https:\/\/turismo.ayto-nuevobaztan.es\/es\/noticias\/mercado-de-palacio-fiestas-de-la-fundacion-2025\/#breadcrumb","itemListElement":[{"@type":"ListItem","position":1,"name":"Inicio","item":"https:\/\/turismo.ayto-nuevobaztan.es\/es\/"},{"@type":"ListItem","position":2,"name":"Mercado de Palacio. Fiestas de la Fundaci\u00f3n 2025"}]},{"@type":"WebSite","@id":"https:\/\/turismo.ayto-nuevobaztan.es\/es\/#website","url":"https:\/\/turismo.ayto-nuevobaztan.es\/es\/","name":"Turismo Nuevo Bazt\u00e1n","description":"","publisher":{"@id":"https:\/\/turismo.ayto-nuevobaztan.es\/es\/#organization"},"potentialAction":[{"@type":"SearchAction","target":{"@type":"EntryPoint","urlTemplate":"https:\/\/turismo.ayto-nuevobaztan.es\/es\/?s={search_term_string}"},"query-input":{"@type":"PropertyValueSpecification","valueRequired":true,"valueName":"search_term_string"}}],"inLanguage":"es"},{"@type":"Organization","@id":"https:\/\/turismo.ayto-nuevobaztan.es\/es\/#organization","name":"Turismo Nuevo Bazt\u00e1n","url":"https:\/\/turismo.ayto-nuevobaztan.es\/es\/","logo":{"@type":"ImageObject","inLanguage":"es","@id":"https:\/\/turismo.ayto-nuevobaztan.es\/es\/#\/schema\/logo\/image\/","url":"https:\/\/turismo.ayto-nuevobaztan.es\/wp-content\/uploads\/2025\/12\/logo.png","contentUrl":"https:\/\/turismo.ayto-nuevobaztan.es\/wp-content\/uploads\/2025\/12\/logo.png","width":1847,"height":1787,"caption":"Turismo Nuevo Bazt\u00e1n"},"image":{"@id":"https:\/\/turismo.ayto-nuevobaztan.es\/es\/#\/schema\/logo\/image\/"},"sameAs":["https:\/\/www.facebook.com\/turismonuevobaztan\/","https:\/\/x.com\/TurismoNBaztan"]},{"@type":"Person","@id":"https:\/\/turismo.ayto-nuevobaztan.es\/es\/#\/schema\/person\/bc781c848e33ae71437002fa79b5c3df","name":"Turismo Nuevo Bazt\u00e1n","image":{"@type":"ImageObject","inLanguage":"es","@id":"https:\/\/secure.gravatar.com\/avatar\/c34f0d8aae58e8accb5d24f13ebda51911caa6f3106f7c0db25bd0888b071620?s=96&d=mm&r=g","url":"https:\/\/secure.gravatar.com\/avatar\/c34f0d8aae58e8accb5d24f13ebda51911caa6f3106f7c0db25bd0888b071620?s=96&d=mm&r=g","contentUrl":"https:\/\/secure.gravatar.com\/avatar\/c34f0d8aae58e8accb5d24f13ebda51911caa6f3106f7c0db25bd0888b071620?s=96&d=mm&r=g","caption":"Turismo Nuevo Bazt\u00e1n"},"url":"#"}]}},"_links":{"self":[{"href":"https:\/\/turismo.ayto-nuevobaztan.es\/es\/wp-json\/wp\/v2\/posts\/2266","targetHints":{"allow":["GET"]}}],"collection":[{"href":"https:\/\/turismo.ayto-nuevobaztan.es\/es\/wp-json\/wp\/v2\/posts"}],"about":[{"href":"https:\/\/turismo.ayto-nuevobaztan.es\/es\/wp-json\/wp\/v2\/types\/post"}],"author":[{"embeddable":true,"href":"https:\/\/turismo.ayto-nuevobaztan.es\/es\/wp-json\/wp\/v2\/users\/2"}],"replies":[{"embeddable":true,"href":"https:\/\/turismo.ayto-nuevobaztan.es\/es\/wp-json\/wp\/v2\/comments?post=2266"}],"version-history":[{"count":0,"href":"https:\/\/turismo.ayto-nuevobaztan.es\/es\/wp-json\/wp\/v2\/posts\/2266\/revisions"}],"wp:featuredmedia":[{"embeddable":true,"href":"https:\/\/turismo.ayto-nuevobaztan.es\/es\/wp-json\/wp\/v2\/media\/2267"}],"wp:attachment":[{"href":"https:\/\/turismo.ayto-nuevobaztan.es\/es\/wp-json\/wp\/v2\/media?parent=2266"}],"wp:term":[{"taxonomy":"category","embeddable":true,"href":"https:\/\/turismo.ayto-nuevobaztan.es\/es\/wp-json\/wp\/v2\/categories?post=2266"},{"taxonomy":"post_tag","embeddable":true,"href":"https:\/\/turismo.ayto-nuevobaztan.es\/es\/wp-json\/wp\/v2\/tags?post=2266"}],"curies":[{"name":"wp","href":"https:\/\/api.w.org\/{rel}","templated":true}]}}