{"id":2258,"date":"2025-09-03T13:06:09","date_gmt":"2025-09-03T11:06:09","guid":{"rendered":"https:\/\/turismo.ayto-nuevobaztan.es\/?p=2258"},"modified":"2025-09-03T13:06:09","modified_gmt":"2025-09-03T11:06:09","slug":"adecuacion-del-camino-de-juan-de-goyeneche","status":"publish","type":"post","link":"https:\/\/turismo.ayto-nuevobaztan.es\/es\/noticias\/adecuacion-del-camino-de-juan-de-goyeneche\/","title":{"rendered":"Adecuaci\u00f3n del Camino de Juan de Goyeneche"},"content":{"rendered":"<p><span data-contrast=\"auto\">En la jornada de hoy se ha celebrado una <strong>visita institucional a las obras de adecuaci\u00f3n del Camino Juan de Goyeneche, un ambicioso proyecto supramunicipal<\/strong> que une a los municipios de Nuevo Bazt\u00e1n y Olmeda de las Fuentes, con financiaci\u00f3n \u00edntegra por parte de la Comunidad de Madrid.<\/span><span data-ccp-props=\"{&quot;134233117&quot;:false,&quot;134233118&quot;:false,&quot;201341983&quot;:0,&quot;335551550&quot;:6,&quot;335551620&quot;:6,&quot;335559738&quot;:240,&quot;335559739&quot;:240,&quot;335559740&quot;:360}\">\u00a0<\/span><\/p>\n<p><span data-contrast=\"auto\">La actuaci\u00f3n, que cuenta con <strong>una inversi\u00f3n superior a los 700.000 euros, tiene como objetivo recuperar y acondicionar una ruta de aproximadamente 3 kil\u00f3metros<\/strong> que conectar\u00e1 el Centro de Interpretaci\u00f3n del Conjunto Hist\u00f3rico de Nuevo Bazt\u00e1n con la Plaza de la Villa de Olmeda de las Fuentes. Esta v\u00eda contar\u00e1 con nuevos espacios de recreo, miradores naturales y paneles divulgativos que pondr\u00e1n en valor el patrimonio hist\u00f3rico y cultural de ambos municipios.<\/span><span data-ccp-props=\"{&quot;134233117&quot;:false,&quot;134233118&quot;:false,&quot;201341983&quot;:0,&quot;335551550&quot;:6,&quot;335551620&quot;:6,&quot;335559738&quot;:240,&quot;335559739&quot;:240,&quot;335559740&quot;:360}\">\u00a0<\/span><\/p>\n<p><span data-contrast=\"auto\"><strong>Al acto han asistido el Viceconsejero de Presidencia y Administraci\u00f3n Local, don Jos\u00e9 Antonio S\u00e1nchez; el consejero delegado de Planifica Madrid, don Pedro Corbal\u00e1n; la alcaldesa de Nuevo Bazt\u00e1n, do\u00f1a Gemma Pacheco; y la alcaldesa de Olmeda de las Fuentes, do\u00f1a Mar\u00eda Victoria Rold\u00e1n<\/strong>. Tambi\u00e9n han estado presentes concejales de ambos ayuntamientos, tanto del equipo de Gobierno como de la oposici\u00f3n.<\/span><span data-ccp-props=\"{&quot;134233117&quot;:false,&quot;134233118&quot;:false,&quot;201341983&quot;:0,&quot;335551550&quot;:6,&quot;335551620&quot;:6,&quot;335559738&quot;:240,&quot;335559739&quot;:240,&quot;335559740&quot;:360}\">\u00a0<\/span><\/p>\n<p><span data-contrast=\"auto\"><strong>Durante la visita se ha realizado un recorrido por los tramos m\u00e1s representativos del futuro camino<\/strong>. En Olmeda de las Fuentes, el grupo ha partido desde la Plaza de la Villa hasta la zona de los Huertos, mientras que en Nuevo Bazt\u00e1n el trayecto ha abarcado desde la zona del Balconcillo hasta el Centro de Interpretaci\u00f3n de la Comunidad de Madrid. <\/span><\/p>\n<p><strong>Esta iniciativa no solo refuerza la colaboraci\u00f3n entre administraciones, sino que tambi\u00e9n impulsa el desarrollo tur\u00edstico y cultural de la comarca, fomentando el conocimiento del legado hist\u00f3rico de Juan de Goyeneche y su entorno.\u00a0<\/strong><\/p>\n<p><img loading=\"lazy\" decoding=\"async\" class=\"alignnone  wp-image-2259\" src=\"https:\/\/turismo.ayto-nuevobaztan.es\/wp-content\/uploads\/2025\/09\/Camino-Goyeneche-1-225x300.jpg\" alt=\"\" width=\"306\" height=\"408\" \/>\u00a0 \u00a0<img loading=\"lazy\" decoding=\"async\" class=\"alignnone  wp-image-2260\" src=\"https:\/\/turismo.ayto-nuevobaztan.es\/wp-content\/uploads\/2025\/09\/Camino-Goyeneche-2-225x300.jpg\" alt=\"\" width=\"304\" height=\"405\" \/> \u00a0 <img loading=\"lazy\" decoding=\"async\" class=\"alignnone  wp-image-2261\" src=\"https:\/\/turismo.ayto-nuevobaztan.es\/wp-content\/uploads\/2025\/09\/Camino-Goyeneche-7-225x300.jpg\" alt=\"\" width=\"301\" height=\"401\" \/><\/p>\n","protected":false},"excerpt":{"rendered":"<p>En la jornada de hoy se ha celebrado una visita institucional a las obras de adecuaci\u00f3n del Camino Juan de Goyeneche, un ambicioso proyecto supramunicipal que une a los municipios de Nuevo Bazt\u00e1n y Olmeda de las Fuentes, con financiaci\u00f3n \u00edntegra por parte de la Comunidad de Madrid.\u00a0 La actuaci\u00f3n, que cuenta con una inversi\u00f3n&hellip;<\/p>\n","protected":false},"author":2,"featured_media":2263,"comment_status":"closed","ping_status":"closed","sticky":false,"template":"","format":"standard","meta":{"_acf_changed":false,"footnotes":""},"categories":[14],"tags":[242],"class_list":["post-2258","post","type-post","status-publish","format-standard","has-post-thumbnail","hentry","category-actividades-nuevo-batzan","tag-camino-juan-de-goyeneche"],"acf":[],"yoast_head":"<!-- This site is optimized with the Yoast SEO plugin v27.2 - https:\/\/yoast.com\/product\/yoast-seo-wordpress\/ -->\n<title>Adecuaci\u00f3n del Camino de Juan de Goyeneche<\/title>\n<meta name=\"description\" content=\"Esta ma\u00f1ana visitaba nuestro municipio el Viceconsejero de Administraci\u00f3n Local para conocer la evoluci\u00f3n de la obra de primera mano\" \/>\n<meta name=\"robots\" content=\"index, follow, max-snippet:-1, max-image-preview:large, max-video-preview:-1\" \/>\n<link rel=\"canonical\" href=\"https:\/\/turismo.ayto-nuevobaztan.es\/es\/noticias\/adecuacion-del-camino-de-juan-de-goyeneche\/\" \/>\n<meta property=\"og:locale\" content=\"es_ES\" \/>\n<meta property=\"og:type\" content=\"article\" \/>\n<meta property=\"og:title\" content=\"Adecuaci\u00f3n del Camino de Juan de Goyeneche\" \/>\n<meta property=\"og:description\" content=\"Esta ma\u00f1ana visitaba nuestro municipio el Viceconsejero de Administraci\u00f3n Local para conocer la evoluci\u00f3n de la obra de primera mano\" \/>\n<meta property=\"og:url\" content=\"https:\/\/turismo.ayto-nuevobaztan.es\/es\/noticias\/adecuacion-del-camino-de-juan-de-goyeneche\/\" \/>\n<meta property=\"og:site_name\" content=\"Turismo Nuevo Bazt\u00e1n\" \/>\n<meta property=\"article:publisher\" content=\"https:\/\/www.facebook.com\/turismonuevobaztan\/\" \/>\n<meta property=\"article:published_time\" content=\"2025-09-03T11:06:09+00:00\" \/>\n<meta property=\"og:image\" content=\"https:\/\/turismo.ayto-nuevobaztan.es\/wp-content\/uploads\/2025\/09\/Camino-Goyeneche-6.jpg\" \/>\n\t<meta property=\"og:image:width\" content=\"960\" \/>\n\t<meta property=\"og:image:height\" content=\"1280\" \/>\n\t<meta property=\"og:image:type\" content=\"image\/jpeg\" \/>\n<meta name=\"author\" content=\"Turismo Nuevo Bazt\u00e1n\" \/>\n<meta name=\"twitter:card\" content=\"summary_large_image\" \/>\n<meta name=\"twitter:creator\" content=\"@TurismoNBaztan\" \/>\n<meta name=\"twitter:site\" content=\"@TurismoNBaztan\" \/>\n<meta name=\"twitter:label1\" content=\"Escrito por\" \/>\n\t<meta name=\"twitter:data1\" content=\"Turismo Nuevo Bazt\u00e1n\" \/>\n\t<meta name=\"twitter:label2\" content=\"Tiempo de lectura\" \/>\n\t<meta name=\"twitter:data2\" content=\"2 minutos\" \/>\n<script type=\"application\/ld+json\" class=\"yoast-schema-graph\">{\"@context\":\"https:\/\/schema.org\",\"@graph\":[{\"@type\":\"Article\",\"@id\":\"https:\/\/turismo.ayto-nuevobaztan.es\/es\/noticias\/adecuacion-del-camino-de-juan-de-goyeneche\/#article\",\"isPartOf\":{\"@id\":\"https:\/\/turismo.ayto-nuevobaztan.es\/es\/noticias\/adecuacion-del-camino-de-juan-de-goyeneche\/\"},\"author\":{\"name\":\"Turismo Nuevo Bazt\u00e1n\",\"@id\":\"https:\/\/turismo.ayto-nuevobaztan.es\/es\/#\/schema\/person\/bc781c848e33ae71437002fa79b5c3df\"},\"headline\":\"Adecuaci\u00f3n del Camino de Juan de Goyeneche\",\"datePublished\":\"2025-09-03T11:06:09+00:00\",\"mainEntityOfPage\":{\"@id\":\"https:\/\/turismo.ayto-nuevobaztan.es\/es\/noticias\/adecuacion-del-camino-de-juan-de-goyeneche\/\"},\"wordCount\":311,\"publisher\":{\"@id\":\"https:\/\/turismo.ayto-nuevobaztan.es\/es\/#organization\"},\"image\":{\"@id\":\"https:\/\/turismo.ayto-nuevobaztan.es\/es\/noticias\/adecuacion-del-camino-de-juan-de-goyeneche\/#primaryimage\"},\"thumbnailUrl\":\"https:\/\/turismo.ayto-nuevobaztan.es\/wp-content\/uploads\/2025\/09\/Camino-Goyeneche-6.jpg\",\"keywords\":[\"Camino Juan de Goyeneche\"],\"articleSection\":[\"actividades\"],\"inLanguage\":\"es\"},{\"@type\":\"WebPage\",\"@id\":\"https:\/\/turismo.ayto-nuevobaztan.es\/es\/noticias\/adecuacion-del-camino-de-juan-de-goyeneche\/\",\"url\":\"https:\/\/turismo.ayto-nuevobaztan.es\/es\/noticias\/adecuacion-del-camino-de-juan-de-goyeneche\/\",\"name\":\"Adecuaci\u00f3n del Camino de Juan de Goyeneche\",\"isPartOf\":{\"@id\":\"https:\/\/turismo.ayto-nuevobaztan.es\/es\/#website\"},\"primaryImageOfPage\":{\"@id\":\"https:\/\/turismo.ayto-nuevobaztan.es\/es\/noticias\/adecuacion-del-camino-de-juan-de-goyeneche\/#primaryimage\"},\"image\":{\"@id\":\"https:\/\/turismo.ayto-nuevobaztan.es\/es\/noticias\/adecuacion-del-camino-de-juan-de-goyeneche\/#primaryimage\"},\"thumbnailUrl\":\"https:\/\/turismo.ayto-nuevobaztan.es\/wp-content\/uploads\/2025\/09\/Camino-Goyeneche-6.jpg\",\"datePublished\":\"2025-09-03T11:06:09+00:00\",\"description\":\"Esta ma\u00f1ana visitaba nuestro municipio el Viceconsejero de Administraci\u00f3n Local para conocer la evoluci\u00f3n de la obra de primera mano\",\"breadcrumb\":{\"@id\":\"https:\/\/turismo.ayto-nuevobaztan.es\/es\/noticias\/adecuacion-del-camino-de-juan-de-goyeneche\/#breadcrumb\"},\"inLanguage\":\"es\",\"potentialAction\":[{\"@type\":\"ReadAction\",\"target\":[\"https:\/\/turismo.ayto-nuevobaztan.es\/es\/noticias\/adecuacion-del-camino-de-juan-de-goyeneche\/\"]}]},{\"@type\":\"ImageObject\",\"inLanguage\":\"es\",\"@id\":\"https:\/\/turismo.ayto-nuevobaztan.es\/es\/noticias\/adecuacion-del-camino-de-juan-de-goyeneche\/#primaryimage\",\"url\":\"https:\/\/turismo.ayto-nuevobaztan.es\/wp-content\/uploads\/2025\/09\/Camino-Goyeneche-6.jpg\",\"contentUrl\":\"https:\/\/turismo.ayto-nuevobaztan.es\/wp-content\/uploads\/2025\/09\/Camino-Goyeneche-6.jpg\",\"width\":960,\"height\":1280},{\"@type\":\"BreadcrumbList\",\"@id\":\"https:\/\/turismo.ayto-nuevobaztan.es\/es\/noticias\/adecuacion-del-camino-de-juan-de-goyeneche\/#breadcrumb\",\"itemListElement\":[{\"@type\":\"ListItem\",\"position\":1,\"name\":\"Inicio\",\"item\":\"https:\/\/turismo.ayto-nuevobaztan.es\/es\/\"},{\"@type\":\"ListItem\",\"position\":2,\"name\":\"Adecuaci\u00f3n del Camino de Juan de Goyeneche\"}]},{\"@type\":\"WebSite\",\"@id\":\"https:\/\/turismo.ayto-nuevobaztan.es\/es\/#website\",\"url\":\"https:\/\/turismo.ayto-nuevobaztan.es\/es\/\",\"name\":\"Turismo Nuevo Bazt\u00e1n\",\"description\":\"\",\"publisher\":{\"@id\":\"https:\/\/turismo.ayto-nuevobaztan.es\/es\/#organization\"},\"potentialAction\":[{\"@type\":\"SearchAction\",\"target\":{\"@type\":\"EntryPoint\",\"urlTemplate\":\"https:\/\/turismo.ayto-nuevobaztan.es\/es\/?s={search_term_string}\"},\"query-input\":{\"@type\":\"PropertyValueSpecification\",\"valueRequired\":true,\"valueName\":\"search_term_string\"}}],\"inLanguage\":\"es\"},{\"@type\":\"Organization\",\"@id\":\"https:\/\/turismo.ayto-nuevobaztan.es\/es\/#organization\",\"name\":\"Turismo Nuevo Bazt\u00e1n\",\"url\":\"https:\/\/turismo.ayto-nuevobaztan.es\/es\/\",\"logo\":{\"@type\":\"ImageObject\",\"inLanguage\":\"es\",\"@id\":\"https:\/\/turismo.ayto-nuevobaztan.es\/es\/#\/schema\/logo\/image\/\",\"url\":\"https:\/\/turismo.ayto-nuevobaztan.es\/wp-content\/uploads\/2025\/12\/logo.png\",\"contentUrl\":\"https:\/\/turismo.ayto-nuevobaztan.es\/wp-content\/uploads\/2025\/12\/logo.png\",\"width\":1847,\"height\":1787,\"caption\":\"Turismo Nuevo Bazt\u00e1n\"},\"image\":{\"@id\":\"https:\/\/turismo.ayto-nuevobaztan.es\/es\/#\/schema\/logo\/image\/\"},\"sameAs\":[\"https:\/\/www.facebook.com\/turismonuevobaztan\/\",\"https:\/\/x.com\/TurismoNBaztan\"]},{\"@type\":\"Person\",\"@id\":\"https:\/\/turismo.ayto-nuevobaztan.es\/es\/#\/schema\/person\/bc781c848e33ae71437002fa79b5c3df\",\"name\":\"Turismo Nuevo Bazt\u00e1n\",\"image\":{\"@type\":\"ImageObject\",\"inLanguage\":\"es\",\"@id\":\"https:\/\/secure.gravatar.com\/avatar\/c34f0d8aae58e8accb5d24f13ebda51911caa6f3106f7c0db25bd0888b071620?s=96&d=mm&r=g\",\"url\":\"https:\/\/secure.gravatar.com\/avatar\/c34f0d8aae58e8accb5d24f13ebda51911caa6f3106f7c0db25bd0888b071620?s=96&d=mm&r=g\",\"contentUrl\":\"https:\/\/secure.gravatar.com\/avatar\/c34f0d8aae58e8accb5d24f13ebda51911caa6f3106f7c0db25bd0888b071620?s=96&d=mm&r=g\",\"caption\":\"Turismo Nuevo Bazt\u00e1n\"},\"url\":\"#\"}]}<\/script>\n<!-- \/ Yoast SEO plugin. -->","yoast_head_json":{"title":"Adecuaci\u00f3n del Camino de Juan de Goyeneche","description":"Esta ma\u00f1ana visitaba nuestro municipio el Viceconsejero de Administraci\u00f3n Local para conocer la evoluci\u00f3n de la obra de primera mano","robots":{"index":"index","follow":"follow","max-snippet":"max-snippet:-1","max-image-preview":"max-image-preview:large","max-video-preview":"max-video-preview:-1"},"canonical":"https:\/\/turismo.ayto-nuevobaztan.es\/es\/noticias\/adecuacion-del-camino-de-juan-de-goyeneche\/","og_locale":"es_ES","og_type":"article","og_title":"Adecuaci\u00f3n del Camino de Juan de Goyeneche","og_description":"Esta ma\u00f1ana visitaba nuestro municipio el Viceconsejero de Administraci\u00f3n Local para conocer la evoluci\u00f3n de la obra de primera mano","og_url":"https:\/\/turismo.ayto-nuevobaztan.es\/es\/noticias\/adecuacion-del-camino-de-juan-de-goyeneche\/","og_site_name":"Turismo Nuevo Bazt\u00e1n","article_publisher":"https:\/\/www.facebook.com\/turismonuevobaztan\/","article_published_time":"2025-09-03T11:06:09+00:00","og_image":[{"width":960,"height":1280,"url":"https:\/\/turismo.ayto-nuevobaztan.es\/wp-content\/uploads\/2025\/09\/Camino-Goyeneche-6.jpg","type":"image\/jpeg"}],"author":"Turismo Nuevo Bazt\u00e1n","twitter_card":"summary_large_image","twitter_creator":"@TurismoNBaztan","twitter_site":"@TurismoNBaztan","twitter_misc":{"Escrito por":"Turismo Nuevo Bazt\u00e1n","Tiempo de lectura":"2 minutos"},"schema":{"@context":"https:\/\/schema.org","@graph":[{"@type":"Article","@id":"https:\/\/turismo.ayto-nuevobaztan.es\/es\/noticias\/adecuacion-del-camino-de-juan-de-goyeneche\/#article","isPartOf":{"@id":"https:\/\/turismo.ayto-nuevobaztan.es\/es\/noticias\/adecuacion-del-camino-de-juan-de-goyeneche\/"},"author":{"name":"Turismo Nuevo Bazt\u00e1n","@id":"https:\/\/turismo.ayto-nuevobaztan.es\/es\/#\/schema\/person\/bc781c848e33ae71437002fa79b5c3df"},"headline":"Adecuaci\u00f3n del Camino de Juan de Goyeneche","datePublished":"2025-09-03T11:06:09+00:00","mainEntityOfPage":{"@id":"https:\/\/turismo.ayto-nuevobaztan.es\/es\/noticias\/adecuacion-del-camino-de-juan-de-goyeneche\/"},"wordCount":311,"publisher":{"@id":"https:\/\/turismo.ayto-nuevobaztan.es\/es\/#organization"},"image":{"@id":"https:\/\/turismo.ayto-nuevobaztan.es\/es\/noticias\/adecuacion-del-camino-de-juan-de-goyeneche\/#primaryimage"},"thumbnailUrl":"https:\/\/turismo.ayto-nuevobaztan.es\/wp-content\/uploads\/2025\/09\/Camino-Goyeneche-6.jpg","keywords":["Camino Juan de Goyeneche"],"articleSection":["actividades"],"inLanguage":"es"},{"@type":"WebPage","@id":"https:\/\/turismo.ayto-nuevobaztan.es\/es\/noticias\/adecuacion-del-camino-de-juan-de-goyeneche\/","url":"https:\/\/turismo.ayto-nuevobaztan.es\/es\/noticias\/adecuacion-del-camino-de-juan-de-goyeneche\/","name":"Adecuaci\u00f3n del Camino de Juan de Goyeneche","isPartOf":{"@id":"https:\/\/turismo.ayto-nuevobaztan.es\/es\/#website"},"primaryImageOfPage":{"@id":"https:\/\/turismo.ayto-nuevobaztan.es\/es\/noticias\/adecuacion-del-camino-de-juan-de-goyeneche\/#primaryimage"},"image":{"@id":"https:\/\/turismo.ayto-nuevobaztan.es\/es\/noticias\/adecuacion-del-camino-de-juan-de-goyeneche\/#primaryimage"},"thumbnailUrl":"https:\/\/turismo.ayto-nuevobaztan.es\/wp-content\/uploads\/2025\/09\/Camino-Goyeneche-6.jpg","datePublished":"2025-09-03T11:06:09+00:00","description":"Esta ma\u00f1ana visitaba nuestro municipio el Viceconsejero de Administraci\u00f3n Local para conocer la evoluci\u00f3n de la obra de primera mano","breadcrumb":{"@id":"https:\/\/turismo.ayto-nuevobaztan.es\/es\/noticias\/adecuacion-del-camino-de-juan-de-goyeneche\/#breadcrumb"},"inLanguage":"es","potentialAction":[{"@type":"ReadAction","target":["https:\/\/turismo.ayto-nuevobaztan.es\/es\/noticias\/adecuacion-del-camino-de-juan-de-goyeneche\/"]}]},{"@type":"ImageObject","inLanguage":"es","@id":"https:\/\/turismo.ayto-nuevobaztan.es\/es\/noticias\/adecuacion-del-camino-de-juan-de-goyeneche\/#primaryimage","url":"https:\/\/turismo.ayto-nuevobaztan.es\/wp-content\/uploads\/2025\/09\/Camino-Goyeneche-6.jpg","contentUrl":"https:\/\/turismo.ayto-nuevobaztan.es\/wp-content\/uploads\/2025\/09\/Camino-Goyeneche-6.jpg","width":960,"height":1280},{"@type":"BreadcrumbList","@id":"https:\/\/turismo.ayto-nuevobaztan.es\/es\/noticias\/adecuacion-del-camino-de-juan-de-goyeneche\/#breadcrumb","itemListElement":[{"@type":"ListItem","position":1,"name":"Inicio","item":"https:\/\/turismo.ayto-nuevobaztan.es\/es\/"},{"@type":"ListItem","position":2,"name":"Adecuaci\u00f3n del Camino de Juan de Goyeneche"}]},{"@type":"WebSite","@id":"https:\/\/turismo.ayto-nuevobaztan.es\/es\/#website","url":"https:\/\/turismo.ayto-nuevobaztan.es\/es\/","name":"Turismo Nuevo Bazt\u00e1n","description":"","publisher":{"@id":"https:\/\/turismo.ayto-nuevobaztan.es\/es\/#organization"},"potentialAction":[{"@type":"SearchAction","target":{"@type":"EntryPoint","urlTemplate":"https:\/\/turismo.ayto-nuevobaztan.es\/es\/?s={search_term_string}"},"query-input":{"@type":"PropertyValueSpecification","valueRequired":true,"valueName":"search_term_string"}}],"inLanguage":"es"},{"@type":"Organization","@id":"https:\/\/turismo.ayto-nuevobaztan.es\/es\/#organization","name":"Turismo Nuevo Bazt\u00e1n","url":"https:\/\/turismo.ayto-nuevobaztan.es\/es\/","logo":{"@type":"ImageObject","inLanguage":"es","@id":"https:\/\/turismo.ayto-nuevobaztan.es\/es\/#\/schema\/logo\/image\/","url":"https:\/\/turismo.ayto-nuevobaztan.es\/wp-content\/uploads\/2025\/12\/logo.png","contentUrl":"https:\/\/turismo.ayto-nuevobaztan.es\/wp-content\/uploads\/2025\/12\/logo.png","width":1847,"height":1787,"caption":"Turismo Nuevo Bazt\u00e1n"},"image":{"@id":"https:\/\/turismo.ayto-nuevobaztan.es\/es\/#\/schema\/logo\/image\/"},"sameAs":["https:\/\/www.facebook.com\/turismonuevobaztan\/","https:\/\/x.com\/TurismoNBaztan"]},{"@type":"Person","@id":"https:\/\/turismo.ayto-nuevobaztan.es\/es\/#\/schema\/person\/bc781c848e33ae71437002fa79b5c3df","name":"Turismo Nuevo Bazt\u00e1n","image":{"@type":"ImageObject","inLanguage":"es","@id":"https:\/\/secure.gravatar.com\/avatar\/c34f0d8aae58e8accb5d24f13ebda51911caa6f3106f7c0db25bd0888b071620?s=96&d=mm&r=g","url":"https:\/\/secure.gravatar.com\/avatar\/c34f0d8aae58e8accb5d24f13ebda51911caa6f3106f7c0db25bd0888b071620?s=96&d=mm&r=g","contentUrl":"https:\/\/secure.gravatar.com\/avatar\/c34f0d8aae58e8accb5d24f13ebda51911caa6f3106f7c0db25bd0888b071620?s=96&d=mm&r=g","caption":"Turismo Nuevo Bazt\u00e1n"},"url":"#"}]}},"_links":{"self":[{"href":"https:\/\/turismo.ayto-nuevobaztan.es\/es\/wp-json\/wp\/v2\/posts\/2258","targetHints":{"allow":["GET"]}}],"collection":[{"href":"https:\/\/turismo.ayto-nuevobaztan.es\/es\/wp-json\/wp\/v2\/posts"}],"about":[{"href":"https:\/\/turismo.ayto-nuevobaztan.es\/es\/wp-json\/wp\/v2\/types\/post"}],"author":[{"embeddable":true,"href":"https:\/\/turismo.ayto-nuevobaztan.es\/es\/wp-json\/wp\/v2\/users\/2"}],"replies":[{"embeddable":true,"href":"https:\/\/turismo.ayto-nuevobaztan.es\/es\/wp-json\/wp\/v2\/comments?post=2258"}],"version-history":[{"count":0,"href":"https:\/\/turismo.ayto-nuevobaztan.es\/es\/wp-json\/wp\/v2\/posts\/2258\/revisions"}],"wp:featuredmedia":[{"embeddable":true,"href":"https:\/\/turismo.ayto-nuevobaztan.es\/es\/wp-json\/wp\/v2\/media\/2263"}],"wp:attachment":[{"href":"https:\/\/turismo.ayto-nuevobaztan.es\/es\/wp-json\/wp\/v2\/media?parent=2258"}],"wp:term":[{"taxonomy":"category","embeddable":true,"href":"https:\/\/turismo.ayto-nuevobaztan.es\/es\/wp-json\/wp\/v2\/categories?post=2258"},{"taxonomy":"post_tag","embeddable":true,"href":"https:\/\/turismo.ayto-nuevobaztan.es\/es\/wp-json\/wp\/v2\/tags?post=2258"}],"curies":[{"name":"wp","href":"https:\/\/api.w.org\/{rel}","templated":true}]}}