{"id":2250,"date":"2025-07-15T12:11:50","date_gmt":"2025-07-15T10:11:50","guid":{"rendered":"https:\/\/turismo.ayto-nuevobaztan.es\/?p=2250"},"modified":"2025-07-15T12:11:50","modified_gmt":"2025-07-15T10:11:50","slug":"tercer-fin-de-semana-de-los-veranos-de-nuevo-baztan","status":"publish","type":"post","link":"https:\/\/turismo.ayto-nuevobaztan.es\/es\/noticias\/tercer-fin-de-semana-de-los-veranos-de-nuevo-baztan\/","title":{"rendered":"Tercer fin de semana de los Veranos de Nuevo Bazt\u00e1n."},"content":{"rendered":"<p><span data-contrast=\"none\">Este viernes 11 de julio arranca un nuevo fin de semana cargado de cultura en nuestro municipio, dentro del programa <\/span><i><span data-contrast=\"none\">Veranos de Nuevo Bazt\u00e1n<\/span><\/i><span data-contrast=\"none\">. Tres citas que no debes perderte para disfrutar de la m\u00fasica, el cine y el arte en escenarios \u00fanicos.<\/span><span data-ccp-props=\"{&quot;134233117&quot;:false,&quot;134233118&quot;:false,&quot;201341983&quot;:0,&quot;335551550&quot;:6,&quot;335551620&quot;:6,&quot;335559738&quot;:240,&quot;335559739&quot;:240,&quot;335559740&quot;:360}\">\u00a0<\/span><\/p>\n<p><strong>Viernes 18 |\u00a020:30h. TR\u00cdO MERIAN. La Edad Moderna<\/strong><b><span data-contrast=\"none\">.\u00a0<\/span><\/b><span data-contrast=\"none\">Formado por tres apasionadas int\u00e9rpretes de la m\u00fasica de c\u00e1mara, el tr\u00edo de cuerda Merian quiere honrar la memoria y el legado de la cient\u00edfica, exploradora y pintora de origen alem\u00e1n y suizo Mar\u00eda Sybilla Merian. Pionera en el estudio de los insectos, demostr\u00f3 que la belleza y la expresi\u00f3n art\u00edstica van de la mano de la rigurosidad cient\u00edfica. Con el programa \u201cLa Edad Moderna\u201d, las tres int\u00e9rpretes presentan un recorrido por la m\u00fasica de la primera mitad del siglo XX. Sin duda, su m\u00fasica es testimonio de los movimientos sociales, pol\u00edticos y culturales.<\/span><span data-ccp-props=\"{&quot;134233117&quot;:false,&quot;134233118&quot;:false,&quot;201341983&quot;:0,&quot;335551550&quot;:6,&quot;335551620&quot;:6,&quot;335557856&quot;:16777215,&quot;335559738&quot;:0,&quot;335559739&quot;:408,&quot;335559740&quot;:360}\">\u00a0<\/span><\/p>\n<p><strong>Viernes 11 | 22:00 h. | Cine de Verano \u201cGuardiana de Dragones\u201d<\/strong><span data-contrast=\"none\"> Pel\u00edcula de animaci\u00f3n para todos los p\u00fablicos que tiene una duraci\u00f3n de 90 minutos.<\/span><span data-contrast=\"auto\"> Son tiempos oscuros en la China imperial. Los dragones, anta\u00f1o amigos y sabios aliados de los hombres, han sido perseguidos durante a\u00f1os y encerrados en mazmorras. En una remota fortaleza en las monta\u00f1as, una ni\u00f1a ayuda a escapar al \u00faltimo de los dragones y se une a \u00e9l en una apasionante misi\u00f3n para recuperar el tesoro m\u00e1s preciado, el \u00faltimo huevo de drag\u00f3n.<\/span><span data-ccp-props=\"{&quot;134233117&quot;:false,&quot;134233118&quot;:false,&quot;201341983&quot;:0,&quot;335551550&quot;:6,&quot;335551620&quot;:6,&quot;335559738&quot;:240,&quot;335559739&quot;:240,&quot;335559740&quot;:360}\">\u00a0<\/span><\/p>\n<p><strong>S\u00e1bado 18 | 22:00 h. | Plaza de Fiestas Espect\u00e1culo \u00abTranse\u00fantes\u201d de Josete Ordo\u00f1ez<\/strong><span data-contrast=\"none\"> Este es un espect\u00e1culo audiovisual basado en dos elementos. La Guitarra y el Cine de principios del Siglo XX. Vamos a poder disfrutar de escenas de Buster Keaton y Chaplin entre otros que ilustran las composiciones musicales. Un original \u201cConcierto F\u00edlmico\u201d.\u00a0El int\u00e9rprete y autor Josete Ordo\u00f1ez nos ofrece su nuevo trabajo. Guitarrista habitual con Rosario Flores, Manolo Garc\u00eda y David Bisbal entre otros. Un concierto diferente para un espacio peculiar. <\/span><span data-ccp-props=\"{&quot;134233117&quot;:false,&quot;134233118&quot;:false,&quot;201341983&quot;:0,&quot;335551550&quot;:6,&quot;335551620&quot;:6,&quot;335559738&quot;:240,&quot;335559739&quot;:240,&quot;335559740&quot;:360}\">\u00a0<\/span><\/p>\n<p><span data-contrast=\"none\">\ud83d\udccc <\/span><b><span data-contrast=\"none\"><strong>Acceso libre y gratuito hasta completar aforo<\/strong>.<\/span><\/b><span data-contrast=\"none\"> Esta programaci\u00f3n busca acercar la cultura a todos los p\u00fablicos, dinamizar el entorno hist\u00f3rico del municipio y ofrecer alternativas culturales de calidad para vecinos y visitantes.<\/span><span data-ccp-props=\"{&quot;134233117&quot;:false,&quot;134233118&quot;:false,&quot;201341983&quot;:0,&quot;335551550&quot;:6,&quot;335551620&quot;:6,&quot;335559738&quot;:240,&quot;335559739&quot;:240,&quot;335559740&quot;:360}\">\u00a0<\/span><\/p>\n<p><span data-contrast=\"none\">\ud83d\udc49 Consulta toda la programaci\u00f3n en: <\/span><a href=\"https:\/\/www.veranos.ayto-nuevobaztan.es\/\"><span data-contrast=\"none\">www.veranos.ayto-nuevobaztan.es<\/span><\/a> <strong>\u00a1Este julio, vive las noches de verano en Nuevo Bazt\u00e1n!\u00a0<\/strong><\/p>\n<p>&nbsp;<\/p>\n<p><img loading=\"lazy\" decoding=\"async\" class=\"alignnone  wp-image-2251\" src=\"https:\/\/turismo.ayto-nuevobaztan.es\/wp-content\/uploads\/2025\/07\/ESCENAS-VERANO-TRIO-MERIAN-214x300.jpg\" alt=\"\" width=\"314\" height=\"440\" \/> <img loading=\"lazy\" decoding=\"async\" class=\"alignnone  wp-image-2236\" src=\"https:\/\/turismo.ayto-nuevobaztan.es\/wp-content\/uploads\/2025\/07\/18-julio-Guardiana-de-Dragones-212x300.jpg\" alt=\"\" width=\"312\" height=\"441\" \/> <img loading=\"lazy\" decoding=\"async\" class=\"alignnone  wp-image-2233\" src=\"https:\/\/turismo.ayto-nuevobaztan.es\/wp-content\/uploads\/2025\/07\/19-julio-Transeuntes-212x300.jpg\" alt=\"\" width=\"313\" height=\"443\" \/><\/p>\n","protected":false},"excerpt":{"rendered":"<p>Este viernes 11 de julio arranca un nuevo fin de semana cargado de cultura en nuestro municipio, dentro del programa Veranos de Nuevo Bazt\u00e1n. Tres citas que no debes perderte para disfrutar de la m\u00fasica, el cine y el arte en escenarios \u00fanicos.\u00a0 Viernes 18 |\u00a020:30h. TR\u00cdO MERIAN. La Edad Moderna.\u00a0Formado por tres apasionadas int\u00e9rpretes&hellip;<\/p>\n","protected":false},"author":2,"featured_media":2251,"comment_status":"closed","ping_status":"closed","sticky":false,"template":"","format":"standard","meta":{"_acf_changed":false,"footnotes":""},"categories":[14],"tags":[195,110,78],"class_list":["post-2250","post","type-post","status-publish","format-standard","has-post-thumbnail","hentry","category-actividades-nuevo-batzan","tag-cine-de-verano","tag-concierto","tag-veranos-de-nuevo-baztan"],"acf":[],"yoast_head":"<!-- This site is optimized with the Yoast SEO plugin v27.2 - https:\/\/yoast.com\/product\/yoast-seo-wordpress\/ -->\n<title>Tercer fin de semana de los Veranos de Nuevo Bazt\u00e1n.<\/title>\n<meta name=\"description\" content=\"Concierto en la Iglesia de San Francisco Javier y cine infantil el viernes. Espect\u00e1culo de Guitarra y Cine el s\u00e1bado.\" \/>\n<meta name=\"robots\" content=\"index, follow, max-snippet:-1, max-image-preview:large, max-video-preview:-1\" \/>\n<link rel=\"canonical\" href=\"https:\/\/turismo.ayto-nuevobaztan.es\/es\/noticias\/tercer-fin-de-semana-de-los-veranos-de-nuevo-baztan\/\" \/>\n<meta property=\"og:locale\" content=\"es_ES\" \/>\n<meta property=\"og:type\" content=\"article\" \/>\n<meta property=\"og:title\" content=\"Tercer fin de semana de los Veranos de Nuevo Bazt\u00e1n.\" \/>\n<meta property=\"og:description\" content=\"Concierto en la Iglesia de San Francisco Javier y cine infantil el viernes. Espect\u00e1culo de Guitarra y Cine el s\u00e1bado.\" \/>\n<meta property=\"og:url\" content=\"https:\/\/turismo.ayto-nuevobaztan.es\/es\/noticias\/tercer-fin-de-semana-de-los-veranos-de-nuevo-baztan\/\" \/>\n<meta property=\"og:site_name\" content=\"Turismo Nuevo Bazt\u00e1n\" \/>\n<meta property=\"article:publisher\" content=\"https:\/\/www.facebook.com\/turismonuevobaztan\/\" \/>\n<meta property=\"article:published_time\" content=\"2025-07-15T10:11:50+00:00\" \/>\n<meta property=\"og:image\" content=\"https:\/\/turismo.ayto-nuevobaztan.es\/wp-content\/uploads\/2025\/07\/ESCENAS-VERANO-TRIO-MERIAN.jpg\" \/>\n\t<meta property=\"og:image:width\" content=\"1829\" \/>\n\t<meta property=\"og:image:height\" content=\"2560\" \/>\n\t<meta property=\"og:image:type\" content=\"image\/jpeg\" \/>\n<meta name=\"author\" content=\"Turismo Nuevo Bazt\u00e1n\" \/>\n<meta name=\"twitter:card\" content=\"summary_large_image\" \/>\n<meta name=\"twitter:creator\" content=\"@TurismoNBaztan\" \/>\n<meta name=\"twitter:site\" content=\"@TurismoNBaztan\" \/>\n<meta name=\"twitter:label1\" content=\"Escrito por\" \/>\n\t<meta name=\"twitter:data1\" content=\"Turismo Nuevo Bazt\u00e1n\" \/>\n\t<meta name=\"twitter:label2\" content=\"Tiempo de lectura\" \/>\n\t<meta name=\"twitter:data2\" content=\"3 minutos\" \/>\n<script type=\"application\/ld+json\" class=\"yoast-schema-graph\">{\"@context\":\"https:\/\/schema.org\",\"@graph\":[{\"@type\":\"Article\",\"@id\":\"https:\/\/turismo.ayto-nuevobaztan.es\/es\/noticias\/tercer-fin-de-semana-de-los-veranos-de-nuevo-baztan\/#article\",\"isPartOf\":{\"@id\":\"https:\/\/turismo.ayto-nuevobaztan.es\/es\/noticias\/tercer-fin-de-semana-de-los-veranos-de-nuevo-baztan\/\"},\"author\":{\"name\":\"Turismo Nuevo Bazt\u00e1n\",\"@id\":\"https:\/\/turismo.ayto-nuevobaztan.es\/es\/#\/schema\/person\/bc781c848e33ae71437002fa79b5c3df\"},\"headline\":\"Tercer fin de semana de los Veranos de Nuevo Bazt\u00e1n.\",\"datePublished\":\"2025-07-15T10:11:50+00:00\",\"mainEntityOfPage\":{\"@id\":\"https:\/\/turismo.ayto-nuevobaztan.es\/es\/noticias\/tercer-fin-de-semana-de-los-veranos-de-nuevo-baztan\/\"},\"wordCount\":414,\"publisher\":{\"@id\":\"https:\/\/turismo.ayto-nuevobaztan.es\/es\/#organization\"},\"image\":{\"@id\":\"https:\/\/turismo.ayto-nuevobaztan.es\/es\/noticias\/tercer-fin-de-semana-de-los-veranos-de-nuevo-baztan\/#primaryimage\"},\"thumbnailUrl\":\"https:\/\/turismo.ayto-nuevobaztan.es\/wp-content\/uploads\/2025\/07\/ESCENAS-VERANO-TRIO-MERIAN.jpg\",\"keywords\":[\"cine de verano\",\"concierto\",\"Veranos de Nuevo Bazt\u00e1n\"],\"articleSection\":[\"actividades\"],\"inLanguage\":\"es\"},{\"@type\":\"WebPage\",\"@id\":\"https:\/\/turismo.ayto-nuevobaztan.es\/es\/noticias\/tercer-fin-de-semana-de-los-veranos-de-nuevo-baztan\/\",\"url\":\"https:\/\/turismo.ayto-nuevobaztan.es\/es\/noticias\/tercer-fin-de-semana-de-los-veranos-de-nuevo-baztan\/\",\"name\":\"Tercer fin de semana de los Veranos de Nuevo Bazt\u00e1n.\",\"isPartOf\":{\"@id\":\"https:\/\/turismo.ayto-nuevobaztan.es\/es\/#website\"},\"primaryImageOfPage\":{\"@id\":\"https:\/\/turismo.ayto-nuevobaztan.es\/es\/noticias\/tercer-fin-de-semana-de-los-veranos-de-nuevo-baztan\/#primaryimage\"},\"image\":{\"@id\":\"https:\/\/turismo.ayto-nuevobaztan.es\/es\/noticias\/tercer-fin-de-semana-de-los-veranos-de-nuevo-baztan\/#primaryimage\"},\"thumbnailUrl\":\"https:\/\/turismo.ayto-nuevobaztan.es\/wp-content\/uploads\/2025\/07\/ESCENAS-VERANO-TRIO-MERIAN.jpg\",\"datePublished\":\"2025-07-15T10:11:50+00:00\",\"description\":\"Concierto en la Iglesia de San Francisco Javier y cine infantil el viernes. Espect\u00e1culo de Guitarra y Cine el s\u00e1bado.\",\"breadcrumb\":{\"@id\":\"https:\/\/turismo.ayto-nuevobaztan.es\/es\/noticias\/tercer-fin-de-semana-de-los-veranos-de-nuevo-baztan\/#breadcrumb\"},\"inLanguage\":\"es\",\"potentialAction\":[{\"@type\":\"ReadAction\",\"target\":[\"https:\/\/turismo.ayto-nuevobaztan.es\/es\/noticias\/tercer-fin-de-semana-de-los-veranos-de-nuevo-baztan\/\"]}]},{\"@type\":\"ImageObject\",\"inLanguage\":\"es\",\"@id\":\"https:\/\/turismo.ayto-nuevobaztan.es\/es\/noticias\/tercer-fin-de-semana-de-los-veranos-de-nuevo-baztan\/#primaryimage\",\"url\":\"https:\/\/turismo.ayto-nuevobaztan.es\/wp-content\/uploads\/2025\/07\/ESCENAS-VERANO-TRIO-MERIAN.jpg\",\"contentUrl\":\"https:\/\/turismo.ayto-nuevobaztan.es\/wp-content\/uploads\/2025\/07\/ESCENAS-VERANO-TRIO-MERIAN.jpg\",\"width\":1829,\"height\":2560},{\"@type\":\"BreadcrumbList\",\"@id\":\"https:\/\/turismo.ayto-nuevobaztan.es\/es\/noticias\/tercer-fin-de-semana-de-los-veranos-de-nuevo-baztan\/#breadcrumb\",\"itemListElement\":[{\"@type\":\"ListItem\",\"position\":1,\"name\":\"Inicio\",\"item\":\"https:\/\/turismo.ayto-nuevobaztan.es\/es\/\"},{\"@type\":\"ListItem\",\"position\":2,\"name\":\"Tercer fin de semana de los Veranos de Nuevo Bazt\u00e1n.\"}]},{\"@type\":\"WebSite\",\"@id\":\"https:\/\/turismo.ayto-nuevobaztan.es\/es\/#website\",\"url\":\"https:\/\/turismo.ayto-nuevobaztan.es\/es\/\",\"name\":\"Turismo Nuevo Bazt\u00e1n\",\"description\":\"\",\"publisher\":{\"@id\":\"https:\/\/turismo.ayto-nuevobaztan.es\/es\/#organization\"},\"potentialAction\":[{\"@type\":\"SearchAction\",\"target\":{\"@type\":\"EntryPoint\",\"urlTemplate\":\"https:\/\/turismo.ayto-nuevobaztan.es\/es\/?s={search_term_string}\"},\"query-input\":{\"@type\":\"PropertyValueSpecification\",\"valueRequired\":true,\"valueName\":\"search_term_string\"}}],\"inLanguage\":\"es\"},{\"@type\":\"Organization\",\"@id\":\"https:\/\/turismo.ayto-nuevobaztan.es\/es\/#organization\",\"name\":\"Turismo Nuevo Bazt\u00e1n\",\"url\":\"https:\/\/turismo.ayto-nuevobaztan.es\/es\/\",\"logo\":{\"@type\":\"ImageObject\",\"inLanguage\":\"es\",\"@id\":\"https:\/\/turismo.ayto-nuevobaztan.es\/es\/#\/schema\/logo\/image\/\",\"url\":\"https:\/\/turismo.ayto-nuevobaztan.es\/wp-content\/uploads\/2025\/12\/logo.png\",\"contentUrl\":\"https:\/\/turismo.ayto-nuevobaztan.es\/wp-content\/uploads\/2025\/12\/logo.png\",\"width\":1847,\"height\":1787,\"caption\":\"Turismo Nuevo Bazt\u00e1n\"},\"image\":{\"@id\":\"https:\/\/turismo.ayto-nuevobaztan.es\/es\/#\/schema\/logo\/image\/\"},\"sameAs\":[\"https:\/\/www.facebook.com\/turismonuevobaztan\/\",\"https:\/\/x.com\/TurismoNBaztan\"]},{\"@type\":\"Person\",\"@id\":\"https:\/\/turismo.ayto-nuevobaztan.es\/es\/#\/schema\/person\/bc781c848e33ae71437002fa79b5c3df\",\"name\":\"Turismo Nuevo Bazt\u00e1n\",\"image\":{\"@type\":\"ImageObject\",\"inLanguage\":\"es\",\"@id\":\"https:\/\/secure.gravatar.com\/avatar\/c34f0d8aae58e8accb5d24f13ebda51911caa6f3106f7c0db25bd0888b071620?s=96&d=mm&r=g\",\"url\":\"https:\/\/secure.gravatar.com\/avatar\/c34f0d8aae58e8accb5d24f13ebda51911caa6f3106f7c0db25bd0888b071620?s=96&d=mm&r=g\",\"contentUrl\":\"https:\/\/secure.gravatar.com\/avatar\/c34f0d8aae58e8accb5d24f13ebda51911caa6f3106f7c0db25bd0888b071620?s=96&d=mm&r=g\",\"caption\":\"Turismo Nuevo Bazt\u00e1n\"},\"url\":\"#\"}]}<\/script>\n<!-- \/ Yoast SEO plugin. -->","yoast_head_json":{"title":"Tercer fin de semana de los Veranos de Nuevo Bazt\u00e1n.","description":"Concierto en la Iglesia de San Francisco Javier y cine infantil el viernes. Espect\u00e1culo de Guitarra y Cine el s\u00e1bado.","robots":{"index":"index","follow":"follow","max-snippet":"max-snippet:-1","max-image-preview":"max-image-preview:large","max-video-preview":"max-video-preview:-1"},"canonical":"https:\/\/turismo.ayto-nuevobaztan.es\/es\/noticias\/tercer-fin-de-semana-de-los-veranos-de-nuevo-baztan\/","og_locale":"es_ES","og_type":"article","og_title":"Tercer fin de semana de los Veranos de Nuevo Bazt\u00e1n.","og_description":"Concierto en la Iglesia de San Francisco Javier y cine infantil el viernes. Espect\u00e1culo de Guitarra y Cine el s\u00e1bado.","og_url":"https:\/\/turismo.ayto-nuevobaztan.es\/es\/noticias\/tercer-fin-de-semana-de-los-veranos-de-nuevo-baztan\/","og_site_name":"Turismo Nuevo Bazt\u00e1n","article_publisher":"https:\/\/www.facebook.com\/turismonuevobaztan\/","article_published_time":"2025-07-15T10:11:50+00:00","og_image":[{"width":1829,"height":2560,"url":"https:\/\/turismo.ayto-nuevobaztan.es\/wp-content\/uploads\/2025\/07\/ESCENAS-VERANO-TRIO-MERIAN.jpg","type":"image\/jpeg"}],"author":"Turismo Nuevo Bazt\u00e1n","twitter_card":"summary_large_image","twitter_creator":"@TurismoNBaztan","twitter_site":"@TurismoNBaztan","twitter_misc":{"Escrito por":"Turismo Nuevo Bazt\u00e1n","Tiempo de lectura":"3 minutos"},"schema":{"@context":"https:\/\/schema.org","@graph":[{"@type":"Article","@id":"https:\/\/turismo.ayto-nuevobaztan.es\/es\/noticias\/tercer-fin-de-semana-de-los-veranos-de-nuevo-baztan\/#article","isPartOf":{"@id":"https:\/\/turismo.ayto-nuevobaztan.es\/es\/noticias\/tercer-fin-de-semana-de-los-veranos-de-nuevo-baztan\/"},"author":{"name":"Turismo Nuevo Bazt\u00e1n","@id":"https:\/\/turismo.ayto-nuevobaztan.es\/es\/#\/schema\/person\/bc781c848e33ae71437002fa79b5c3df"},"headline":"Tercer fin de semana de los Veranos de Nuevo Bazt\u00e1n.","datePublished":"2025-07-15T10:11:50+00:00","mainEntityOfPage":{"@id":"https:\/\/turismo.ayto-nuevobaztan.es\/es\/noticias\/tercer-fin-de-semana-de-los-veranos-de-nuevo-baztan\/"},"wordCount":414,"publisher":{"@id":"https:\/\/turismo.ayto-nuevobaztan.es\/es\/#organization"},"image":{"@id":"https:\/\/turismo.ayto-nuevobaztan.es\/es\/noticias\/tercer-fin-de-semana-de-los-veranos-de-nuevo-baztan\/#primaryimage"},"thumbnailUrl":"https:\/\/turismo.ayto-nuevobaztan.es\/wp-content\/uploads\/2025\/07\/ESCENAS-VERANO-TRIO-MERIAN.jpg","keywords":["cine de verano","concierto","Veranos de Nuevo Bazt\u00e1n"],"articleSection":["actividades"],"inLanguage":"es"},{"@type":"WebPage","@id":"https:\/\/turismo.ayto-nuevobaztan.es\/es\/noticias\/tercer-fin-de-semana-de-los-veranos-de-nuevo-baztan\/","url":"https:\/\/turismo.ayto-nuevobaztan.es\/es\/noticias\/tercer-fin-de-semana-de-los-veranos-de-nuevo-baztan\/","name":"Tercer fin de semana de los Veranos de Nuevo Bazt\u00e1n.","isPartOf":{"@id":"https:\/\/turismo.ayto-nuevobaztan.es\/es\/#website"},"primaryImageOfPage":{"@id":"https:\/\/turismo.ayto-nuevobaztan.es\/es\/noticias\/tercer-fin-de-semana-de-los-veranos-de-nuevo-baztan\/#primaryimage"},"image":{"@id":"https:\/\/turismo.ayto-nuevobaztan.es\/es\/noticias\/tercer-fin-de-semana-de-los-veranos-de-nuevo-baztan\/#primaryimage"},"thumbnailUrl":"https:\/\/turismo.ayto-nuevobaztan.es\/wp-content\/uploads\/2025\/07\/ESCENAS-VERANO-TRIO-MERIAN.jpg","datePublished":"2025-07-15T10:11:50+00:00","description":"Concierto en la Iglesia de San Francisco Javier y cine infantil el viernes. Espect\u00e1culo de Guitarra y Cine el s\u00e1bado.","breadcrumb":{"@id":"https:\/\/turismo.ayto-nuevobaztan.es\/es\/noticias\/tercer-fin-de-semana-de-los-veranos-de-nuevo-baztan\/#breadcrumb"},"inLanguage":"es","potentialAction":[{"@type":"ReadAction","target":["https:\/\/turismo.ayto-nuevobaztan.es\/es\/noticias\/tercer-fin-de-semana-de-los-veranos-de-nuevo-baztan\/"]}]},{"@type":"ImageObject","inLanguage":"es","@id":"https:\/\/turismo.ayto-nuevobaztan.es\/es\/noticias\/tercer-fin-de-semana-de-los-veranos-de-nuevo-baztan\/#primaryimage","url":"https:\/\/turismo.ayto-nuevobaztan.es\/wp-content\/uploads\/2025\/07\/ESCENAS-VERANO-TRIO-MERIAN.jpg","contentUrl":"https:\/\/turismo.ayto-nuevobaztan.es\/wp-content\/uploads\/2025\/07\/ESCENAS-VERANO-TRIO-MERIAN.jpg","width":1829,"height":2560},{"@type":"BreadcrumbList","@id":"https:\/\/turismo.ayto-nuevobaztan.es\/es\/noticias\/tercer-fin-de-semana-de-los-veranos-de-nuevo-baztan\/#breadcrumb","itemListElement":[{"@type":"ListItem","position":1,"name":"Inicio","item":"https:\/\/turismo.ayto-nuevobaztan.es\/es\/"},{"@type":"ListItem","position":2,"name":"Tercer fin de semana de los Veranos de Nuevo Bazt\u00e1n."}]},{"@type":"WebSite","@id":"https:\/\/turismo.ayto-nuevobaztan.es\/es\/#website","url":"https:\/\/turismo.ayto-nuevobaztan.es\/es\/","name":"Turismo Nuevo Bazt\u00e1n","description":"","publisher":{"@id":"https:\/\/turismo.ayto-nuevobaztan.es\/es\/#organization"},"potentialAction":[{"@type":"SearchAction","target":{"@type":"EntryPoint","urlTemplate":"https:\/\/turismo.ayto-nuevobaztan.es\/es\/?s={search_term_string}"},"query-input":{"@type":"PropertyValueSpecification","valueRequired":true,"valueName":"search_term_string"}}],"inLanguage":"es"},{"@type":"Organization","@id":"https:\/\/turismo.ayto-nuevobaztan.es\/es\/#organization","name":"Turismo Nuevo Bazt\u00e1n","url":"https:\/\/turismo.ayto-nuevobaztan.es\/es\/","logo":{"@type":"ImageObject","inLanguage":"es","@id":"https:\/\/turismo.ayto-nuevobaztan.es\/es\/#\/schema\/logo\/image\/","url":"https:\/\/turismo.ayto-nuevobaztan.es\/wp-content\/uploads\/2025\/12\/logo.png","contentUrl":"https:\/\/turismo.ayto-nuevobaztan.es\/wp-content\/uploads\/2025\/12\/logo.png","width":1847,"height":1787,"caption":"Turismo Nuevo Bazt\u00e1n"},"image":{"@id":"https:\/\/turismo.ayto-nuevobaztan.es\/es\/#\/schema\/logo\/image\/"},"sameAs":["https:\/\/www.facebook.com\/turismonuevobaztan\/","https:\/\/x.com\/TurismoNBaztan"]},{"@type":"Person","@id":"https:\/\/turismo.ayto-nuevobaztan.es\/es\/#\/schema\/person\/bc781c848e33ae71437002fa79b5c3df","name":"Turismo Nuevo Bazt\u00e1n","image":{"@type":"ImageObject","inLanguage":"es","@id":"https:\/\/secure.gravatar.com\/avatar\/c34f0d8aae58e8accb5d24f13ebda51911caa6f3106f7c0db25bd0888b071620?s=96&d=mm&r=g","url":"https:\/\/secure.gravatar.com\/avatar\/c34f0d8aae58e8accb5d24f13ebda51911caa6f3106f7c0db25bd0888b071620?s=96&d=mm&r=g","contentUrl":"https:\/\/secure.gravatar.com\/avatar\/c34f0d8aae58e8accb5d24f13ebda51911caa6f3106f7c0db25bd0888b071620?s=96&d=mm&r=g","caption":"Turismo Nuevo Bazt\u00e1n"},"url":"#"}]}},"_links":{"self":[{"href":"https:\/\/turismo.ayto-nuevobaztan.es\/es\/wp-json\/wp\/v2\/posts\/2250","targetHints":{"allow":["GET"]}}],"collection":[{"href":"https:\/\/turismo.ayto-nuevobaztan.es\/es\/wp-json\/wp\/v2\/posts"}],"about":[{"href":"https:\/\/turismo.ayto-nuevobaztan.es\/es\/wp-json\/wp\/v2\/types\/post"}],"author":[{"embeddable":true,"href":"https:\/\/turismo.ayto-nuevobaztan.es\/es\/wp-json\/wp\/v2\/users\/2"}],"replies":[{"embeddable":true,"href":"https:\/\/turismo.ayto-nuevobaztan.es\/es\/wp-json\/wp\/v2\/comments?post=2250"}],"version-history":[{"count":1,"href":"https:\/\/turismo.ayto-nuevobaztan.es\/es\/wp-json\/wp\/v2\/posts\/2250\/revisions"}],"predecessor-version":[{"id":3202,"href":"https:\/\/turismo.ayto-nuevobaztan.es\/es\/wp-json\/wp\/v2\/posts\/2250\/revisions\/3202"}],"wp:featuredmedia":[{"embeddable":true,"href":"https:\/\/turismo.ayto-nuevobaztan.es\/es\/wp-json\/wp\/v2\/media\/2251"}],"wp:attachment":[{"href":"https:\/\/turismo.ayto-nuevobaztan.es\/es\/wp-json\/wp\/v2\/media?parent=2250"}],"wp:term":[{"taxonomy":"category","embeddable":true,"href":"https:\/\/turismo.ayto-nuevobaztan.es\/es\/wp-json\/wp\/v2\/categories?post=2250"},{"taxonomy":"post_tag","embeddable":true,"href":"https:\/\/turismo.ayto-nuevobaztan.es\/es\/wp-json\/wp\/v2\/tags?post=2250"}],"curies":[{"name":"wp","href":"https:\/\/api.w.org\/{rel}","templated":true}]}}