{"id":2225,"date":"2025-07-03T09:18:45","date_gmt":"2025-07-03T07:18:45","guid":{"rendered":"https:\/\/turismo.ayto-nuevobaztan.es\/?p=2225"},"modified":"2025-07-03T09:18:45","modified_gmt":"2025-07-03T07:18:45","slug":"nuevo-baztan-da-la-bienvenida-a-una-nueva-edicion-de-los-veranos-de-nuevo-baztan","status":"publish","type":"post","link":"https:\/\/turismo.ayto-nuevobaztan.es\/es\/noticias\/nuevo-baztan-da-la-bienvenida-a-una-nueva-edicion-de-los-veranos-de-nuevo-baztan\/","title":{"rendered":"Nuevo Bazt\u00e1n da la bienvenida a una nueva edici\u00f3n de Los Veranos de Nuevo Bazt\u00e1n"},"content":{"rendered":"<p><span data-contrast=\"auto\"><a href=\"https:\/\/turismo.ayto-nuevobaztan.es\/wp-content\/uploads\/2025\/07\/4-julio-La-Familia-Beneton.jpg\"><img loading=\"lazy\" decoding=\"async\" class=\"alignleft wp-image-2226 size-medium\" src=\"https:\/\/turismo.ayto-nuevobaztan.es\/wp-content\/uploads\/2025\/07\/4-julio-La-Familia-Beneton-212x300.jpg\" alt=\"\" width=\"212\" height=\"300\" \/><\/a> <a href=\"https:\/\/turismo.ayto-nuevobaztan.es\/wp-content\/uploads\/2025\/07\/5-Julio-Fabula.jpg\"><img loading=\"lazy\" decoding=\"async\" class=\"alignleft wp-image-2227 size-medium\" src=\"https:\/\/turismo.ayto-nuevobaztan.es\/wp-content\/uploads\/2025\/07\/5-Julio-Fabula-212x300.jpg\" alt=\"\" width=\"212\" height=\"300\" \/><\/a>Duran<\/span><span data-contrast=\"auto\">te todos los fines de semana de julio, la Plaza de Fiestas del Palacio Goyeneche se convertir\u00e1 en el <\/span><b><span data-contrast=\"auto\">coraz\u00f3n del ocio estival<\/span><\/b><span data-contrast=\"auto\"> con una cuidada programaci\u00f3n cultural que combina cine al aire libre y conciertos que invitan a disfrutar en familia y con amigos.<\/span><span data-ccp-props=\"{&quot;134233117&quot;:false,&quot;134233118&quot;:false,&quot;335551550&quot;:6,&quot;335551620&quot;:6,&quot;335559738&quot;:240,&quot;335559739&quot;:240}\">\u00a0<\/span><\/p>\n<p><b><span data-contrast=\"auto\">Cine de Verano el viernes a las 22:00h.<\/span><\/b><span data-contrast=\"auto\"> La cartelera se inaugura el <\/span><b><span data-contrast=\"auto\">4 de julio<\/span><\/b><span data-contrast=\"auto\"> con <\/span><i><span data-contrast=\"auto\">La Familia Benet\u00f3n<\/span><\/i><span data-contrast=\"auto\">, una entra\u00f1able comedia apta para mayores de 7 a\u00f1os, con una duraci\u00f3n aproximada de 90 minutos. La historia de Toni, un soltero empedernido que se convierte repentinamente en tutor de cinco ni\u00f1os de distintas culturas, promete carcajadas y momentos conmovedores bajo las estrellas.<\/span><span data-ccp-props=\"{&quot;134233117&quot;:false,&quot;134233118&quot;:false,&quot;335551550&quot;:6,&quot;335551620&quot;:6,&quot;335559738&quot;:240,&quot;335559739&quot;:240}\">\u00a0<\/span><\/p>\n<p><b><span data-contrast=\"auto\">Conciertos de Palacio el s\u00e1bado a las 22:00h.<\/span><\/b><span data-contrast=\"auto\"> El primer concierto, el <\/span><b><span data-contrast=\"auto\">5 de julio<\/span><\/b><span data-contrast=\"auto\">, estar\u00e1 a cargo de <\/span><i><span data-contrast=\"auto\">F\u00e1bula<\/span><\/i><span data-contrast=\"auto\">, un grupo que har\u00e1 vibrar la plaza con versiones m\u00edticas de los a\u00f1os 80. Un plan ideal para disfrutar de buena m\u00fasica en un entorno hist\u00f3rico.<\/span><span data-ccp-props=\"{&quot;134233117&quot;:false,&quot;134233118&quot;:false,&quot;335551550&quot;:6,&quot;335551620&quot;:6,&quot;335559738&quot;:240,&quot;335559739&quot;:240}\">\u00a0<\/span><\/p>\n<p><i><span data-contrast=\"auto\">Los Veranos de Nuevo Bazt\u00e1n<\/span><\/i><span data-contrast=\"auto\"> se consolidan como una cita imprescindible de la agenda cultural del municipio, pensada para todos los p\u00fablicos y con acceso libre. \u00a1Este verano, la cultura se vive en la plaza!<\/span><span data-ccp-props=\"{&quot;134233117&quot;:false,&quot;134233118&quot;:false,&quot;335551550&quot;:6,&quot;335551620&quot;:6,&quot;335559738&quot;:240,&quot;335559739&quot;:240}\">\u00a0<\/span><\/p>\n","protected":false},"excerpt":{"rendered":"<p>Durante todos los fines de semana de julio, la Plaza de Fiestas del Palacio Goyeneche se convertir\u00e1 en el coraz\u00f3n del ocio estival con una cuidada programaci\u00f3n cultural que combina cine al aire libre y conciertos que invitan a disfrutar en familia y con amigos.\u00a0 Cine de Verano el viernes a las 22:00h. La cartelera&hellip;<\/p>\n","protected":false},"author":2,"featured_media":2226,"comment_status":"closed","ping_status":"closed","sticky":false,"template":"","format":"standard","meta":{"_acf_changed":false,"footnotes":""},"categories":[14],"tags":[195,100,240,78],"class_list":["post-2225","post","type-post","status-publish","format-standard","has-post-thumbnail","hentry","category-actividades-nuevo-batzan","tag-cine-de-verano","tag-conciertos","tag-palacio-goyeneche","tag-veranos-de-nuevo-baztan"],"acf":[],"yoast_head":"<!-- This site is optimized with the Yoast SEO plugin v27.2 - https:\/\/yoast.com\/product\/yoast-seo-wordpress\/ -->\n<title>Nuevo Bazt\u00e1n da la bienvenida a una nueva edici\u00f3n de Los Veranos de Nuevo Bazt\u00e1n<\/title>\n<meta name=\"description\" content=\"Comenzamos nuestro primer fin de semana con una pel\u00edcula familiar y un concierto inspirado en m\u00fasica de los 80\" \/>\n<meta name=\"robots\" content=\"index, follow, max-snippet:-1, max-image-preview:large, max-video-preview:-1\" \/>\n<link rel=\"canonical\" href=\"https:\/\/turismo.ayto-nuevobaztan.es\/es\/noticias\/nuevo-baztan-da-la-bienvenida-a-una-nueva-edicion-de-los-veranos-de-nuevo-baztan\/\" \/>\n<meta property=\"og:locale\" content=\"es_ES\" \/>\n<meta property=\"og:type\" content=\"article\" \/>\n<meta property=\"og:title\" content=\"Nuevo Bazt\u00e1n da la bienvenida a una nueva edici\u00f3n de Los Veranos de Nuevo Bazt\u00e1n\" \/>\n<meta property=\"og:description\" content=\"Comenzamos nuestro primer fin de semana con una pel\u00edcula familiar y un concierto inspirado en m\u00fasica de los 80\" \/>\n<meta property=\"og:url\" content=\"https:\/\/turismo.ayto-nuevobaztan.es\/es\/noticias\/nuevo-baztan-da-la-bienvenida-a-una-nueva-edicion-de-los-veranos-de-nuevo-baztan\/\" \/>\n<meta property=\"og:site_name\" content=\"Turismo Nuevo Bazt\u00e1n\" \/>\n<meta property=\"article:publisher\" content=\"https:\/\/www.facebook.com\/turismonuevobaztan\/\" \/>\n<meta property=\"article:published_time\" content=\"2025-07-03T07:18:45+00:00\" \/>\n<meta property=\"og:image\" content=\"https:\/\/turismo.ayto-nuevobaztan.es\/wp-content\/uploads\/2025\/07\/4-julio-La-Familia-Beneton.jpg\" \/>\n\t<meta property=\"og:image:width\" content=\"1400\" \/>\n\t<meta property=\"og:image:height\" content=\"1979\" \/>\n\t<meta property=\"og:image:type\" content=\"image\/jpeg\" \/>\n<meta name=\"author\" content=\"Turismo Nuevo Bazt\u00e1n\" \/>\n<meta name=\"twitter:card\" content=\"summary_large_image\" \/>\n<meta name=\"twitter:creator\" content=\"@TurismoNBaztan\" \/>\n<meta name=\"twitter:site\" content=\"@TurismoNBaztan\" \/>\n<meta name=\"twitter:label1\" content=\"Escrito por\" \/>\n\t<meta name=\"twitter:data1\" content=\"Turismo Nuevo Bazt\u00e1n\" \/>\n\t<meta name=\"twitter:label2\" content=\"Tiempo de lectura\" \/>\n\t<meta name=\"twitter:data2\" content=\"2 minutos\" \/>\n<script type=\"application\/ld+json\" class=\"yoast-schema-graph\">{\"@context\":\"https:\/\/schema.org\",\"@graph\":[{\"@type\":\"Article\",\"@id\":\"https:\/\/turismo.ayto-nuevobaztan.es\/es\/noticias\/nuevo-baztan-da-la-bienvenida-a-una-nueva-edicion-de-los-veranos-de-nuevo-baztan\/#article\",\"isPartOf\":{\"@id\":\"https:\/\/turismo.ayto-nuevobaztan.es\/es\/noticias\/nuevo-baztan-da-la-bienvenida-a-una-nueva-edicion-de-los-veranos-de-nuevo-baztan\/\"},\"author\":{\"name\":\"Turismo Nuevo Bazt\u00e1n\",\"@id\":\"https:\/\/turismo.ayto-nuevobaztan.es\/es\/#\/schema\/person\/bc781c848e33ae71437002fa79b5c3df\"},\"headline\":\"Nuevo Bazt\u00e1n da la bienvenida a una nueva edici\u00f3n de Los Veranos de Nuevo Bazt\u00e1n\",\"datePublished\":\"2025-07-03T07:18:45+00:00\",\"mainEntityOfPage\":{\"@id\":\"https:\/\/turismo.ayto-nuevobaztan.es\/es\/noticias\/nuevo-baztan-da-la-bienvenida-a-una-nueva-edicion-de-los-veranos-de-nuevo-baztan\/\"},\"wordCount\":218,\"publisher\":{\"@id\":\"https:\/\/turismo.ayto-nuevobaztan.es\/es\/#organization\"},\"image\":{\"@id\":\"https:\/\/turismo.ayto-nuevobaztan.es\/es\/noticias\/nuevo-baztan-da-la-bienvenida-a-una-nueva-edicion-de-los-veranos-de-nuevo-baztan\/#primaryimage\"},\"thumbnailUrl\":\"https:\/\/turismo.ayto-nuevobaztan.es\/wp-content\/uploads\/2025\/07\/4-julio-La-Familia-Beneton.jpg\",\"keywords\":[\"cine de verano\",\"conciertos\",\"Palacio Goyeneche\",\"Veranos de Nuevo Bazt\u00e1n\"],\"articleSection\":[\"actividades\"],\"inLanguage\":\"es\"},{\"@type\":\"WebPage\",\"@id\":\"https:\/\/turismo.ayto-nuevobaztan.es\/es\/noticias\/nuevo-baztan-da-la-bienvenida-a-una-nueva-edicion-de-los-veranos-de-nuevo-baztan\/\",\"url\":\"https:\/\/turismo.ayto-nuevobaztan.es\/es\/noticias\/nuevo-baztan-da-la-bienvenida-a-una-nueva-edicion-de-los-veranos-de-nuevo-baztan\/\",\"name\":\"Nuevo Bazt\u00e1n da la bienvenida a una nueva edici\u00f3n de Los Veranos de Nuevo Bazt\u00e1n\",\"isPartOf\":{\"@id\":\"https:\/\/turismo.ayto-nuevobaztan.es\/es\/#website\"},\"primaryImageOfPage\":{\"@id\":\"https:\/\/turismo.ayto-nuevobaztan.es\/es\/noticias\/nuevo-baztan-da-la-bienvenida-a-una-nueva-edicion-de-los-veranos-de-nuevo-baztan\/#primaryimage\"},\"image\":{\"@id\":\"https:\/\/turismo.ayto-nuevobaztan.es\/es\/noticias\/nuevo-baztan-da-la-bienvenida-a-una-nueva-edicion-de-los-veranos-de-nuevo-baztan\/#primaryimage\"},\"thumbnailUrl\":\"https:\/\/turismo.ayto-nuevobaztan.es\/wp-content\/uploads\/2025\/07\/4-julio-La-Familia-Beneton.jpg\",\"datePublished\":\"2025-07-03T07:18:45+00:00\",\"description\":\"Comenzamos nuestro primer fin de semana con una pel\u00edcula familiar y un concierto inspirado en m\u00fasica de los 80\",\"breadcrumb\":{\"@id\":\"https:\/\/turismo.ayto-nuevobaztan.es\/es\/noticias\/nuevo-baztan-da-la-bienvenida-a-una-nueva-edicion-de-los-veranos-de-nuevo-baztan\/#breadcrumb\"},\"inLanguage\":\"es\",\"potentialAction\":[{\"@type\":\"ReadAction\",\"target\":[\"https:\/\/turismo.ayto-nuevobaztan.es\/es\/noticias\/nuevo-baztan-da-la-bienvenida-a-una-nueva-edicion-de-los-veranos-de-nuevo-baztan\/\"]}]},{\"@type\":\"ImageObject\",\"inLanguage\":\"es\",\"@id\":\"https:\/\/turismo.ayto-nuevobaztan.es\/es\/noticias\/nuevo-baztan-da-la-bienvenida-a-una-nueva-edicion-de-los-veranos-de-nuevo-baztan\/#primaryimage\",\"url\":\"https:\/\/turismo.ayto-nuevobaztan.es\/wp-content\/uploads\/2025\/07\/4-julio-La-Familia-Beneton.jpg\",\"contentUrl\":\"https:\/\/turismo.ayto-nuevobaztan.es\/wp-content\/uploads\/2025\/07\/4-julio-La-Familia-Beneton.jpg\",\"width\":1400,\"height\":1979},{\"@type\":\"BreadcrumbList\",\"@id\":\"https:\/\/turismo.ayto-nuevobaztan.es\/es\/noticias\/nuevo-baztan-da-la-bienvenida-a-una-nueva-edicion-de-los-veranos-de-nuevo-baztan\/#breadcrumb\",\"itemListElement\":[{\"@type\":\"ListItem\",\"position\":1,\"name\":\"Inicio\",\"item\":\"https:\/\/turismo.ayto-nuevobaztan.es\/es\/\"},{\"@type\":\"ListItem\",\"position\":2,\"name\":\"Nuevo Bazt\u00e1n da la bienvenida a una nueva edici\u00f3n de Los Veranos de Nuevo Bazt\u00e1n\"}]},{\"@type\":\"WebSite\",\"@id\":\"https:\/\/turismo.ayto-nuevobaztan.es\/es\/#website\",\"url\":\"https:\/\/turismo.ayto-nuevobaztan.es\/es\/\",\"name\":\"Turismo Nuevo Bazt\u00e1n\",\"description\":\"\",\"publisher\":{\"@id\":\"https:\/\/turismo.ayto-nuevobaztan.es\/es\/#organization\"},\"potentialAction\":[{\"@type\":\"SearchAction\",\"target\":{\"@type\":\"EntryPoint\",\"urlTemplate\":\"https:\/\/turismo.ayto-nuevobaztan.es\/es\/?s={search_term_string}\"},\"query-input\":{\"@type\":\"PropertyValueSpecification\",\"valueRequired\":true,\"valueName\":\"search_term_string\"}}],\"inLanguage\":\"es\"},{\"@type\":\"Organization\",\"@id\":\"https:\/\/turismo.ayto-nuevobaztan.es\/es\/#organization\",\"name\":\"Turismo Nuevo Bazt\u00e1n\",\"url\":\"https:\/\/turismo.ayto-nuevobaztan.es\/es\/\",\"logo\":{\"@type\":\"ImageObject\",\"inLanguage\":\"es\",\"@id\":\"https:\/\/turismo.ayto-nuevobaztan.es\/es\/#\/schema\/logo\/image\/\",\"url\":\"https:\/\/turismo.ayto-nuevobaztan.es\/wp-content\/uploads\/2025\/12\/logo.png\",\"contentUrl\":\"https:\/\/turismo.ayto-nuevobaztan.es\/wp-content\/uploads\/2025\/12\/logo.png\",\"width\":1847,\"height\":1787,\"caption\":\"Turismo Nuevo Bazt\u00e1n\"},\"image\":{\"@id\":\"https:\/\/turismo.ayto-nuevobaztan.es\/es\/#\/schema\/logo\/image\/\"},\"sameAs\":[\"https:\/\/www.facebook.com\/turismonuevobaztan\/\",\"https:\/\/x.com\/TurismoNBaztan\"]},{\"@type\":\"Person\",\"@id\":\"https:\/\/turismo.ayto-nuevobaztan.es\/es\/#\/schema\/person\/bc781c848e33ae71437002fa79b5c3df\",\"name\":\"Turismo Nuevo Bazt\u00e1n\",\"image\":{\"@type\":\"ImageObject\",\"inLanguage\":\"es\",\"@id\":\"https:\/\/secure.gravatar.com\/avatar\/c34f0d8aae58e8accb5d24f13ebda51911caa6f3106f7c0db25bd0888b071620?s=96&d=mm&r=g\",\"url\":\"https:\/\/secure.gravatar.com\/avatar\/c34f0d8aae58e8accb5d24f13ebda51911caa6f3106f7c0db25bd0888b071620?s=96&d=mm&r=g\",\"contentUrl\":\"https:\/\/secure.gravatar.com\/avatar\/c34f0d8aae58e8accb5d24f13ebda51911caa6f3106f7c0db25bd0888b071620?s=96&d=mm&r=g\",\"caption\":\"Turismo Nuevo Bazt\u00e1n\"},\"url\":\"#\"}]}<\/script>\n<!-- \/ Yoast SEO plugin. -->","yoast_head_json":{"title":"Nuevo Bazt\u00e1n da la bienvenida a una nueva edici\u00f3n de Los Veranos de Nuevo Bazt\u00e1n","description":"Comenzamos nuestro primer fin de semana con una pel\u00edcula familiar y un concierto inspirado en m\u00fasica de los 80","robots":{"index":"index","follow":"follow","max-snippet":"max-snippet:-1","max-image-preview":"max-image-preview:large","max-video-preview":"max-video-preview:-1"},"canonical":"https:\/\/turismo.ayto-nuevobaztan.es\/es\/noticias\/nuevo-baztan-da-la-bienvenida-a-una-nueva-edicion-de-los-veranos-de-nuevo-baztan\/","og_locale":"es_ES","og_type":"article","og_title":"Nuevo Bazt\u00e1n da la bienvenida a una nueva edici\u00f3n de Los Veranos de Nuevo Bazt\u00e1n","og_description":"Comenzamos nuestro primer fin de semana con una pel\u00edcula familiar y un concierto inspirado en m\u00fasica de los 80","og_url":"https:\/\/turismo.ayto-nuevobaztan.es\/es\/noticias\/nuevo-baztan-da-la-bienvenida-a-una-nueva-edicion-de-los-veranos-de-nuevo-baztan\/","og_site_name":"Turismo Nuevo Bazt\u00e1n","article_publisher":"https:\/\/www.facebook.com\/turismonuevobaztan\/","article_published_time":"2025-07-03T07:18:45+00:00","og_image":[{"width":1400,"height":1979,"url":"https:\/\/turismo.ayto-nuevobaztan.es\/wp-content\/uploads\/2025\/07\/4-julio-La-Familia-Beneton.jpg","type":"image\/jpeg"}],"author":"Turismo Nuevo Bazt\u00e1n","twitter_card":"summary_large_image","twitter_creator":"@TurismoNBaztan","twitter_site":"@TurismoNBaztan","twitter_misc":{"Escrito por":"Turismo Nuevo Bazt\u00e1n","Tiempo de lectura":"2 minutos"},"schema":{"@context":"https:\/\/schema.org","@graph":[{"@type":"Article","@id":"https:\/\/turismo.ayto-nuevobaztan.es\/es\/noticias\/nuevo-baztan-da-la-bienvenida-a-una-nueva-edicion-de-los-veranos-de-nuevo-baztan\/#article","isPartOf":{"@id":"https:\/\/turismo.ayto-nuevobaztan.es\/es\/noticias\/nuevo-baztan-da-la-bienvenida-a-una-nueva-edicion-de-los-veranos-de-nuevo-baztan\/"},"author":{"name":"Turismo Nuevo Bazt\u00e1n","@id":"https:\/\/turismo.ayto-nuevobaztan.es\/es\/#\/schema\/person\/bc781c848e33ae71437002fa79b5c3df"},"headline":"Nuevo Bazt\u00e1n da la bienvenida a una nueva edici\u00f3n de Los Veranos de Nuevo Bazt\u00e1n","datePublished":"2025-07-03T07:18:45+00:00","mainEntityOfPage":{"@id":"https:\/\/turismo.ayto-nuevobaztan.es\/es\/noticias\/nuevo-baztan-da-la-bienvenida-a-una-nueva-edicion-de-los-veranos-de-nuevo-baztan\/"},"wordCount":218,"publisher":{"@id":"https:\/\/turismo.ayto-nuevobaztan.es\/es\/#organization"},"image":{"@id":"https:\/\/turismo.ayto-nuevobaztan.es\/es\/noticias\/nuevo-baztan-da-la-bienvenida-a-una-nueva-edicion-de-los-veranos-de-nuevo-baztan\/#primaryimage"},"thumbnailUrl":"https:\/\/turismo.ayto-nuevobaztan.es\/wp-content\/uploads\/2025\/07\/4-julio-La-Familia-Beneton.jpg","keywords":["cine de verano","conciertos","Palacio Goyeneche","Veranos de Nuevo Bazt\u00e1n"],"articleSection":["actividades"],"inLanguage":"es"},{"@type":"WebPage","@id":"https:\/\/turismo.ayto-nuevobaztan.es\/es\/noticias\/nuevo-baztan-da-la-bienvenida-a-una-nueva-edicion-de-los-veranos-de-nuevo-baztan\/","url":"https:\/\/turismo.ayto-nuevobaztan.es\/es\/noticias\/nuevo-baztan-da-la-bienvenida-a-una-nueva-edicion-de-los-veranos-de-nuevo-baztan\/","name":"Nuevo Bazt\u00e1n da la bienvenida a una nueva edici\u00f3n de Los Veranos de Nuevo Bazt\u00e1n","isPartOf":{"@id":"https:\/\/turismo.ayto-nuevobaztan.es\/es\/#website"},"primaryImageOfPage":{"@id":"https:\/\/turismo.ayto-nuevobaztan.es\/es\/noticias\/nuevo-baztan-da-la-bienvenida-a-una-nueva-edicion-de-los-veranos-de-nuevo-baztan\/#primaryimage"},"image":{"@id":"https:\/\/turismo.ayto-nuevobaztan.es\/es\/noticias\/nuevo-baztan-da-la-bienvenida-a-una-nueva-edicion-de-los-veranos-de-nuevo-baztan\/#primaryimage"},"thumbnailUrl":"https:\/\/turismo.ayto-nuevobaztan.es\/wp-content\/uploads\/2025\/07\/4-julio-La-Familia-Beneton.jpg","datePublished":"2025-07-03T07:18:45+00:00","description":"Comenzamos nuestro primer fin de semana con una pel\u00edcula familiar y un concierto inspirado en m\u00fasica de los 80","breadcrumb":{"@id":"https:\/\/turismo.ayto-nuevobaztan.es\/es\/noticias\/nuevo-baztan-da-la-bienvenida-a-una-nueva-edicion-de-los-veranos-de-nuevo-baztan\/#breadcrumb"},"inLanguage":"es","potentialAction":[{"@type":"ReadAction","target":["https:\/\/turismo.ayto-nuevobaztan.es\/es\/noticias\/nuevo-baztan-da-la-bienvenida-a-una-nueva-edicion-de-los-veranos-de-nuevo-baztan\/"]}]},{"@type":"ImageObject","inLanguage":"es","@id":"https:\/\/turismo.ayto-nuevobaztan.es\/es\/noticias\/nuevo-baztan-da-la-bienvenida-a-una-nueva-edicion-de-los-veranos-de-nuevo-baztan\/#primaryimage","url":"https:\/\/turismo.ayto-nuevobaztan.es\/wp-content\/uploads\/2025\/07\/4-julio-La-Familia-Beneton.jpg","contentUrl":"https:\/\/turismo.ayto-nuevobaztan.es\/wp-content\/uploads\/2025\/07\/4-julio-La-Familia-Beneton.jpg","width":1400,"height":1979},{"@type":"BreadcrumbList","@id":"https:\/\/turismo.ayto-nuevobaztan.es\/es\/noticias\/nuevo-baztan-da-la-bienvenida-a-una-nueva-edicion-de-los-veranos-de-nuevo-baztan\/#breadcrumb","itemListElement":[{"@type":"ListItem","position":1,"name":"Inicio","item":"https:\/\/turismo.ayto-nuevobaztan.es\/es\/"},{"@type":"ListItem","position":2,"name":"Nuevo Bazt\u00e1n da la bienvenida a una nueva edici\u00f3n de Los Veranos de Nuevo Bazt\u00e1n"}]},{"@type":"WebSite","@id":"https:\/\/turismo.ayto-nuevobaztan.es\/es\/#website","url":"https:\/\/turismo.ayto-nuevobaztan.es\/es\/","name":"Turismo Nuevo Bazt\u00e1n","description":"","publisher":{"@id":"https:\/\/turismo.ayto-nuevobaztan.es\/es\/#organization"},"potentialAction":[{"@type":"SearchAction","target":{"@type":"EntryPoint","urlTemplate":"https:\/\/turismo.ayto-nuevobaztan.es\/es\/?s={search_term_string}"},"query-input":{"@type":"PropertyValueSpecification","valueRequired":true,"valueName":"search_term_string"}}],"inLanguage":"es"},{"@type":"Organization","@id":"https:\/\/turismo.ayto-nuevobaztan.es\/es\/#organization","name":"Turismo Nuevo Bazt\u00e1n","url":"https:\/\/turismo.ayto-nuevobaztan.es\/es\/","logo":{"@type":"ImageObject","inLanguage":"es","@id":"https:\/\/turismo.ayto-nuevobaztan.es\/es\/#\/schema\/logo\/image\/","url":"https:\/\/turismo.ayto-nuevobaztan.es\/wp-content\/uploads\/2025\/12\/logo.png","contentUrl":"https:\/\/turismo.ayto-nuevobaztan.es\/wp-content\/uploads\/2025\/12\/logo.png","width":1847,"height":1787,"caption":"Turismo Nuevo Bazt\u00e1n"},"image":{"@id":"https:\/\/turismo.ayto-nuevobaztan.es\/es\/#\/schema\/logo\/image\/"},"sameAs":["https:\/\/www.facebook.com\/turismonuevobaztan\/","https:\/\/x.com\/TurismoNBaztan"]},{"@type":"Person","@id":"https:\/\/turismo.ayto-nuevobaztan.es\/es\/#\/schema\/person\/bc781c848e33ae71437002fa79b5c3df","name":"Turismo Nuevo Bazt\u00e1n","image":{"@type":"ImageObject","inLanguage":"es","@id":"https:\/\/secure.gravatar.com\/avatar\/c34f0d8aae58e8accb5d24f13ebda51911caa6f3106f7c0db25bd0888b071620?s=96&d=mm&r=g","url":"https:\/\/secure.gravatar.com\/avatar\/c34f0d8aae58e8accb5d24f13ebda51911caa6f3106f7c0db25bd0888b071620?s=96&d=mm&r=g","contentUrl":"https:\/\/secure.gravatar.com\/avatar\/c34f0d8aae58e8accb5d24f13ebda51911caa6f3106f7c0db25bd0888b071620?s=96&d=mm&r=g","caption":"Turismo Nuevo Bazt\u00e1n"},"url":"#"}]}},"_links":{"self":[{"href":"https:\/\/turismo.ayto-nuevobaztan.es\/es\/wp-json\/wp\/v2\/posts\/2225","targetHints":{"allow":["GET"]}}],"collection":[{"href":"https:\/\/turismo.ayto-nuevobaztan.es\/es\/wp-json\/wp\/v2\/posts"}],"about":[{"href":"https:\/\/turismo.ayto-nuevobaztan.es\/es\/wp-json\/wp\/v2\/types\/post"}],"author":[{"embeddable":true,"href":"https:\/\/turismo.ayto-nuevobaztan.es\/es\/wp-json\/wp\/v2\/users\/2"}],"replies":[{"embeddable":true,"href":"https:\/\/turismo.ayto-nuevobaztan.es\/es\/wp-json\/wp\/v2\/comments?post=2225"}],"version-history":[{"count":0,"href":"https:\/\/turismo.ayto-nuevobaztan.es\/es\/wp-json\/wp\/v2\/posts\/2225\/revisions"}],"wp:featuredmedia":[{"embeddable":true,"href":"https:\/\/turismo.ayto-nuevobaztan.es\/es\/wp-json\/wp\/v2\/media\/2226"}],"wp:attachment":[{"href":"https:\/\/turismo.ayto-nuevobaztan.es\/es\/wp-json\/wp\/v2\/media?parent=2225"}],"wp:term":[{"taxonomy":"category","embeddable":true,"href":"https:\/\/turismo.ayto-nuevobaztan.es\/es\/wp-json\/wp\/v2\/categories?post=2225"},{"taxonomy":"post_tag","embeddable":true,"href":"https:\/\/turismo.ayto-nuevobaztan.es\/es\/wp-json\/wp\/v2\/tags?post=2225"}],"curies":[{"name":"wp","href":"https:\/\/api.w.org\/{rel}","templated":true}]}}