{"id":2213,"date":"2025-06-30T11:37:21","date_gmt":"2025-06-30T09:37:21","guid":{"rendered":"https:\/\/turismo.ayto-nuevobaztan.es\/?p=2213"},"modified":"2025-06-30T11:37:21","modified_gmt":"2025-06-30T09:37:21","slug":"mas-de-150-municipios-de-madrid-se-llenaran-de-arte-musica-y-cultura","status":"publish","type":"post","link":"https:\/\/turismo.ayto-nuevobaztan.es\/es\/noticias\/mas-de-150-municipios-de-madrid-se-llenaran-de-arte-musica-y-cultura\/","title":{"rendered":"M\u00e1s de 150 municipios de Madrid se llenar\u00e1n de arte, m\u00fasica y cultura"},"content":{"rendered":"<p><span data-contrast=\"none\">Con el compromiso de seguir acercando la cultura en vivo a todos los rincones de la regi\u00f3n el Festival Escenas de Verano regresa del 4 de julio al 7 de septiembre con una renovada propuesta cultural que se extender\u00e1 a 158 municipios de la Comunidad de Madrid. Artes Esc\u00e9nicas en Municipios, Conciertos de Cl\u00e1sicos en Verano, el Festival de San Lorenzo y Arte Vivo en la Plaza son algunas de las citas imprescindibles dentro de un festival multidisciplinar en el que tambi\u00e9n habr\u00e1 espacio para exposiciones en salas y museos, ciclos de cine al aire libre y talleres para toda la familia.<\/span><span data-ccp-props=\"{&quot;201341983&quot;:0,&quot;335551550&quot;:6,&quot;335551620&quot;:6,&quot;335559740&quot;:360}\">\u00a0<\/span><\/p>\n<p><span data-contrast=\"none\">Atendiendo a la diversidad art\u00edstica del festival, la programaci\u00f3n de Escenas de Verano 2025 se articula en nueve propuestas culturales pensadas para acercar las artes esc\u00e9nicas, la m\u00fasica, el cine y las artes pl\u00e1sticas a municipios de toda la regi\u00f3n.<\/span><span data-ccp-props=\"{&quot;201341983&quot;:0,&quot;335551550&quot;:6,&quot;335551620&quot;:6,&quot;335559740&quot;:360}\">\u00a0<\/span><\/p>\n<p><span data-contrast=\"none\">Nuevo Bazt\u00e1n ser\u00e1 uno de los escenarios, celebrando la 37.\u00aa edici\u00f3n de Cl\u00e1sicos en Verano. Este ciclo contin\u00faa su apuesta por descentralizar la m\u00fasica cl\u00e1sica, llev\u00e1ndola a espacios patrimoniales \u00fanicos en alrededor de 70 municipios. Claustros, monasterios e iglesias. Nuestro municipio acoger\u00e1 2 conciertos en la Iglesia de San Francisco Javier:<\/span><span data-ccp-props=\"{&quot;201341983&quot;:0,&quot;335551550&quot;:6,&quot;335551620&quot;:6,&quot;335559740&quot;:360}\">\u00a0<\/span><\/p>\n<p><strong>-11 de julio 20:30h. VIVALMA ENSEMBLE. Miriors: de la admiraci\u00f3n a la creaci\u00f3n.\u00a0<\/strong><\/p>\n<p><span data-contrast=\"none\">\u201cMiroirs\u201d explora el juego de influencias y homenajes entre compositores, estilos y \u00e9pocas. Desde los reflejos entre compositores como Forqueray, Marais, Rameau o Leclair, hasta inspiraciones extramusicales como el ta\u00f1ido de campanas o la Fol\u00eda. El programa revela c\u00f3mo la creaci\u00f3n se transforma al mirarse en el otro. Un di\u00e1logo entre memoria e invenci\u00f3n, entre virtuosismo, emoci\u00f3n y resonancias que cruzan siglos.<\/span><span data-ccp-props=\"{&quot;134233117&quot;:false,&quot;134233118&quot;:false,&quot;201341983&quot;:0,&quot;335551550&quot;:6,&quot;335551620&quot;:6,&quot;335559738&quot;:0,&quot;335559739&quot;:0,&quot;335559740&quot;:360}\">\u00a0<\/span><\/p>\n<p><strong>\u00a0-18 de julio 20:30h. TR\u00cdO MERIAN. La Edad Moderna.\u00a0<\/strong><\/p>\n<p><span data-contrast=\"none\">Formado por tres apasionadas int\u00e9rpretes de la m\u00fasica de c\u00e1mara, el tr\u00edo de cuerda Merian quiere honrar la memoria y el legado de la cient\u00edfica, exploradora y pintora de origen alem\u00e1n y suizo Mar\u00eda Sybilla Merian. Pionera en el estudio de los insectos, demostr\u00f3 que la belleza y la expresi\u00f3n art\u00edstica van de la mano de la rigurosidad cient\u00edfica. Con el programa \u201cLa Edad Moderna\u201d, las tres int\u00e9rpretes presentan un recorrido por la m\u00fasica de la primera mitad del siglo XX, referida habitualmente con el nombre de este programa. Sin duda, su m\u00fasica es testimonio de los movimientos sociales, pol\u00edticos y culturales.<\/span><span data-ccp-props=\"{&quot;134233117&quot;:false,&quot;134233118&quot;:false,&quot;201341983&quot;:0,&quot;335551550&quot;:6,&quot;335551620&quot;:6,&quot;335559738&quot;:0,&quot;335559739&quot;:0,&quot;335559740&quot;:360}\">\u00a0<\/span><\/p>\n<p><span data-contrast=\"none\">De esta manera, Escenas de Verano supone una apuesta \u00fanica del gobierno regional de la Comunidad de Madrid por el turismo sostenible y la descentralizaci\u00f3n del n\u00facleo cultural a trav\u00e9s de un programa abierto, gratuito y diverso. El festival es, por tanto, una imprescindible cita multidisciplinar; una propuesta dinamizadora de inclusi\u00f3n y accesibilidad que reunir\u00e1 lo mejor de las artes en vivo durante los meses de verano, que impulsa la Comunidad de Madrid y en la que colabora el Ayuntamiento de Nuevo Bazt\u00e1n.<\/span><span data-ccp-props=\"{&quot;201341983&quot;:0,&quot;335551550&quot;:6,&quot;335551620&quot;:6,&quot;335559740&quot;:360}\">\u00a0<\/span><\/p>\n\n\t\t<style>\n\t\t\t#gallery-1 {\n\t\t\t\tmargin: auto;\n\t\t\t}\n\t\t\t#gallery-1 .gallery-item {\n\t\t\t\tfloat: left;\n\t\t\t\tmargin-top: 10px;\n\t\t\t\ttext-align: center;\n\t\t\t\twidth: 50%;\n\t\t\t}\n\t\t\t#gallery-1 img {\n\t\t\t\tborder: 2px solid #cfcfcf;\n\t\t\t}\n\t\t\t#gallery-1 .gallery-caption {\n\t\t\t\tmargin-left: 0;\n\t\t\t}\n\t\t\t\/* see gallery_shortcode() in wp-includes\/media.php *\/\n\t\t<\/style>\n\t\t<div id='gallery-1' class='gallery galleryid-2213 gallery-columns-2 gallery-size-medium'><dl class='gallery-item'>\n\t\t\t<dt class='gallery-icon portrait'>\n\t\t\t\t<a href='https:\/\/turismo.ayto-nuevobaztan.es\/wp-content\/uploads\/2025\/06\/ESCENAS-VERANO-VIVALMA-ENSEMBLE.jpg'><img loading=\"lazy\" decoding=\"async\" width=\"322\" height=\"450\" src=\"https:\/\/turismo.ayto-nuevobaztan.es\/wp-content\/uploads\/2025\/06\/ESCENAS-VERANO-VIVALMA-ENSEMBLE.jpg\" class=\"attachment-medium size-medium\" alt=\"\" srcset=\"https:\/\/turismo.ayto-nuevobaztan.es\/wp-content\/uploads\/2025\/06\/ESCENAS-VERANO-VIVALMA-ENSEMBLE.jpg 1829w, https:\/\/turismo.ayto-nuevobaztan.es\/wp-content\/uploads\/2025\/06\/ESCENAS-VERANO-VIVALMA-ENSEMBLE-600x840.jpg 600w\" sizes=\"auto, (max-width: 322px) 100vw, 322px\" \/><\/a>\n\t\t\t<\/dt><\/dl><dl class='gallery-item'>\n\t\t\t<dt class='gallery-icon portrait'>\n\t\t\t\t<a href='https:\/\/turismo.ayto-nuevobaztan.es\/wp-content\/uploads\/2025\/06\/ESCENAS-VERANO-TRIO-MERIAN.jpg'><img loading=\"lazy\" decoding=\"async\" width=\"322\" height=\"450\" src=\"https:\/\/turismo.ayto-nuevobaztan.es\/wp-content\/uploads\/2025\/06\/ESCENAS-VERANO-TRIO-MERIAN.jpg\" class=\"attachment-medium size-medium\" alt=\"\" srcset=\"https:\/\/turismo.ayto-nuevobaztan.es\/wp-content\/uploads\/2025\/06\/ESCENAS-VERANO-TRIO-MERIAN.jpg 1829w, https:\/\/turismo.ayto-nuevobaztan.es\/wp-content\/uploads\/2025\/06\/ESCENAS-VERANO-TRIO-MERIAN-600x840.jpg 600w\" sizes=\"auto, (max-width: 322px) 100vw, 322px\" \/><\/a>\n\t\t\t<\/dt><\/dl><br style=\"clear: both\" \/>\n\t\t<\/div>\n\n<p><span data-ccp-props=\"{}\">\u00a0<\/span><\/p>\n","protected":false},"excerpt":{"rendered":"<p>Con el compromiso de seguir acercando la cultura en vivo a todos los rincones de la regi\u00f3n el Festival Escenas de Verano regresa del 4 de julio al 7 de septiembre con una renovada propuesta cultural que se extender\u00e1 a 158 municipios de la Comunidad de Madrid. Artes Esc\u00e9nicas en Municipios, Conciertos de Cl\u00e1sicos en&hellip;<\/p>\n","protected":false},"author":2,"featured_media":2215,"comment_status":"closed","ping_status":"closed","sticky":false,"template":"","format":"standard","meta":{"_acf_changed":false,"footnotes":""},"categories":[14],"tags":[184,239,29,39],"class_list":["post-2213","post","type-post","status-publish","format-standard","has-post-thumbnail","hentry","category-actividades-nuevo-batzan","tag-escenas-de-verano","tag-festival","tag-nuevo-baztan","tag-turismo"],"acf":[],"yoast_head":"<!-- This site is optimized with the Yoast SEO plugin v27.2 - https:\/\/yoast.com\/product\/yoast-seo-wordpress\/ -->\n<title>M\u00e1s de 150 municipios de Madrid se llenar\u00e1n de arte, m\u00fasica y cultura<\/title>\n<meta name=\"description\" content=\"M\u00e1s de 150 municipios de Madrid se llenar\u00e1n de arte, m\u00fasica y cultura.\u00a0\u00a0Llega la sexta edici\u00f3n del Festival Escenas de Verano hasta la Iglesia de San Francisco Javier con dos conciertos.\u00a0\" \/>\n<meta name=\"robots\" content=\"index, follow, max-snippet:-1, max-image-preview:large, max-video-preview:-1\" \/>\n<link rel=\"canonical\" href=\"https:\/\/turismo.ayto-nuevobaztan.es\/es\/noticias\/mas-de-150-municipios-de-madrid-se-llenaran-de-arte-musica-y-cultura\/\" \/>\n<meta property=\"og:locale\" content=\"es_ES\" \/>\n<meta property=\"og:type\" content=\"article\" \/>\n<meta property=\"og:title\" content=\"M\u00e1s de 150 municipios de Madrid se llenar\u00e1n de arte, m\u00fasica y cultura\" \/>\n<meta property=\"og:description\" content=\"M\u00e1s de 150 municipios de Madrid se llenar\u00e1n de arte, m\u00fasica y cultura.\" \/>\n<meta property=\"og:url\" content=\"https:\/\/turismo.ayto-nuevobaztan.es\/es\/noticias\/mas-de-150-municipios-de-madrid-se-llenaran-de-arte-musica-y-cultura\/\" \/>\n<meta property=\"og:site_name\" content=\"Turismo Nuevo Bazt\u00e1n\" \/>\n<meta property=\"article:publisher\" content=\"https:\/\/www.facebook.com\/turismonuevobaztan\/\" \/>\n<meta property=\"article:published_time\" content=\"2025-06-30T09:37:21+00:00\" \/>\n<meta property=\"og:image\" content=\"https:\/\/turismo.ayto-nuevobaztan.es\/wp-content\/uploads\/2025\/06\/ESCENAS-VERANO-VIVALMA-ENSEMBLE.jpg\" \/>\n\t<meta property=\"og:image:width\" content=\"1829\" \/>\n\t<meta property=\"og:image:height\" content=\"2560\" \/>\n\t<meta property=\"og:image:type\" content=\"image\/jpeg\" \/>\n<meta name=\"author\" content=\"Turismo Nuevo Bazt\u00e1n\" \/>\n<meta name=\"twitter:card\" content=\"summary_large_image\" \/>\n<meta name=\"twitter:creator\" content=\"@TurismoNBaztan\" \/>\n<meta name=\"twitter:site\" content=\"@TurismoNBaztan\" \/>\n<meta name=\"twitter:label1\" content=\"Escrito por\" \/>\n\t<meta name=\"twitter:data1\" content=\"Turismo Nuevo Bazt\u00e1n\" \/>\n\t<meta name=\"twitter:label2\" content=\"Tiempo de lectura\" \/>\n\t<meta name=\"twitter:data2\" content=\"3 minutos\" \/>\n<script type=\"application\/ld+json\" class=\"yoast-schema-graph\">{\"@context\":\"https:\/\/schema.org\",\"@graph\":[{\"@type\":\"Article\",\"@id\":\"https:\/\/turismo.ayto-nuevobaztan.es\/es\/noticias\/mas-de-150-municipios-de-madrid-se-llenaran-de-arte-musica-y-cultura\/#article\",\"isPartOf\":{\"@id\":\"https:\/\/turismo.ayto-nuevobaztan.es\/es\/noticias\/mas-de-150-municipios-de-madrid-se-llenaran-de-arte-musica-y-cultura\/\"},\"author\":{\"name\":\"Turismo Nuevo Bazt\u00e1n\",\"@id\":\"https:\/\/turismo.ayto-nuevobaztan.es\/es\/#\/schema\/person\/bc781c848e33ae71437002fa79b5c3df\"},\"headline\":\"M\u00e1s de 150 municipios de Madrid se llenar\u00e1n de arte, m\u00fasica y cultura\",\"datePublished\":\"2025-06-30T09:37:21+00:00\",\"mainEntityOfPage\":{\"@id\":\"https:\/\/turismo.ayto-nuevobaztan.es\/es\/noticias\/mas-de-150-municipios-de-madrid-se-llenaran-de-arte-musica-y-cultura\/\"},\"wordCount\":523,\"publisher\":{\"@id\":\"https:\/\/turismo.ayto-nuevobaztan.es\/es\/#organization\"},\"image\":{\"@id\":\"https:\/\/turismo.ayto-nuevobaztan.es\/es\/noticias\/mas-de-150-municipios-de-madrid-se-llenaran-de-arte-musica-y-cultura\/#primaryimage\"},\"thumbnailUrl\":\"https:\/\/turismo.ayto-nuevobaztan.es\/wp-content\/uploads\/2025\/06\/ESCENAS-VERANO-VIVALMA-ENSEMBLE.jpg\",\"keywords\":[\"Escenas de Verano\",\"Festival\",\"Nuevo Bazt\u00e1n\",\"Turismo\"],\"articleSection\":[\"actividades\"],\"inLanguage\":\"es\"},{\"@type\":\"WebPage\",\"@id\":\"https:\/\/turismo.ayto-nuevobaztan.es\/es\/noticias\/mas-de-150-municipios-de-madrid-se-llenaran-de-arte-musica-y-cultura\/\",\"url\":\"https:\/\/turismo.ayto-nuevobaztan.es\/es\/noticias\/mas-de-150-municipios-de-madrid-se-llenaran-de-arte-musica-y-cultura\/\",\"name\":\"M\u00e1s de 150 municipios de Madrid se llenar\u00e1n de arte, m\u00fasica y cultura\",\"isPartOf\":{\"@id\":\"https:\/\/turismo.ayto-nuevobaztan.es\/es\/#website\"},\"primaryImageOfPage\":{\"@id\":\"https:\/\/turismo.ayto-nuevobaztan.es\/es\/noticias\/mas-de-150-municipios-de-madrid-se-llenaran-de-arte-musica-y-cultura\/#primaryimage\"},\"image\":{\"@id\":\"https:\/\/turismo.ayto-nuevobaztan.es\/es\/noticias\/mas-de-150-municipios-de-madrid-se-llenaran-de-arte-musica-y-cultura\/#primaryimage\"},\"thumbnailUrl\":\"https:\/\/turismo.ayto-nuevobaztan.es\/wp-content\/uploads\/2025\/06\/ESCENAS-VERANO-VIVALMA-ENSEMBLE.jpg\",\"datePublished\":\"2025-06-30T09:37:21+00:00\",\"description\":\"M\u00e1s de 150 municipios de Madrid se llenar\u00e1n de arte, m\u00fasica y cultura.\u00a0\u00a0Llega la sexta edici\u00f3n del Festival Escenas de Verano hasta la Iglesia de San Francisco Javier con dos conciertos.\u00a0\",\"breadcrumb\":{\"@id\":\"https:\/\/turismo.ayto-nuevobaztan.es\/es\/noticias\/mas-de-150-municipios-de-madrid-se-llenaran-de-arte-musica-y-cultura\/#breadcrumb\"},\"inLanguage\":\"es\",\"potentialAction\":[{\"@type\":\"ReadAction\",\"target\":[\"https:\/\/turismo.ayto-nuevobaztan.es\/es\/noticias\/mas-de-150-municipios-de-madrid-se-llenaran-de-arte-musica-y-cultura\/\"]}]},{\"@type\":\"ImageObject\",\"inLanguage\":\"es\",\"@id\":\"https:\/\/turismo.ayto-nuevobaztan.es\/es\/noticias\/mas-de-150-municipios-de-madrid-se-llenaran-de-arte-musica-y-cultura\/#primaryimage\",\"url\":\"https:\/\/turismo.ayto-nuevobaztan.es\/wp-content\/uploads\/2025\/06\/ESCENAS-VERANO-VIVALMA-ENSEMBLE.jpg\",\"contentUrl\":\"https:\/\/turismo.ayto-nuevobaztan.es\/wp-content\/uploads\/2025\/06\/ESCENAS-VERANO-VIVALMA-ENSEMBLE.jpg\",\"width\":1829,\"height\":2560},{\"@type\":\"BreadcrumbList\",\"@id\":\"https:\/\/turismo.ayto-nuevobaztan.es\/es\/noticias\/mas-de-150-municipios-de-madrid-se-llenaran-de-arte-musica-y-cultura\/#breadcrumb\",\"itemListElement\":[{\"@type\":\"ListItem\",\"position\":1,\"name\":\"Inicio\",\"item\":\"https:\/\/turismo.ayto-nuevobaztan.es\/es\/\"},{\"@type\":\"ListItem\",\"position\":2,\"name\":\"M\u00e1s de 150 municipios de Madrid se llenar\u00e1n de arte, m\u00fasica y cultura\"}]},{\"@type\":\"WebSite\",\"@id\":\"https:\/\/turismo.ayto-nuevobaztan.es\/es\/#website\",\"url\":\"https:\/\/turismo.ayto-nuevobaztan.es\/es\/\",\"name\":\"Turismo Nuevo Bazt\u00e1n\",\"description\":\"\",\"publisher\":{\"@id\":\"https:\/\/turismo.ayto-nuevobaztan.es\/es\/#organization\"},\"potentialAction\":[{\"@type\":\"SearchAction\",\"target\":{\"@type\":\"EntryPoint\",\"urlTemplate\":\"https:\/\/turismo.ayto-nuevobaztan.es\/es\/?s={search_term_string}\"},\"query-input\":{\"@type\":\"PropertyValueSpecification\",\"valueRequired\":true,\"valueName\":\"search_term_string\"}}],\"inLanguage\":\"es\"},{\"@type\":\"Organization\",\"@id\":\"https:\/\/turismo.ayto-nuevobaztan.es\/es\/#organization\",\"name\":\"Turismo Nuevo Bazt\u00e1n\",\"url\":\"https:\/\/turismo.ayto-nuevobaztan.es\/es\/\",\"logo\":{\"@type\":\"ImageObject\",\"inLanguage\":\"es\",\"@id\":\"https:\/\/turismo.ayto-nuevobaztan.es\/es\/#\/schema\/logo\/image\/\",\"url\":\"https:\/\/turismo.ayto-nuevobaztan.es\/wp-content\/uploads\/2025\/12\/logo.png\",\"contentUrl\":\"https:\/\/turismo.ayto-nuevobaztan.es\/wp-content\/uploads\/2025\/12\/logo.png\",\"width\":1847,\"height\":1787,\"caption\":\"Turismo Nuevo Bazt\u00e1n\"},\"image\":{\"@id\":\"https:\/\/turismo.ayto-nuevobaztan.es\/es\/#\/schema\/logo\/image\/\"},\"sameAs\":[\"https:\/\/www.facebook.com\/turismonuevobaztan\/\",\"https:\/\/x.com\/TurismoNBaztan\"]},{\"@type\":\"Person\",\"@id\":\"https:\/\/turismo.ayto-nuevobaztan.es\/es\/#\/schema\/person\/bc781c848e33ae71437002fa79b5c3df\",\"name\":\"Turismo Nuevo Bazt\u00e1n\",\"image\":{\"@type\":\"ImageObject\",\"inLanguage\":\"es\",\"@id\":\"https:\/\/secure.gravatar.com\/avatar\/c34f0d8aae58e8accb5d24f13ebda51911caa6f3106f7c0db25bd0888b071620?s=96&d=mm&r=g\",\"url\":\"https:\/\/secure.gravatar.com\/avatar\/c34f0d8aae58e8accb5d24f13ebda51911caa6f3106f7c0db25bd0888b071620?s=96&d=mm&r=g\",\"contentUrl\":\"https:\/\/secure.gravatar.com\/avatar\/c34f0d8aae58e8accb5d24f13ebda51911caa6f3106f7c0db25bd0888b071620?s=96&d=mm&r=g\",\"caption\":\"Turismo Nuevo Bazt\u00e1n\"},\"url\":\"#\"}]}<\/script>\n<!-- \/ Yoast SEO plugin. -->","yoast_head_json":{"title":"M\u00e1s de 150 municipios de Madrid se llenar\u00e1n de arte, m\u00fasica y cultura","description":"M\u00e1s de 150 municipios de Madrid se llenar\u00e1n de arte, m\u00fasica y cultura.\u00a0\u00a0Llega la sexta edici\u00f3n del Festival Escenas de Verano hasta la Iglesia de San Francisco Javier con dos conciertos.\u00a0","robots":{"index":"index","follow":"follow","max-snippet":"max-snippet:-1","max-image-preview":"max-image-preview:large","max-video-preview":"max-video-preview:-1"},"canonical":"https:\/\/turismo.ayto-nuevobaztan.es\/es\/noticias\/mas-de-150-municipios-de-madrid-se-llenaran-de-arte-musica-y-cultura\/","og_locale":"es_ES","og_type":"article","og_title":"M\u00e1s de 150 municipios de Madrid se llenar\u00e1n de arte, m\u00fasica y cultura","og_description":"M\u00e1s de 150 municipios de Madrid se llenar\u00e1n de arte, m\u00fasica y cultura.","og_url":"https:\/\/turismo.ayto-nuevobaztan.es\/es\/noticias\/mas-de-150-municipios-de-madrid-se-llenaran-de-arte-musica-y-cultura\/","og_site_name":"Turismo Nuevo Bazt\u00e1n","article_publisher":"https:\/\/www.facebook.com\/turismonuevobaztan\/","article_published_time":"2025-06-30T09:37:21+00:00","og_image":[{"width":1829,"height":2560,"url":"https:\/\/turismo.ayto-nuevobaztan.es\/wp-content\/uploads\/2025\/06\/ESCENAS-VERANO-VIVALMA-ENSEMBLE.jpg","type":"image\/jpeg"}],"author":"Turismo Nuevo Bazt\u00e1n","twitter_card":"summary_large_image","twitter_creator":"@TurismoNBaztan","twitter_site":"@TurismoNBaztan","twitter_misc":{"Escrito por":"Turismo Nuevo Bazt\u00e1n","Tiempo de lectura":"3 minutos"},"schema":{"@context":"https:\/\/schema.org","@graph":[{"@type":"Article","@id":"https:\/\/turismo.ayto-nuevobaztan.es\/es\/noticias\/mas-de-150-municipios-de-madrid-se-llenaran-de-arte-musica-y-cultura\/#article","isPartOf":{"@id":"https:\/\/turismo.ayto-nuevobaztan.es\/es\/noticias\/mas-de-150-municipios-de-madrid-se-llenaran-de-arte-musica-y-cultura\/"},"author":{"name":"Turismo Nuevo Bazt\u00e1n","@id":"https:\/\/turismo.ayto-nuevobaztan.es\/es\/#\/schema\/person\/bc781c848e33ae71437002fa79b5c3df"},"headline":"M\u00e1s de 150 municipios de Madrid se llenar\u00e1n de arte, m\u00fasica y cultura","datePublished":"2025-06-30T09:37:21+00:00","mainEntityOfPage":{"@id":"https:\/\/turismo.ayto-nuevobaztan.es\/es\/noticias\/mas-de-150-municipios-de-madrid-se-llenaran-de-arte-musica-y-cultura\/"},"wordCount":523,"publisher":{"@id":"https:\/\/turismo.ayto-nuevobaztan.es\/es\/#organization"},"image":{"@id":"https:\/\/turismo.ayto-nuevobaztan.es\/es\/noticias\/mas-de-150-municipios-de-madrid-se-llenaran-de-arte-musica-y-cultura\/#primaryimage"},"thumbnailUrl":"https:\/\/turismo.ayto-nuevobaztan.es\/wp-content\/uploads\/2025\/06\/ESCENAS-VERANO-VIVALMA-ENSEMBLE.jpg","keywords":["Escenas de Verano","Festival","Nuevo Bazt\u00e1n","Turismo"],"articleSection":["actividades"],"inLanguage":"es"},{"@type":"WebPage","@id":"https:\/\/turismo.ayto-nuevobaztan.es\/es\/noticias\/mas-de-150-municipios-de-madrid-se-llenaran-de-arte-musica-y-cultura\/","url":"https:\/\/turismo.ayto-nuevobaztan.es\/es\/noticias\/mas-de-150-municipios-de-madrid-se-llenaran-de-arte-musica-y-cultura\/","name":"M\u00e1s de 150 municipios de Madrid se llenar\u00e1n de arte, m\u00fasica y cultura","isPartOf":{"@id":"https:\/\/turismo.ayto-nuevobaztan.es\/es\/#website"},"primaryImageOfPage":{"@id":"https:\/\/turismo.ayto-nuevobaztan.es\/es\/noticias\/mas-de-150-municipios-de-madrid-se-llenaran-de-arte-musica-y-cultura\/#primaryimage"},"image":{"@id":"https:\/\/turismo.ayto-nuevobaztan.es\/es\/noticias\/mas-de-150-municipios-de-madrid-se-llenaran-de-arte-musica-y-cultura\/#primaryimage"},"thumbnailUrl":"https:\/\/turismo.ayto-nuevobaztan.es\/wp-content\/uploads\/2025\/06\/ESCENAS-VERANO-VIVALMA-ENSEMBLE.jpg","datePublished":"2025-06-30T09:37:21+00:00","description":"M\u00e1s de 150 municipios de Madrid se llenar\u00e1n de arte, m\u00fasica y cultura.\u00a0\u00a0Llega la sexta edici\u00f3n del Festival Escenas de Verano hasta la Iglesia de San Francisco Javier con dos conciertos.\u00a0","breadcrumb":{"@id":"https:\/\/turismo.ayto-nuevobaztan.es\/es\/noticias\/mas-de-150-municipios-de-madrid-se-llenaran-de-arte-musica-y-cultura\/#breadcrumb"},"inLanguage":"es","potentialAction":[{"@type":"ReadAction","target":["https:\/\/turismo.ayto-nuevobaztan.es\/es\/noticias\/mas-de-150-municipios-de-madrid-se-llenaran-de-arte-musica-y-cultura\/"]}]},{"@type":"ImageObject","inLanguage":"es","@id":"https:\/\/turismo.ayto-nuevobaztan.es\/es\/noticias\/mas-de-150-municipios-de-madrid-se-llenaran-de-arte-musica-y-cultura\/#primaryimage","url":"https:\/\/turismo.ayto-nuevobaztan.es\/wp-content\/uploads\/2025\/06\/ESCENAS-VERANO-VIVALMA-ENSEMBLE.jpg","contentUrl":"https:\/\/turismo.ayto-nuevobaztan.es\/wp-content\/uploads\/2025\/06\/ESCENAS-VERANO-VIVALMA-ENSEMBLE.jpg","width":1829,"height":2560},{"@type":"BreadcrumbList","@id":"https:\/\/turismo.ayto-nuevobaztan.es\/es\/noticias\/mas-de-150-municipios-de-madrid-se-llenaran-de-arte-musica-y-cultura\/#breadcrumb","itemListElement":[{"@type":"ListItem","position":1,"name":"Inicio","item":"https:\/\/turismo.ayto-nuevobaztan.es\/es\/"},{"@type":"ListItem","position":2,"name":"M\u00e1s de 150 municipios de Madrid se llenar\u00e1n de arte, m\u00fasica y cultura"}]},{"@type":"WebSite","@id":"https:\/\/turismo.ayto-nuevobaztan.es\/es\/#website","url":"https:\/\/turismo.ayto-nuevobaztan.es\/es\/","name":"Turismo Nuevo Bazt\u00e1n","description":"","publisher":{"@id":"https:\/\/turismo.ayto-nuevobaztan.es\/es\/#organization"},"potentialAction":[{"@type":"SearchAction","target":{"@type":"EntryPoint","urlTemplate":"https:\/\/turismo.ayto-nuevobaztan.es\/es\/?s={search_term_string}"},"query-input":{"@type":"PropertyValueSpecification","valueRequired":true,"valueName":"search_term_string"}}],"inLanguage":"es"},{"@type":"Organization","@id":"https:\/\/turismo.ayto-nuevobaztan.es\/es\/#organization","name":"Turismo Nuevo Bazt\u00e1n","url":"https:\/\/turismo.ayto-nuevobaztan.es\/es\/","logo":{"@type":"ImageObject","inLanguage":"es","@id":"https:\/\/turismo.ayto-nuevobaztan.es\/es\/#\/schema\/logo\/image\/","url":"https:\/\/turismo.ayto-nuevobaztan.es\/wp-content\/uploads\/2025\/12\/logo.png","contentUrl":"https:\/\/turismo.ayto-nuevobaztan.es\/wp-content\/uploads\/2025\/12\/logo.png","width":1847,"height":1787,"caption":"Turismo Nuevo Bazt\u00e1n"},"image":{"@id":"https:\/\/turismo.ayto-nuevobaztan.es\/es\/#\/schema\/logo\/image\/"},"sameAs":["https:\/\/www.facebook.com\/turismonuevobaztan\/","https:\/\/x.com\/TurismoNBaztan"]},{"@type":"Person","@id":"https:\/\/turismo.ayto-nuevobaztan.es\/es\/#\/schema\/person\/bc781c848e33ae71437002fa79b5c3df","name":"Turismo Nuevo Bazt\u00e1n","image":{"@type":"ImageObject","inLanguage":"es","@id":"https:\/\/secure.gravatar.com\/avatar\/c34f0d8aae58e8accb5d24f13ebda51911caa6f3106f7c0db25bd0888b071620?s=96&d=mm&r=g","url":"https:\/\/secure.gravatar.com\/avatar\/c34f0d8aae58e8accb5d24f13ebda51911caa6f3106f7c0db25bd0888b071620?s=96&d=mm&r=g","contentUrl":"https:\/\/secure.gravatar.com\/avatar\/c34f0d8aae58e8accb5d24f13ebda51911caa6f3106f7c0db25bd0888b071620?s=96&d=mm&r=g","caption":"Turismo Nuevo Bazt\u00e1n"},"url":"#"}]}},"_links":{"self":[{"href":"https:\/\/turismo.ayto-nuevobaztan.es\/es\/wp-json\/wp\/v2\/posts\/2213","targetHints":{"allow":["GET"]}}],"collection":[{"href":"https:\/\/turismo.ayto-nuevobaztan.es\/es\/wp-json\/wp\/v2\/posts"}],"about":[{"href":"https:\/\/turismo.ayto-nuevobaztan.es\/es\/wp-json\/wp\/v2\/types\/post"}],"author":[{"embeddable":true,"href":"https:\/\/turismo.ayto-nuevobaztan.es\/es\/wp-json\/wp\/v2\/users\/2"}],"replies":[{"embeddable":true,"href":"https:\/\/turismo.ayto-nuevobaztan.es\/es\/wp-json\/wp\/v2\/comments?post=2213"}],"version-history":[{"count":0,"href":"https:\/\/turismo.ayto-nuevobaztan.es\/es\/wp-json\/wp\/v2\/posts\/2213\/revisions"}],"wp:featuredmedia":[{"embeddable":true,"href":"https:\/\/turismo.ayto-nuevobaztan.es\/es\/wp-json\/wp\/v2\/media\/2215"}],"wp:attachment":[{"href":"https:\/\/turismo.ayto-nuevobaztan.es\/es\/wp-json\/wp\/v2\/media?parent=2213"}],"wp:term":[{"taxonomy":"category","embeddable":true,"href":"https:\/\/turismo.ayto-nuevobaztan.es\/es\/wp-json\/wp\/v2\/categories?post=2213"},{"taxonomy":"post_tag","embeddable":true,"href":"https:\/\/turismo.ayto-nuevobaztan.es\/es\/wp-json\/wp\/v2\/tags?post=2213"}],"curies":[{"name":"wp","href":"https:\/\/api.w.org\/{rel}","templated":true}]}}