{"id":2198,"date":"2025-06-09T12:56:10","date_gmt":"2025-06-09T10:56:10","guid":{"rendered":"https:\/\/turismo.ayto-nuevobaztan.es\/?p=2198"},"modified":"2025-06-09T12:56:10","modified_gmt":"2025-06-09T10:56:10","slug":"mercado-de-palacio-y-noche-romantica-en-nuevo-baztan","status":"publish","type":"post","link":"https:\/\/turismo.ayto-nuevobaztan.es\/es\/noticias\/mercado-de-palacio-y-noche-romantica-en-nuevo-baztan\/","title":{"rendered":"Mercado de Palacio y Noche Rom\u00e1ntica en Nuevo Bazt\u00e1n"},"content":{"rendered":"<p><span data-contrast=\"none\"><img loading=\"lazy\" decoding=\"async\" class=\"wp-image-2204 size-medium alignleft\" src=\"https:\/\/turismo.ayto-nuevobaztan.es\/wp-content\/uploads\/2025\/06\/CARTEL-NOCHE-ROMANTICA-21-JUNIO-2025-II-212x300.jpg\" alt=\"\" width=\"212\" height=\"300\" \/>Cuando llega el mes de junio sabemos que el Conjunto Hist\u00f3rico se comienza a llenar de actividades para la llegada del verano. Como es tradici\u00f3n cada a\u00f1o se celebra el \u201c<\/span><b><span data-contrast=\"none\">El Mercado de Palacio<\/span><\/b><span data-contrast=\"none\">\u201d. A finales de junio nos juntamos alrededor del Palacio de Goyeneche. <\/span><b><span data-contrast=\"none\">Ser\u00e1 este pr\u00f3ximo 21 de junio desde las 11 de la ma\u00f1ana en la Plaza de la Iglesia<\/span><\/b><span data-contrast=\"none\">.\u00a0\u00a0<\/span><span data-ccp-props=\"{&quot;134233117&quot;:false,&quot;134233118&quot;:false,&quot;201341983&quot;:0,&quot;335551550&quot;:6,&quot;335551620&quot;:6,&quot;335557856&quot;:16777215,&quot;335559738&quot;:0,&quot;335559739&quot;:408,&quot;335559740&quot;:360}\">\u00a0<\/span><\/p>\n<p><span data-contrast=\"none\">Los actos comenzar\u00e1n a las <\/span><b><span data-contrast=\"none\">11 de la ma\u00f1ana con la inauguraci\u00f3n del \u201cMercado de Palacio\u201d<\/span><\/b><span data-contrast=\"none\">. En esta edici\u00f3n veraniega que finalizar\u00e1 a las 22 horas, se abre a la participaci\u00f3n tambi\u00e9n para negocios locales y vecinos que quieran vender cosas de segunda mano. Aprovechando este evento que da la bienvenida al verano, <\/span><b><span data-contrast=\"none\">celebraremos tambi\u00e9n la noche rom\u00e1ntica. Una celebraci\u00f3n que une a los pueblos que pertenecen a \u201cLos Pueblos M\u00e1s Bonitos de Espa\u00f1a\u201d.<\/span><\/b><span data-ccp-props=\"{&quot;134233117&quot;:false,&quot;134233118&quot;:false,&quot;201341983&quot;:0,&quot;335551550&quot;:6,&quot;335551620&quot;:6,&quot;335557856&quot;:16777215,&quot;335559738&quot;:0,&quot;335559739&quot;:408,&quot;335559740&quot;:360}\">\u00a0<\/span><\/p>\n<p><span data-contrast=\"none\">Desde esa misma hora dispondremos tambi\u00e9n de un <\/span><b><span data-contrast=\"none\">Gastro Show Bus<\/span><\/b><span data-contrast=\"none\"> en la Plaza del Secreto. <\/span><span data-contrast=\"auto\">Una actividad muy interesante de <\/span><b><span data-contrast=\"auto\">Jornada Gastron\u00f3mica 360\u00ba de \u00abLas Vegas y Alcarria Madrile\u00f1a\u00bb<\/span><\/b><span data-contrast=\"auto\">.\u00a0<\/span><span data-contrast=\"none\">con diferentes actividades como la e<\/span><i><span data-contrast=\"none\">laboraci\u00f3n de miel y degustaci\u00f3n<\/span><\/i><span data-contrast=\"none\"> a cargo de La Abeja Campe\u00f1a de Campo Real y una <\/span><i><span data-contrast=\"none\">Cata de vino<\/span><\/i><span data-contrast=\"none\"> a cargo de Bodegas Pablo Morate de Valdelaguna a las 18 horas.<\/span><span data-ccp-props=\"{&quot;134233117&quot;:false,&quot;134233118&quot;:false,&quot;201341983&quot;:0,&quot;335551550&quot;:6,&quot;335551620&quot;:6,&quot;335557856&quot;:16777215,&quot;335559685&quot;:0,&quot;335559738&quot;:0,&quot;335559739&quot;:0,&quot;335559740&quot;:360}\">\u00a0<\/span><\/p>\n<p><span data-contrast=\"none\">Este a\u00f1o hemos a\u00f1adido una serie de hinchables de 11a 14h y de 17 a 20h. Nuestros m\u00e1s j\u00f3venes puedan disfrutar de una jornada en su pueblo, en el Conjunto Hist\u00f3rico. Estar\u00e1n ubicados cerca del Palacio Juan de Goyeneche.<\/span><span data-ccp-props=\"{&quot;134233117&quot;:false,&quot;134233118&quot;:false,&quot;201341983&quot;:0,&quot;335551550&quot;:6,&quot;335551620&quot;:6,&quot;335557856&quot;:16777215,&quot;335559738&quot;:0,&quot;335559739&quot;:408,&quot;335559740&quot;:360}\">\u00a0<\/span><\/p>\n<p><span data-contrast=\"none\">Tambi\u00e9n vamos a poder disfrutar del Concierto de \u201cConcierto 1700\u201d<\/span><b><span data-contrast=\"none\">. Ser\u00e1 el s\u00e1bado 21 de junio a las 12:30 horas en la Iglesia de San Francisco Javier<\/span><\/b><span data-contrast=\"none\">. Actividad gratuita con acceso libre hasta completar aforo y que complementa la exposici\u00f3n de las salas de palacio <\/span><b><span data-contrast=\"none\">\u201cNuevos aires en la m\u00fasica instrumental: la sonata en tiempos de Goyeneche\u201d. <\/span><\/b><span data-contrast=\"none\">Esta actividad est\u00e1 organizada por el Centro de Interpretaci\u00f3n de Nuevo Bazt\u00e1n, Consejer\u00eda de Cultura, Turismo y Deporte. DG de Cultura e Industrias Creativas. SG de Bellas Artes. Colabora el Ayuntamiento de Nuevo Bazt\u00e1n.<\/span><span data-ccp-props=\"{&quot;134233117&quot;:false,&quot;134233118&quot;:false,&quot;201341983&quot;:0,&quot;335551550&quot;:6,&quot;335551620&quot;:6,&quot;335557856&quot;:16777215,&quot;335559738&quot;:0,&quot;335559739&quot;:408,&quot;335559740&quot;:360}\">\u00a0<\/span><\/p>\n<p><span data-contrast=\"none\">A lo largo del d\u00eda <\/span><b><span data-contrast=\"none\">vamos a disponer de un Veh\u00edculo Cl\u00e1sico<\/span><\/b><span data-contrast=\"none\"> para que podamos hacernos las fotos m\u00e1s rom\u00e1nticas. <\/span><b><span data-contrast=\"none\">Un descapotable con el que podremos pasear por las calles de nuestro pueblo. Un Peugeot 404 descapotable de finales de los a\u00f1os 60, comienzo de los 70<\/span><\/b><span data-contrast=\"none\">.\u00a0<\/span><span data-ccp-props=\"{&quot;134233117&quot;:false,&quot;134233118&quot;:false,&quot;201341983&quot;:0,&quot;335551550&quot;:6,&quot;335551620&quot;:6,&quot;335557856&quot;:16777215,&quot;335559685&quot;:0,&quot;335559738&quot;:0,&quot;335559739&quot;:150,&quot;335559740&quot;:360}\">\u00a0<\/span><\/p>\n<p><span data-contrast=\"none\">Adem\u00e1s, durante toda la jornada disfrutaremos del patio del palacio. Estamos preparando un<\/span><b><span data-contrast=\"none\"> Photocall con acceso libre <\/span><\/b><span data-contrast=\"none\">para que te hagas las fotos m\u00e1s rom\u00e1nticas. Puedes tener tu recuerdo de este d\u00eda y adem\u00e1s la <\/span><b><span data-contrast=\"none\">puedes subir a redes con el Hashtag #NocheRom\u00e1nticaNuevoBazt\u00e1n\u00a0<\/span><\/b><span data-contrast=\"none\">La foto m\u00e1s divertida y original se premiar\u00e1 con una cena para dos en un restaurante del Conjunto Hist\u00f3rico.<\/span><span data-ccp-props=\"{&quot;134233117&quot;:false,&quot;134233118&quot;:false,&quot;201341983&quot;:0,&quot;335551550&quot;:6,&quot;335551620&quot;:6,&quot;335557856&quot;:16777215,&quot;335559738&quot;:0,&quot;335559739&quot;:408,&quot;335559740&quot;:360}\">\u00a0<\/span><\/p>\n<p><span data-contrast=\"none\">Y para finalizar la jornada un<\/span><b><span data-contrast=\"none\"> concierto a las 22:00 h en la Plaza del Secreto. Concierto y 200 velas. <\/span><\/b><span data-contrast=\"none\">Vamos a convertir nuestra hermosa plaza en un espacio para disfrutar, en el que vamos a escuchar piezas musicales que nos transportar\u00e1n a otros lugares. <\/span><span data-ccp-props=\"{&quot;134233117&quot;:false,&quot;134233118&quot;:false,&quot;201341983&quot;:0,&quot;335551550&quot;:6,&quot;335551620&quot;:6,&quot;335557856&quot;:16777215,&quot;335559738&quot;:0,&quot;335559739&quot;:408,&quot;335559740&quot;:360}\">\u00a0<\/span><\/p>\n","protected":false},"excerpt":{"rendered":"<p>Cuando llega el mes de junio sabemos que el Conjunto Hist\u00f3rico se comienza a llenar de actividades para la llegada del verano. Como es tradici\u00f3n cada a\u00f1o se celebra el \u201cEl Mercado de Palacio\u201d. A finales de junio nos juntamos alrededor del Palacio de Goyeneche. Ser\u00e1 este pr\u00f3ximo 21 de junio desde las 11 de&hellip;<\/p>\n","protected":false},"author":2,"featured_media":2204,"comment_status":"closed","ping_status":"closed","sticky":false,"template":"","format":"standard","meta":{"_acf_changed":false,"footnotes":""},"categories":[14],"tags":[110,193,29,238,39],"class_list":["post-2198","post","type-post","status-publish","format-standard","has-post-thumbnail","hentry","category-actividades-nuevo-batzan","tag-concierto","tag-noche-romantica","tag-nuevo-baztan","tag-piano","tag-turismo"],"acf":[],"yoast_head":"<!-- This site is optimized with the Yoast SEO plugin v27.2 - https:\/\/yoast.com\/product\/yoast-seo-wordpress\/ -->\n<title>Mercado de Palacio y Noche Rom\u00e1ntica en Nuevo Bazt\u00e1n<\/title>\n<meta name=\"description\" content=\"Unas de las primeras actividades de nuestra \u00e9poca estival que llena de vida nuestro municipio. Una jornada para vivir en familia.\" \/>\n<meta name=\"robots\" content=\"index, follow, max-snippet:-1, max-image-preview:large, max-video-preview:-1\" \/>\n<link rel=\"canonical\" href=\"https:\/\/turismo.ayto-nuevobaztan.es\/es\/noticias\/mercado-de-palacio-y-noche-romantica-en-nuevo-baztan\/\" \/>\n<meta property=\"og:locale\" content=\"es_ES\" \/>\n<meta property=\"og:type\" content=\"article\" \/>\n<meta property=\"og:title\" content=\"Mercado de Palacio y Noche Rom\u00e1ntica en Nuevo Bazt\u00e1n\" \/>\n<meta property=\"og:description\" content=\"Unas de las primeras actividades de nuestra \u00e9poca estival que llena de vida nuestro municipio. Una jornada para vivir en familia.\" \/>\n<meta property=\"og:url\" content=\"https:\/\/turismo.ayto-nuevobaztan.es\/es\/noticias\/mercado-de-palacio-y-noche-romantica-en-nuevo-baztan\/\" \/>\n<meta property=\"og:site_name\" content=\"Turismo Nuevo Bazt\u00e1n\" \/>\n<meta property=\"article:publisher\" content=\"https:\/\/www.facebook.com\/turismonuevobaztan\/\" \/>\n<meta property=\"article:published_time\" content=\"2025-06-09T10:56:10+00:00\" \/>\n<meta name=\"author\" content=\"Turismo Nuevo Bazt\u00e1n\" \/>\n<meta name=\"twitter:card\" content=\"summary_large_image\" \/>\n<meta name=\"twitter:image\" content=\"https:\/\/turismo.ayto-nuevobaztan.es\/wp-content\/uploads\/2025\/06\/CARTEL-NOCHE-ROMANTICA-21-JUNIO-2025-II.jpg\" \/>\n<meta name=\"twitter:creator\" content=\"@TurismoNBaztan\" \/>\n<meta name=\"twitter:site\" content=\"@TurismoNBaztan\" \/>\n<meta name=\"twitter:label1\" content=\"Escrito por\" \/>\n\t<meta name=\"twitter:data1\" content=\"Turismo Nuevo Bazt\u00e1n\" \/>\n\t<meta name=\"twitter:label2\" content=\"Tiempo de lectura\" \/>\n\t<meta name=\"twitter:data2\" content=\"3 minutos\" \/>\n<script type=\"application\/ld+json\" class=\"yoast-schema-graph\">{\"@context\":\"https:\/\/schema.org\",\"@graph\":[{\"@type\":\"Article\",\"@id\":\"https:\/\/turismo.ayto-nuevobaztan.es\/es\/noticias\/mercado-de-palacio-y-noche-romantica-en-nuevo-baztan\/#article\",\"isPartOf\":{\"@id\":\"https:\/\/turismo.ayto-nuevobaztan.es\/es\/noticias\/mercado-de-palacio-y-noche-romantica-en-nuevo-baztan\/\"},\"author\":{\"name\":\"Turismo Nuevo Bazt\u00e1n\",\"@id\":\"https:\/\/turismo.ayto-nuevobaztan.es\/es\/#\/schema\/person\/bc781c848e33ae71437002fa79b5c3df\"},\"headline\":\"Mercado de Palacio y Noche Rom\u00e1ntica en Nuevo Bazt\u00e1n\",\"datePublished\":\"2025-06-09T10:56:10+00:00\",\"mainEntityOfPage\":{\"@id\":\"https:\/\/turismo.ayto-nuevobaztan.es\/es\/noticias\/mercado-de-palacio-y-noche-romantica-en-nuevo-baztan\/\"},\"wordCount\":536,\"publisher\":{\"@id\":\"https:\/\/turismo.ayto-nuevobaztan.es\/es\/#organization\"},\"image\":{\"@id\":\"https:\/\/turismo.ayto-nuevobaztan.es\/es\/noticias\/mercado-de-palacio-y-noche-romantica-en-nuevo-baztan\/#primaryimage\"},\"thumbnailUrl\":\"https:\/\/turismo.ayto-nuevobaztan.es\/wp-content\/uploads\/2025\/06\/CARTEL-NOCHE-ROMANTICA-21-JUNIO-2025-II.jpg\",\"keywords\":[\"concierto\",\"Noche Rom\u00e1ntica\",\"Nuevo Bazt\u00e1n\",\"Piano\",\"Turismo\"],\"articleSection\":[\"actividades\"],\"inLanguage\":\"es\"},{\"@type\":\"WebPage\",\"@id\":\"https:\/\/turismo.ayto-nuevobaztan.es\/es\/noticias\/mercado-de-palacio-y-noche-romantica-en-nuevo-baztan\/\",\"url\":\"https:\/\/turismo.ayto-nuevobaztan.es\/es\/noticias\/mercado-de-palacio-y-noche-romantica-en-nuevo-baztan\/\",\"name\":\"Mercado de Palacio y Noche Rom\u00e1ntica en Nuevo Bazt\u00e1n\",\"isPartOf\":{\"@id\":\"https:\/\/turismo.ayto-nuevobaztan.es\/es\/#website\"},\"primaryImageOfPage\":{\"@id\":\"https:\/\/turismo.ayto-nuevobaztan.es\/es\/noticias\/mercado-de-palacio-y-noche-romantica-en-nuevo-baztan\/#primaryimage\"},\"image\":{\"@id\":\"https:\/\/turismo.ayto-nuevobaztan.es\/es\/noticias\/mercado-de-palacio-y-noche-romantica-en-nuevo-baztan\/#primaryimage\"},\"thumbnailUrl\":\"https:\/\/turismo.ayto-nuevobaztan.es\/wp-content\/uploads\/2025\/06\/CARTEL-NOCHE-ROMANTICA-21-JUNIO-2025-II.jpg\",\"datePublished\":\"2025-06-09T10:56:10+00:00\",\"description\":\"Unas de las primeras actividades de nuestra \u00e9poca estival que llena de vida nuestro municipio. Una jornada para vivir en familia.\",\"breadcrumb\":{\"@id\":\"https:\/\/turismo.ayto-nuevobaztan.es\/es\/noticias\/mercado-de-palacio-y-noche-romantica-en-nuevo-baztan\/#breadcrumb\"},\"inLanguage\":\"es\",\"potentialAction\":[{\"@type\":\"ReadAction\",\"target\":[\"https:\/\/turismo.ayto-nuevobaztan.es\/es\/noticias\/mercado-de-palacio-y-noche-romantica-en-nuevo-baztan\/\"]}]},{\"@type\":\"ImageObject\",\"inLanguage\":\"es\",\"@id\":\"https:\/\/turismo.ayto-nuevobaztan.es\/es\/noticias\/mercado-de-palacio-y-noche-romantica-en-nuevo-baztan\/#primaryimage\",\"url\":\"https:\/\/turismo.ayto-nuevobaztan.es\/wp-content\/uploads\/2025\/06\/CARTEL-NOCHE-ROMANTICA-21-JUNIO-2025-II.jpg\",\"contentUrl\":\"https:\/\/turismo.ayto-nuevobaztan.es\/wp-content\/uploads\/2025\/06\/CARTEL-NOCHE-ROMANTICA-21-JUNIO-2025-II.jpg\",\"width\":1300,\"height\":1838},{\"@type\":\"BreadcrumbList\",\"@id\":\"https:\/\/turismo.ayto-nuevobaztan.es\/es\/noticias\/mercado-de-palacio-y-noche-romantica-en-nuevo-baztan\/#breadcrumb\",\"itemListElement\":[{\"@type\":\"ListItem\",\"position\":1,\"name\":\"Inicio\",\"item\":\"https:\/\/turismo.ayto-nuevobaztan.es\/es\/\"},{\"@type\":\"ListItem\",\"position\":2,\"name\":\"Mercado de Palacio y Noche Rom\u00e1ntica en Nuevo Bazt\u00e1n\"}]},{\"@type\":\"WebSite\",\"@id\":\"https:\/\/turismo.ayto-nuevobaztan.es\/es\/#website\",\"url\":\"https:\/\/turismo.ayto-nuevobaztan.es\/es\/\",\"name\":\"Turismo Nuevo Bazt\u00e1n\",\"description\":\"\",\"publisher\":{\"@id\":\"https:\/\/turismo.ayto-nuevobaztan.es\/es\/#organization\"},\"potentialAction\":[{\"@type\":\"SearchAction\",\"target\":{\"@type\":\"EntryPoint\",\"urlTemplate\":\"https:\/\/turismo.ayto-nuevobaztan.es\/es\/?s={search_term_string}\"},\"query-input\":{\"@type\":\"PropertyValueSpecification\",\"valueRequired\":true,\"valueName\":\"search_term_string\"}}],\"inLanguage\":\"es\"},{\"@type\":\"Organization\",\"@id\":\"https:\/\/turismo.ayto-nuevobaztan.es\/es\/#organization\",\"name\":\"Turismo Nuevo Bazt\u00e1n\",\"url\":\"https:\/\/turismo.ayto-nuevobaztan.es\/es\/\",\"logo\":{\"@type\":\"ImageObject\",\"inLanguage\":\"es\",\"@id\":\"https:\/\/turismo.ayto-nuevobaztan.es\/es\/#\/schema\/logo\/image\/\",\"url\":\"https:\/\/turismo.ayto-nuevobaztan.es\/wp-content\/uploads\/2025\/12\/logo.png\",\"contentUrl\":\"https:\/\/turismo.ayto-nuevobaztan.es\/wp-content\/uploads\/2025\/12\/logo.png\",\"width\":1847,\"height\":1787,\"caption\":\"Turismo Nuevo Bazt\u00e1n\"},\"image\":{\"@id\":\"https:\/\/turismo.ayto-nuevobaztan.es\/es\/#\/schema\/logo\/image\/\"},\"sameAs\":[\"https:\/\/www.facebook.com\/turismonuevobaztan\/\",\"https:\/\/x.com\/TurismoNBaztan\"]},{\"@type\":\"Person\",\"@id\":\"https:\/\/turismo.ayto-nuevobaztan.es\/es\/#\/schema\/person\/bc781c848e33ae71437002fa79b5c3df\",\"name\":\"Turismo Nuevo Bazt\u00e1n\",\"image\":{\"@type\":\"ImageObject\",\"inLanguage\":\"es\",\"@id\":\"https:\/\/secure.gravatar.com\/avatar\/c34f0d8aae58e8accb5d24f13ebda51911caa6f3106f7c0db25bd0888b071620?s=96&d=mm&r=g\",\"url\":\"https:\/\/secure.gravatar.com\/avatar\/c34f0d8aae58e8accb5d24f13ebda51911caa6f3106f7c0db25bd0888b071620?s=96&d=mm&r=g\",\"contentUrl\":\"https:\/\/secure.gravatar.com\/avatar\/c34f0d8aae58e8accb5d24f13ebda51911caa6f3106f7c0db25bd0888b071620?s=96&d=mm&r=g\",\"caption\":\"Turismo Nuevo Bazt\u00e1n\"},\"url\":\"#\"}]}<\/script>\n<!-- \/ Yoast SEO plugin. -->","yoast_head_json":{"title":"Mercado de Palacio y Noche Rom\u00e1ntica en Nuevo Bazt\u00e1n","description":"Unas de las primeras actividades de nuestra \u00e9poca estival que llena de vida nuestro municipio. Una jornada para vivir en familia.","robots":{"index":"index","follow":"follow","max-snippet":"max-snippet:-1","max-image-preview":"max-image-preview:large","max-video-preview":"max-video-preview:-1"},"canonical":"https:\/\/turismo.ayto-nuevobaztan.es\/es\/noticias\/mercado-de-palacio-y-noche-romantica-en-nuevo-baztan\/","og_locale":"es_ES","og_type":"article","og_title":"Mercado de Palacio y Noche Rom\u00e1ntica en Nuevo Bazt\u00e1n","og_description":"Unas de las primeras actividades de nuestra \u00e9poca estival que llena de vida nuestro municipio. Una jornada para vivir en familia.","og_url":"https:\/\/turismo.ayto-nuevobaztan.es\/es\/noticias\/mercado-de-palacio-y-noche-romantica-en-nuevo-baztan\/","og_site_name":"Turismo Nuevo Bazt\u00e1n","article_publisher":"https:\/\/www.facebook.com\/turismonuevobaztan\/","article_published_time":"2025-06-09T10:56:10+00:00","author":"Turismo Nuevo Bazt\u00e1n","twitter_card":"summary_large_image","twitter_image":"https:\/\/turismo.ayto-nuevobaztan.es\/wp-content\/uploads\/2025\/06\/CARTEL-NOCHE-ROMANTICA-21-JUNIO-2025-II.jpg","twitter_creator":"@TurismoNBaztan","twitter_site":"@TurismoNBaztan","twitter_misc":{"Escrito por":"Turismo Nuevo Bazt\u00e1n","Tiempo de lectura":"3 minutos"},"schema":{"@context":"https:\/\/schema.org","@graph":[{"@type":"Article","@id":"https:\/\/turismo.ayto-nuevobaztan.es\/es\/noticias\/mercado-de-palacio-y-noche-romantica-en-nuevo-baztan\/#article","isPartOf":{"@id":"https:\/\/turismo.ayto-nuevobaztan.es\/es\/noticias\/mercado-de-palacio-y-noche-romantica-en-nuevo-baztan\/"},"author":{"name":"Turismo Nuevo Bazt\u00e1n","@id":"https:\/\/turismo.ayto-nuevobaztan.es\/es\/#\/schema\/person\/bc781c848e33ae71437002fa79b5c3df"},"headline":"Mercado de Palacio y Noche Rom\u00e1ntica en Nuevo Bazt\u00e1n","datePublished":"2025-06-09T10:56:10+00:00","mainEntityOfPage":{"@id":"https:\/\/turismo.ayto-nuevobaztan.es\/es\/noticias\/mercado-de-palacio-y-noche-romantica-en-nuevo-baztan\/"},"wordCount":536,"publisher":{"@id":"https:\/\/turismo.ayto-nuevobaztan.es\/es\/#organization"},"image":{"@id":"https:\/\/turismo.ayto-nuevobaztan.es\/es\/noticias\/mercado-de-palacio-y-noche-romantica-en-nuevo-baztan\/#primaryimage"},"thumbnailUrl":"https:\/\/turismo.ayto-nuevobaztan.es\/wp-content\/uploads\/2025\/06\/CARTEL-NOCHE-ROMANTICA-21-JUNIO-2025-II.jpg","keywords":["concierto","Noche Rom\u00e1ntica","Nuevo Bazt\u00e1n","Piano","Turismo"],"articleSection":["actividades"],"inLanguage":"es"},{"@type":"WebPage","@id":"https:\/\/turismo.ayto-nuevobaztan.es\/es\/noticias\/mercado-de-palacio-y-noche-romantica-en-nuevo-baztan\/","url":"https:\/\/turismo.ayto-nuevobaztan.es\/es\/noticias\/mercado-de-palacio-y-noche-romantica-en-nuevo-baztan\/","name":"Mercado de Palacio y Noche Rom\u00e1ntica en Nuevo Bazt\u00e1n","isPartOf":{"@id":"https:\/\/turismo.ayto-nuevobaztan.es\/es\/#website"},"primaryImageOfPage":{"@id":"https:\/\/turismo.ayto-nuevobaztan.es\/es\/noticias\/mercado-de-palacio-y-noche-romantica-en-nuevo-baztan\/#primaryimage"},"image":{"@id":"https:\/\/turismo.ayto-nuevobaztan.es\/es\/noticias\/mercado-de-palacio-y-noche-romantica-en-nuevo-baztan\/#primaryimage"},"thumbnailUrl":"https:\/\/turismo.ayto-nuevobaztan.es\/wp-content\/uploads\/2025\/06\/CARTEL-NOCHE-ROMANTICA-21-JUNIO-2025-II.jpg","datePublished":"2025-06-09T10:56:10+00:00","description":"Unas de las primeras actividades de nuestra \u00e9poca estival que llena de vida nuestro municipio. Una jornada para vivir en familia.","breadcrumb":{"@id":"https:\/\/turismo.ayto-nuevobaztan.es\/es\/noticias\/mercado-de-palacio-y-noche-romantica-en-nuevo-baztan\/#breadcrumb"},"inLanguage":"es","potentialAction":[{"@type":"ReadAction","target":["https:\/\/turismo.ayto-nuevobaztan.es\/es\/noticias\/mercado-de-palacio-y-noche-romantica-en-nuevo-baztan\/"]}]},{"@type":"ImageObject","inLanguage":"es","@id":"https:\/\/turismo.ayto-nuevobaztan.es\/es\/noticias\/mercado-de-palacio-y-noche-romantica-en-nuevo-baztan\/#primaryimage","url":"https:\/\/turismo.ayto-nuevobaztan.es\/wp-content\/uploads\/2025\/06\/CARTEL-NOCHE-ROMANTICA-21-JUNIO-2025-II.jpg","contentUrl":"https:\/\/turismo.ayto-nuevobaztan.es\/wp-content\/uploads\/2025\/06\/CARTEL-NOCHE-ROMANTICA-21-JUNIO-2025-II.jpg","width":1300,"height":1838},{"@type":"BreadcrumbList","@id":"https:\/\/turismo.ayto-nuevobaztan.es\/es\/noticias\/mercado-de-palacio-y-noche-romantica-en-nuevo-baztan\/#breadcrumb","itemListElement":[{"@type":"ListItem","position":1,"name":"Inicio","item":"https:\/\/turismo.ayto-nuevobaztan.es\/es\/"},{"@type":"ListItem","position":2,"name":"Mercado de Palacio y Noche Rom\u00e1ntica en Nuevo Bazt\u00e1n"}]},{"@type":"WebSite","@id":"https:\/\/turismo.ayto-nuevobaztan.es\/es\/#website","url":"https:\/\/turismo.ayto-nuevobaztan.es\/es\/","name":"Turismo Nuevo Bazt\u00e1n","description":"","publisher":{"@id":"https:\/\/turismo.ayto-nuevobaztan.es\/es\/#organization"},"potentialAction":[{"@type":"SearchAction","target":{"@type":"EntryPoint","urlTemplate":"https:\/\/turismo.ayto-nuevobaztan.es\/es\/?s={search_term_string}"},"query-input":{"@type":"PropertyValueSpecification","valueRequired":true,"valueName":"search_term_string"}}],"inLanguage":"es"},{"@type":"Organization","@id":"https:\/\/turismo.ayto-nuevobaztan.es\/es\/#organization","name":"Turismo Nuevo Bazt\u00e1n","url":"https:\/\/turismo.ayto-nuevobaztan.es\/es\/","logo":{"@type":"ImageObject","inLanguage":"es","@id":"https:\/\/turismo.ayto-nuevobaztan.es\/es\/#\/schema\/logo\/image\/","url":"https:\/\/turismo.ayto-nuevobaztan.es\/wp-content\/uploads\/2025\/12\/logo.png","contentUrl":"https:\/\/turismo.ayto-nuevobaztan.es\/wp-content\/uploads\/2025\/12\/logo.png","width":1847,"height":1787,"caption":"Turismo Nuevo Bazt\u00e1n"},"image":{"@id":"https:\/\/turismo.ayto-nuevobaztan.es\/es\/#\/schema\/logo\/image\/"},"sameAs":["https:\/\/www.facebook.com\/turismonuevobaztan\/","https:\/\/x.com\/TurismoNBaztan"]},{"@type":"Person","@id":"https:\/\/turismo.ayto-nuevobaztan.es\/es\/#\/schema\/person\/bc781c848e33ae71437002fa79b5c3df","name":"Turismo Nuevo Bazt\u00e1n","image":{"@type":"ImageObject","inLanguage":"es","@id":"https:\/\/secure.gravatar.com\/avatar\/c34f0d8aae58e8accb5d24f13ebda51911caa6f3106f7c0db25bd0888b071620?s=96&d=mm&r=g","url":"https:\/\/secure.gravatar.com\/avatar\/c34f0d8aae58e8accb5d24f13ebda51911caa6f3106f7c0db25bd0888b071620?s=96&d=mm&r=g","contentUrl":"https:\/\/secure.gravatar.com\/avatar\/c34f0d8aae58e8accb5d24f13ebda51911caa6f3106f7c0db25bd0888b071620?s=96&d=mm&r=g","caption":"Turismo Nuevo Bazt\u00e1n"},"url":"#"}]}},"_links":{"self":[{"href":"https:\/\/turismo.ayto-nuevobaztan.es\/es\/wp-json\/wp\/v2\/posts\/2198","targetHints":{"allow":["GET"]}}],"collection":[{"href":"https:\/\/turismo.ayto-nuevobaztan.es\/es\/wp-json\/wp\/v2\/posts"}],"about":[{"href":"https:\/\/turismo.ayto-nuevobaztan.es\/es\/wp-json\/wp\/v2\/types\/post"}],"author":[{"embeddable":true,"href":"https:\/\/turismo.ayto-nuevobaztan.es\/es\/wp-json\/wp\/v2\/users\/2"}],"replies":[{"embeddable":true,"href":"https:\/\/turismo.ayto-nuevobaztan.es\/es\/wp-json\/wp\/v2\/comments?post=2198"}],"version-history":[{"count":0,"href":"https:\/\/turismo.ayto-nuevobaztan.es\/es\/wp-json\/wp\/v2\/posts\/2198\/revisions"}],"wp:featuredmedia":[{"embeddable":true,"href":"https:\/\/turismo.ayto-nuevobaztan.es\/es\/wp-json\/wp\/v2\/media\/2204"}],"wp:attachment":[{"href":"https:\/\/turismo.ayto-nuevobaztan.es\/es\/wp-json\/wp\/v2\/media?parent=2198"}],"wp:term":[{"taxonomy":"category","embeddable":true,"href":"https:\/\/turismo.ayto-nuevobaztan.es\/es\/wp-json\/wp\/v2\/categories?post=2198"},{"taxonomy":"post_tag","embeddable":true,"href":"https:\/\/turismo.ayto-nuevobaztan.es\/es\/wp-json\/wp\/v2\/tags?post=2198"}],"curies":[{"name":"wp","href":"https:\/\/api.w.org\/{rel}","templated":true}]}}