{"id":2190,"date":"2025-05-23T12:58:32","date_gmt":"2025-05-23T10:58:32","guid":{"rendered":"https:\/\/turismo.ayto-nuevobaztan.es\/?p=2190"},"modified":"2025-05-23T12:58:32","modified_gmt":"2025-05-23T10:58:32","slug":"un-ano-mas-mercado-de-palacio-edicion-de-junio","status":"publish","type":"post","link":"https:\/\/turismo.ayto-nuevobaztan.es\/es\/noticias\/un-ano-mas-mercado-de-palacio-edicion-de-junio\/","title":{"rendered":"Un a\u00f1o m\u00e1s \u201cMercado de Palacio\u201d edici\u00f3n de junio"},"content":{"rendered":"<p><span data-contrast=\"none\"><a href=\"https:\/\/turismo.ayto-nuevobaztan.es\/wp-content\/uploads\/2025\/05\/POST-21-JUNIO-rrss.jpg\"><img loading=\"lazy\" decoding=\"async\" class=\"alignleft wp-image-2191 size-medium\" src=\"https:\/\/turismo.ayto-nuevobaztan.es\/wp-content\/uploads\/2025\/05\/POST-21-JUNIO-rrss-240x300.jpg\" alt=\"\" width=\"240\" height=\"300\" \/><\/a>Te\u00a0proponemos que participes\u00a0en una de las actividades que m\u00e1s p\u00fablico congrega en nuestra plaza frente al Palacio. Ser\u00e1 el\u00a0pr\u00f3ximo\u00a021 de junio. Se va a organizar un\u00a0\u00abMercado de Palacio\u00bb\u00a0en los jardines frente al Palacio de Juan de Goyeneche. Artesanos, creadores, segunda mano, tiendas de comercio local\u2026\u00a0adem\u00e1s de celebrar nuestro d\u00eda rom\u00e1ntico uni\u00e9ndonos a los Pueblos M\u00e1s Bonitos de Espa\u00f1a.\u00a0<\/span><span data-ccp-props=\"{&quot;134233117&quot;:false,&quot;134233118&quot;:false,&quot;201341983&quot;:0,&quot;335551550&quot;:6,&quot;335551620&quot;:6,&quot;335557856&quot;:16777215,&quot;335559685&quot;:0,&quot;335559737&quot;:450,&quot;335559738&quot;:0,&quot;335559739&quot;:408,&quot;335559740&quot;:360}\">\u00a0<\/span><\/p>\n<p><span data-contrast=\"none\">Si quieres participar te ofrecemos hacerlo de una forma sencilla. A continuaci\u00f3n,\u00a0os dejamos\u00a02 enlaces donde puedes consultar las bases y descargarte la solicitud de inscripci\u00f3n.\u00a0Un d\u00eda repleto de actividades y sorpresas que llenaran el Conjunto Hist\u00f3rico de vecinos y visitantes. Participa.<\/span><span data-ccp-props=\"{&quot;134233117&quot;:false,&quot;134233118&quot;:false,&quot;201341983&quot;:0,&quot;335551550&quot;:6,&quot;335551620&quot;:6,&quot;335557856&quot;:16777215,&quot;335559685&quot;:0,&quot;335559737&quot;:450,&quot;335559738&quot;:0,&quot;335559739&quot;:408,&quot;335559740&quot;:360}\">\u00a0<\/span><\/p>\n<blockquote><p><a href=\"https:\/\/ayto-nuevobaztan.es\/download\/1808\/turismo-y-palacio\/40916\/solicitud-participacion-en-el-mercado-de-palacio-21-junio-2025-nuevo-baztan.pdf\" target=\"_blank\" rel=\"noopener\">DESCARGA DE SOLICITUD<\/a><br \/>\n<a href=\"https:\/\/ayto-nuevobaztan.es\/download\/1808\/turismo-y-palacio\/40915\/bases-participacion-en-el-mercado-de-palacio-21-junio-2025-nuevo-baztan.pdf\" target=\"_blank\" rel=\"noopener\">DESCARGA DE BASES<\/a><\/p><\/blockquote>\n","protected":false},"excerpt":{"rendered":"<p>Te\u00a0proponemos que participes\u00a0en una de las actividades que m\u00e1s p\u00fablico congrega en nuestra plaza frente al Palacio. Ser\u00e1 el\u00a0pr\u00f3ximo\u00a021 de junio. Se va a organizar un\u00a0\u00abMercado de Palacio\u00bb\u00a0en los jardines frente al Palacio de Juan de Goyeneche. Artesanos, creadores, segunda mano, tiendas de comercio local\u2026\u00a0adem\u00e1s de celebrar nuestro d\u00eda rom\u00e1ntico uni\u00e9ndonos a los Pueblos M\u00e1s&hellip;<\/p>\n","protected":false},"author":2,"featured_media":2191,"comment_status":"closed","ping_status":"closed","sticky":false,"template":"","format":"standard","meta":{"_acf_changed":false,"footnotes":""},"categories":[14],"tags":[173,168,183,23,39],"class_list":["post-2190","post","type-post","status-publish","format-standard","has-post-thumbnail","hentry","category-actividades-nuevo-batzan","tag-comercio","tag-mercado","tag-mercado-de-palacio","tag-palacio","tag-turismo"],"acf":[],"yoast_head":"<!-- This site is optimized with the Yoast SEO plugin v27.2 - https:\/\/yoast.com\/product\/yoast-seo-wordpress\/ -->\n<title>Un a\u00f1o m\u00e1s \u201cMercado de Palacio\u201d edici\u00f3n de junio<\/title>\n<meta name=\"description\" content=\"Te proponemos forma parte de esta actividad que congrega a los vecinos y visitantes de Nuevo Bazt\u00e1n alrededor de Conjunto Hist\u00f3rico.\" \/>\n<meta name=\"robots\" content=\"index, follow, max-snippet:-1, max-image-preview:large, max-video-preview:-1\" \/>\n<link rel=\"canonical\" href=\"https:\/\/turismo.ayto-nuevobaztan.es\/es\/noticias\/un-ano-mas-mercado-de-palacio-edicion-de-junio\/\" \/>\n<meta property=\"og:locale\" content=\"es_ES\" \/>\n<meta property=\"og:type\" content=\"article\" \/>\n<meta property=\"og:title\" content=\"Un a\u00f1o m\u00e1s \u201cMercado de Palacio\u201d edici\u00f3n de junio\" \/>\n<meta property=\"og:description\" content=\"Te proponemos forma parte de esta actividad que congrega a los vecinos y visitantes de Nuevo Bazt\u00e1n alrededor de Conjunto Hist\u00f3rico.\" \/>\n<meta property=\"og:url\" content=\"https:\/\/turismo.ayto-nuevobaztan.es\/es\/noticias\/un-ano-mas-mercado-de-palacio-edicion-de-junio\/\" \/>\n<meta property=\"og:site_name\" content=\"Turismo Nuevo Bazt\u00e1n\" \/>\n<meta property=\"article:publisher\" content=\"https:\/\/www.facebook.com\/turismonuevobaztan\/\" \/>\n<meta property=\"article:published_time\" content=\"2025-05-23T10:58:32+00:00\" \/>\n<meta property=\"og:image\" content=\"https:\/\/turismo.ayto-nuevobaztan.es\/wp-content\/uploads\/2025\/05\/POST-21-JUNIO-rrss.jpg\" \/>\n\t<meta property=\"og:image:width\" content=\"1080\" \/>\n\t<meta property=\"og:image:height\" content=\"1350\" \/>\n\t<meta property=\"og:image:type\" content=\"image\/jpeg\" \/>\n<meta name=\"author\" content=\"Turismo Nuevo Bazt\u00e1n\" \/>\n<meta name=\"twitter:card\" content=\"summary_large_image\" \/>\n<meta name=\"twitter:creator\" content=\"@TurismoNBaztan\" \/>\n<meta name=\"twitter:site\" content=\"@TurismoNBaztan\" \/>\n<meta name=\"twitter:label1\" content=\"Escrito por\" \/>\n\t<meta name=\"twitter:data1\" content=\"Turismo Nuevo Bazt\u00e1n\" \/>\n\t<meta name=\"twitter:label2\" content=\"Tiempo de lectura\" \/>\n\t<meta name=\"twitter:data2\" content=\"1 minuto\" \/>\n<script type=\"application\/ld+json\" class=\"yoast-schema-graph\">{\"@context\":\"https:\/\/schema.org\",\"@graph\":[{\"@type\":\"Article\",\"@id\":\"https:\/\/turismo.ayto-nuevobaztan.es\/es\/noticias\/un-ano-mas-mercado-de-palacio-edicion-de-junio\/#article\",\"isPartOf\":{\"@id\":\"https:\/\/turismo.ayto-nuevobaztan.es\/es\/noticias\/un-ano-mas-mercado-de-palacio-edicion-de-junio\/\"},\"author\":{\"name\":\"Turismo Nuevo Bazt\u00e1n\",\"@id\":\"https:\/\/turismo.ayto-nuevobaztan.es\/es\/#\/schema\/person\/bc781c848e33ae71437002fa79b5c3df\"},\"headline\":\"Un a\u00f1o m\u00e1s \u201cMercado de Palacio\u201d edici\u00f3n de junio\",\"datePublished\":\"2025-05-23T10:58:32+00:00\",\"mainEntityOfPage\":{\"@id\":\"https:\/\/turismo.ayto-nuevobaztan.es\/es\/noticias\/un-ano-mas-mercado-de-palacio-edicion-de-junio\/\"},\"wordCount\":138,\"publisher\":{\"@id\":\"https:\/\/turismo.ayto-nuevobaztan.es\/es\/#organization\"},\"image\":{\"@id\":\"https:\/\/turismo.ayto-nuevobaztan.es\/es\/noticias\/un-ano-mas-mercado-de-palacio-edicion-de-junio\/#primaryimage\"},\"thumbnailUrl\":\"https:\/\/turismo.ayto-nuevobaztan.es\/wp-content\/uploads\/2025\/05\/POST-21-JUNIO-rrss.jpg\",\"keywords\":[\"Comercio\",\"Mercado\",\"Mercado de Palacio\",\"Palacio\",\"Turismo\"],\"articleSection\":[\"actividades\"],\"inLanguage\":\"es\"},{\"@type\":\"WebPage\",\"@id\":\"https:\/\/turismo.ayto-nuevobaztan.es\/es\/noticias\/un-ano-mas-mercado-de-palacio-edicion-de-junio\/\",\"url\":\"https:\/\/turismo.ayto-nuevobaztan.es\/es\/noticias\/un-ano-mas-mercado-de-palacio-edicion-de-junio\/\",\"name\":\"Un a\u00f1o m\u00e1s \u201cMercado de Palacio\u201d edici\u00f3n de junio\",\"isPartOf\":{\"@id\":\"https:\/\/turismo.ayto-nuevobaztan.es\/es\/#website\"},\"primaryImageOfPage\":{\"@id\":\"https:\/\/turismo.ayto-nuevobaztan.es\/es\/noticias\/un-ano-mas-mercado-de-palacio-edicion-de-junio\/#primaryimage\"},\"image\":{\"@id\":\"https:\/\/turismo.ayto-nuevobaztan.es\/es\/noticias\/un-ano-mas-mercado-de-palacio-edicion-de-junio\/#primaryimage\"},\"thumbnailUrl\":\"https:\/\/turismo.ayto-nuevobaztan.es\/wp-content\/uploads\/2025\/05\/POST-21-JUNIO-rrss.jpg\",\"datePublished\":\"2025-05-23T10:58:32+00:00\",\"description\":\"Te proponemos forma parte de esta actividad que congrega a los vecinos y visitantes de Nuevo Bazt\u00e1n alrededor de Conjunto Hist\u00f3rico.\",\"breadcrumb\":{\"@id\":\"https:\/\/turismo.ayto-nuevobaztan.es\/es\/noticias\/un-ano-mas-mercado-de-palacio-edicion-de-junio\/#breadcrumb\"},\"inLanguage\":\"es\",\"potentialAction\":[{\"@type\":\"ReadAction\",\"target\":[\"https:\/\/turismo.ayto-nuevobaztan.es\/es\/noticias\/un-ano-mas-mercado-de-palacio-edicion-de-junio\/\"]}]},{\"@type\":\"ImageObject\",\"inLanguage\":\"es\",\"@id\":\"https:\/\/turismo.ayto-nuevobaztan.es\/es\/noticias\/un-ano-mas-mercado-de-palacio-edicion-de-junio\/#primaryimage\",\"url\":\"https:\/\/turismo.ayto-nuevobaztan.es\/wp-content\/uploads\/2025\/05\/POST-21-JUNIO-rrss.jpg\",\"contentUrl\":\"https:\/\/turismo.ayto-nuevobaztan.es\/wp-content\/uploads\/2025\/05\/POST-21-JUNIO-rrss.jpg\",\"width\":1080,\"height\":1350},{\"@type\":\"BreadcrumbList\",\"@id\":\"https:\/\/turismo.ayto-nuevobaztan.es\/es\/noticias\/un-ano-mas-mercado-de-palacio-edicion-de-junio\/#breadcrumb\",\"itemListElement\":[{\"@type\":\"ListItem\",\"position\":1,\"name\":\"Inicio\",\"item\":\"https:\/\/turismo.ayto-nuevobaztan.es\/es\/\"},{\"@type\":\"ListItem\",\"position\":2,\"name\":\"Un a\u00f1o m\u00e1s \u201cMercado de Palacio\u201d edici\u00f3n de junio\"}]},{\"@type\":\"WebSite\",\"@id\":\"https:\/\/turismo.ayto-nuevobaztan.es\/es\/#website\",\"url\":\"https:\/\/turismo.ayto-nuevobaztan.es\/es\/\",\"name\":\"Turismo Nuevo Bazt\u00e1n\",\"description\":\"\",\"publisher\":{\"@id\":\"https:\/\/turismo.ayto-nuevobaztan.es\/es\/#organization\"},\"potentialAction\":[{\"@type\":\"SearchAction\",\"target\":{\"@type\":\"EntryPoint\",\"urlTemplate\":\"https:\/\/turismo.ayto-nuevobaztan.es\/es\/?s={search_term_string}\"},\"query-input\":{\"@type\":\"PropertyValueSpecification\",\"valueRequired\":true,\"valueName\":\"search_term_string\"}}],\"inLanguage\":\"es\"},{\"@type\":\"Organization\",\"@id\":\"https:\/\/turismo.ayto-nuevobaztan.es\/es\/#organization\",\"name\":\"Turismo Nuevo Bazt\u00e1n\",\"url\":\"https:\/\/turismo.ayto-nuevobaztan.es\/es\/\",\"logo\":{\"@type\":\"ImageObject\",\"inLanguage\":\"es\",\"@id\":\"https:\/\/turismo.ayto-nuevobaztan.es\/es\/#\/schema\/logo\/image\/\",\"url\":\"https:\/\/turismo.ayto-nuevobaztan.es\/wp-content\/uploads\/2025\/12\/logo.png\",\"contentUrl\":\"https:\/\/turismo.ayto-nuevobaztan.es\/wp-content\/uploads\/2025\/12\/logo.png\",\"width\":1847,\"height\":1787,\"caption\":\"Turismo Nuevo Bazt\u00e1n\"},\"image\":{\"@id\":\"https:\/\/turismo.ayto-nuevobaztan.es\/es\/#\/schema\/logo\/image\/\"},\"sameAs\":[\"https:\/\/www.facebook.com\/turismonuevobaztan\/\",\"https:\/\/x.com\/TurismoNBaztan\"]},{\"@type\":\"Person\",\"@id\":\"https:\/\/turismo.ayto-nuevobaztan.es\/es\/#\/schema\/person\/bc781c848e33ae71437002fa79b5c3df\",\"name\":\"Turismo Nuevo Bazt\u00e1n\",\"image\":{\"@type\":\"ImageObject\",\"inLanguage\":\"es\",\"@id\":\"https:\/\/secure.gravatar.com\/avatar\/c34f0d8aae58e8accb5d24f13ebda51911caa6f3106f7c0db25bd0888b071620?s=96&d=mm&r=g\",\"url\":\"https:\/\/secure.gravatar.com\/avatar\/c34f0d8aae58e8accb5d24f13ebda51911caa6f3106f7c0db25bd0888b071620?s=96&d=mm&r=g\",\"contentUrl\":\"https:\/\/secure.gravatar.com\/avatar\/c34f0d8aae58e8accb5d24f13ebda51911caa6f3106f7c0db25bd0888b071620?s=96&d=mm&r=g\",\"caption\":\"Turismo Nuevo Bazt\u00e1n\"},\"url\":\"#\"}]}<\/script>\n<!-- \/ Yoast SEO plugin. -->","yoast_head_json":{"title":"Un a\u00f1o m\u00e1s \u201cMercado de Palacio\u201d edici\u00f3n de junio","description":"Te proponemos forma parte de esta actividad que congrega a los vecinos y visitantes de Nuevo Bazt\u00e1n alrededor de Conjunto Hist\u00f3rico.","robots":{"index":"index","follow":"follow","max-snippet":"max-snippet:-1","max-image-preview":"max-image-preview:large","max-video-preview":"max-video-preview:-1"},"canonical":"https:\/\/turismo.ayto-nuevobaztan.es\/es\/noticias\/un-ano-mas-mercado-de-palacio-edicion-de-junio\/","og_locale":"es_ES","og_type":"article","og_title":"Un a\u00f1o m\u00e1s \u201cMercado de Palacio\u201d edici\u00f3n de junio","og_description":"Te proponemos forma parte de esta actividad que congrega a los vecinos y visitantes de Nuevo Bazt\u00e1n alrededor de Conjunto Hist\u00f3rico.","og_url":"https:\/\/turismo.ayto-nuevobaztan.es\/es\/noticias\/un-ano-mas-mercado-de-palacio-edicion-de-junio\/","og_site_name":"Turismo Nuevo Bazt\u00e1n","article_publisher":"https:\/\/www.facebook.com\/turismonuevobaztan\/","article_published_time":"2025-05-23T10:58:32+00:00","og_image":[{"width":1080,"height":1350,"url":"https:\/\/turismo.ayto-nuevobaztan.es\/wp-content\/uploads\/2025\/05\/POST-21-JUNIO-rrss.jpg","type":"image\/jpeg"}],"author":"Turismo Nuevo Bazt\u00e1n","twitter_card":"summary_large_image","twitter_creator":"@TurismoNBaztan","twitter_site":"@TurismoNBaztan","twitter_misc":{"Escrito por":"Turismo Nuevo Bazt\u00e1n","Tiempo de lectura":"1 minuto"},"schema":{"@context":"https:\/\/schema.org","@graph":[{"@type":"Article","@id":"https:\/\/turismo.ayto-nuevobaztan.es\/es\/noticias\/un-ano-mas-mercado-de-palacio-edicion-de-junio\/#article","isPartOf":{"@id":"https:\/\/turismo.ayto-nuevobaztan.es\/es\/noticias\/un-ano-mas-mercado-de-palacio-edicion-de-junio\/"},"author":{"name":"Turismo Nuevo Bazt\u00e1n","@id":"https:\/\/turismo.ayto-nuevobaztan.es\/es\/#\/schema\/person\/bc781c848e33ae71437002fa79b5c3df"},"headline":"Un a\u00f1o m\u00e1s \u201cMercado de Palacio\u201d edici\u00f3n de junio","datePublished":"2025-05-23T10:58:32+00:00","mainEntityOfPage":{"@id":"https:\/\/turismo.ayto-nuevobaztan.es\/es\/noticias\/un-ano-mas-mercado-de-palacio-edicion-de-junio\/"},"wordCount":138,"publisher":{"@id":"https:\/\/turismo.ayto-nuevobaztan.es\/es\/#organization"},"image":{"@id":"https:\/\/turismo.ayto-nuevobaztan.es\/es\/noticias\/un-ano-mas-mercado-de-palacio-edicion-de-junio\/#primaryimage"},"thumbnailUrl":"https:\/\/turismo.ayto-nuevobaztan.es\/wp-content\/uploads\/2025\/05\/POST-21-JUNIO-rrss.jpg","keywords":["Comercio","Mercado","Mercado de Palacio","Palacio","Turismo"],"articleSection":["actividades"],"inLanguage":"es"},{"@type":"WebPage","@id":"https:\/\/turismo.ayto-nuevobaztan.es\/es\/noticias\/un-ano-mas-mercado-de-palacio-edicion-de-junio\/","url":"https:\/\/turismo.ayto-nuevobaztan.es\/es\/noticias\/un-ano-mas-mercado-de-palacio-edicion-de-junio\/","name":"Un a\u00f1o m\u00e1s \u201cMercado de Palacio\u201d edici\u00f3n de junio","isPartOf":{"@id":"https:\/\/turismo.ayto-nuevobaztan.es\/es\/#website"},"primaryImageOfPage":{"@id":"https:\/\/turismo.ayto-nuevobaztan.es\/es\/noticias\/un-ano-mas-mercado-de-palacio-edicion-de-junio\/#primaryimage"},"image":{"@id":"https:\/\/turismo.ayto-nuevobaztan.es\/es\/noticias\/un-ano-mas-mercado-de-palacio-edicion-de-junio\/#primaryimage"},"thumbnailUrl":"https:\/\/turismo.ayto-nuevobaztan.es\/wp-content\/uploads\/2025\/05\/POST-21-JUNIO-rrss.jpg","datePublished":"2025-05-23T10:58:32+00:00","description":"Te proponemos forma parte de esta actividad que congrega a los vecinos y visitantes de Nuevo Bazt\u00e1n alrededor de Conjunto Hist\u00f3rico.","breadcrumb":{"@id":"https:\/\/turismo.ayto-nuevobaztan.es\/es\/noticias\/un-ano-mas-mercado-de-palacio-edicion-de-junio\/#breadcrumb"},"inLanguage":"es","potentialAction":[{"@type":"ReadAction","target":["https:\/\/turismo.ayto-nuevobaztan.es\/es\/noticias\/un-ano-mas-mercado-de-palacio-edicion-de-junio\/"]}]},{"@type":"ImageObject","inLanguage":"es","@id":"https:\/\/turismo.ayto-nuevobaztan.es\/es\/noticias\/un-ano-mas-mercado-de-palacio-edicion-de-junio\/#primaryimage","url":"https:\/\/turismo.ayto-nuevobaztan.es\/wp-content\/uploads\/2025\/05\/POST-21-JUNIO-rrss.jpg","contentUrl":"https:\/\/turismo.ayto-nuevobaztan.es\/wp-content\/uploads\/2025\/05\/POST-21-JUNIO-rrss.jpg","width":1080,"height":1350},{"@type":"BreadcrumbList","@id":"https:\/\/turismo.ayto-nuevobaztan.es\/es\/noticias\/un-ano-mas-mercado-de-palacio-edicion-de-junio\/#breadcrumb","itemListElement":[{"@type":"ListItem","position":1,"name":"Inicio","item":"https:\/\/turismo.ayto-nuevobaztan.es\/es\/"},{"@type":"ListItem","position":2,"name":"Un a\u00f1o m\u00e1s \u201cMercado de Palacio\u201d edici\u00f3n de junio"}]},{"@type":"WebSite","@id":"https:\/\/turismo.ayto-nuevobaztan.es\/es\/#website","url":"https:\/\/turismo.ayto-nuevobaztan.es\/es\/","name":"Turismo Nuevo Bazt\u00e1n","description":"","publisher":{"@id":"https:\/\/turismo.ayto-nuevobaztan.es\/es\/#organization"},"potentialAction":[{"@type":"SearchAction","target":{"@type":"EntryPoint","urlTemplate":"https:\/\/turismo.ayto-nuevobaztan.es\/es\/?s={search_term_string}"},"query-input":{"@type":"PropertyValueSpecification","valueRequired":true,"valueName":"search_term_string"}}],"inLanguage":"es"},{"@type":"Organization","@id":"https:\/\/turismo.ayto-nuevobaztan.es\/es\/#organization","name":"Turismo Nuevo Bazt\u00e1n","url":"https:\/\/turismo.ayto-nuevobaztan.es\/es\/","logo":{"@type":"ImageObject","inLanguage":"es","@id":"https:\/\/turismo.ayto-nuevobaztan.es\/es\/#\/schema\/logo\/image\/","url":"https:\/\/turismo.ayto-nuevobaztan.es\/wp-content\/uploads\/2025\/12\/logo.png","contentUrl":"https:\/\/turismo.ayto-nuevobaztan.es\/wp-content\/uploads\/2025\/12\/logo.png","width":1847,"height":1787,"caption":"Turismo Nuevo Bazt\u00e1n"},"image":{"@id":"https:\/\/turismo.ayto-nuevobaztan.es\/es\/#\/schema\/logo\/image\/"},"sameAs":["https:\/\/www.facebook.com\/turismonuevobaztan\/","https:\/\/x.com\/TurismoNBaztan"]},{"@type":"Person","@id":"https:\/\/turismo.ayto-nuevobaztan.es\/es\/#\/schema\/person\/bc781c848e33ae71437002fa79b5c3df","name":"Turismo Nuevo Bazt\u00e1n","image":{"@type":"ImageObject","inLanguage":"es","@id":"https:\/\/secure.gravatar.com\/avatar\/c34f0d8aae58e8accb5d24f13ebda51911caa6f3106f7c0db25bd0888b071620?s=96&d=mm&r=g","url":"https:\/\/secure.gravatar.com\/avatar\/c34f0d8aae58e8accb5d24f13ebda51911caa6f3106f7c0db25bd0888b071620?s=96&d=mm&r=g","contentUrl":"https:\/\/secure.gravatar.com\/avatar\/c34f0d8aae58e8accb5d24f13ebda51911caa6f3106f7c0db25bd0888b071620?s=96&d=mm&r=g","caption":"Turismo Nuevo Bazt\u00e1n"},"url":"#"}]}},"_links":{"self":[{"href":"https:\/\/turismo.ayto-nuevobaztan.es\/es\/wp-json\/wp\/v2\/posts\/2190","targetHints":{"allow":["GET"]}}],"collection":[{"href":"https:\/\/turismo.ayto-nuevobaztan.es\/es\/wp-json\/wp\/v2\/posts"}],"about":[{"href":"https:\/\/turismo.ayto-nuevobaztan.es\/es\/wp-json\/wp\/v2\/types\/post"}],"author":[{"embeddable":true,"href":"https:\/\/turismo.ayto-nuevobaztan.es\/es\/wp-json\/wp\/v2\/users\/2"}],"replies":[{"embeddable":true,"href":"https:\/\/turismo.ayto-nuevobaztan.es\/es\/wp-json\/wp\/v2\/comments?post=2190"}],"version-history":[{"count":0,"href":"https:\/\/turismo.ayto-nuevobaztan.es\/es\/wp-json\/wp\/v2\/posts\/2190\/revisions"}],"wp:featuredmedia":[{"embeddable":true,"href":"https:\/\/turismo.ayto-nuevobaztan.es\/es\/wp-json\/wp\/v2\/media\/2191"}],"wp:attachment":[{"href":"https:\/\/turismo.ayto-nuevobaztan.es\/es\/wp-json\/wp\/v2\/media?parent=2190"}],"wp:term":[{"taxonomy":"category","embeddable":true,"href":"https:\/\/turismo.ayto-nuevobaztan.es\/es\/wp-json\/wp\/v2\/categories?post=2190"},{"taxonomy":"post_tag","embeddable":true,"href":"https:\/\/turismo.ayto-nuevobaztan.es\/es\/wp-json\/wp\/v2\/tags?post=2190"}],"curies":[{"name":"wp","href":"https:\/\/api.w.org\/{rel}","templated":true}]}}