{"id":2179,"date":"2025-05-20T13:00:12","date_gmt":"2025-05-20T11:00:12","guid":{"rendered":"https:\/\/turismo.ayto-nuevobaztan.es\/?p=2179"},"modified":"2025-05-20T13:00:12","modified_gmt":"2025-05-20T11:00:12","slug":"las-calles-del-conjunto-historico-se-llenan-de-libros","status":"publish","type":"post","link":"https:\/\/turismo.ayto-nuevobaztan.es\/es\/noticias\/las-calles-del-conjunto-historico-se-llenan-de-libros\/","title":{"rendered":"Las calles del Conjunto Hist\u00f3rico se llenan de libros"},"content":{"rendered":"<p><span data-contrast=\"none\"><a href=\"https:\/\/turismo.ayto-nuevobaztan.es\/wp-content\/uploads\/2025\/05\/Cartel-Programacion-III-FERIA-DEL-LIBRO-webb.jpg\" target=\"_blank\" rel=\"noopener\"><img loading=\"lazy\" decoding=\"async\" class=\"alignleft wp-image-2187 size-medium\" src=\"https:\/\/turismo.ayto-nuevobaztan.es\/wp-content\/uploads\/2025\/05\/Cartel-Programacion-III-FERIA-DEL-LIBRO-webb-212x300.jpg\" alt=\"Programaci\u00f3n III Feria del Libro de Nuevo Bazt\u00e1n\" width=\"212\" height=\"300\" \/><\/a>La concejal\u00eda de Cultura ha organizado esta nueva edici\u00f3n de la Feria del Libro con la idea de que nuestras calles sean un punto de encuentro de escritores, editoriales, librer\u00edas, ilustradores y todos aquellos profesionales que pertenecen al mundo del libro y de la cultura. Los puestos estar\u00e1n ubicados en los jardines de la Plaza de la Iglesia frente al Palacio Juan de Goyeneche. Otras actividades se realizar\u00e1n en la Plaza del secreto. Y las presentaciones y firmas se realizar\u00e1n en el patio interior del Palacio. La Feria estar\u00e1 abierta desde las 11 de la ma\u00f1ana del s\u00e1bado y cerrar\u00e1 sus puertas a las 15 horas del domingo.<\/span><span data-ccp-props=\"{&quot;134233117&quot;:false,&quot;134233118&quot;:false,&quot;201341983&quot;:0,&quot;335551550&quot;:6,&quot;335551620&quot;:6,&quot;335557856&quot;:16777215,&quot;335559738&quot;:0,&quot;335559739&quot;:408,&quot;335559740&quot;:360}\">\u00a0<\/span><\/p>\n<p><span data-contrast=\"none\">Durante la <\/span><b><span data-contrast=\"none\">III FERIA DEL LIBRO NUEVO BAZT\u00c1N <\/span><\/b><span data-contrast=\"none\">tendremos la oportunidad de acercarnos a los autores. Tendremos presentaciones en una zona exclusiva y reservada en el patio del Palacio Juan de Goyeneche. Desde primera hora del s\u00e1bado se realizar\u00e1n presentaciones.<\/span><span data-ccp-props=\"{&quot;134233117&quot;:false,&quot;134233118&quot;:false,&quot;201341983&quot;:0,&quot;335551550&quot;:6,&quot;335551620&quot;:6,&quot;335557856&quot;:16777215,&quot;335559738&quot;:0,&quot;335559739&quot;:408,&quot;335559740&quot;:360}\">\u00a0<\/span><\/p>\n<p><span data-contrast=\"none\">El s\u00e1bado por la ma\u00f1ana nos presentar\u00e1n sus obras Marta Sebasti\u00e1n, Sergio Garc\u00eda Esteban, la Editorial Bohodon, Celeste Gomes y Daniel Piniella. Por la tarde desde las 4 estar\u00e1n la Asociaci\u00f3n Po\u00e9tica Cervantina, Guillermina de Tom\u00e1s, Cristina Garc\u00eda Aparicio, Elisa Rodr\u00edguez, Conchi Arag\u00f3n, Gabriel Herranz y Elena Tabachkova. El domingo presentar\u00e1n sus libros Alberto Blanco, Cristina S\u00e1nchez, Daniel Piniella y M\u00f3nica Parram\u00f3n.<\/span><span data-ccp-props=\"{&quot;134233117&quot;:false,&quot;134233118&quot;:false,&quot;201341983&quot;:0,&quot;335551550&quot;:6,&quot;335551620&quot;:6,&quot;335557856&quot;:16777215,&quot;335559738&quot;:0,&quot;335559739&quot;:408,&quot;335559740&quot;:360}\">\u00a0<\/span><\/p>\n<p><span data-contrast=\"none\">En el jard\u00edn de la Plaza de la Iglesia estar\u00e1n los 20 expositores que ya han confirmado su asistencia. Los puestos estar\u00e1n abiertos entre las 11 de la ma\u00f1ana del s\u00e1bado a las 21 horas y el domingo de las 11 a las 15 horas. <\/span><span data-ccp-props=\"{&quot;134233117&quot;:false,&quot;134233118&quot;:false,&quot;201341983&quot;:0,&quot;335551550&quot;:6,&quot;335551620&quot;:6,&quot;335557856&quot;:16777215,&quot;335559738&quot;:0,&quot;335559739&quot;:408,&quot;335559740&quot;:360}\">\u00a0<\/span><\/p>\n<p><span data-contrast=\"none\">Y por supuesto a lo largo de toda la Feria tendremos diferentes actividades para todos los visitantes. El s\u00e1bado un Cuentacuentos de Maribel Dom\u00ednguez a las 17 horas y a las 20 horas un recital de poes\u00eda y narrativa en los Jardines de Palacio. El domingo abriremos a las 11 de la ma\u00f1ana con un Cuentacuentos Infantil de Mari Carmen Gonz\u00e1lez y sorpresas dentro de la ma\u00f1ana. Desde las 13:15 horas se entregar\u00e1n los premios del Certamen Literario que la concejal\u00eda de Cultura y la Asociaci\u00f3n la Goyenesca han promovido.<\/span><span data-ccp-props=\"{&quot;134233117&quot;:false,&quot;134233118&quot;:false,&quot;201341983&quot;:0,&quot;335551550&quot;:6,&quot;335551620&quot;:6,&quot;335557856&quot;:16777215,&quot;335559738&quot;:0,&quot;335559739&quot;:408,&quot;335559740&quot;:360}\">\u00a0<\/span><\/p>\n","protected":false},"excerpt":{"rendered":"<p>La concejal\u00eda de Cultura ha organizado esta nueva edici\u00f3n de la Feria del Libro con la idea de que nuestras calles sean un punto de encuentro de escritores, editoriales, librer\u00edas, ilustradores y todos aquellos profesionales que pertenecen al mundo del libro y de la cultura. Los puestos estar\u00e1n ubicados en los jardines de la Plaza&hellip;<\/p>\n","protected":false},"author":2,"featured_media":0,"comment_status":"closed","ping_status":"closed","sticky":false,"template":"","format":"standard","meta":{"_acf_changed":false,"footnotes":""},"categories":[14],"tags":[231,65,233,237,29,39],"class_list":["post-2179","post","type-post","status-publish","format-standard","hentry","category-actividades-nuevo-batzan","tag-autores","tag-cultura","tag-feria-del-libro","tag-libros","tag-nuevo-baztan","tag-turismo"],"acf":[],"yoast_head":"<!-- This site is optimized with the Yoast SEO plugin v27.2 - https:\/\/yoast.com\/product\/yoast-seo-wordpress\/ -->\n<title>Las calles del Conjunto Hist\u00f3rico se llenan de libros.<\/title>\n<meta name=\"description\" content=\"Este pr\u00f3ximo fin de semana 24 y 25 de mayo se celebra en Nuevo Bazt\u00e1n la III Feria del Libro.\" \/>\n<meta name=\"robots\" content=\"index, follow, max-snippet:-1, max-image-preview:large, max-video-preview:-1\" \/>\n<link rel=\"canonical\" href=\"https:\/\/turismo.ayto-nuevobaztan.es\/es\/noticias\/las-calles-del-conjunto-historico-se-llenan-de-libros\/\" \/>\n<meta property=\"og:locale\" content=\"es_ES\" \/>\n<meta property=\"og:type\" content=\"article\" \/>\n<meta property=\"og:title\" content=\"Las calles del Conjunto Hist\u00f3rico se llenan de libros.\" \/>\n<meta property=\"og:description\" content=\"Este pr\u00f3ximo fin de semana 24 y 25 de mayo se celebra en Nuevo Bazt\u00e1n la III Feria del Libro.\" \/>\n<meta property=\"og:url\" content=\"https:\/\/turismo.ayto-nuevobaztan.es\/es\/noticias\/las-calles-del-conjunto-historico-se-llenan-de-libros\/\" \/>\n<meta property=\"og:site_name\" content=\"Turismo Nuevo Bazt\u00e1n\" \/>\n<meta property=\"article:publisher\" content=\"https:\/\/www.facebook.com\/turismonuevobaztan\/\" \/>\n<meta property=\"article:published_time\" content=\"2025-05-20T11:00:12+00:00\" \/>\n<meta name=\"author\" content=\"Turismo Nuevo Bazt\u00e1n\" \/>\n<meta name=\"twitter:card\" content=\"summary_large_image\" \/>\n<meta name=\"twitter:image\" content=\"https:\/\/turismo.ayto-nuevobaztan.es\/wp-content\/uploads\/2025\/05\/Cartel-Programacion-III-FERIA-DEL-LIBRO-webb-212x300.jpg\" \/>\n<meta name=\"twitter:creator\" content=\"@TurismoNBaztan\" \/>\n<meta name=\"twitter:site\" content=\"@TurismoNBaztan\" \/>\n<meta name=\"twitter:label1\" content=\"Escrito por\" \/>\n\t<meta name=\"twitter:data1\" content=\"Turismo Nuevo Bazt\u00e1n\" \/>\n\t<meta name=\"twitter:label2\" content=\"Tiempo de lectura\" \/>\n\t<meta name=\"twitter:data2\" content=\"2 minutos\" \/>\n<script type=\"application\/ld+json\" class=\"yoast-schema-graph\">{\"@context\":\"https:\/\/schema.org\",\"@graph\":[{\"@type\":\"Article\",\"@id\":\"https:\/\/turismo.ayto-nuevobaztan.es\/es\/noticias\/las-calles-del-conjunto-historico-se-llenan-de-libros\/#article\",\"isPartOf\":{\"@id\":\"https:\/\/turismo.ayto-nuevobaztan.es\/es\/noticias\/las-calles-del-conjunto-historico-se-llenan-de-libros\/\"},\"author\":{\"name\":\"Turismo Nuevo Bazt\u00e1n\",\"@id\":\"https:\/\/turismo.ayto-nuevobaztan.es\/es\/#\/schema\/person\/bc781c848e33ae71437002fa79b5c3df\"},\"headline\":\"Las calles del Conjunto Hist\u00f3rico se llenan de libros\",\"datePublished\":\"2025-05-20T11:00:12+00:00\",\"mainEntityOfPage\":{\"@id\":\"https:\/\/turismo.ayto-nuevobaztan.es\/es\/noticias\/las-calles-del-conjunto-historico-se-llenan-de-libros\/\"},\"wordCount\":384,\"publisher\":{\"@id\":\"https:\/\/turismo.ayto-nuevobaztan.es\/es\/#organization\"},\"image\":{\"@id\":\"https:\/\/turismo.ayto-nuevobaztan.es\/es\/noticias\/las-calles-del-conjunto-historico-se-llenan-de-libros\/#primaryimage\"},\"thumbnailUrl\":\"https:\/\/turismo.ayto-nuevobaztan.es\/wp-content\/uploads\/2025\/05\/Cartel-Programacion-III-FERIA-DEL-LIBRO-webb-212x300.jpg\",\"keywords\":[\"Autores\",\"cultura\",\"Feria del Libro\",\"Libros\",\"Nuevo Bazt\u00e1n\",\"Turismo\"],\"articleSection\":[\"actividades\"],\"inLanguage\":\"es\"},{\"@type\":\"WebPage\",\"@id\":\"https:\/\/turismo.ayto-nuevobaztan.es\/es\/noticias\/las-calles-del-conjunto-historico-se-llenan-de-libros\/\",\"url\":\"https:\/\/turismo.ayto-nuevobaztan.es\/es\/noticias\/las-calles-del-conjunto-historico-se-llenan-de-libros\/\",\"name\":\"Las calles del Conjunto Hist\u00f3rico se llenan de libros.\",\"isPartOf\":{\"@id\":\"https:\/\/turismo.ayto-nuevobaztan.es\/es\/#website\"},\"primaryImageOfPage\":{\"@id\":\"https:\/\/turismo.ayto-nuevobaztan.es\/es\/noticias\/las-calles-del-conjunto-historico-se-llenan-de-libros\/#primaryimage\"},\"image\":{\"@id\":\"https:\/\/turismo.ayto-nuevobaztan.es\/es\/noticias\/las-calles-del-conjunto-historico-se-llenan-de-libros\/#primaryimage\"},\"thumbnailUrl\":\"https:\/\/turismo.ayto-nuevobaztan.es\/wp-content\/uploads\/2025\/05\/Cartel-Programacion-III-FERIA-DEL-LIBRO-webb-212x300.jpg\",\"datePublished\":\"2025-05-20T11:00:12+00:00\",\"description\":\"Este pr\u00f3ximo fin de semana 24 y 25 de mayo se celebra en Nuevo Bazt\u00e1n la III Feria del Libro.\",\"breadcrumb\":{\"@id\":\"https:\/\/turismo.ayto-nuevobaztan.es\/es\/noticias\/las-calles-del-conjunto-historico-se-llenan-de-libros\/#breadcrumb\"},\"inLanguage\":\"es\",\"potentialAction\":[{\"@type\":\"ReadAction\",\"target\":[\"https:\/\/turismo.ayto-nuevobaztan.es\/es\/noticias\/las-calles-del-conjunto-historico-se-llenan-de-libros\/\"]}]},{\"@type\":\"ImageObject\",\"inLanguage\":\"es\",\"@id\":\"https:\/\/turismo.ayto-nuevobaztan.es\/es\/noticias\/las-calles-del-conjunto-historico-se-llenan-de-libros\/#primaryimage\",\"url\":\"https:\/\/turismo.ayto-nuevobaztan.es\/wp-content\/uploads\/2025\/05\/Cartel-Programacion-III-FERIA-DEL-LIBRO-webb-212x300.jpg\",\"contentUrl\":\"https:\/\/turismo.ayto-nuevobaztan.es\/wp-content\/uploads\/2025\/05\/Cartel-Programacion-III-FERIA-DEL-LIBRO-webb-212x300.jpg\"},{\"@type\":\"BreadcrumbList\",\"@id\":\"https:\/\/turismo.ayto-nuevobaztan.es\/es\/noticias\/las-calles-del-conjunto-historico-se-llenan-de-libros\/#breadcrumb\",\"itemListElement\":[{\"@type\":\"ListItem\",\"position\":1,\"name\":\"Inicio\",\"item\":\"https:\/\/turismo.ayto-nuevobaztan.es\/es\/\"},{\"@type\":\"ListItem\",\"position\":2,\"name\":\"Las calles del Conjunto Hist\u00f3rico se llenan de libros\"}]},{\"@type\":\"WebSite\",\"@id\":\"https:\/\/turismo.ayto-nuevobaztan.es\/es\/#website\",\"url\":\"https:\/\/turismo.ayto-nuevobaztan.es\/es\/\",\"name\":\"Turismo Nuevo Bazt\u00e1n\",\"description\":\"\",\"publisher\":{\"@id\":\"https:\/\/turismo.ayto-nuevobaztan.es\/es\/#organization\"},\"potentialAction\":[{\"@type\":\"SearchAction\",\"target\":{\"@type\":\"EntryPoint\",\"urlTemplate\":\"https:\/\/turismo.ayto-nuevobaztan.es\/es\/?s={search_term_string}\"},\"query-input\":{\"@type\":\"PropertyValueSpecification\",\"valueRequired\":true,\"valueName\":\"search_term_string\"}}],\"inLanguage\":\"es\"},{\"@type\":\"Organization\",\"@id\":\"https:\/\/turismo.ayto-nuevobaztan.es\/es\/#organization\",\"name\":\"Turismo Nuevo Bazt\u00e1n\",\"url\":\"https:\/\/turismo.ayto-nuevobaztan.es\/es\/\",\"logo\":{\"@type\":\"ImageObject\",\"inLanguage\":\"es\",\"@id\":\"https:\/\/turismo.ayto-nuevobaztan.es\/es\/#\/schema\/logo\/image\/\",\"url\":\"https:\/\/turismo.ayto-nuevobaztan.es\/wp-content\/uploads\/2025\/12\/logo.png\",\"contentUrl\":\"https:\/\/turismo.ayto-nuevobaztan.es\/wp-content\/uploads\/2025\/12\/logo.png\",\"width\":1847,\"height\":1787,\"caption\":\"Turismo Nuevo Bazt\u00e1n\"},\"image\":{\"@id\":\"https:\/\/turismo.ayto-nuevobaztan.es\/es\/#\/schema\/logo\/image\/\"},\"sameAs\":[\"https:\/\/www.facebook.com\/turismonuevobaztan\/\",\"https:\/\/x.com\/TurismoNBaztan\"]},{\"@type\":\"Person\",\"@id\":\"https:\/\/turismo.ayto-nuevobaztan.es\/es\/#\/schema\/person\/bc781c848e33ae71437002fa79b5c3df\",\"name\":\"Turismo Nuevo Bazt\u00e1n\",\"image\":{\"@type\":\"ImageObject\",\"inLanguage\":\"es\",\"@id\":\"https:\/\/secure.gravatar.com\/avatar\/c34f0d8aae58e8accb5d24f13ebda51911caa6f3106f7c0db25bd0888b071620?s=96&d=mm&r=g\",\"url\":\"https:\/\/secure.gravatar.com\/avatar\/c34f0d8aae58e8accb5d24f13ebda51911caa6f3106f7c0db25bd0888b071620?s=96&d=mm&r=g\",\"contentUrl\":\"https:\/\/secure.gravatar.com\/avatar\/c34f0d8aae58e8accb5d24f13ebda51911caa6f3106f7c0db25bd0888b071620?s=96&d=mm&r=g\",\"caption\":\"Turismo Nuevo Bazt\u00e1n\"},\"url\":\"#\"}]}<\/script>\n<!-- \/ Yoast SEO plugin. -->","yoast_head_json":{"title":"Las calles del Conjunto Hist\u00f3rico se llenan de libros.","description":"Este pr\u00f3ximo fin de semana 24 y 25 de mayo se celebra en Nuevo Bazt\u00e1n la III Feria del Libro.","robots":{"index":"index","follow":"follow","max-snippet":"max-snippet:-1","max-image-preview":"max-image-preview:large","max-video-preview":"max-video-preview:-1"},"canonical":"https:\/\/turismo.ayto-nuevobaztan.es\/es\/noticias\/las-calles-del-conjunto-historico-se-llenan-de-libros\/","og_locale":"es_ES","og_type":"article","og_title":"Las calles del Conjunto Hist\u00f3rico se llenan de libros.","og_description":"Este pr\u00f3ximo fin de semana 24 y 25 de mayo se celebra en Nuevo Bazt\u00e1n la III Feria del Libro.","og_url":"https:\/\/turismo.ayto-nuevobaztan.es\/es\/noticias\/las-calles-del-conjunto-historico-se-llenan-de-libros\/","og_site_name":"Turismo Nuevo Bazt\u00e1n","article_publisher":"https:\/\/www.facebook.com\/turismonuevobaztan\/","article_published_time":"2025-05-20T11:00:12+00:00","author":"Turismo Nuevo Bazt\u00e1n","twitter_card":"summary_large_image","twitter_image":"https:\/\/turismo.ayto-nuevobaztan.es\/wp-content\/uploads\/2025\/05\/Cartel-Programacion-III-FERIA-DEL-LIBRO-webb-212x300.jpg","twitter_creator":"@TurismoNBaztan","twitter_site":"@TurismoNBaztan","twitter_misc":{"Escrito por":"Turismo Nuevo Bazt\u00e1n","Tiempo de lectura":"2 minutos"},"schema":{"@context":"https:\/\/schema.org","@graph":[{"@type":"Article","@id":"https:\/\/turismo.ayto-nuevobaztan.es\/es\/noticias\/las-calles-del-conjunto-historico-se-llenan-de-libros\/#article","isPartOf":{"@id":"https:\/\/turismo.ayto-nuevobaztan.es\/es\/noticias\/las-calles-del-conjunto-historico-se-llenan-de-libros\/"},"author":{"name":"Turismo Nuevo Bazt\u00e1n","@id":"https:\/\/turismo.ayto-nuevobaztan.es\/es\/#\/schema\/person\/bc781c848e33ae71437002fa79b5c3df"},"headline":"Las calles del Conjunto Hist\u00f3rico se llenan de libros","datePublished":"2025-05-20T11:00:12+00:00","mainEntityOfPage":{"@id":"https:\/\/turismo.ayto-nuevobaztan.es\/es\/noticias\/las-calles-del-conjunto-historico-se-llenan-de-libros\/"},"wordCount":384,"publisher":{"@id":"https:\/\/turismo.ayto-nuevobaztan.es\/es\/#organization"},"image":{"@id":"https:\/\/turismo.ayto-nuevobaztan.es\/es\/noticias\/las-calles-del-conjunto-historico-se-llenan-de-libros\/#primaryimage"},"thumbnailUrl":"https:\/\/turismo.ayto-nuevobaztan.es\/wp-content\/uploads\/2025\/05\/Cartel-Programacion-III-FERIA-DEL-LIBRO-webb-212x300.jpg","keywords":["Autores","cultura","Feria del Libro","Libros","Nuevo Bazt\u00e1n","Turismo"],"articleSection":["actividades"],"inLanguage":"es"},{"@type":"WebPage","@id":"https:\/\/turismo.ayto-nuevobaztan.es\/es\/noticias\/las-calles-del-conjunto-historico-se-llenan-de-libros\/","url":"https:\/\/turismo.ayto-nuevobaztan.es\/es\/noticias\/las-calles-del-conjunto-historico-se-llenan-de-libros\/","name":"Las calles del Conjunto Hist\u00f3rico se llenan de libros.","isPartOf":{"@id":"https:\/\/turismo.ayto-nuevobaztan.es\/es\/#website"},"primaryImageOfPage":{"@id":"https:\/\/turismo.ayto-nuevobaztan.es\/es\/noticias\/las-calles-del-conjunto-historico-se-llenan-de-libros\/#primaryimage"},"image":{"@id":"https:\/\/turismo.ayto-nuevobaztan.es\/es\/noticias\/las-calles-del-conjunto-historico-se-llenan-de-libros\/#primaryimage"},"thumbnailUrl":"https:\/\/turismo.ayto-nuevobaztan.es\/wp-content\/uploads\/2025\/05\/Cartel-Programacion-III-FERIA-DEL-LIBRO-webb-212x300.jpg","datePublished":"2025-05-20T11:00:12+00:00","description":"Este pr\u00f3ximo fin de semana 24 y 25 de mayo se celebra en Nuevo Bazt\u00e1n la III Feria del Libro.","breadcrumb":{"@id":"https:\/\/turismo.ayto-nuevobaztan.es\/es\/noticias\/las-calles-del-conjunto-historico-se-llenan-de-libros\/#breadcrumb"},"inLanguage":"es","potentialAction":[{"@type":"ReadAction","target":["https:\/\/turismo.ayto-nuevobaztan.es\/es\/noticias\/las-calles-del-conjunto-historico-se-llenan-de-libros\/"]}]},{"@type":"ImageObject","inLanguage":"es","@id":"https:\/\/turismo.ayto-nuevobaztan.es\/es\/noticias\/las-calles-del-conjunto-historico-se-llenan-de-libros\/#primaryimage","url":"https:\/\/turismo.ayto-nuevobaztan.es\/wp-content\/uploads\/2025\/05\/Cartel-Programacion-III-FERIA-DEL-LIBRO-webb-212x300.jpg","contentUrl":"https:\/\/turismo.ayto-nuevobaztan.es\/wp-content\/uploads\/2025\/05\/Cartel-Programacion-III-FERIA-DEL-LIBRO-webb-212x300.jpg"},{"@type":"BreadcrumbList","@id":"https:\/\/turismo.ayto-nuevobaztan.es\/es\/noticias\/las-calles-del-conjunto-historico-se-llenan-de-libros\/#breadcrumb","itemListElement":[{"@type":"ListItem","position":1,"name":"Inicio","item":"https:\/\/turismo.ayto-nuevobaztan.es\/es\/"},{"@type":"ListItem","position":2,"name":"Las calles del Conjunto Hist\u00f3rico se llenan de libros"}]},{"@type":"WebSite","@id":"https:\/\/turismo.ayto-nuevobaztan.es\/es\/#website","url":"https:\/\/turismo.ayto-nuevobaztan.es\/es\/","name":"Turismo Nuevo Bazt\u00e1n","description":"","publisher":{"@id":"https:\/\/turismo.ayto-nuevobaztan.es\/es\/#organization"},"potentialAction":[{"@type":"SearchAction","target":{"@type":"EntryPoint","urlTemplate":"https:\/\/turismo.ayto-nuevobaztan.es\/es\/?s={search_term_string}"},"query-input":{"@type":"PropertyValueSpecification","valueRequired":true,"valueName":"search_term_string"}}],"inLanguage":"es"},{"@type":"Organization","@id":"https:\/\/turismo.ayto-nuevobaztan.es\/es\/#organization","name":"Turismo Nuevo Bazt\u00e1n","url":"https:\/\/turismo.ayto-nuevobaztan.es\/es\/","logo":{"@type":"ImageObject","inLanguage":"es","@id":"https:\/\/turismo.ayto-nuevobaztan.es\/es\/#\/schema\/logo\/image\/","url":"https:\/\/turismo.ayto-nuevobaztan.es\/wp-content\/uploads\/2025\/12\/logo.png","contentUrl":"https:\/\/turismo.ayto-nuevobaztan.es\/wp-content\/uploads\/2025\/12\/logo.png","width":1847,"height":1787,"caption":"Turismo Nuevo Bazt\u00e1n"},"image":{"@id":"https:\/\/turismo.ayto-nuevobaztan.es\/es\/#\/schema\/logo\/image\/"},"sameAs":["https:\/\/www.facebook.com\/turismonuevobaztan\/","https:\/\/x.com\/TurismoNBaztan"]},{"@type":"Person","@id":"https:\/\/turismo.ayto-nuevobaztan.es\/es\/#\/schema\/person\/bc781c848e33ae71437002fa79b5c3df","name":"Turismo Nuevo Bazt\u00e1n","image":{"@type":"ImageObject","inLanguage":"es","@id":"https:\/\/secure.gravatar.com\/avatar\/c34f0d8aae58e8accb5d24f13ebda51911caa6f3106f7c0db25bd0888b071620?s=96&d=mm&r=g","url":"https:\/\/secure.gravatar.com\/avatar\/c34f0d8aae58e8accb5d24f13ebda51911caa6f3106f7c0db25bd0888b071620?s=96&d=mm&r=g","contentUrl":"https:\/\/secure.gravatar.com\/avatar\/c34f0d8aae58e8accb5d24f13ebda51911caa6f3106f7c0db25bd0888b071620?s=96&d=mm&r=g","caption":"Turismo Nuevo Bazt\u00e1n"},"url":"#"}]}},"_links":{"self":[{"href":"https:\/\/turismo.ayto-nuevobaztan.es\/es\/wp-json\/wp\/v2\/posts\/2179","targetHints":{"allow":["GET"]}}],"collection":[{"href":"https:\/\/turismo.ayto-nuevobaztan.es\/es\/wp-json\/wp\/v2\/posts"}],"about":[{"href":"https:\/\/turismo.ayto-nuevobaztan.es\/es\/wp-json\/wp\/v2\/types\/post"}],"author":[{"embeddable":true,"href":"https:\/\/turismo.ayto-nuevobaztan.es\/es\/wp-json\/wp\/v2\/users\/2"}],"replies":[{"embeddable":true,"href":"https:\/\/turismo.ayto-nuevobaztan.es\/es\/wp-json\/wp\/v2\/comments?post=2179"}],"version-history":[{"count":0,"href":"https:\/\/turismo.ayto-nuevobaztan.es\/es\/wp-json\/wp\/v2\/posts\/2179\/revisions"}],"wp:attachment":[{"href":"https:\/\/turismo.ayto-nuevobaztan.es\/es\/wp-json\/wp\/v2\/media?parent=2179"}],"wp:term":[{"taxonomy":"category","embeddable":true,"href":"https:\/\/turismo.ayto-nuevobaztan.es\/es\/wp-json\/wp\/v2\/categories?post=2179"},{"taxonomy":"post_tag","embeddable":true,"href":"https:\/\/turismo.ayto-nuevobaztan.es\/es\/wp-json\/wp\/v2\/tags?post=2179"}],"curies":[{"name":"wp","href":"https:\/\/api.w.org\/{rel}","templated":true}]}}