{"id":2171,"date":"2025-05-19T10:54:15","date_gmt":"2025-05-19T08:54:15","guid":{"rendered":"https:\/\/turismo.ayto-nuevobaztan.es\/?p=2171"},"modified":"2025-05-19T10:54:15","modified_gmt":"2025-05-19T08:54:15","slug":"sabado-en-el-conjunto-historico-con-musica-y-vidrio","status":"publish","type":"post","link":"https:\/\/turismo.ayto-nuevobaztan.es\/es\/noticias\/sabado-en-el-conjunto-historico-con-musica-y-vidrio\/","title":{"rendered":"S\u00e1bado en el Conjunto Hist\u00f3rico con M\u00fasica y Vidrio"},"content":{"rendered":"<p><span data-contrast=\"none\">Los museos de la Comunidad de Madrid han celebrado este s\u00e1bado 17 de mayo el \u201cD\u00eda y la Noche de los Museos\u201d.<\/span><span data-ccp-props=\"{&quot;134233117&quot;:false,&quot;134233118&quot;:false,&quot;201341983&quot;:0,&quot;335551550&quot;:6,&quot;335551620&quot;:6,&quot;335557856&quot;:16777215,&quot;335559738&quot;:0,&quot;335559739&quot;:0,&quot;335559740&quot;:360}\">\u00a0<\/span><\/p>\n<p><span data-contrast=\"none\">E<\/span><span data-contrast=\"none\">n primer lugar, se celebr\u00f3 el Concierto \u201cFlores de m\u00fasica. Suites y sonatas\u201d interpretado por \u201cArs Combinatoria\u201d. Un recorrido a trav\u00e9s de la m\u00fasica del siglo XVIII que complementa la exposici\u00f3n \u201cEcos del Barroco. La banda sonora del Madrid de Goyeneche\u201d. Se celebr\u00f3 a las 12.30 h. en la Iglesia de San Francisco Javier. Piezas\u00a0de comienzos del siglo XVIII con autores espa\u00f1oles como Antonio Mart\u00edn y Coll o Juan de Ledesma. El lugar propici\u00f3 un ambiente perfecto para la m\u00fasica y as\u00ed lo valor\u00f3 el p\u00fablico que llen\u00f3 toda la sala.<\/span><span data-ccp-props=\"{&quot;134233117&quot;:false,&quot;134233118&quot;:false,&quot;201341983&quot;:0,&quot;335551550&quot;:6,&quot;335551620&quot;:6,&quot;335557856&quot;:16777215,&quot;335559738&quot;:0,&quot;335559739&quot;:0,&quot;335559740&quot;:360}\">\u00a0<\/span><\/p>\n<p><span data-contrast=\"none\">Ya por la tarde noche se llev\u00f3 a cabo el Taller y exhibici\u00f3n \u201cMaestros de la Real F\u00e1brica de La Granja en Nuevo Bazt\u00e1n\u201d. Esta ha sido una ocasi\u00f3n m\u00e1s para conocer de cerca la t\u00e9cnica del vidrio soplado. Desde las 21.00 h frente al Palacio Juan de Goyeneche. <\/span><span data-contrast=\"none\">Maestros procedentes de la Real F\u00e1brica de Cristales de La Granja se desplazaron hasta nuestro pueblo. Como siempre es un gusto poder disfrutar del arte del vidrio en nuestras calles.<\/span><span data-ccp-props=\"{&quot;134233117&quot;:false,&quot;134233118&quot;:false,&quot;201341983&quot;:0,&quot;335551550&quot;:6,&quot;335551620&quot;:6,&quot;335557856&quot;:16777215,&quot;335559738&quot;:0,&quot;335559739&quot;:0,&quot;335559740&quot;:360}\">\u00a0<\/span><\/p>\n<p><span data-contrast=\"none\">Estas actividades fueron organizadas por Consejer\u00eda de Cultura, Turismo y Deporte. Direcci\u00f3n General de Cultura e Industrias Creativas. Subdirecci\u00f3n General de Bellas Artes y el Centro de Interpretaci\u00f3n de Nuevo Bazt\u00e1n.<\/span> <span data-contrast=\"none\">Colaboran el Ayuntamiento de Nuevo Bazt\u00e1n y la Real F\u00e1brica de Cristales de La Granja.<\/span><span data-ccp-props=\"{&quot;134233117&quot;:false,&quot;134233118&quot;:false,&quot;201341983&quot;:0,&quot;335551550&quot;:6,&quot;335551620&quot;:6,&quot;335557856&quot;:16777215,&quot;335559738&quot;:0,&quot;335559739&quot;:0,&quot;335559740&quot;:360}\">\u00a0<\/span><\/p>\n\n\t\t<style>\n\t\t\t#gallery-1 {\n\t\t\t\tmargin: auto;\n\t\t\t}\n\t\t\t#gallery-1 .gallery-item {\n\t\t\t\tfloat: left;\n\t\t\t\tmargin-top: 10px;\n\t\t\t\ttext-align: center;\n\t\t\t\twidth: 20%;\n\t\t\t}\n\t\t\t#gallery-1 img {\n\t\t\t\tborder: 2px solid #cfcfcf;\n\t\t\t}\n\t\t\t#gallery-1 .gallery-caption {\n\t\t\t\tmargin-left: 0;\n\t\t\t}\n\t\t\t\/* see gallery_shortcode() in wp-includes\/media.php *\/\n\t\t<\/style>\n\t\t<div id='gallery-1' class='gallery galleryid-2171 gallery-columns-5 gallery-size-thumbnail'><dl class='gallery-item'>\n\t\t\t<dt class='gallery-icon portrait'>\n\t\t\t\t<a href='https:\/\/turismo.ayto-nuevobaztan.es\/wp-content\/uploads\/2025\/05\/Museos-vidrio-calle5.jpg'><img loading=\"lazy\" decoding=\"async\" width=\"113\" height=\"150\" src=\"https:\/\/turismo.ayto-nuevobaztan.es\/wp-content\/uploads\/2025\/05\/Museos-vidrio-calle5.jpg\" class=\"attachment-thumbnail size-thumbnail\" alt=\"\" srcset=\"https:\/\/turismo.ayto-nuevobaztan.es\/wp-content\/uploads\/2025\/05\/Museos-vidrio-calle5.jpg 1200w, https:\/\/turismo.ayto-nuevobaztan.es\/wp-content\/uploads\/2025\/05\/Museos-vidrio-calle5-600x800.jpg 600w\" sizes=\"auto, (max-width: 113px) 100vw, 113px\" \/><\/a>\n\t\t\t<\/dt><\/dl><dl class='gallery-item'>\n\t\t\t<dt class='gallery-icon portrait'>\n\t\t\t\t<a href='https:\/\/turismo.ayto-nuevobaztan.es\/wp-content\/uploads\/2025\/05\/Museos-vidrio-calle2.jpg'><img loading=\"lazy\" decoding=\"async\" width=\"113\" height=\"150\" src=\"https:\/\/turismo.ayto-nuevobaztan.es\/wp-content\/uploads\/2025\/05\/Museos-vidrio-calle2.jpg\" class=\"attachment-thumbnail size-thumbnail\" alt=\"\" srcset=\"https:\/\/turismo.ayto-nuevobaztan.es\/wp-content\/uploads\/2025\/05\/Museos-vidrio-calle2.jpg 1200w, https:\/\/turismo.ayto-nuevobaztan.es\/wp-content\/uploads\/2025\/05\/Museos-vidrio-calle2-600x800.jpg 600w\" sizes=\"auto, (max-width: 113px) 100vw, 113px\" \/><\/a>\n\t\t\t<\/dt><\/dl><dl class='gallery-item'>\n\t\t\t<dt class='gallery-icon portrait'>\n\t\t\t\t<a href='https:\/\/turismo.ayto-nuevobaztan.es\/wp-content\/uploads\/2025\/05\/Concierto-expo-Barroca6.jpg'><img loading=\"lazy\" decoding=\"async\" width=\"113\" height=\"150\" src=\"https:\/\/turismo.ayto-nuevobaztan.es\/wp-content\/uploads\/2025\/05\/Concierto-expo-Barroca6.jpg\" class=\"attachment-thumbnail size-thumbnail\" alt=\"\" srcset=\"https:\/\/turismo.ayto-nuevobaztan.es\/wp-content\/uploads\/2025\/05\/Concierto-expo-Barroca6.jpg 960w, https:\/\/turismo.ayto-nuevobaztan.es\/wp-content\/uploads\/2025\/05\/Concierto-expo-Barroca6-600x800.jpg 600w\" sizes=\"auto, (max-width: 113px) 100vw, 113px\" \/><\/a>\n\t\t\t<\/dt><\/dl><dl class='gallery-item'>\n\t\t\t<dt class='gallery-icon portrait'>\n\t\t\t\t<a href='https:\/\/turismo.ayto-nuevobaztan.es\/wp-content\/uploads\/2025\/05\/Concierto-expo-Barroca2.jpg'><img loading=\"lazy\" decoding=\"async\" width=\"113\" height=\"150\" src=\"https:\/\/turismo.ayto-nuevobaztan.es\/wp-content\/uploads\/2025\/05\/Concierto-expo-Barroca2.jpg\" class=\"attachment-thumbnail size-thumbnail\" alt=\"\" srcset=\"https:\/\/turismo.ayto-nuevobaztan.es\/wp-content\/uploads\/2025\/05\/Concierto-expo-Barroca2.jpg 960w, https:\/\/turismo.ayto-nuevobaztan.es\/wp-content\/uploads\/2025\/05\/Concierto-expo-Barroca2-600x800.jpg 600w\" sizes=\"auto, (max-width: 113px) 100vw, 113px\" \/><\/a>\n\t\t\t<\/dt><\/dl><dl class='gallery-item'>\n\t\t\t<dt class='gallery-icon landscape'>\n\t\t\t\t<a href='https:\/\/turismo.ayto-nuevobaztan.es\/wp-content\/uploads\/2025\/05\/Concierto-expo-Barroca1.jpg'><img loading=\"lazy\" decoding=\"async\" width=\"150\" height=\"113\" src=\"https:\/\/turismo.ayto-nuevobaztan.es\/wp-content\/uploads\/2025\/05\/Concierto-expo-Barroca1.jpg\" class=\"attachment-thumbnail size-thumbnail\" alt=\"\" srcset=\"https:\/\/turismo.ayto-nuevobaztan.es\/wp-content\/uploads\/2025\/05\/Concierto-expo-Barroca1.jpg 1280w, https:\/\/turismo.ayto-nuevobaztan.es\/wp-content\/uploads\/2025\/05\/Concierto-expo-Barroca1-600x450.jpg 600w\" sizes=\"auto, (max-width: 150px) 100vw, 150px\" \/><\/a>\n\t\t\t<\/dt><\/dl><br style=\"clear: both\" \/>\n\t\t<\/div>\n\n","protected":false},"excerpt":{"rendered":"<p>Los museos de la Comunidad de Madrid han celebrado este s\u00e1bado 17 de mayo el \u201cD\u00eda y la Noche de los Museos\u201d.\u00a0 En primer lugar, se celebr\u00f3 el Concierto \u201cFlores de m\u00fasica. Suites y sonatas\u201d interpretado por \u201cArs Combinatoria\u201d. Un recorrido a trav\u00e9s de la m\u00fasica del siglo XVIII que complementa la exposici\u00f3n \u201cEcos del&hellip;<\/p>\n","protected":false},"author":2,"featured_media":2172,"comment_status":"closed","ping_status":"closed","sticky":false,"template":"","format":"standard","meta":{"_acf_changed":false,"footnotes":""},"categories":[14],"tags":[65,235,29,39],"class_list":["post-2171","post","type-post","status-publish","format-standard","has-post-thumbnail","hentry","category-actividades-nuevo-batzan","tag-cultura","tag-dia-y-noche-de-los-museos","tag-nuevo-baztan","tag-turismo"],"acf":[],"yoast_head":"<!-- This site is optimized with the Yoast SEO plugin v27.2 - https:\/\/yoast.com\/product\/yoast-seo-wordpress\/ -->\n<title>S\u00e1bado en el Conjunto Hist\u00f3rico con M\u00fasica y Vidrio - Turismo Nuevo Bazt\u00e1n<\/title>\n<meta name=\"description\" content=\"Nuestro municipio acoge dos actividades en el D\u00eda de los Museos que nos acercan al Barroco.\" \/>\n<meta name=\"robots\" content=\"index, follow, max-snippet:-1, max-image-preview:large, max-video-preview:-1\" \/>\n<link rel=\"canonical\" href=\"https:\/\/turismo.ayto-nuevobaztan.es\/es\/noticias\/sabado-en-el-conjunto-historico-con-musica-y-vidrio\/\" \/>\n<meta property=\"og:locale\" content=\"es_ES\" \/>\n<meta property=\"og:type\" content=\"article\" \/>\n<meta property=\"og:title\" content=\"S\u00e1bado en el Conjunto Hist\u00f3rico con M\u00fasica y Vidrio\" \/>\n<meta property=\"og:description\" content=\"Nuestro municipio acoge dos actividades en el D\u00eda de los Museos que nos acercan al Barroco.\" \/>\n<meta property=\"og:url\" content=\"https:\/\/turismo.ayto-nuevobaztan.es\/es\/noticias\/sabado-en-el-conjunto-historico-con-musica-y-vidrio\/\" \/>\n<meta property=\"og:site_name\" content=\"Turismo Nuevo Bazt\u00e1n\" \/>\n<meta property=\"article:publisher\" content=\"https:\/\/www.facebook.com\/turismonuevobaztan\/\" \/>\n<meta property=\"article:published_time\" content=\"2025-05-19T08:54:15+00:00\" \/>\n<meta property=\"og:image\" content=\"https:\/\/turismo.ayto-nuevobaztan.es\/wp-content\/uploads\/2025\/05\/Concierto-expo-Barroca1.jpg\" \/>\n\t<meta property=\"og:image:width\" content=\"1280\" \/>\n\t<meta property=\"og:image:height\" content=\"960\" \/>\n\t<meta property=\"og:image:type\" content=\"image\/jpeg\" \/>\n<meta name=\"author\" content=\"Turismo Nuevo Bazt\u00e1n\" \/>\n<meta name=\"twitter:card\" content=\"summary_large_image\" \/>\n<meta name=\"twitter:creator\" content=\"@TurismoNBaztan\" \/>\n<meta name=\"twitter:site\" content=\"@TurismoNBaztan\" \/>\n<meta name=\"twitter:label1\" content=\"Escrito por\" \/>\n\t<meta name=\"twitter:data1\" content=\"Turismo Nuevo Bazt\u00e1n\" \/>\n\t<meta name=\"twitter:label2\" content=\"Tiempo de lectura\" \/>\n\t<meta name=\"twitter:data2\" content=\"2 minutos\" \/>\n<script type=\"application\/ld+json\" class=\"yoast-schema-graph\">{\"@context\":\"https:\/\/schema.org\",\"@graph\":[{\"@type\":\"Article\",\"@id\":\"https:\/\/turismo.ayto-nuevobaztan.es\/es\/noticias\/sabado-en-el-conjunto-historico-con-musica-y-vidrio\/#article\",\"isPartOf\":{\"@id\":\"https:\/\/turismo.ayto-nuevobaztan.es\/es\/noticias\/sabado-en-el-conjunto-historico-con-musica-y-vidrio\/\"},\"author\":{\"name\":\"Turismo Nuevo Bazt\u00e1n\",\"@id\":\"https:\/\/turismo.ayto-nuevobaztan.es\/es\/#\/schema\/person\/bc781c848e33ae71437002fa79b5c3df\"},\"headline\":\"S\u00e1bado en el Conjunto Hist\u00f3rico con M\u00fasica y Vidrio\",\"datePublished\":\"2025-05-19T08:54:15+00:00\",\"mainEntityOfPage\":{\"@id\":\"https:\/\/turismo.ayto-nuevobaztan.es\/es\/noticias\/sabado-en-el-conjunto-historico-con-musica-y-vidrio\/\"},\"wordCount\":278,\"publisher\":{\"@id\":\"https:\/\/turismo.ayto-nuevobaztan.es\/es\/#organization\"},\"image\":{\"@id\":\"https:\/\/turismo.ayto-nuevobaztan.es\/es\/noticias\/sabado-en-el-conjunto-historico-con-musica-y-vidrio\/#primaryimage\"},\"thumbnailUrl\":\"https:\/\/turismo.ayto-nuevobaztan.es\/wp-content\/uploads\/2025\/05\/Concierto-expo-Barroca1.jpg\",\"keywords\":[\"cultura\",\"D\u00eda y Noche de los Museos\",\"Nuevo Bazt\u00e1n\",\"Turismo\"],\"articleSection\":[\"actividades\"],\"inLanguage\":\"es\"},{\"@type\":\"WebPage\",\"@id\":\"https:\/\/turismo.ayto-nuevobaztan.es\/es\/noticias\/sabado-en-el-conjunto-historico-con-musica-y-vidrio\/\",\"url\":\"https:\/\/turismo.ayto-nuevobaztan.es\/es\/noticias\/sabado-en-el-conjunto-historico-con-musica-y-vidrio\/\",\"name\":\"S\u00e1bado en el Conjunto Hist\u00f3rico con M\u00fasica y Vidrio - Turismo Nuevo Bazt\u00e1n\",\"isPartOf\":{\"@id\":\"https:\/\/turismo.ayto-nuevobaztan.es\/es\/#website\"},\"primaryImageOfPage\":{\"@id\":\"https:\/\/turismo.ayto-nuevobaztan.es\/es\/noticias\/sabado-en-el-conjunto-historico-con-musica-y-vidrio\/#primaryimage\"},\"image\":{\"@id\":\"https:\/\/turismo.ayto-nuevobaztan.es\/es\/noticias\/sabado-en-el-conjunto-historico-con-musica-y-vidrio\/#primaryimage\"},\"thumbnailUrl\":\"https:\/\/turismo.ayto-nuevobaztan.es\/wp-content\/uploads\/2025\/05\/Concierto-expo-Barroca1.jpg\",\"datePublished\":\"2025-05-19T08:54:15+00:00\",\"description\":\"Nuestro municipio acoge dos actividades en el D\u00eda de los Museos que nos acercan al Barroco.\",\"breadcrumb\":{\"@id\":\"https:\/\/turismo.ayto-nuevobaztan.es\/es\/noticias\/sabado-en-el-conjunto-historico-con-musica-y-vidrio\/#breadcrumb\"},\"inLanguage\":\"es\",\"potentialAction\":[{\"@type\":\"ReadAction\",\"target\":[\"https:\/\/turismo.ayto-nuevobaztan.es\/es\/noticias\/sabado-en-el-conjunto-historico-con-musica-y-vidrio\/\"]}]},{\"@type\":\"ImageObject\",\"inLanguage\":\"es\",\"@id\":\"https:\/\/turismo.ayto-nuevobaztan.es\/es\/noticias\/sabado-en-el-conjunto-historico-con-musica-y-vidrio\/#primaryimage\",\"url\":\"https:\/\/turismo.ayto-nuevobaztan.es\/wp-content\/uploads\/2025\/05\/Concierto-expo-Barroca1.jpg\",\"contentUrl\":\"https:\/\/turismo.ayto-nuevobaztan.es\/wp-content\/uploads\/2025\/05\/Concierto-expo-Barroca1.jpg\",\"width\":1280,\"height\":960},{\"@type\":\"BreadcrumbList\",\"@id\":\"https:\/\/turismo.ayto-nuevobaztan.es\/es\/noticias\/sabado-en-el-conjunto-historico-con-musica-y-vidrio\/#breadcrumb\",\"itemListElement\":[{\"@type\":\"ListItem\",\"position\":1,\"name\":\"Inicio\",\"item\":\"https:\/\/turismo.ayto-nuevobaztan.es\/es\/\"},{\"@type\":\"ListItem\",\"position\":2,\"name\":\"S\u00e1bado en el Conjunto Hist\u00f3rico con M\u00fasica y Vidrio\"}]},{\"@type\":\"WebSite\",\"@id\":\"https:\/\/turismo.ayto-nuevobaztan.es\/es\/#website\",\"url\":\"https:\/\/turismo.ayto-nuevobaztan.es\/es\/\",\"name\":\"Turismo Nuevo Bazt\u00e1n\",\"description\":\"\",\"publisher\":{\"@id\":\"https:\/\/turismo.ayto-nuevobaztan.es\/es\/#organization\"},\"potentialAction\":[{\"@type\":\"SearchAction\",\"target\":{\"@type\":\"EntryPoint\",\"urlTemplate\":\"https:\/\/turismo.ayto-nuevobaztan.es\/es\/?s={search_term_string}\"},\"query-input\":{\"@type\":\"PropertyValueSpecification\",\"valueRequired\":true,\"valueName\":\"search_term_string\"}}],\"inLanguage\":\"es\"},{\"@type\":\"Organization\",\"@id\":\"https:\/\/turismo.ayto-nuevobaztan.es\/es\/#organization\",\"name\":\"Turismo Nuevo Bazt\u00e1n\",\"url\":\"https:\/\/turismo.ayto-nuevobaztan.es\/es\/\",\"logo\":{\"@type\":\"ImageObject\",\"inLanguage\":\"es\",\"@id\":\"https:\/\/turismo.ayto-nuevobaztan.es\/es\/#\/schema\/logo\/image\/\",\"url\":\"https:\/\/turismo.ayto-nuevobaztan.es\/wp-content\/uploads\/2025\/12\/logo.png\",\"contentUrl\":\"https:\/\/turismo.ayto-nuevobaztan.es\/wp-content\/uploads\/2025\/12\/logo.png\",\"width\":1847,\"height\":1787,\"caption\":\"Turismo Nuevo Bazt\u00e1n\"},\"image\":{\"@id\":\"https:\/\/turismo.ayto-nuevobaztan.es\/es\/#\/schema\/logo\/image\/\"},\"sameAs\":[\"https:\/\/www.facebook.com\/turismonuevobaztan\/\",\"https:\/\/x.com\/TurismoNBaztan\"]},{\"@type\":\"Person\",\"@id\":\"https:\/\/turismo.ayto-nuevobaztan.es\/es\/#\/schema\/person\/bc781c848e33ae71437002fa79b5c3df\",\"name\":\"Turismo Nuevo Bazt\u00e1n\",\"image\":{\"@type\":\"ImageObject\",\"inLanguage\":\"es\",\"@id\":\"https:\/\/secure.gravatar.com\/avatar\/c34f0d8aae58e8accb5d24f13ebda51911caa6f3106f7c0db25bd0888b071620?s=96&d=mm&r=g\",\"url\":\"https:\/\/secure.gravatar.com\/avatar\/c34f0d8aae58e8accb5d24f13ebda51911caa6f3106f7c0db25bd0888b071620?s=96&d=mm&r=g\",\"contentUrl\":\"https:\/\/secure.gravatar.com\/avatar\/c34f0d8aae58e8accb5d24f13ebda51911caa6f3106f7c0db25bd0888b071620?s=96&d=mm&r=g\",\"caption\":\"Turismo Nuevo Bazt\u00e1n\"},\"url\":\"#\"}]}<\/script>\n<!-- \/ Yoast SEO plugin. -->","yoast_head_json":{"title":"S\u00e1bado en el Conjunto Hist\u00f3rico con M\u00fasica y Vidrio - Turismo Nuevo Bazt\u00e1n","description":"Nuestro municipio acoge dos actividades en el D\u00eda de los Museos que nos acercan al Barroco.","robots":{"index":"index","follow":"follow","max-snippet":"max-snippet:-1","max-image-preview":"max-image-preview:large","max-video-preview":"max-video-preview:-1"},"canonical":"https:\/\/turismo.ayto-nuevobaztan.es\/es\/noticias\/sabado-en-el-conjunto-historico-con-musica-y-vidrio\/","og_locale":"es_ES","og_type":"article","og_title":"S\u00e1bado en el Conjunto Hist\u00f3rico con M\u00fasica y Vidrio","og_description":"Nuestro municipio acoge dos actividades en el D\u00eda de los Museos que nos acercan al Barroco.","og_url":"https:\/\/turismo.ayto-nuevobaztan.es\/es\/noticias\/sabado-en-el-conjunto-historico-con-musica-y-vidrio\/","og_site_name":"Turismo Nuevo Bazt\u00e1n","article_publisher":"https:\/\/www.facebook.com\/turismonuevobaztan\/","article_published_time":"2025-05-19T08:54:15+00:00","og_image":[{"width":1280,"height":960,"url":"https:\/\/turismo.ayto-nuevobaztan.es\/wp-content\/uploads\/2025\/05\/Concierto-expo-Barroca1.jpg","type":"image\/jpeg"}],"author":"Turismo Nuevo Bazt\u00e1n","twitter_card":"summary_large_image","twitter_creator":"@TurismoNBaztan","twitter_site":"@TurismoNBaztan","twitter_misc":{"Escrito por":"Turismo Nuevo Bazt\u00e1n","Tiempo de lectura":"2 minutos"},"schema":{"@context":"https:\/\/schema.org","@graph":[{"@type":"Article","@id":"https:\/\/turismo.ayto-nuevobaztan.es\/es\/noticias\/sabado-en-el-conjunto-historico-con-musica-y-vidrio\/#article","isPartOf":{"@id":"https:\/\/turismo.ayto-nuevobaztan.es\/es\/noticias\/sabado-en-el-conjunto-historico-con-musica-y-vidrio\/"},"author":{"name":"Turismo Nuevo Bazt\u00e1n","@id":"https:\/\/turismo.ayto-nuevobaztan.es\/es\/#\/schema\/person\/bc781c848e33ae71437002fa79b5c3df"},"headline":"S\u00e1bado en el Conjunto Hist\u00f3rico con M\u00fasica y Vidrio","datePublished":"2025-05-19T08:54:15+00:00","mainEntityOfPage":{"@id":"https:\/\/turismo.ayto-nuevobaztan.es\/es\/noticias\/sabado-en-el-conjunto-historico-con-musica-y-vidrio\/"},"wordCount":278,"publisher":{"@id":"https:\/\/turismo.ayto-nuevobaztan.es\/es\/#organization"},"image":{"@id":"https:\/\/turismo.ayto-nuevobaztan.es\/es\/noticias\/sabado-en-el-conjunto-historico-con-musica-y-vidrio\/#primaryimage"},"thumbnailUrl":"https:\/\/turismo.ayto-nuevobaztan.es\/wp-content\/uploads\/2025\/05\/Concierto-expo-Barroca1.jpg","keywords":["cultura","D\u00eda y Noche de los Museos","Nuevo Bazt\u00e1n","Turismo"],"articleSection":["actividades"],"inLanguage":"es"},{"@type":"WebPage","@id":"https:\/\/turismo.ayto-nuevobaztan.es\/es\/noticias\/sabado-en-el-conjunto-historico-con-musica-y-vidrio\/","url":"https:\/\/turismo.ayto-nuevobaztan.es\/es\/noticias\/sabado-en-el-conjunto-historico-con-musica-y-vidrio\/","name":"S\u00e1bado en el Conjunto Hist\u00f3rico con M\u00fasica y Vidrio - Turismo Nuevo Bazt\u00e1n","isPartOf":{"@id":"https:\/\/turismo.ayto-nuevobaztan.es\/es\/#website"},"primaryImageOfPage":{"@id":"https:\/\/turismo.ayto-nuevobaztan.es\/es\/noticias\/sabado-en-el-conjunto-historico-con-musica-y-vidrio\/#primaryimage"},"image":{"@id":"https:\/\/turismo.ayto-nuevobaztan.es\/es\/noticias\/sabado-en-el-conjunto-historico-con-musica-y-vidrio\/#primaryimage"},"thumbnailUrl":"https:\/\/turismo.ayto-nuevobaztan.es\/wp-content\/uploads\/2025\/05\/Concierto-expo-Barroca1.jpg","datePublished":"2025-05-19T08:54:15+00:00","description":"Nuestro municipio acoge dos actividades en el D\u00eda de los Museos que nos acercan al Barroco.","breadcrumb":{"@id":"https:\/\/turismo.ayto-nuevobaztan.es\/es\/noticias\/sabado-en-el-conjunto-historico-con-musica-y-vidrio\/#breadcrumb"},"inLanguage":"es","potentialAction":[{"@type":"ReadAction","target":["https:\/\/turismo.ayto-nuevobaztan.es\/es\/noticias\/sabado-en-el-conjunto-historico-con-musica-y-vidrio\/"]}]},{"@type":"ImageObject","inLanguage":"es","@id":"https:\/\/turismo.ayto-nuevobaztan.es\/es\/noticias\/sabado-en-el-conjunto-historico-con-musica-y-vidrio\/#primaryimage","url":"https:\/\/turismo.ayto-nuevobaztan.es\/wp-content\/uploads\/2025\/05\/Concierto-expo-Barroca1.jpg","contentUrl":"https:\/\/turismo.ayto-nuevobaztan.es\/wp-content\/uploads\/2025\/05\/Concierto-expo-Barroca1.jpg","width":1280,"height":960},{"@type":"BreadcrumbList","@id":"https:\/\/turismo.ayto-nuevobaztan.es\/es\/noticias\/sabado-en-el-conjunto-historico-con-musica-y-vidrio\/#breadcrumb","itemListElement":[{"@type":"ListItem","position":1,"name":"Inicio","item":"https:\/\/turismo.ayto-nuevobaztan.es\/es\/"},{"@type":"ListItem","position":2,"name":"S\u00e1bado en el Conjunto Hist\u00f3rico con M\u00fasica y Vidrio"}]},{"@type":"WebSite","@id":"https:\/\/turismo.ayto-nuevobaztan.es\/es\/#website","url":"https:\/\/turismo.ayto-nuevobaztan.es\/es\/","name":"Turismo Nuevo Bazt\u00e1n","description":"","publisher":{"@id":"https:\/\/turismo.ayto-nuevobaztan.es\/es\/#organization"},"potentialAction":[{"@type":"SearchAction","target":{"@type":"EntryPoint","urlTemplate":"https:\/\/turismo.ayto-nuevobaztan.es\/es\/?s={search_term_string}"},"query-input":{"@type":"PropertyValueSpecification","valueRequired":true,"valueName":"search_term_string"}}],"inLanguage":"es"},{"@type":"Organization","@id":"https:\/\/turismo.ayto-nuevobaztan.es\/es\/#organization","name":"Turismo Nuevo Bazt\u00e1n","url":"https:\/\/turismo.ayto-nuevobaztan.es\/es\/","logo":{"@type":"ImageObject","inLanguage":"es","@id":"https:\/\/turismo.ayto-nuevobaztan.es\/es\/#\/schema\/logo\/image\/","url":"https:\/\/turismo.ayto-nuevobaztan.es\/wp-content\/uploads\/2025\/12\/logo.png","contentUrl":"https:\/\/turismo.ayto-nuevobaztan.es\/wp-content\/uploads\/2025\/12\/logo.png","width":1847,"height":1787,"caption":"Turismo Nuevo Bazt\u00e1n"},"image":{"@id":"https:\/\/turismo.ayto-nuevobaztan.es\/es\/#\/schema\/logo\/image\/"},"sameAs":["https:\/\/www.facebook.com\/turismonuevobaztan\/","https:\/\/x.com\/TurismoNBaztan"]},{"@type":"Person","@id":"https:\/\/turismo.ayto-nuevobaztan.es\/es\/#\/schema\/person\/bc781c848e33ae71437002fa79b5c3df","name":"Turismo Nuevo Bazt\u00e1n","image":{"@type":"ImageObject","inLanguage":"es","@id":"https:\/\/secure.gravatar.com\/avatar\/c34f0d8aae58e8accb5d24f13ebda51911caa6f3106f7c0db25bd0888b071620?s=96&d=mm&r=g","url":"https:\/\/secure.gravatar.com\/avatar\/c34f0d8aae58e8accb5d24f13ebda51911caa6f3106f7c0db25bd0888b071620?s=96&d=mm&r=g","contentUrl":"https:\/\/secure.gravatar.com\/avatar\/c34f0d8aae58e8accb5d24f13ebda51911caa6f3106f7c0db25bd0888b071620?s=96&d=mm&r=g","caption":"Turismo Nuevo Bazt\u00e1n"},"url":"#"}]}},"_links":{"self":[{"href":"https:\/\/turismo.ayto-nuevobaztan.es\/es\/wp-json\/wp\/v2\/posts\/2171","targetHints":{"allow":["GET"]}}],"collection":[{"href":"https:\/\/turismo.ayto-nuevobaztan.es\/es\/wp-json\/wp\/v2\/posts"}],"about":[{"href":"https:\/\/turismo.ayto-nuevobaztan.es\/es\/wp-json\/wp\/v2\/types\/post"}],"author":[{"embeddable":true,"href":"https:\/\/turismo.ayto-nuevobaztan.es\/es\/wp-json\/wp\/v2\/users\/2"}],"replies":[{"embeddable":true,"href":"https:\/\/turismo.ayto-nuevobaztan.es\/es\/wp-json\/wp\/v2\/comments?post=2171"}],"version-history":[{"count":0,"href":"https:\/\/turismo.ayto-nuevobaztan.es\/es\/wp-json\/wp\/v2\/posts\/2171\/revisions"}],"wp:featuredmedia":[{"embeddable":true,"href":"https:\/\/turismo.ayto-nuevobaztan.es\/es\/wp-json\/wp\/v2\/media\/2172"}],"wp:attachment":[{"href":"https:\/\/turismo.ayto-nuevobaztan.es\/es\/wp-json\/wp\/v2\/media?parent=2171"}],"wp:term":[{"taxonomy":"category","embeddable":true,"href":"https:\/\/turismo.ayto-nuevobaztan.es\/es\/wp-json\/wp\/v2\/categories?post=2171"},{"taxonomy":"post_tag","embeddable":true,"href":"https:\/\/turismo.ayto-nuevobaztan.es\/es\/wp-json\/wp\/v2\/tags?post=2171"}],"curies":[{"name":"wp","href":"https:\/\/api.w.org\/{rel}","templated":true}]}}