{"id":2166,"date":"2025-05-13T09:47:46","date_gmt":"2025-05-13T07:47:46","guid":{"rendered":"https:\/\/turismo.ayto-nuevobaztan.es\/?p=2166"},"modified":"2025-05-13T09:47:46","modified_gmt":"2025-05-13T07:47:46","slug":"el-sabado-se-celebra-en-la-comunidad-de-madrid-el-dia-de-los-museos","status":"publish","type":"post","link":"https:\/\/turismo.ayto-nuevobaztan.es\/es\/noticias\/el-sabado-se-celebra-en-la-comunidad-de-madrid-el-dia-de-los-museos\/","title":{"rendered":"El s\u00e1bado se celebra en la Comunidad de Madrid el D\u00eda de los Museos"},"content":{"rendered":"<p><span data-contrast=\"none\">Los museos de la Comunidad de Madrid celebran este pr\u00f3ximo s\u00e1bado 17 de mayo\u00a0el \u201cD\u00eda y la Noche de los Museos\u201d con una amplia programaci\u00f3n y propuestas para todos los p\u00fablicos. En Nuevo Bazt\u00e1n tendremos dos actividades relacionadas con este d\u00eda.<\/span><span data-ccp-props=\"{&quot;134233117&quot;:false,&quot;134233118&quot;:false,&quot;201341983&quot;:0,&quot;335551550&quot;:6,&quot;335551620&quot;:6,&quot;335557856&quot;:16777215,&quot;335559738&quot;:0,&quot;335559739&quot;:0,&quot;335559740&quot;:360}\">\u00a0<\/span><\/p>\n<ol>\n<li><b><span data-contrast=\"none\">Concierto \u201cFlores de m\u00fasica. Suites y sonatas\u201d<\/span><\/b><\/li>\n<\/ol>\n<p><span data-contrast=\"none\">Un recorrido a trav\u00e9s de la m\u00fasica del siglo XVIII que complementa la exposici\u00f3n \u201cEcos del Barroco. La banda sonora del Madrid de Goyeneche\u201d que se puede visitar en la Salas del Palacio. Ser\u00e1 a cargo de<\/span><b><span data-contrast=\"none\"> \u201c<\/span><\/b><span data-contrast=\"none\">Ars Combinatoria<\/span><b><span data-contrast=\"none\">\u201d <\/span><\/b><span data-contrast=\"none\">el\u00a0s\u00e1bado 17 de mayo, a las 12.30 h. en la Iglesia de San Francisco Javier. Esta formaci\u00f3n est\u00e1 compuesta por:<\/span><span data-ccp-props=\"{&quot;134233117&quot;:false,&quot;134233118&quot;:false,&quot;201341983&quot;:0,&quot;335551550&quot;:6,&quot;335551620&quot;:6,&quot;335557856&quot;:16777215,&quot;335559738&quot;:0,&quot;335559739&quot;:0,&quot;335559740&quot;:360}\">\u00a0<\/span><\/p>\n<ul>\n<li data-leveltext=\"\uf0b7\" data-font=\"Symbol\" data-listid=\"1\" data-list-defn-props=\"{&quot;335552541&quot;:1,&quot;335559683&quot;:0,&quot;335559684&quot;:-2,&quot;335559685&quot;:720,&quot;335559991&quot;:360,&quot;469769226&quot;:&quot;Symbol&quot;,&quot;469769242&quot;:[8226],&quot;469777803&quot;:&quot;left&quot;,&quot;469777804&quot;:&quot;\uf0b7&quot;,&quot;469777815&quot;:&quot;hybridMultilevel&quot;}\" aria-setsize=\"-1\" data-aria-posinset=\"1\" data-aria-level=\"1\"><span data-contrast=\"none\">Elsa Ferrer, viol\u00edn<\/span><span data-ccp-props=\"{&quot;134233117&quot;:false,&quot;134233118&quot;:false,&quot;201341983&quot;:0,&quot;335551550&quot;:6,&quot;335551620&quot;:6,&quot;335557856&quot;:16777215,&quot;335559738&quot;:0,&quot;335559739&quot;:0,&quot;335559740&quot;:360}\">\u00a0<\/span><\/li>\n<li data-leveltext=\"\uf0b7\" data-font=\"Symbol\" data-listid=\"1\" data-list-defn-props=\"{&quot;335552541&quot;:1,&quot;335559683&quot;:0,&quot;335559684&quot;:-2,&quot;335559685&quot;:720,&quot;335559991&quot;:360,&quot;469769226&quot;:&quot;Symbol&quot;,&quot;469769242&quot;:[8226],&quot;469777803&quot;:&quot;left&quot;,&quot;469777804&quot;:&quot;\uf0b7&quot;,&quot;469777815&quot;:&quot;hybridMultilevel&quot;}\" aria-setsize=\"-1\" data-aria-posinset=\"1\" data-aria-level=\"1\"><span data-contrast=\"none\">Lerlys Morales, tiorba<\/span><span data-ccp-props=\"{&quot;134233117&quot;:false,&quot;134233118&quot;:false,&quot;201341983&quot;:0,&quot;335551550&quot;:6,&quot;335551620&quot;:6,&quot;335557856&quot;:16777215,&quot;335559738&quot;:0,&quot;335559739&quot;:0,&quot;335559740&quot;:360}\">\u00a0<\/span><\/li>\n<li data-leveltext=\"\uf0b7\" data-font=\"Symbol\" data-listid=\"1\" data-list-defn-props=\"{&quot;335552541&quot;:1,&quot;335559683&quot;:0,&quot;335559684&quot;:-2,&quot;335559685&quot;:720,&quot;335559991&quot;:360,&quot;469769226&quot;:&quot;Symbol&quot;,&quot;469769242&quot;:[8226],&quot;469777803&quot;:&quot;left&quot;,&quot;469777804&quot;:&quot;\uf0b7&quot;,&quot;469777815&quot;:&quot;hybridMultilevel&quot;}\" aria-setsize=\"-1\" data-aria-posinset=\"1\" data-aria-level=\"1\"><span data-contrast=\"none\">Sonia Garc\u00eda, violonchelo<\/span><\/li>\n<li data-leveltext=\"\uf0b7\" data-font=\"Symbol\" data-listid=\"1\" data-list-defn-props=\"{&quot;335552541&quot;:1,&quot;335559683&quot;:0,&quot;335559684&quot;:-2,&quot;335559685&quot;:720,&quot;335559991&quot;:360,&quot;469769226&quot;:&quot;Symbol&quot;,&quot;469769242&quot;:[8226],&quot;469777803&quot;:&quot;left&quot;,&quot;469777804&quot;:&quot;\uf0b7&quot;,&quot;469777815&quot;:&quot;hybridMultilevel&quot;}\" aria-setsize=\"-1\" data-aria-posinset=\"1\" data-aria-level=\"1\"><span data-contrast=\"none\">Canco L\u00f3pez, clave y direcci\u00f3n<\/span><span data-ccp-props=\"{&quot;134233117&quot;:false,&quot;134233118&quot;:false,&quot;201341983&quot;:0,&quot;335551550&quot;:6,&quot;335551620&quot;:6,&quot;335557856&quot;:16777215,&quot;335559738&quot;:0,&quot;335559739&quot;:0,&quot;335559740&quot;:360}\">\u00a0<\/span><\/li>\n<\/ul>\n<ol start=\"2\">\n<li><b><span data-contrast=\"none\"> Taller y exhibici\u00f3n \u201cMaestros de la Real F\u00e1brica de La Granja en Nuevo Bazt\u00e1n\u201d<\/span><\/b><\/li>\n<\/ol>\n<p><span data-contrast=\"none\">Una ocasi\u00f3n \u00fanica para conocer de cerca la t\u00e9cnica del vidrio soplado, de la mano de los maestros actuales que dominan este ancestral oficio. El s\u00e1bado 17 de mayo, a las 21.00 h cerca de las Plazas del Conjunto Hist\u00f3rico. Plaza del Secreto y Plaza de la Iglesia. <\/span><span data-contrast=\"none\">Maestros procedentes de la Real F\u00e1brica de Cristales de La Granja se desplazan hasta nuestro pueblo.<\/span><span data-ccp-props=\"{&quot;134233117&quot;:false,&quot;134233118&quot;:false,&quot;201341983&quot;:0,&quot;335551550&quot;:6,&quot;335551620&quot;:6,&quot;335557856&quot;:16777215,&quot;335559738&quot;:0,&quot;335559739&quot;:0,&quot;335559740&quot;:360}\">\u00a0<\/span><\/p>\n<p><span data-contrast=\"none\">Estas actividades est\u00e1n organizadas por Consejer\u00eda de Cultura, Turismo y Deporte. Direcci\u00f3n General de Cultura e Industrias Creativas. Subdirecci\u00f3n General\u00a0de Bellas Artes y el Centro de Interpretaci\u00f3n de Nuevo Bazt\u00e1n.<\/span> <span data-contrast=\"none\">Colaboran el\u00a0Ayuntamiento de Nuevo Bazt\u00e1n y la Real F\u00e1brica de Cristales de La Granja.<\/span><span data-ccp-props=\"{&quot;134233117&quot;:false,&quot;134233118&quot;:false,&quot;201341983&quot;:0,&quot;335551550&quot;:6,&quot;335551620&quot;:6,&quot;335557856&quot;:16777215,&quot;335559738&quot;:0,&quot;335559739&quot;:0,&quot;335559740&quot;:360}\">\u00a0<\/span><\/p>\n","protected":false},"excerpt":{"rendered":"<p>Los museos de la Comunidad de Madrid celebran este pr\u00f3ximo s\u00e1bado 17 de mayo\u00a0el \u201cD\u00eda y la Noche de los Museos\u201d con una amplia programaci\u00f3n y propuestas para todos los p\u00fablicos. En Nuevo Bazt\u00e1n tendremos dos actividades relacionadas con este d\u00eda.\u00a0 Concierto \u201cFlores de m\u00fasica. Suites y sonatas\u201d Un recorrido a trav\u00e9s de la m\u00fasica&hellip;<\/p>\n","protected":false},"author":2,"featured_media":2168,"comment_status":"closed","ping_status":"closed","sticky":false,"template":"","format":"standard","meta":{"_acf_changed":false,"footnotes":""},"categories":[14],"tags":[65,235,236,29,39],"class_list":["post-2166","post","type-post","status-publish","format-standard","has-post-thumbnail","hentry","category-actividades-nuevo-batzan","tag-cultura","tag-dia-y-noche-de-los-museos","tag-noche-museos","tag-nuevo-baztan","tag-turismo"],"acf":[],"yoast_head":"<!-- This site is optimized with the Yoast SEO plugin v27.2 - https:\/\/yoast.com\/product\/yoast-seo-wordpress\/ -->\n<title>El s\u00e1bado se celebra en la Comunidad de Madrid el D\u00eda de los Museos<\/title>\n<meta name=\"description\" content=\"En nuestro municipio contaremos con dos actividades que nos acercar\u00e1n al Barroco. M\u00fasica y artesanos.\" \/>\n<meta name=\"robots\" content=\"index, follow, max-snippet:-1, max-image-preview:large, max-video-preview:-1\" \/>\n<link rel=\"canonical\" href=\"https:\/\/turismo.ayto-nuevobaztan.es\/es\/noticias\/el-sabado-se-celebra-en-la-comunidad-de-madrid-el-dia-de-los-museos\/\" \/>\n<meta property=\"og:locale\" content=\"es_ES\" \/>\n<meta property=\"og:type\" content=\"article\" \/>\n<meta property=\"og:title\" content=\"El s\u00e1bado se celebra en la Comunidad de Madrid el D\u00eda de los Museos.\" \/>\n<meta property=\"og:description\" content=\"En nuestro municipio contaremos con dos actividades que nos acercar\u00e1n al Barroco. M\u00fasica y artesanos.\" \/>\n<meta property=\"og:url\" content=\"https:\/\/turismo.ayto-nuevobaztan.es\/es\/noticias\/el-sabado-se-celebra-en-la-comunidad-de-madrid-el-dia-de-los-museos\/\" \/>\n<meta property=\"og:site_name\" content=\"Turismo Nuevo Bazt\u00e1n\" \/>\n<meta property=\"article:publisher\" content=\"https:\/\/www.facebook.com\/turismonuevobaztan\/\" \/>\n<meta property=\"article:published_time\" content=\"2025-05-13T07:47:46+00:00\" \/>\n<meta property=\"og:image\" content=\"https:\/\/turismo.ayto-nuevobaztan.es\/wp-content\/uploads\/2025\/05\/exhibicion_de_vidrio_en_el_centro_de_interpretacion_de_nuevo_baztan.jpg\" \/>\n\t<meta property=\"og:image:width\" content=\"1170\" \/>\n\t<meta property=\"og:image:height\" content=\"658\" \/>\n\t<meta property=\"og:image:type\" content=\"image\/jpeg\" \/>\n<meta name=\"author\" content=\"Turismo Nuevo Bazt\u00e1n\" \/>\n<meta name=\"twitter:card\" content=\"summary_large_image\" \/>\n<meta name=\"twitter:creator\" content=\"@TurismoNBaztan\" \/>\n<meta name=\"twitter:site\" content=\"@TurismoNBaztan\" \/>\n<meta name=\"twitter:label1\" content=\"Escrito por\" \/>\n\t<meta name=\"twitter:data1\" content=\"Turismo Nuevo Bazt\u00e1n\" \/>\n\t<meta name=\"twitter:label2\" content=\"Tiempo de lectura\" \/>\n\t<meta name=\"twitter:data2\" content=\"2 minutos\" \/>\n<script type=\"application\/ld+json\" class=\"yoast-schema-graph\">{\"@context\":\"https:\/\/schema.org\",\"@graph\":[{\"@type\":\"Article\",\"@id\":\"https:\/\/turismo.ayto-nuevobaztan.es\/es\/noticias\/el-sabado-se-celebra-en-la-comunidad-de-madrid-el-dia-de-los-museos\/#article\",\"isPartOf\":{\"@id\":\"https:\/\/turismo.ayto-nuevobaztan.es\/es\/noticias\/el-sabado-se-celebra-en-la-comunidad-de-madrid-el-dia-de-los-museos\/\"},\"author\":{\"name\":\"Turismo Nuevo Bazt\u00e1n\",\"@id\":\"https:\/\/turismo.ayto-nuevobaztan.es\/es\/#\/schema\/person\/bc781c848e33ae71437002fa79b5c3df\"},\"headline\":\"El s\u00e1bado se celebra en la Comunidad de Madrid el D\u00eda de los Museos\",\"datePublished\":\"2025-05-13T07:47:46+00:00\",\"mainEntityOfPage\":{\"@id\":\"https:\/\/turismo.ayto-nuevobaztan.es\/es\/noticias\/el-sabado-se-celebra-en-la-comunidad-de-madrid-el-dia-de-los-museos\/\"},\"wordCount\":291,\"publisher\":{\"@id\":\"https:\/\/turismo.ayto-nuevobaztan.es\/es\/#organization\"},\"image\":{\"@id\":\"https:\/\/turismo.ayto-nuevobaztan.es\/es\/noticias\/el-sabado-se-celebra-en-la-comunidad-de-madrid-el-dia-de-los-museos\/#primaryimage\"},\"thumbnailUrl\":\"https:\/\/turismo.ayto-nuevobaztan.es\/wp-content\/uploads\/2025\/05\/exhibicion_de_vidrio_en_el_centro_de_interpretacion_de_nuevo_baztan.jpg\",\"keywords\":[\"cultura\",\"D\u00eda y Noche de los Museos\",\"Noche Museos\",\"Nuevo Bazt\u00e1n\",\"Turismo\"],\"articleSection\":[\"actividades\"],\"inLanguage\":\"es\"},{\"@type\":\"WebPage\",\"@id\":\"https:\/\/turismo.ayto-nuevobaztan.es\/es\/noticias\/el-sabado-se-celebra-en-la-comunidad-de-madrid-el-dia-de-los-museos\/\",\"url\":\"https:\/\/turismo.ayto-nuevobaztan.es\/es\/noticias\/el-sabado-se-celebra-en-la-comunidad-de-madrid-el-dia-de-los-museos\/\",\"name\":\"El s\u00e1bado se celebra en la Comunidad de Madrid el D\u00eda de los Museos\",\"isPartOf\":{\"@id\":\"https:\/\/turismo.ayto-nuevobaztan.es\/es\/#website\"},\"primaryImageOfPage\":{\"@id\":\"https:\/\/turismo.ayto-nuevobaztan.es\/es\/noticias\/el-sabado-se-celebra-en-la-comunidad-de-madrid-el-dia-de-los-museos\/#primaryimage\"},\"image\":{\"@id\":\"https:\/\/turismo.ayto-nuevobaztan.es\/es\/noticias\/el-sabado-se-celebra-en-la-comunidad-de-madrid-el-dia-de-los-museos\/#primaryimage\"},\"thumbnailUrl\":\"https:\/\/turismo.ayto-nuevobaztan.es\/wp-content\/uploads\/2025\/05\/exhibicion_de_vidrio_en_el_centro_de_interpretacion_de_nuevo_baztan.jpg\",\"datePublished\":\"2025-05-13T07:47:46+00:00\",\"description\":\"En nuestro municipio contaremos con dos actividades que nos acercar\u00e1n al Barroco. M\u00fasica y artesanos.\",\"breadcrumb\":{\"@id\":\"https:\/\/turismo.ayto-nuevobaztan.es\/es\/noticias\/el-sabado-se-celebra-en-la-comunidad-de-madrid-el-dia-de-los-museos\/#breadcrumb\"},\"inLanguage\":\"es\",\"potentialAction\":[{\"@type\":\"ReadAction\",\"target\":[\"https:\/\/turismo.ayto-nuevobaztan.es\/es\/noticias\/el-sabado-se-celebra-en-la-comunidad-de-madrid-el-dia-de-los-museos\/\"]}]},{\"@type\":\"ImageObject\",\"inLanguage\":\"es\",\"@id\":\"https:\/\/turismo.ayto-nuevobaztan.es\/es\/noticias\/el-sabado-se-celebra-en-la-comunidad-de-madrid-el-dia-de-los-museos\/#primaryimage\",\"url\":\"https:\/\/turismo.ayto-nuevobaztan.es\/wp-content\/uploads\/2025\/05\/exhibicion_de_vidrio_en_el_centro_de_interpretacion_de_nuevo_baztan.jpg\",\"contentUrl\":\"https:\/\/turismo.ayto-nuevobaztan.es\/wp-content\/uploads\/2025\/05\/exhibicion_de_vidrio_en_el_centro_de_interpretacion_de_nuevo_baztan.jpg\",\"width\":1170,\"height\":658},{\"@type\":\"BreadcrumbList\",\"@id\":\"https:\/\/turismo.ayto-nuevobaztan.es\/es\/noticias\/el-sabado-se-celebra-en-la-comunidad-de-madrid-el-dia-de-los-museos\/#breadcrumb\",\"itemListElement\":[{\"@type\":\"ListItem\",\"position\":1,\"name\":\"Inicio\",\"item\":\"https:\/\/turismo.ayto-nuevobaztan.es\/es\/\"},{\"@type\":\"ListItem\",\"position\":2,\"name\":\"El s\u00e1bado se celebra en la Comunidad de Madrid el D\u00eda de los Museos\"}]},{\"@type\":\"WebSite\",\"@id\":\"https:\/\/turismo.ayto-nuevobaztan.es\/es\/#website\",\"url\":\"https:\/\/turismo.ayto-nuevobaztan.es\/es\/\",\"name\":\"Turismo Nuevo Bazt\u00e1n\",\"description\":\"\",\"publisher\":{\"@id\":\"https:\/\/turismo.ayto-nuevobaztan.es\/es\/#organization\"},\"potentialAction\":[{\"@type\":\"SearchAction\",\"target\":{\"@type\":\"EntryPoint\",\"urlTemplate\":\"https:\/\/turismo.ayto-nuevobaztan.es\/es\/?s={search_term_string}\"},\"query-input\":{\"@type\":\"PropertyValueSpecification\",\"valueRequired\":true,\"valueName\":\"search_term_string\"}}],\"inLanguage\":\"es\"},{\"@type\":\"Organization\",\"@id\":\"https:\/\/turismo.ayto-nuevobaztan.es\/es\/#organization\",\"name\":\"Turismo Nuevo Bazt\u00e1n\",\"url\":\"https:\/\/turismo.ayto-nuevobaztan.es\/es\/\",\"logo\":{\"@type\":\"ImageObject\",\"inLanguage\":\"es\",\"@id\":\"https:\/\/turismo.ayto-nuevobaztan.es\/es\/#\/schema\/logo\/image\/\",\"url\":\"https:\/\/turismo.ayto-nuevobaztan.es\/wp-content\/uploads\/2025\/12\/logo.png\",\"contentUrl\":\"https:\/\/turismo.ayto-nuevobaztan.es\/wp-content\/uploads\/2025\/12\/logo.png\",\"width\":1847,\"height\":1787,\"caption\":\"Turismo Nuevo Bazt\u00e1n\"},\"image\":{\"@id\":\"https:\/\/turismo.ayto-nuevobaztan.es\/es\/#\/schema\/logo\/image\/\"},\"sameAs\":[\"https:\/\/www.facebook.com\/turismonuevobaztan\/\",\"https:\/\/x.com\/TurismoNBaztan\"]},{\"@type\":\"Person\",\"@id\":\"https:\/\/turismo.ayto-nuevobaztan.es\/es\/#\/schema\/person\/bc781c848e33ae71437002fa79b5c3df\",\"name\":\"Turismo Nuevo Bazt\u00e1n\",\"image\":{\"@type\":\"ImageObject\",\"inLanguage\":\"es\",\"@id\":\"https:\/\/secure.gravatar.com\/avatar\/c34f0d8aae58e8accb5d24f13ebda51911caa6f3106f7c0db25bd0888b071620?s=96&d=mm&r=g\",\"url\":\"https:\/\/secure.gravatar.com\/avatar\/c34f0d8aae58e8accb5d24f13ebda51911caa6f3106f7c0db25bd0888b071620?s=96&d=mm&r=g\",\"contentUrl\":\"https:\/\/secure.gravatar.com\/avatar\/c34f0d8aae58e8accb5d24f13ebda51911caa6f3106f7c0db25bd0888b071620?s=96&d=mm&r=g\",\"caption\":\"Turismo Nuevo Bazt\u00e1n\"},\"url\":\"#\"}]}<\/script>\n<!-- \/ Yoast SEO plugin. -->","yoast_head_json":{"title":"El s\u00e1bado se celebra en la Comunidad de Madrid el D\u00eda de los Museos","description":"En nuestro municipio contaremos con dos actividades que nos acercar\u00e1n al Barroco. M\u00fasica y artesanos.","robots":{"index":"index","follow":"follow","max-snippet":"max-snippet:-1","max-image-preview":"max-image-preview:large","max-video-preview":"max-video-preview:-1"},"canonical":"https:\/\/turismo.ayto-nuevobaztan.es\/es\/noticias\/el-sabado-se-celebra-en-la-comunidad-de-madrid-el-dia-de-los-museos\/","og_locale":"es_ES","og_type":"article","og_title":"El s\u00e1bado se celebra en la Comunidad de Madrid el D\u00eda de los Museos.","og_description":"En nuestro municipio contaremos con dos actividades que nos acercar\u00e1n al Barroco. M\u00fasica y artesanos.","og_url":"https:\/\/turismo.ayto-nuevobaztan.es\/es\/noticias\/el-sabado-se-celebra-en-la-comunidad-de-madrid-el-dia-de-los-museos\/","og_site_name":"Turismo Nuevo Bazt\u00e1n","article_publisher":"https:\/\/www.facebook.com\/turismonuevobaztan\/","article_published_time":"2025-05-13T07:47:46+00:00","og_image":[{"width":1170,"height":658,"url":"https:\/\/turismo.ayto-nuevobaztan.es\/wp-content\/uploads\/2025\/05\/exhibicion_de_vidrio_en_el_centro_de_interpretacion_de_nuevo_baztan.jpg","type":"image\/jpeg"}],"author":"Turismo Nuevo Bazt\u00e1n","twitter_card":"summary_large_image","twitter_creator":"@TurismoNBaztan","twitter_site":"@TurismoNBaztan","twitter_misc":{"Escrito por":"Turismo Nuevo Bazt\u00e1n","Tiempo de lectura":"2 minutos"},"schema":{"@context":"https:\/\/schema.org","@graph":[{"@type":"Article","@id":"https:\/\/turismo.ayto-nuevobaztan.es\/es\/noticias\/el-sabado-se-celebra-en-la-comunidad-de-madrid-el-dia-de-los-museos\/#article","isPartOf":{"@id":"https:\/\/turismo.ayto-nuevobaztan.es\/es\/noticias\/el-sabado-se-celebra-en-la-comunidad-de-madrid-el-dia-de-los-museos\/"},"author":{"name":"Turismo Nuevo Bazt\u00e1n","@id":"https:\/\/turismo.ayto-nuevobaztan.es\/es\/#\/schema\/person\/bc781c848e33ae71437002fa79b5c3df"},"headline":"El s\u00e1bado se celebra en la Comunidad de Madrid el D\u00eda de los Museos","datePublished":"2025-05-13T07:47:46+00:00","mainEntityOfPage":{"@id":"https:\/\/turismo.ayto-nuevobaztan.es\/es\/noticias\/el-sabado-se-celebra-en-la-comunidad-de-madrid-el-dia-de-los-museos\/"},"wordCount":291,"publisher":{"@id":"https:\/\/turismo.ayto-nuevobaztan.es\/es\/#organization"},"image":{"@id":"https:\/\/turismo.ayto-nuevobaztan.es\/es\/noticias\/el-sabado-se-celebra-en-la-comunidad-de-madrid-el-dia-de-los-museos\/#primaryimage"},"thumbnailUrl":"https:\/\/turismo.ayto-nuevobaztan.es\/wp-content\/uploads\/2025\/05\/exhibicion_de_vidrio_en_el_centro_de_interpretacion_de_nuevo_baztan.jpg","keywords":["cultura","D\u00eda y Noche de los Museos","Noche Museos","Nuevo Bazt\u00e1n","Turismo"],"articleSection":["actividades"],"inLanguage":"es"},{"@type":"WebPage","@id":"https:\/\/turismo.ayto-nuevobaztan.es\/es\/noticias\/el-sabado-se-celebra-en-la-comunidad-de-madrid-el-dia-de-los-museos\/","url":"https:\/\/turismo.ayto-nuevobaztan.es\/es\/noticias\/el-sabado-se-celebra-en-la-comunidad-de-madrid-el-dia-de-los-museos\/","name":"El s\u00e1bado se celebra en la Comunidad de Madrid el D\u00eda de los Museos","isPartOf":{"@id":"https:\/\/turismo.ayto-nuevobaztan.es\/es\/#website"},"primaryImageOfPage":{"@id":"https:\/\/turismo.ayto-nuevobaztan.es\/es\/noticias\/el-sabado-se-celebra-en-la-comunidad-de-madrid-el-dia-de-los-museos\/#primaryimage"},"image":{"@id":"https:\/\/turismo.ayto-nuevobaztan.es\/es\/noticias\/el-sabado-se-celebra-en-la-comunidad-de-madrid-el-dia-de-los-museos\/#primaryimage"},"thumbnailUrl":"https:\/\/turismo.ayto-nuevobaztan.es\/wp-content\/uploads\/2025\/05\/exhibicion_de_vidrio_en_el_centro_de_interpretacion_de_nuevo_baztan.jpg","datePublished":"2025-05-13T07:47:46+00:00","description":"En nuestro municipio contaremos con dos actividades que nos acercar\u00e1n al Barroco. M\u00fasica y artesanos.","breadcrumb":{"@id":"https:\/\/turismo.ayto-nuevobaztan.es\/es\/noticias\/el-sabado-se-celebra-en-la-comunidad-de-madrid-el-dia-de-los-museos\/#breadcrumb"},"inLanguage":"es","potentialAction":[{"@type":"ReadAction","target":["https:\/\/turismo.ayto-nuevobaztan.es\/es\/noticias\/el-sabado-se-celebra-en-la-comunidad-de-madrid-el-dia-de-los-museos\/"]}]},{"@type":"ImageObject","inLanguage":"es","@id":"https:\/\/turismo.ayto-nuevobaztan.es\/es\/noticias\/el-sabado-se-celebra-en-la-comunidad-de-madrid-el-dia-de-los-museos\/#primaryimage","url":"https:\/\/turismo.ayto-nuevobaztan.es\/wp-content\/uploads\/2025\/05\/exhibicion_de_vidrio_en_el_centro_de_interpretacion_de_nuevo_baztan.jpg","contentUrl":"https:\/\/turismo.ayto-nuevobaztan.es\/wp-content\/uploads\/2025\/05\/exhibicion_de_vidrio_en_el_centro_de_interpretacion_de_nuevo_baztan.jpg","width":1170,"height":658},{"@type":"BreadcrumbList","@id":"https:\/\/turismo.ayto-nuevobaztan.es\/es\/noticias\/el-sabado-se-celebra-en-la-comunidad-de-madrid-el-dia-de-los-museos\/#breadcrumb","itemListElement":[{"@type":"ListItem","position":1,"name":"Inicio","item":"https:\/\/turismo.ayto-nuevobaztan.es\/es\/"},{"@type":"ListItem","position":2,"name":"El s\u00e1bado se celebra en la Comunidad de Madrid el D\u00eda de los Museos"}]},{"@type":"WebSite","@id":"https:\/\/turismo.ayto-nuevobaztan.es\/es\/#website","url":"https:\/\/turismo.ayto-nuevobaztan.es\/es\/","name":"Turismo Nuevo Bazt\u00e1n","description":"","publisher":{"@id":"https:\/\/turismo.ayto-nuevobaztan.es\/es\/#organization"},"potentialAction":[{"@type":"SearchAction","target":{"@type":"EntryPoint","urlTemplate":"https:\/\/turismo.ayto-nuevobaztan.es\/es\/?s={search_term_string}"},"query-input":{"@type":"PropertyValueSpecification","valueRequired":true,"valueName":"search_term_string"}}],"inLanguage":"es"},{"@type":"Organization","@id":"https:\/\/turismo.ayto-nuevobaztan.es\/es\/#organization","name":"Turismo Nuevo Bazt\u00e1n","url":"https:\/\/turismo.ayto-nuevobaztan.es\/es\/","logo":{"@type":"ImageObject","inLanguage":"es","@id":"https:\/\/turismo.ayto-nuevobaztan.es\/es\/#\/schema\/logo\/image\/","url":"https:\/\/turismo.ayto-nuevobaztan.es\/wp-content\/uploads\/2025\/12\/logo.png","contentUrl":"https:\/\/turismo.ayto-nuevobaztan.es\/wp-content\/uploads\/2025\/12\/logo.png","width":1847,"height":1787,"caption":"Turismo Nuevo Bazt\u00e1n"},"image":{"@id":"https:\/\/turismo.ayto-nuevobaztan.es\/es\/#\/schema\/logo\/image\/"},"sameAs":["https:\/\/www.facebook.com\/turismonuevobaztan\/","https:\/\/x.com\/TurismoNBaztan"]},{"@type":"Person","@id":"https:\/\/turismo.ayto-nuevobaztan.es\/es\/#\/schema\/person\/bc781c848e33ae71437002fa79b5c3df","name":"Turismo Nuevo Bazt\u00e1n","image":{"@type":"ImageObject","inLanguage":"es","@id":"https:\/\/secure.gravatar.com\/avatar\/c34f0d8aae58e8accb5d24f13ebda51911caa6f3106f7c0db25bd0888b071620?s=96&d=mm&r=g","url":"https:\/\/secure.gravatar.com\/avatar\/c34f0d8aae58e8accb5d24f13ebda51911caa6f3106f7c0db25bd0888b071620?s=96&d=mm&r=g","contentUrl":"https:\/\/secure.gravatar.com\/avatar\/c34f0d8aae58e8accb5d24f13ebda51911caa6f3106f7c0db25bd0888b071620?s=96&d=mm&r=g","caption":"Turismo Nuevo Bazt\u00e1n"},"url":"#"}]}},"_links":{"self":[{"href":"https:\/\/turismo.ayto-nuevobaztan.es\/es\/wp-json\/wp\/v2\/posts\/2166","targetHints":{"allow":["GET"]}}],"collection":[{"href":"https:\/\/turismo.ayto-nuevobaztan.es\/es\/wp-json\/wp\/v2\/posts"}],"about":[{"href":"https:\/\/turismo.ayto-nuevobaztan.es\/es\/wp-json\/wp\/v2\/types\/post"}],"author":[{"embeddable":true,"href":"https:\/\/turismo.ayto-nuevobaztan.es\/es\/wp-json\/wp\/v2\/users\/2"}],"replies":[{"embeddable":true,"href":"https:\/\/turismo.ayto-nuevobaztan.es\/es\/wp-json\/wp\/v2\/comments?post=2166"}],"version-history":[{"count":0,"href":"https:\/\/turismo.ayto-nuevobaztan.es\/es\/wp-json\/wp\/v2\/posts\/2166\/revisions"}],"wp:featuredmedia":[{"embeddable":true,"href":"https:\/\/turismo.ayto-nuevobaztan.es\/es\/wp-json\/wp\/v2\/media\/2168"}],"wp:attachment":[{"href":"https:\/\/turismo.ayto-nuevobaztan.es\/es\/wp-json\/wp\/v2\/media?parent=2166"}],"wp:term":[{"taxonomy":"category","embeddable":true,"href":"https:\/\/turismo.ayto-nuevobaztan.es\/es\/wp-json\/wp\/v2\/categories?post=2166"},{"taxonomy":"post_tag","embeddable":true,"href":"https:\/\/turismo.ayto-nuevobaztan.es\/es\/wp-json\/wp\/v2\/tags?post=2166"}],"curies":[{"name":"wp","href":"https:\/\/api.w.org\/{rel}","templated":true}]}}