{"id":2113,"date":"2025-03-12T08:14:36","date_gmt":"2025-03-12T07:14:36","guid":{"rendered":"https:\/\/turismo.ayto-nuevobaztan.es\/?p=2113"},"modified":"2025-03-12T08:14:36","modified_gmt":"2025-03-12T07:14:36","slug":"llega-un-ano-mas-sesion-vermu-a-nuevo-baztan","status":"publish","type":"post","link":"https:\/\/turismo.ayto-nuevobaztan.es\/es\/noticias\/llega-un-ano-mas-sesion-vermu-a-nuevo-baztan\/","title":{"rendered":"Llega un a\u00f1o m\u00e1s Sesi\u00f3n Verm\u00fa a Nuevo Bazt\u00e1n"},"content":{"rendered":"<p><span data-contrast=\"none\">Ya conocemos el programa completo de Sesi\u00f3n Verm\u00fa 2025. El ciclo ofrecer\u00e1 este a\u00f1o 82 conciertos gratuitos de 51 bandas en 23 municipios de la regi\u00f3n. De nuevo nuestro pueblo se incluye dentro de este programa musical.<\/span><span data-ccp-props=\"{&quot;201341983&quot;:0,&quot;335551550&quot;:6,&quot;335551620&quot;:6,&quot;335559740&quot;:360}\">\u00a0<\/span><\/p>\n<p><span data-contrast=\"none\">Esta programaci\u00f3n ha sido presentada por don Mariano de Paco Serrano, consejero de Cultura, Turismo y Deporte, acompa\u00f1ado por el director general de Cultura e Industrias Creativas y la consejera de Familia, Juventud y Asuntos Sociales.\u00a0\u00a0\u00a0<\/span><span data-ccp-props=\"{&quot;201341983&quot;:0,&quot;335551550&quot;:6,&quot;335551620&quot;:6,&quot;335559740&quot;:360}\">\u00a0<\/span><\/p>\n<p><span data-contrast=\"none\">Sesi\u00f3n Verm\u00fa 2025 tendr\u00e1 lugar todos los fines de semana del 5 al 27 de abril, exceptuando el s\u00e1bado y domingo de Semana Santa, y durante el puente del 1 al 4 de mayo, con una oferta repleta de talento emergente nacional y de algunos nombres ya consolidados.\u00a0<\/span><span data-ccp-props=\"{&quot;201341983&quot;:0,&quot;335551550&quot;:6,&quot;335551620&quot;:6,&quot;335559740&quot;:360}\">\u00a0<\/span><\/p>\n<p><span data-contrast=\"none\">Adem\u00e1s, este a\u00f1o contar\u00e1 con un apoyo especial a los artistas valencianos tras la tr\u00e1gica DANA que asol\u00f3 la regi\u00f3n, incluyendo 6 proyectos valencianos.\u00a0\u00a0<\/span><span data-ccp-props=\"{&quot;201341983&quot;:0,&quot;335551550&quot;:6,&quot;335551620&quot;:6,&quot;335559740&quot;:360}\">\u00a0<\/span><\/p>\n<p><span data-contrast=\"none\">Un men\u00fa musical que se podr\u00e1 degustar en algunas de las plazas y rincones m\u00e1s bellos y monumentales de 23 municipios madrile\u00f1os. Algunos cercanos al nuestro como Ajalvir, Alcal\u00e1 de Henares, Arganda del Rey, Chinch\u00f3n, Loeches y Villarejo de Salvan\u00e9s. En nuestro municipio disfrutaremos de 4 grupos en Sesi\u00f3n Verm\u00fa. Ser\u00e1 el fin de semana del 26 y 27 de abril. Tanto el s\u00e1bado como el domingo comenzar\u00e1 a las 12 horas.<\/span><span data-ccp-props=\"{&quot;201341983&quot;:0,&quot;335551550&quot;:6,&quot;335551620&quot;:6,&quot;335559740&quot;:360}\">\u00a0<\/span><\/p>\n<p><span data-contrast=\"none\">Organizado por la Consejer\u00eda de Cultura, Turismo y Deporte y la Consejer\u00eda de Familia, Juventud y Asuntos Sociales de la Comunidad de Madrid, con la colaboraci\u00f3n del Ayuntamiento de Nuevo Bazt\u00e1n. Sesi\u00f3n Verm\u00fa ofrece una experiencia inigualable que va m\u00e1s all\u00e1 de la m\u00fasica. Una oportunidad perfecta para descubrir la excelente oferta tur\u00edstica y gastron\u00f3mica que encontramos por todos los rincones de la Comunidad de Madrid.<\/span><\/p>\n\n\t\t<style>\n\t\t\t#gallery-1 {\n\t\t\t\tmargin: auto;\n\t\t\t}\n\t\t\t#gallery-1 .gallery-item {\n\t\t\t\tfloat: left;\n\t\t\t\tmargin-top: 10px;\n\t\t\t\ttext-align: center;\n\t\t\t\twidth: 50%;\n\t\t\t}\n\t\t\t#gallery-1 img {\n\t\t\t\tborder: 2px solid #cfcfcf;\n\t\t\t}\n\t\t\t#gallery-1 .gallery-caption {\n\t\t\t\tmargin-left: 0;\n\t\t\t}\n\t\t\t\/* see gallery_shortcode() in wp-includes\/media.php *\/\n\t\t<\/style>\n\t\t<div id='gallery-1' class='gallery galleryid-2113 gallery-columns-2 gallery-size-medium'><dl class='gallery-item'>\n\t\t\t<dt class='gallery-icon portrait'>\n\t\t\t\t<a href='https:\/\/turismo.ayto-nuevobaztan.es\/es\/noticias\/llega-un-ano-mas-sesion-vermu-a-nuevo-baztan\/attachment\/sesion-vermu-26-abril-2025\/'><img loading=\"lazy\" decoding=\"async\" width=\"318\" height=\"450\" src=\"https:\/\/turismo.ayto-nuevobaztan.es\/wp-content\/uploads\/2025\/03\/sesion-vermu-26-abril-2025.jpg\" class=\"attachment-medium size-medium\" alt=\"\" srcset=\"https:\/\/turismo.ayto-nuevobaztan.es\/wp-content\/uploads\/2025\/03\/sesion-vermu-26-abril-2025.jpg 1600w, https:\/\/turismo.ayto-nuevobaztan.es\/wp-content\/uploads\/2025\/03\/sesion-vermu-26-abril-2025-600x849.jpg 600w\" sizes=\"auto, (max-width: 318px) 100vw, 318px\" \/><\/a>\n\t\t\t<\/dt><\/dl><dl class='gallery-item'>\n\t\t\t<dt class='gallery-icon portrait'>\n\t\t\t\t<a href='https:\/\/turismo.ayto-nuevobaztan.es\/es\/noticias\/llega-un-ano-mas-sesion-vermu-a-nuevo-baztan\/attachment\/sesion-vermu-27-abril-2025\/'><img loading=\"lazy\" decoding=\"async\" width=\"318\" height=\"450\" src=\"https:\/\/turismo.ayto-nuevobaztan.es\/wp-content\/uploads\/2025\/03\/sesion-vermu-27-abril-2025.jpg\" class=\"attachment-medium size-medium\" alt=\"\" srcset=\"https:\/\/turismo.ayto-nuevobaztan.es\/wp-content\/uploads\/2025\/03\/sesion-vermu-27-abril-2025.jpg 1600w, https:\/\/turismo.ayto-nuevobaztan.es\/wp-content\/uploads\/2025\/03\/sesion-vermu-27-abril-2025-600x849.jpg 600w\" sizes=\"auto, (max-width: 318px) 100vw, 318px\" \/><\/a>\n\t\t\t<\/dt><\/dl><br style=\"clear: both\" \/>\n\t\t<\/div>\n\n","protected":false},"excerpt":{"rendered":"<p>Ya conocemos el programa completo de Sesi\u00f3n Verm\u00fa 2025. El ciclo ofrecer\u00e1 este a\u00f1o 82 conciertos gratuitos de 51 bandas en 23 municipios de la regi\u00f3n. De nuevo nuestro pueblo se incluye dentro de este programa musical.\u00a0 Esta programaci\u00f3n ha sido presentada por don Mariano de Paco Serrano, consejero de Cultura, Turismo y Deporte, acompa\u00f1ado&hellip;<\/p>\n","protected":false},"author":2,"featured_media":2115,"comment_status":"closed","ping_status":"closed","sticky":false,"template":"","format":"standard","meta":{"_acf_changed":false,"footnotes":""},"categories":[14],"tags":[100,225,29,226,142],"class_list":["post-2113","post","type-post","status-publish","format-standard","has-post-thumbnail","hentry","category-actividades-nuevo-batzan","tag-conciertos","tag-mondo-sonoro","tag-nuevo-baztan","tag-radio-3","tag-sesion-vermu"],"acf":[],"yoast_head":"<!-- This site is optimized with the Yoast SEO plugin v27.2 - https:\/\/yoast.com\/product\/yoast-seo-wordpress\/ -->\n<title>Llega un a\u00f1o m\u00e1s Sesi\u00f3n Verm\u00fa a Nuevo Bazt\u00e1n<\/title>\n<meta name=\"description\" content=\"Durante el fin de semana del 26 y 27 de abril la Plaza del Secreto se llenar\u00e1 de m\u00fasica en directo. Anticipo de nuestras fiestas patronales\" \/>\n<meta name=\"robots\" content=\"index, follow, max-snippet:-1, max-image-preview:large, max-video-preview:-1\" \/>\n<link rel=\"canonical\" href=\"https:\/\/turismo.ayto-nuevobaztan.es\/es\/noticias\/llega-un-ano-mas-sesion-vermu-a-nuevo-baztan\/\" \/>\n<meta property=\"og:locale\" content=\"es_ES\" \/>\n<meta property=\"og:type\" content=\"article\" \/>\n<meta property=\"og:title\" content=\"Llega un a\u00f1o m\u00e1s Sesi\u00f3n Verm\u00fa a Nuevo Bazt\u00e1n\" \/>\n<meta property=\"og:description\" content=\"Durante el fin de semana del 26 y 27 de abril la Plaza del Secreto se llenar\u00e1 de m\u00fasica en directo. Anticipo de nuestras fiestas patronales\" \/>\n<meta property=\"og:url\" content=\"https:\/\/turismo.ayto-nuevobaztan.es\/es\/noticias\/llega-un-ano-mas-sesion-vermu-a-nuevo-baztan\/\" \/>\n<meta property=\"og:site_name\" content=\"Turismo Nuevo Bazt\u00e1n\" \/>\n<meta property=\"article:publisher\" content=\"https:\/\/www.facebook.com\/turismonuevobaztan\/\" \/>\n<meta property=\"article:published_time\" content=\"2025-03-12T07:14:36+00:00\" \/>\n<meta property=\"og:image\" content=\"https:\/\/turismo.ayto-nuevobaztan.es\/wp-content\/uploads\/2025\/03\/Logo-Sesion-Vermu-2025.jpg\" \/>\n\t<meta property=\"og:image:width\" content=\"2000\" \/>\n\t<meta property=\"og:image:height\" content=\"1075\" \/>\n\t<meta property=\"og:image:type\" content=\"image\/jpeg\" \/>\n<meta name=\"author\" content=\"Turismo Nuevo Bazt\u00e1n\" \/>\n<meta name=\"twitter:card\" content=\"summary_large_image\" \/>\n<meta name=\"twitter:creator\" content=\"@TurismoNBaztan\" \/>\n<meta name=\"twitter:site\" content=\"@TurismoNBaztan\" \/>\n<meta name=\"twitter:label1\" content=\"Escrito por\" \/>\n\t<meta name=\"twitter:data1\" content=\"Turismo Nuevo Bazt\u00e1n\" \/>\n\t<meta name=\"twitter:label2\" content=\"Tiempo de lectura\" \/>\n\t<meta name=\"twitter:data2\" content=\"2 minutos\" \/>\n<script type=\"application\/ld+json\" class=\"yoast-schema-graph\">{\"@context\":\"https:\/\/schema.org\",\"@graph\":[{\"@type\":\"Article\",\"@id\":\"https:\/\/turismo.ayto-nuevobaztan.es\/es\/noticias\/llega-un-ano-mas-sesion-vermu-a-nuevo-baztan\/#article\",\"isPartOf\":{\"@id\":\"https:\/\/turismo.ayto-nuevobaztan.es\/es\/noticias\/llega-un-ano-mas-sesion-vermu-a-nuevo-baztan\/\"},\"author\":{\"name\":\"Turismo Nuevo Bazt\u00e1n\",\"@id\":\"https:\/\/turismo.ayto-nuevobaztan.es\/es\/#\/schema\/person\/bc781c848e33ae71437002fa79b5c3df\"},\"headline\":\"Llega un a\u00f1o m\u00e1s Sesi\u00f3n Verm\u00fa a Nuevo Bazt\u00e1n\",\"datePublished\":\"2025-03-12T07:14:36+00:00\",\"mainEntityOfPage\":{\"@id\":\"https:\/\/turismo.ayto-nuevobaztan.es\/es\/noticias\/llega-un-ano-mas-sesion-vermu-a-nuevo-baztan\/\"},\"wordCount\":312,\"publisher\":{\"@id\":\"https:\/\/turismo.ayto-nuevobaztan.es\/es\/#organization\"},\"image\":{\"@id\":\"https:\/\/turismo.ayto-nuevobaztan.es\/es\/noticias\/llega-un-ano-mas-sesion-vermu-a-nuevo-baztan\/#primaryimage\"},\"thumbnailUrl\":\"https:\/\/turismo.ayto-nuevobaztan.es\/wp-content\/uploads\/2025\/03\/Logo-Sesion-Vermu-2025.jpg\",\"keywords\":[\"conciertos\",\"mondo sonoro\",\"Nuevo Bazt\u00e1n\",\"radio 3\",\"Sesi\u00f3n Verm\u00fa\"],\"articleSection\":[\"actividades\"],\"inLanguage\":\"es\"},{\"@type\":\"WebPage\",\"@id\":\"https:\/\/turismo.ayto-nuevobaztan.es\/es\/noticias\/llega-un-ano-mas-sesion-vermu-a-nuevo-baztan\/\",\"url\":\"https:\/\/turismo.ayto-nuevobaztan.es\/es\/noticias\/llega-un-ano-mas-sesion-vermu-a-nuevo-baztan\/\",\"name\":\"Llega un a\u00f1o m\u00e1s Sesi\u00f3n Verm\u00fa a Nuevo Bazt\u00e1n\",\"isPartOf\":{\"@id\":\"https:\/\/turismo.ayto-nuevobaztan.es\/es\/#website\"},\"primaryImageOfPage\":{\"@id\":\"https:\/\/turismo.ayto-nuevobaztan.es\/es\/noticias\/llega-un-ano-mas-sesion-vermu-a-nuevo-baztan\/#primaryimage\"},\"image\":{\"@id\":\"https:\/\/turismo.ayto-nuevobaztan.es\/es\/noticias\/llega-un-ano-mas-sesion-vermu-a-nuevo-baztan\/#primaryimage\"},\"thumbnailUrl\":\"https:\/\/turismo.ayto-nuevobaztan.es\/wp-content\/uploads\/2025\/03\/Logo-Sesion-Vermu-2025.jpg\",\"datePublished\":\"2025-03-12T07:14:36+00:00\",\"description\":\"Durante el fin de semana del 26 y 27 de abril la Plaza del Secreto se llenar\u00e1 de m\u00fasica en directo. Anticipo de nuestras fiestas patronales\",\"breadcrumb\":{\"@id\":\"https:\/\/turismo.ayto-nuevobaztan.es\/es\/noticias\/llega-un-ano-mas-sesion-vermu-a-nuevo-baztan\/#breadcrumb\"},\"inLanguage\":\"es\",\"potentialAction\":[{\"@type\":\"ReadAction\",\"target\":[\"https:\/\/turismo.ayto-nuevobaztan.es\/es\/noticias\/llega-un-ano-mas-sesion-vermu-a-nuevo-baztan\/\"]}]},{\"@type\":\"ImageObject\",\"inLanguage\":\"es\",\"@id\":\"https:\/\/turismo.ayto-nuevobaztan.es\/es\/noticias\/llega-un-ano-mas-sesion-vermu-a-nuevo-baztan\/#primaryimage\",\"url\":\"https:\/\/turismo.ayto-nuevobaztan.es\/wp-content\/uploads\/2025\/03\/Logo-Sesion-Vermu-2025.jpg\",\"contentUrl\":\"https:\/\/turismo.ayto-nuevobaztan.es\/wp-content\/uploads\/2025\/03\/Logo-Sesion-Vermu-2025.jpg\",\"width\":2000,\"height\":1075},{\"@type\":\"BreadcrumbList\",\"@id\":\"https:\/\/turismo.ayto-nuevobaztan.es\/es\/noticias\/llega-un-ano-mas-sesion-vermu-a-nuevo-baztan\/#breadcrumb\",\"itemListElement\":[{\"@type\":\"ListItem\",\"position\":1,\"name\":\"Inicio\",\"item\":\"https:\/\/turismo.ayto-nuevobaztan.es\/es\/\"},{\"@type\":\"ListItem\",\"position\":2,\"name\":\"Llega un a\u00f1o m\u00e1s Sesi\u00f3n Verm\u00fa a Nuevo Bazt\u00e1n\"}]},{\"@type\":\"WebSite\",\"@id\":\"https:\/\/turismo.ayto-nuevobaztan.es\/es\/#website\",\"url\":\"https:\/\/turismo.ayto-nuevobaztan.es\/es\/\",\"name\":\"Turismo Nuevo Bazt\u00e1n\",\"description\":\"\",\"publisher\":{\"@id\":\"https:\/\/turismo.ayto-nuevobaztan.es\/es\/#organization\"},\"potentialAction\":[{\"@type\":\"SearchAction\",\"target\":{\"@type\":\"EntryPoint\",\"urlTemplate\":\"https:\/\/turismo.ayto-nuevobaztan.es\/es\/?s={search_term_string}\"},\"query-input\":{\"@type\":\"PropertyValueSpecification\",\"valueRequired\":true,\"valueName\":\"search_term_string\"}}],\"inLanguage\":\"es\"},{\"@type\":\"Organization\",\"@id\":\"https:\/\/turismo.ayto-nuevobaztan.es\/es\/#organization\",\"name\":\"Turismo Nuevo Bazt\u00e1n\",\"url\":\"https:\/\/turismo.ayto-nuevobaztan.es\/es\/\",\"logo\":{\"@type\":\"ImageObject\",\"inLanguage\":\"es\",\"@id\":\"https:\/\/turismo.ayto-nuevobaztan.es\/es\/#\/schema\/logo\/image\/\",\"url\":\"https:\/\/turismo.ayto-nuevobaztan.es\/wp-content\/uploads\/2025\/12\/logo.png\",\"contentUrl\":\"https:\/\/turismo.ayto-nuevobaztan.es\/wp-content\/uploads\/2025\/12\/logo.png\",\"width\":1847,\"height\":1787,\"caption\":\"Turismo Nuevo Bazt\u00e1n\"},\"image\":{\"@id\":\"https:\/\/turismo.ayto-nuevobaztan.es\/es\/#\/schema\/logo\/image\/\"},\"sameAs\":[\"https:\/\/www.facebook.com\/turismonuevobaztan\/\",\"https:\/\/x.com\/TurismoNBaztan\"]},{\"@type\":\"Person\",\"@id\":\"https:\/\/turismo.ayto-nuevobaztan.es\/es\/#\/schema\/person\/bc781c848e33ae71437002fa79b5c3df\",\"name\":\"Turismo Nuevo Bazt\u00e1n\",\"image\":{\"@type\":\"ImageObject\",\"inLanguage\":\"es\",\"@id\":\"https:\/\/secure.gravatar.com\/avatar\/c34f0d8aae58e8accb5d24f13ebda51911caa6f3106f7c0db25bd0888b071620?s=96&d=mm&r=g\",\"url\":\"https:\/\/secure.gravatar.com\/avatar\/c34f0d8aae58e8accb5d24f13ebda51911caa6f3106f7c0db25bd0888b071620?s=96&d=mm&r=g\",\"contentUrl\":\"https:\/\/secure.gravatar.com\/avatar\/c34f0d8aae58e8accb5d24f13ebda51911caa6f3106f7c0db25bd0888b071620?s=96&d=mm&r=g\",\"caption\":\"Turismo Nuevo Bazt\u00e1n\"},\"url\":\"#\"}]}<\/script>\n<!-- \/ Yoast SEO plugin. -->","yoast_head_json":{"title":"Llega un a\u00f1o m\u00e1s Sesi\u00f3n Verm\u00fa a Nuevo Bazt\u00e1n","description":"Durante el fin de semana del 26 y 27 de abril la Plaza del Secreto se llenar\u00e1 de m\u00fasica en directo. Anticipo de nuestras fiestas patronales","robots":{"index":"index","follow":"follow","max-snippet":"max-snippet:-1","max-image-preview":"max-image-preview:large","max-video-preview":"max-video-preview:-1"},"canonical":"https:\/\/turismo.ayto-nuevobaztan.es\/es\/noticias\/llega-un-ano-mas-sesion-vermu-a-nuevo-baztan\/","og_locale":"es_ES","og_type":"article","og_title":"Llega un a\u00f1o m\u00e1s Sesi\u00f3n Verm\u00fa a Nuevo Bazt\u00e1n","og_description":"Durante el fin de semana del 26 y 27 de abril la Plaza del Secreto se llenar\u00e1 de m\u00fasica en directo. Anticipo de nuestras fiestas patronales","og_url":"https:\/\/turismo.ayto-nuevobaztan.es\/es\/noticias\/llega-un-ano-mas-sesion-vermu-a-nuevo-baztan\/","og_site_name":"Turismo Nuevo Bazt\u00e1n","article_publisher":"https:\/\/www.facebook.com\/turismonuevobaztan\/","article_published_time":"2025-03-12T07:14:36+00:00","og_image":[{"width":2000,"height":1075,"url":"https:\/\/turismo.ayto-nuevobaztan.es\/wp-content\/uploads\/2025\/03\/Logo-Sesion-Vermu-2025.jpg","type":"image\/jpeg"}],"author":"Turismo Nuevo Bazt\u00e1n","twitter_card":"summary_large_image","twitter_creator":"@TurismoNBaztan","twitter_site":"@TurismoNBaztan","twitter_misc":{"Escrito por":"Turismo Nuevo Bazt\u00e1n","Tiempo de lectura":"2 minutos"},"schema":{"@context":"https:\/\/schema.org","@graph":[{"@type":"Article","@id":"https:\/\/turismo.ayto-nuevobaztan.es\/es\/noticias\/llega-un-ano-mas-sesion-vermu-a-nuevo-baztan\/#article","isPartOf":{"@id":"https:\/\/turismo.ayto-nuevobaztan.es\/es\/noticias\/llega-un-ano-mas-sesion-vermu-a-nuevo-baztan\/"},"author":{"name":"Turismo Nuevo Bazt\u00e1n","@id":"https:\/\/turismo.ayto-nuevobaztan.es\/es\/#\/schema\/person\/bc781c848e33ae71437002fa79b5c3df"},"headline":"Llega un a\u00f1o m\u00e1s Sesi\u00f3n Verm\u00fa a Nuevo Bazt\u00e1n","datePublished":"2025-03-12T07:14:36+00:00","mainEntityOfPage":{"@id":"https:\/\/turismo.ayto-nuevobaztan.es\/es\/noticias\/llega-un-ano-mas-sesion-vermu-a-nuevo-baztan\/"},"wordCount":312,"publisher":{"@id":"https:\/\/turismo.ayto-nuevobaztan.es\/es\/#organization"},"image":{"@id":"https:\/\/turismo.ayto-nuevobaztan.es\/es\/noticias\/llega-un-ano-mas-sesion-vermu-a-nuevo-baztan\/#primaryimage"},"thumbnailUrl":"https:\/\/turismo.ayto-nuevobaztan.es\/wp-content\/uploads\/2025\/03\/Logo-Sesion-Vermu-2025.jpg","keywords":["conciertos","mondo sonoro","Nuevo Bazt\u00e1n","radio 3","Sesi\u00f3n Verm\u00fa"],"articleSection":["actividades"],"inLanguage":"es"},{"@type":"WebPage","@id":"https:\/\/turismo.ayto-nuevobaztan.es\/es\/noticias\/llega-un-ano-mas-sesion-vermu-a-nuevo-baztan\/","url":"https:\/\/turismo.ayto-nuevobaztan.es\/es\/noticias\/llega-un-ano-mas-sesion-vermu-a-nuevo-baztan\/","name":"Llega un a\u00f1o m\u00e1s Sesi\u00f3n Verm\u00fa a Nuevo Bazt\u00e1n","isPartOf":{"@id":"https:\/\/turismo.ayto-nuevobaztan.es\/es\/#website"},"primaryImageOfPage":{"@id":"https:\/\/turismo.ayto-nuevobaztan.es\/es\/noticias\/llega-un-ano-mas-sesion-vermu-a-nuevo-baztan\/#primaryimage"},"image":{"@id":"https:\/\/turismo.ayto-nuevobaztan.es\/es\/noticias\/llega-un-ano-mas-sesion-vermu-a-nuevo-baztan\/#primaryimage"},"thumbnailUrl":"https:\/\/turismo.ayto-nuevobaztan.es\/wp-content\/uploads\/2025\/03\/Logo-Sesion-Vermu-2025.jpg","datePublished":"2025-03-12T07:14:36+00:00","description":"Durante el fin de semana del 26 y 27 de abril la Plaza del Secreto se llenar\u00e1 de m\u00fasica en directo. Anticipo de nuestras fiestas patronales","breadcrumb":{"@id":"https:\/\/turismo.ayto-nuevobaztan.es\/es\/noticias\/llega-un-ano-mas-sesion-vermu-a-nuevo-baztan\/#breadcrumb"},"inLanguage":"es","potentialAction":[{"@type":"ReadAction","target":["https:\/\/turismo.ayto-nuevobaztan.es\/es\/noticias\/llega-un-ano-mas-sesion-vermu-a-nuevo-baztan\/"]}]},{"@type":"ImageObject","inLanguage":"es","@id":"https:\/\/turismo.ayto-nuevobaztan.es\/es\/noticias\/llega-un-ano-mas-sesion-vermu-a-nuevo-baztan\/#primaryimage","url":"https:\/\/turismo.ayto-nuevobaztan.es\/wp-content\/uploads\/2025\/03\/Logo-Sesion-Vermu-2025.jpg","contentUrl":"https:\/\/turismo.ayto-nuevobaztan.es\/wp-content\/uploads\/2025\/03\/Logo-Sesion-Vermu-2025.jpg","width":2000,"height":1075},{"@type":"BreadcrumbList","@id":"https:\/\/turismo.ayto-nuevobaztan.es\/es\/noticias\/llega-un-ano-mas-sesion-vermu-a-nuevo-baztan\/#breadcrumb","itemListElement":[{"@type":"ListItem","position":1,"name":"Inicio","item":"https:\/\/turismo.ayto-nuevobaztan.es\/es\/"},{"@type":"ListItem","position":2,"name":"Llega un a\u00f1o m\u00e1s Sesi\u00f3n Verm\u00fa a Nuevo Bazt\u00e1n"}]},{"@type":"WebSite","@id":"https:\/\/turismo.ayto-nuevobaztan.es\/es\/#website","url":"https:\/\/turismo.ayto-nuevobaztan.es\/es\/","name":"Turismo Nuevo Bazt\u00e1n","description":"","publisher":{"@id":"https:\/\/turismo.ayto-nuevobaztan.es\/es\/#organization"},"potentialAction":[{"@type":"SearchAction","target":{"@type":"EntryPoint","urlTemplate":"https:\/\/turismo.ayto-nuevobaztan.es\/es\/?s={search_term_string}"},"query-input":{"@type":"PropertyValueSpecification","valueRequired":true,"valueName":"search_term_string"}}],"inLanguage":"es"},{"@type":"Organization","@id":"https:\/\/turismo.ayto-nuevobaztan.es\/es\/#organization","name":"Turismo Nuevo Bazt\u00e1n","url":"https:\/\/turismo.ayto-nuevobaztan.es\/es\/","logo":{"@type":"ImageObject","inLanguage":"es","@id":"https:\/\/turismo.ayto-nuevobaztan.es\/es\/#\/schema\/logo\/image\/","url":"https:\/\/turismo.ayto-nuevobaztan.es\/wp-content\/uploads\/2025\/12\/logo.png","contentUrl":"https:\/\/turismo.ayto-nuevobaztan.es\/wp-content\/uploads\/2025\/12\/logo.png","width":1847,"height":1787,"caption":"Turismo Nuevo Bazt\u00e1n"},"image":{"@id":"https:\/\/turismo.ayto-nuevobaztan.es\/es\/#\/schema\/logo\/image\/"},"sameAs":["https:\/\/www.facebook.com\/turismonuevobaztan\/","https:\/\/x.com\/TurismoNBaztan"]},{"@type":"Person","@id":"https:\/\/turismo.ayto-nuevobaztan.es\/es\/#\/schema\/person\/bc781c848e33ae71437002fa79b5c3df","name":"Turismo Nuevo Bazt\u00e1n","image":{"@type":"ImageObject","inLanguage":"es","@id":"https:\/\/secure.gravatar.com\/avatar\/c34f0d8aae58e8accb5d24f13ebda51911caa6f3106f7c0db25bd0888b071620?s=96&d=mm&r=g","url":"https:\/\/secure.gravatar.com\/avatar\/c34f0d8aae58e8accb5d24f13ebda51911caa6f3106f7c0db25bd0888b071620?s=96&d=mm&r=g","contentUrl":"https:\/\/secure.gravatar.com\/avatar\/c34f0d8aae58e8accb5d24f13ebda51911caa6f3106f7c0db25bd0888b071620?s=96&d=mm&r=g","caption":"Turismo Nuevo Bazt\u00e1n"},"url":"#"}]}},"_links":{"self":[{"href":"https:\/\/turismo.ayto-nuevobaztan.es\/es\/wp-json\/wp\/v2\/posts\/2113","targetHints":{"allow":["GET"]}}],"collection":[{"href":"https:\/\/turismo.ayto-nuevobaztan.es\/es\/wp-json\/wp\/v2\/posts"}],"about":[{"href":"https:\/\/turismo.ayto-nuevobaztan.es\/es\/wp-json\/wp\/v2\/types\/post"}],"author":[{"embeddable":true,"href":"https:\/\/turismo.ayto-nuevobaztan.es\/es\/wp-json\/wp\/v2\/users\/2"}],"replies":[{"embeddable":true,"href":"https:\/\/turismo.ayto-nuevobaztan.es\/es\/wp-json\/wp\/v2\/comments?post=2113"}],"version-history":[{"count":0,"href":"https:\/\/turismo.ayto-nuevobaztan.es\/es\/wp-json\/wp\/v2\/posts\/2113\/revisions"}],"wp:featuredmedia":[{"embeddable":true,"href":"https:\/\/turismo.ayto-nuevobaztan.es\/es\/wp-json\/wp\/v2\/media\/2115"}],"wp:attachment":[{"href":"https:\/\/turismo.ayto-nuevobaztan.es\/es\/wp-json\/wp\/v2\/media?parent=2113"}],"wp:term":[{"taxonomy":"category","embeddable":true,"href":"https:\/\/turismo.ayto-nuevobaztan.es\/es\/wp-json\/wp\/v2\/categories?post=2113"},{"taxonomy":"post_tag","embeddable":true,"href":"https:\/\/turismo.ayto-nuevobaztan.es\/es\/wp-json\/wp\/v2\/tags?post=2113"}],"curies":[{"name":"wp","href":"https:\/\/api.w.org\/{rel}","templated":true}]}}