{"id":2103,"date":"2025-03-11T13:28:57","date_gmt":"2025-03-11T12:28:57","guid":{"rendered":"https:\/\/turismo.ayto-nuevobaztan.es\/?p=2103"},"modified":"2025-03-11T13:28:57","modified_gmt":"2025-03-11T12:28:57","slug":"javierada-2025-y-visita-de-vecinos-de-veauche-a-nuevo-baztan","status":"publish","type":"post","link":"https:\/\/turismo.ayto-nuevobaztan.es\/es\/noticias\/javierada-2025-y-visita-de-vecinos-de-veauche-a-nuevo-baztan\/","title":{"rendered":"Javierada 2025 y visita de vecinos de Veauche a Nuevo Bazt\u00e1n"},"content":{"rendered":"<p><span data-contrast=\"none\">Este pasado fin de semana se programaron actividades por el D\u00eda de la Mujer Trabajadora, la visita de algunos vecinos del pueblo hermanado de Veauche y la Javierada. Llegaron a nuestro municipio 9 miembros de la asociaci\u00f3n de Hermanamiento francesa adem\u00e1s de 3 concejales, representantes del ayuntamiento de Veauche. Muchas de las actividades se vieron afectadas por el mal tiempo que estamos sufriendo en estos primeros d\u00edas del mes de marzo.\u00a0<\/span><span data-ccp-props=\"{&quot;134233117&quot;:false,&quot;134233118&quot;:false,&quot;335551550&quot;:6,&quot;335551620&quot;:6,&quot;335557856&quot;:16777215,&quot;335559738&quot;:0,&quot;335559739&quot;:160}\">\u00a0<\/span><\/p>\n<p><span data-contrast=\"none\">El s\u00e1bado por la ma\u00f1ana se desplazaron hasta la localidad de Alcal\u00e1 de Henares donde se hab\u00eda preparado una visita a zonas importantes de la ciudad como la Casa de Cervantes y la Universidad. Visitantes de Veauche, familias de acogida, representantes de la Asociaci\u00f3n de Hermanamiento y representantes de los dos ayuntamientos conocieron la historia de una ciudad con muchos siglos de vida. Por la tarde lleg\u00f3 el turno de asistir a la representaci\u00f3n de la obra de teatro de Casa de Bernarda Alba, que el ayuntamiento hab\u00eda programado en el Centro Cultural Valmores. Producciones EDAE Pasiones nos ofreci\u00f3 este montaje de Ana Bel\u00e9n Mota\u00a0por el D\u00eda Internacional de la Mujer. Aforo completo para disfrutar de estas grandes interpretaciones.\u00a0<\/span><span data-ccp-props=\"{&quot;134233117&quot;:false,&quot;134233118&quot;:false,&quot;335551550&quot;:6,&quot;335551620&quot;:6,&quot;335557856&quot;:16777215,&quot;335559738&quot;:0,&quot;335559739&quot;:160}\">\u00a0<\/span><\/p>\n<p><span data-contrast=\"none\">El domingo se celebr\u00f3 en Nuevo Bazt\u00e1n La Javierada. S\u00f3lo se pudieron mantener los actos religiosos que se hicieron en el interior de la Iglesia de San Francisco Javier. V\u00eda Crucis y Misa Mayor que organiz\u00f3 como cada a\u00f1o la Real Congregaci\u00f3n San Ferm\u00edn de los Navarros. Despu\u00e9s de los actos se les entreg\u00f3 a los visitantes de Veauche el pa\u00f1uelo oficial de los actos de la Javierada. Para terminar, se celebr\u00f3 en las salas del Centro Cultural Valmores una comida de Hermandad. La Real Congregaci\u00f3n, vecinos de Veauche, la Asociaci\u00f3n de Hermanamiento y familias de acogida compartieron momentos inolvidables, comida y regalos. Una nueva experiencia de Hermanamiento y celebraci\u00f3n.<\/span><span data-ccp-props=\"{&quot;134233117&quot;:false,&quot;134233118&quot;:false,&quot;335551550&quot;:6,&quot;335551620&quot;:6,&quot;335557856&quot;:16777215,&quot;335559738&quot;:0,&quot;335559739&quot;:160}\">\u00a0<\/span><\/p>\n<p>&nbsp;<\/p>\n\n\t\t<style>\n\t\t\t#gallery-1 {\n\t\t\t\tmargin: auto;\n\t\t\t}\n\t\t\t#gallery-1 .gallery-item {\n\t\t\t\tfloat: left;\n\t\t\t\tmargin-top: 10px;\n\t\t\t\ttext-align: center;\n\t\t\t\twidth: 16%;\n\t\t\t}\n\t\t\t#gallery-1 img {\n\t\t\t\tborder: 2px solid #cfcfcf;\n\t\t\t}\n\t\t\t#gallery-1 .gallery-caption {\n\t\t\t\tmargin-left: 0;\n\t\t\t}\n\t\t\t\/* see gallery_shortcode() in wp-includes\/media.php *\/\n\t\t<\/style>\n\t\t<div id='gallery-1' class='gallery galleryid-2103 gallery-columns-6 gallery-size-medium'><dl class='gallery-item'>\n\t\t\t<dt class='gallery-icon landscape'>\n\t\t\t\t<a href='https:\/\/turismo.ayto-nuevobaztan.es\/wp-content\/uploads\/2025\/03\/Ayuntamiento-Nuevo-Javierada-Veauche-1.jpg'><img loading=\"lazy\" decoding=\"async\" width=\"675\" height=\"450\" src=\"https:\/\/turismo.ayto-nuevobaztan.es\/wp-content\/uploads\/2025\/03\/Ayuntamiento-Nuevo-Javierada-Veauche-1.jpg\" class=\"attachment-medium size-medium\" alt=\"\" srcset=\"https:\/\/turismo.ayto-nuevobaztan.es\/wp-content\/uploads\/2025\/03\/Ayuntamiento-Nuevo-Javierada-Veauche-1.jpg 1500w, https:\/\/turismo.ayto-nuevobaztan.es\/wp-content\/uploads\/2025\/03\/Ayuntamiento-Nuevo-Javierada-Veauche-1-600x400.jpg 600w\" sizes=\"auto, (max-width: 675px) 100vw, 675px\" \/><\/a>\n\t\t\t<\/dt><\/dl><dl class='gallery-item'>\n\t\t\t<dt class='gallery-icon landscape'>\n\t\t\t\t<a href='https:\/\/turismo.ayto-nuevobaztan.es\/wp-content\/uploads\/2025\/03\/Ayuntamiento-Nuevo-Javierada-Veauche-4.jpg'><img loading=\"lazy\" decoding=\"async\" width=\"675\" height=\"450\" src=\"https:\/\/turismo.ayto-nuevobaztan.es\/wp-content\/uploads\/2025\/03\/Ayuntamiento-Nuevo-Javierada-Veauche-4.jpg\" class=\"attachment-medium size-medium\" alt=\"\" srcset=\"https:\/\/turismo.ayto-nuevobaztan.es\/wp-content\/uploads\/2025\/03\/Ayuntamiento-Nuevo-Javierada-Veauche-4.jpg 1500w, https:\/\/turismo.ayto-nuevobaztan.es\/wp-content\/uploads\/2025\/03\/Ayuntamiento-Nuevo-Javierada-Veauche-4-600x400.jpg 600w\" sizes=\"auto, (max-width: 675px) 100vw, 675px\" \/><\/a>\n\t\t\t<\/dt><\/dl><dl class='gallery-item'>\n\t\t\t<dt class='gallery-icon landscape'>\n\t\t\t\t<a href='https:\/\/turismo.ayto-nuevobaztan.es\/wp-content\/uploads\/2025\/03\/Ayuntamiento-Nuevo-Javierada-Veauche-2.jpg'><img loading=\"lazy\" decoding=\"async\" width=\"675\" height=\"450\" src=\"https:\/\/turismo.ayto-nuevobaztan.es\/wp-content\/uploads\/2025\/03\/Ayuntamiento-Nuevo-Javierada-Veauche-2.jpg\" class=\"attachment-medium size-medium\" alt=\"\" srcset=\"https:\/\/turismo.ayto-nuevobaztan.es\/wp-content\/uploads\/2025\/03\/Ayuntamiento-Nuevo-Javierada-Veauche-2.jpg 1500w, https:\/\/turismo.ayto-nuevobaztan.es\/wp-content\/uploads\/2025\/03\/Ayuntamiento-Nuevo-Javierada-Veauche-2-600x400.jpg 600w\" sizes=\"auto, (max-width: 675px) 100vw, 675px\" \/><\/a>\n\t\t\t<\/dt><\/dl><dl class='gallery-item'>\n\t\t\t<dt class='gallery-icon landscape'>\n\t\t\t\t<a href='https:\/\/turismo.ayto-nuevobaztan.es\/wp-content\/uploads\/2025\/03\/Ayuntamiento-Nuevo-Javierada-Veauche-6.jpg'><img loading=\"lazy\" decoding=\"async\" width=\"675\" height=\"450\" src=\"https:\/\/turismo.ayto-nuevobaztan.es\/wp-content\/uploads\/2025\/03\/Ayuntamiento-Nuevo-Javierada-Veauche-6.jpg\" class=\"attachment-medium size-medium\" alt=\"\" srcset=\"https:\/\/turismo.ayto-nuevobaztan.es\/wp-content\/uploads\/2025\/03\/Ayuntamiento-Nuevo-Javierada-Veauche-6.jpg 1500w, https:\/\/turismo.ayto-nuevobaztan.es\/wp-content\/uploads\/2025\/03\/Ayuntamiento-Nuevo-Javierada-Veauche-6-600x400.jpg 600w\" sizes=\"auto, (max-width: 675px) 100vw, 675px\" \/><\/a>\n\t\t\t<\/dt><\/dl><dl class='gallery-item'>\n\t\t\t<dt class='gallery-icon landscape'>\n\t\t\t\t<a href='https:\/\/turismo.ayto-nuevobaztan.es\/wp-content\/uploads\/2025\/03\/Ayuntamiento-Nuevo-Javierada-Veauche-5.jpg'><img loading=\"lazy\" decoding=\"async\" width=\"675\" height=\"450\" src=\"https:\/\/turismo.ayto-nuevobaztan.es\/wp-content\/uploads\/2025\/03\/Ayuntamiento-Nuevo-Javierada-Veauche-5.jpg\" class=\"attachment-medium size-medium\" alt=\"\" srcset=\"https:\/\/turismo.ayto-nuevobaztan.es\/wp-content\/uploads\/2025\/03\/Ayuntamiento-Nuevo-Javierada-Veauche-5.jpg 1500w, https:\/\/turismo.ayto-nuevobaztan.es\/wp-content\/uploads\/2025\/03\/Ayuntamiento-Nuevo-Javierada-Veauche-5-600x400.jpg 600w\" sizes=\"auto, (max-width: 675px) 100vw, 675px\" \/><\/a>\n\t\t\t<\/dt><\/dl><dl class='gallery-item'>\n\t\t\t<dt class='gallery-icon landscape'>\n\t\t\t\t<a href='https:\/\/turismo.ayto-nuevobaztan.es\/wp-content\/uploads\/2025\/03\/Ayuntamiento-Nuevo-Javierada-Veauche-3.jpg'><img loading=\"lazy\" decoding=\"async\" width=\"675\" height=\"450\" src=\"https:\/\/turismo.ayto-nuevobaztan.es\/wp-content\/uploads\/2025\/03\/Ayuntamiento-Nuevo-Javierada-Veauche-3.jpg\" class=\"attachment-medium size-medium\" alt=\"\" srcset=\"https:\/\/turismo.ayto-nuevobaztan.es\/wp-content\/uploads\/2025\/03\/Ayuntamiento-Nuevo-Javierada-Veauche-3.jpg 1500w, https:\/\/turismo.ayto-nuevobaztan.es\/wp-content\/uploads\/2025\/03\/Ayuntamiento-Nuevo-Javierada-Veauche-3-600x400.jpg 600w\" sizes=\"auto, (max-width: 675px) 100vw, 675px\" \/><\/a>\n\t\t\t<\/dt><\/dl><br style=\"clear: both\" \/>\n\t\t<\/div>\n\n","protected":false},"excerpt":{"rendered":"<p>Este pasado fin de semana se programaron actividades por el D\u00eda de la Mujer Trabajadora, la visita de algunos vecinos del pueblo hermanado de Veauche y la Javierada. Llegaron a nuestro municipio 9 miembros de la asociaci\u00f3n de Hermanamiento francesa adem\u00e1s de 3 concejales, representantes del ayuntamiento de Veauche. Muchas de las actividades se vieron&hellip;<\/p>\n","protected":false},"author":2,"featured_media":2106,"comment_status":"closed","ping_status":"closed","sticky":false,"template":"","format":"standard","meta":{"_acf_changed":false,"footnotes":""},"categories":[14],"tags":[220,221,191,222,223,224],"class_list":["post-2103","post","type-post","status-publish","format-standard","has-post-thumbnail","hentry","category-actividades-nuevo-batzan","tag-alcala-de-henares","tag-hermanamiento","tag-javierada","tag-veauche","tag-vecinos","tag-visita"],"acf":[],"yoast_head":"<!-- This site is optimized with the Yoast SEO plugin v27.2 - https:\/\/yoast.com\/product\/yoast-seo-wordpress\/ -->\n<title>Javierada 2025 y visita de vecinos de Veauche a Nuevo Bazt\u00e1n<\/title>\n<meta name=\"description\" content=\"Las actividades y visitas preparadas para el fin de semana tuvieron que adaptarse debido al mal tiempo.\" \/>\n<meta name=\"robots\" content=\"index, follow, max-snippet:-1, max-image-preview:large, max-video-preview:-1\" \/>\n<link rel=\"canonical\" href=\"https:\/\/turismo.ayto-nuevobaztan.es\/es\/noticias\/javierada-2025-y-visita-de-vecinos-de-veauche-a-nuevo-baztan\/\" \/>\n<meta property=\"og:locale\" content=\"es_ES\" \/>\n<meta property=\"og:type\" content=\"article\" \/>\n<meta property=\"og:title\" content=\"Javierada 2025 y visita de vecinos de Veauche a Nuevo Bazt\u00e1n\" \/>\n<meta property=\"og:description\" content=\"Las actividades y visitas preparadas para el fin de semana tuvieron que adaptarse debido al mal tiempo.\" \/>\n<meta property=\"og:url\" content=\"https:\/\/turismo.ayto-nuevobaztan.es\/es\/noticias\/javierada-2025-y-visita-de-vecinos-de-veauche-a-nuevo-baztan\/\" \/>\n<meta property=\"og:site_name\" content=\"Turismo Nuevo Bazt\u00e1n\" \/>\n<meta property=\"article:publisher\" content=\"https:\/\/www.facebook.com\/turismonuevobaztan\/\" \/>\n<meta property=\"article:published_time\" content=\"2025-03-11T12:28:57+00:00\" \/>\n<meta property=\"og:image\" content=\"https:\/\/turismo.ayto-nuevobaztan.es\/wp-content\/uploads\/2025\/03\/Ayuntamiento-Nuevo-Javierada-Veauche-3.jpg\" \/>\n\t<meta property=\"og:image:width\" content=\"1500\" \/>\n\t<meta property=\"og:image:height\" content=\"1000\" \/>\n\t<meta property=\"og:image:type\" content=\"image\/jpeg\" \/>\n<meta name=\"author\" content=\"Turismo Nuevo Bazt\u00e1n\" \/>\n<meta name=\"twitter:card\" content=\"summary_large_image\" \/>\n<meta name=\"twitter:creator\" content=\"@TurismoNBaztan\" \/>\n<meta name=\"twitter:site\" content=\"@TurismoNBaztan\" \/>\n<meta name=\"twitter:label1\" content=\"Escrito por\" \/>\n\t<meta name=\"twitter:data1\" content=\"Turismo Nuevo Bazt\u00e1n\" \/>\n\t<meta name=\"twitter:label2\" content=\"Tiempo de lectura\" \/>\n\t<meta name=\"twitter:data2\" content=\"2 minutos\" \/>\n<script type=\"application\/ld+json\" class=\"yoast-schema-graph\">{\"@context\":\"https:\/\/schema.org\",\"@graph\":[{\"@type\":\"Article\",\"@id\":\"https:\/\/turismo.ayto-nuevobaztan.es\/es\/noticias\/javierada-2025-y-visita-de-vecinos-de-veauche-a-nuevo-baztan\/#article\",\"isPartOf\":{\"@id\":\"https:\/\/turismo.ayto-nuevobaztan.es\/es\/noticias\/javierada-2025-y-visita-de-vecinos-de-veauche-a-nuevo-baztan\/\"},\"author\":{\"name\":\"Turismo Nuevo Bazt\u00e1n\",\"@id\":\"https:\/\/turismo.ayto-nuevobaztan.es\/es\/#\/schema\/person\/bc781c848e33ae71437002fa79b5c3df\"},\"headline\":\"Javierada 2025 y visita de vecinos de Veauche a Nuevo Bazt\u00e1n\",\"datePublished\":\"2025-03-11T12:28:57+00:00\",\"mainEntityOfPage\":{\"@id\":\"https:\/\/turismo.ayto-nuevobaztan.es\/es\/noticias\/javierada-2025-y-visita-de-vecinos-de-veauche-a-nuevo-baztan\/\"},\"wordCount\":343,\"publisher\":{\"@id\":\"https:\/\/turismo.ayto-nuevobaztan.es\/es\/#organization\"},\"image\":{\"@id\":\"https:\/\/turismo.ayto-nuevobaztan.es\/es\/noticias\/javierada-2025-y-visita-de-vecinos-de-veauche-a-nuevo-baztan\/#primaryimage\"},\"thumbnailUrl\":\"https:\/\/turismo.ayto-nuevobaztan.es\/wp-content\/uploads\/2025\/03\/Ayuntamiento-Nuevo-Javierada-Veauche-3.jpg\",\"keywords\":[\"Alcal\u00e1 de Henares\",\"Hermanamiento\",\"Javierada\",\"Veauche\",\"Vecinos\",\"Visita\"],\"articleSection\":[\"actividades\"],\"inLanguage\":\"es\"},{\"@type\":\"WebPage\",\"@id\":\"https:\/\/turismo.ayto-nuevobaztan.es\/es\/noticias\/javierada-2025-y-visita-de-vecinos-de-veauche-a-nuevo-baztan\/\",\"url\":\"https:\/\/turismo.ayto-nuevobaztan.es\/es\/noticias\/javierada-2025-y-visita-de-vecinos-de-veauche-a-nuevo-baztan\/\",\"name\":\"Javierada 2025 y visita de vecinos de Veauche a Nuevo Bazt\u00e1n\",\"isPartOf\":{\"@id\":\"https:\/\/turismo.ayto-nuevobaztan.es\/es\/#website\"},\"primaryImageOfPage\":{\"@id\":\"https:\/\/turismo.ayto-nuevobaztan.es\/es\/noticias\/javierada-2025-y-visita-de-vecinos-de-veauche-a-nuevo-baztan\/#primaryimage\"},\"image\":{\"@id\":\"https:\/\/turismo.ayto-nuevobaztan.es\/es\/noticias\/javierada-2025-y-visita-de-vecinos-de-veauche-a-nuevo-baztan\/#primaryimage\"},\"thumbnailUrl\":\"https:\/\/turismo.ayto-nuevobaztan.es\/wp-content\/uploads\/2025\/03\/Ayuntamiento-Nuevo-Javierada-Veauche-3.jpg\",\"datePublished\":\"2025-03-11T12:28:57+00:00\",\"description\":\"Las actividades y visitas preparadas para el fin de semana tuvieron que adaptarse debido al mal tiempo.\",\"breadcrumb\":{\"@id\":\"https:\/\/turismo.ayto-nuevobaztan.es\/es\/noticias\/javierada-2025-y-visita-de-vecinos-de-veauche-a-nuevo-baztan\/#breadcrumb\"},\"inLanguage\":\"es\",\"potentialAction\":[{\"@type\":\"ReadAction\",\"target\":[\"https:\/\/turismo.ayto-nuevobaztan.es\/es\/noticias\/javierada-2025-y-visita-de-vecinos-de-veauche-a-nuevo-baztan\/\"]}]},{\"@type\":\"ImageObject\",\"inLanguage\":\"es\",\"@id\":\"https:\/\/turismo.ayto-nuevobaztan.es\/es\/noticias\/javierada-2025-y-visita-de-vecinos-de-veauche-a-nuevo-baztan\/#primaryimage\",\"url\":\"https:\/\/turismo.ayto-nuevobaztan.es\/wp-content\/uploads\/2025\/03\/Ayuntamiento-Nuevo-Javierada-Veauche-3.jpg\",\"contentUrl\":\"https:\/\/turismo.ayto-nuevobaztan.es\/wp-content\/uploads\/2025\/03\/Ayuntamiento-Nuevo-Javierada-Veauche-3.jpg\",\"width\":1500,\"height\":1000},{\"@type\":\"BreadcrumbList\",\"@id\":\"https:\/\/turismo.ayto-nuevobaztan.es\/es\/noticias\/javierada-2025-y-visita-de-vecinos-de-veauche-a-nuevo-baztan\/#breadcrumb\",\"itemListElement\":[{\"@type\":\"ListItem\",\"position\":1,\"name\":\"Inicio\",\"item\":\"https:\/\/turismo.ayto-nuevobaztan.es\/es\/\"},{\"@type\":\"ListItem\",\"position\":2,\"name\":\"Javierada 2025 y visita de vecinos de Veauche a Nuevo Bazt\u00e1n\"}]},{\"@type\":\"WebSite\",\"@id\":\"https:\/\/turismo.ayto-nuevobaztan.es\/es\/#website\",\"url\":\"https:\/\/turismo.ayto-nuevobaztan.es\/es\/\",\"name\":\"Turismo Nuevo Bazt\u00e1n\",\"description\":\"\",\"publisher\":{\"@id\":\"https:\/\/turismo.ayto-nuevobaztan.es\/es\/#organization\"},\"potentialAction\":[{\"@type\":\"SearchAction\",\"target\":{\"@type\":\"EntryPoint\",\"urlTemplate\":\"https:\/\/turismo.ayto-nuevobaztan.es\/es\/?s={search_term_string}\"},\"query-input\":{\"@type\":\"PropertyValueSpecification\",\"valueRequired\":true,\"valueName\":\"search_term_string\"}}],\"inLanguage\":\"es\"},{\"@type\":\"Organization\",\"@id\":\"https:\/\/turismo.ayto-nuevobaztan.es\/es\/#organization\",\"name\":\"Turismo Nuevo Bazt\u00e1n\",\"url\":\"https:\/\/turismo.ayto-nuevobaztan.es\/es\/\",\"logo\":{\"@type\":\"ImageObject\",\"inLanguage\":\"es\",\"@id\":\"https:\/\/turismo.ayto-nuevobaztan.es\/es\/#\/schema\/logo\/image\/\",\"url\":\"https:\/\/turismo.ayto-nuevobaztan.es\/wp-content\/uploads\/2025\/12\/logo.png\",\"contentUrl\":\"https:\/\/turismo.ayto-nuevobaztan.es\/wp-content\/uploads\/2025\/12\/logo.png\",\"width\":1847,\"height\":1787,\"caption\":\"Turismo Nuevo Bazt\u00e1n\"},\"image\":{\"@id\":\"https:\/\/turismo.ayto-nuevobaztan.es\/es\/#\/schema\/logo\/image\/\"},\"sameAs\":[\"https:\/\/www.facebook.com\/turismonuevobaztan\/\",\"https:\/\/x.com\/TurismoNBaztan\"]},{\"@type\":\"Person\",\"@id\":\"https:\/\/turismo.ayto-nuevobaztan.es\/es\/#\/schema\/person\/bc781c848e33ae71437002fa79b5c3df\",\"name\":\"Turismo Nuevo Bazt\u00e1n\",\"image\":{\"@type\":\"ImageObject\",\"inLanguage\":\"es\",\"@id\":\"https:\/\/secure.gravatar.com\/avatar\/c34f0d8aae58e8accb5d24f13ebda51911caa6f3106f7c0db25bd0888b071620?s=96&d=mm&r=g\",\"url\":\"https:\/\/secure.gravatar.com\/avatar\/c34f0d8aae58e8accb5d24f13ebda51911caa6f3106f7c0db25bd0888b071620?s=96&d=mm&r=g\",\"contentUrl\":\"https:\/\/secure.gravatar.com\/avatar\/c34f0d8aae58e8accb5d24f13ebda51911caa6f3106f7c0db25bd0888b071620?s=96&d=mm&r=g\",\"caption\":\"Turismo Nuevo Bazt\u00e1n\"},\"url\":\"#\"}]}<\/script>\n<!-- \/ Yoast SEO plugin. -->","yoast_head_json":{"title":"Javierada 2025 y visita de vecinos de Veauche a Nuevo Bazt\u00e1n","description":"Las actividades y visitas preparadas para el fin de semana tuvieron que adaptarse debido al mal tiempo.","robots":{"index":"index","follow":"follow","max-snippet":"max-snippet:-1","max-image-preview":"max-image-preview:large","max-video-preview":"max-video-preview:-1"},"canonical":"https:\/\/turismo.ayto-nuevobaztan.es\/es\/noticias\/javierada-2025-y-visita-de-vecinos-de-veauche-a-nuevo-baztan\/","og_locale":"es_ES","og_type":"article","og_title":"Javierada 2025 y visita de vecinos de Veauche a Nuevo Bazt\u00e1n","og_description":"Las actividades y visitas preparadas para el fin de semana tuvieron que adaptarse debido al mal tiempo.","og_url":"https:\/\/turismo.ayto-nuevobaztan.es\/es\/noticias\/javierada-2025-y-visita-de-vecinos-de-veauche-a-nuevo-baztan\/","og_site_name":"Turismo Nuevo Bazt\u00e1n","article_publisher":"https:\/\/www.facebook.com\/turismonuevobaztan\/","article_published_time":"2025-03-11T12:28:57+00:00","og_image":[{"width":1500,"height":1000,"url":"https:\/\/turismo.ayto-nuevobaztan.es\/wp-content\/uploads\/2025\/03\/Ayuntamiento-Nuevo-Javierada-Veauche-3.jpg","type":"image\/jpeg"}],"author":"Turismo Nuevo Bazt\u00e1n","twitter_card":"summary_large_image","twitter_creator":"@TurismoNBaztan","twitter_site":"@TurismoNBaztan","twitter_misc":{"Escrito por":"Turismo Nuevo Bazt\u00e1n","Tiempo de lectura":"2 minutos"},"schema":{"@context":"https:\/\/schema.org","@graph":[{"@type":"Article","@id":"https:\/\/turismo.ayto-nuevobaztan.es\/es\/noticias\/javierada-2025-y-visita-de-vecinos-de-veauche-a-nuevo-baztan\/#article","isPartOf":{"@id":"https:\/\/turismo.ayto-nuevobaztan.es\/es\/noticias\/javierada-2025-y-visita-de-vecinos-de-veauche-a-nuevo-baztan\/"},"author":{"name":"Turismo Nuevo Bazt\u00e1n","@id":"https:\/\/turismo.ayto-nuevobaztan.es\/es\/#\/schema\/person\/bc781c848e33ae71437002fa79b5c3df"},"headline":"Javierada 2025 y visita de vecinos de Veauche a Nuevo Bazt\u00e1n","datePublished":"2025-03-11T12:28:57+00:00","mainEntityOfPage":{"@id":"https:\/\/turismo.ayto-nuevobaztan.es\/es\/noticias\/javierada-2025-y-visita-de-vecinos-de-veauche-a-nuevo-baztan\/"},"wordCount":343,"publisher":{"@id":"https:\/\/turismo.ayto-nuevobaztan.es\/es\/#organization"},"image":{"@id":"https:\/\/turismo.ayto-nuevobaztan.es\/es\/noticias\/javierada-2025-y-visita-de-vecinos-de-veauche-a-nuevo-baztan\/#primaryimage"},"thumbnailUrl":"https:\/\/turismo.ayto-nuevobaztan.es\/wp-content\/uploads\/2025\/03\/Ayuntamiento-Nuevo-Javierada-Veauche-3.jpg","keywords":["Alcal\u00e1 de Henares","Hermanamiento","Javierada","Veauche","Vecinos","Visita"],"articleSection":["actividades"],"inLanguage":"es"},{"@type":"WebPage","@id":"https:\/\/turismo.ayto-nuevobaztan.es\/es\/noticias\/javierada-2025-y-visita-de-vecinos-de-veauche-a-nuevo-baztan\/","url":"https:\/\/turismo.ayto-nuevobaztan.es\/es\/noticias\/javierada-2025-y-visita-de-vecinos-de-veauche-a-nuevo-baztan\/","name":"Javierada 2025 y visita de vecinos de Veauche a Nuevo Bazt\u00e1n","isPartOf":{"@id":"https:\/\/turismo.ayto-nuevobaztan.es\/es\/#website"},"primaryImageOfPage":{"@id":"https:\/\/turismo.ayto-nuevobaztan.es\/es\/noticias\/javierada-2025-y-visita-de-vecinos-de-veauche-a-nuevo-baztan\/#primaryimage"},"image":{"@id":"https:\/\/turismo.ayto-nuevobaztan.es\/es\/noticias\/javierada-2025-y-visita-de-vecinos-de-veauche-a-nuevo-baztan\/#primaryimage"},"thumbnailUrl":"https:\/\/turismo.ayto-nuevobaztan.es\/wp-content\/uploads\/2025\/03\/Ayuntamiento-Nuevo-Javierada-Veauche-3.jpg","datePublished":"2025-03-11T12:28:57+00:00","description":"Las actividades y visitas preparadas para el fin de semana tuvieron que adaptarse debido al mal tiempo.","breadcrumb":{"@id":"https:\/\/turismo.ayto-nuevobaztan.es\/es\/noticias\/javierada-2025-y-visita-de-vecinos-de-veauche-a-nuevo-baztan\/#breadcrumb"},"inLanguage":"es","potentialAction":[{"@type":"ReadAction","target":["https:\/\/turismo.ayto-nuevobaztan.es\/es\/noticias\/javierada-2025-y-visita-de-vecinos-de-veauche-a-nuevo-baztan\/"]}]},{"@type":"ImageObject","inLanguage":"es","@id":"https:\/\/turismo.ayto-nuevobaztan.es\/es\/noticias\/javierada-2025-y-visita-de-vecinos-de-veauche-a-nuevo-baztan\/#primaryimage","url":"https:\/\/turismo.ayto-nuevobaztan.es\/wp-content\/uploads\/2025\/03\/Ayuntamiento-Nuevo-Javierada-Veauche-3.jpg","contentUrl":"https:\/\/turismo.ayto-nuevobaztan.es\/wp-content\/uploads\/2025\/03\/Ayuntamiento-Nuevo-Javierada-Veauche-3.jpg","width":1500,"height":1000},{"@type":"BreadcrumbList","@id":"https:\/\/turismo.ayto-nuevobaztan.es\/es\/noticias\/javierada-2025-y-visita-de-vecinos-de-veauche-a-nuevo-baztan\/#breadcrumb","itemListElement":[{"@type":"ListItem","position":1,"name":"Inicio","item":"https:\/\/turismo.ayto-nuevobaztan.es\/es\/"},{"@type":"ListItem","position":2,"name":"Javierada 2025 y visita de vecinos de Veauche a Nuevo Bazt\u00e1n"}]},{"@type":"WebSite","@id":"https:\/\/turismo.ayto-nuevobaztan.es\/es\/#website","url":"https:\/\/turismo.ayto-nuevobaztan.es\/es\/","name":"Turismo Nuevo Bazt\u00e1n","description":"","publisher":{"@id":"https:\/\/turismo.ayto-nuevobaztan.es\/es\/#organization"},"potentialAction":[{"@type":"SearchAction","target":{"@type":"EntryPoint","urlTemplate":"https:\/\/turismo.ayto-nuevobaztan.es\/es\/?s={search_term_string}"},"query-input":{"@type":"PropertyValueSpecification","valueRequired":true,"valueName":"search_term_string"}}],"inLanguage":"es"},{"@type":"Organization","@id":"https:\/\/turismo.ayto-nuevobaztan.es\/es\/#organization","name":"Turismo Nuevo Bazt\u00e1n","url":"https:\/\/turismo.ayto-nuevobaztan.es\/es\/","logo":{"@type":"ImageObject","inLanguage":"es","@id":"https:\/\/turismo.ayto-nuevobaztan.es\/es\/#\/schema\/logo\/image\/","url":"https:\/\/turismo.ayto-nuevobaztan.es\/wp-content\/uploads\/2025\/12\/logo.png","contentUrl":"https:\/\/turismo.ayto-nuevobaztan.es\/wp-content\/uploads\/2025\/12\/logo.png","width":1847,"height":1787,"caption":"Turismo Nuevo Bazt\u00e1n"},"image":{"@id":"https:\/\/turismo.ayto-nuevobaztan.es\/es\/#\/schema\/logo\/image\/"},"sameAs":["https:\/\/www.facebook.com\/turismonuevobaztan\/","https:\/\/x.com\/TurismoNBaztan"]},{"@type":"Person","@id":"https:\/\/turismo.ayto-nuevobaztan.es\/es\/#\/schema\/person\/bc781c848e33ae71437002fa79b5c3df","name":"Turismo Nuevo Bazt\u00e1n","image":{"@type":"ImageObject","inLanguage":"es","@id":"https:\/\/secure.gravatar.com\/avatar\/c34f0d8aae58e8accb5d24f13ebda51911caa6f3106f7c0db25bd0888b071620?s=96&d=mm&r=g","url":"https:\/\/secure.gravatar.com\/avatar\/c34f0d8aae58e8accb5d24f13ebda51911caa6f3106f7c0db25bd0888b071620?s=96&d=mm&r=g","contentUrl":"https:\/\/secure.gravatar.com\/avatar\/c34f0d8aae58e8accb5d24f13ebda51911caa6f3106f7c0db25bd0888b071620?s=96&d=mm&r=g","caption":"Turismo Nuevo Bazt\u00e1n"},"url":"#"}]}},"_links":{"self":[{"href":"https:\/\/turismo.ayto-nuevobaztan.es\/es\/wp-json\/wp\/v2\/posts\/2103","targetHints":{"allow":["GET"]}}],"collection":[{"href":"https:\/\/turismo.ayto-nuevobaztan.es\/es\/wp-json\/wp\/v2\/posts"}],"about":[{"href":"https:\/\/turismo.ayto-nuevobaztan.es\/es\/wp-json\/wp\/v2\/types\/post"}],"author":[{"embeddable":true,"href":"https:\/\/turismo.ayto-nuevobaztan.es\/es\/wp-json\/wp\/v2\/users\/2"}],"replies":[{"embeddable":true,"href":"https:\/\/turismo.ayto-nuevobaztan.es\/es\/wp-json\/wp\/v2\/comments?post=2103"}],"version-history":[{"count":0,"href":"https:\/\/turismo.ayto-nuevobaztan.es\/es\/wp-json\/wp\/v2\/posts\/2103\/revisions"}],"wp:featuredmedia":[{"embeddable":true,"href":"https:\/\/turismo.ayto-nuevobaztan.es\/es\/wp-json\/wp\/v2\/media\/2106"}],"wp:attachment":[{"href":"https:\/\/turismo.ayto-nuevobaztan.es\/es\/wp-json\/wp\/v2\/media?parent=2103"}],"wp:term":[{"taxonomy":"category","embeddable":true,"href":"https:\/\/turismo.ayto-nuevobaztan.es\/es\/wp-json\/wp\/v2\/categories?post=2103"},{"taxonomy":"post_tag","embeddable":true,"href":"https:\/\/turismo.ayto-nuevobaztan.es\/es\/wp-json\/wp\/v2\/tags?post=2103"}],"curies":[{"name":"wp","href":"https:\/\/api.w.org\/{rel}","templated":true}]}}