{"id":2092,"date":"2025-02-25T08:42:22","date_gmt":"2025-02-25T07:42:22","guid":{"rendered":"https:\/\/turismo.ayto-nuevobaztan.es\/?p=2092"},"modified":"2025-02-25T08:42:22","modified_gmt":"2025-02-25T07:42:22","slug":"la-javierada-llega-a-nuevo-baztan-el-9-de-marzo","status":"publish","type":"post","link":"https:\/\/turismo.ayto-nuevobaztan.es\/es\/noticias\/la-javierada-llega-a-nuevo-baztan-el-9-de-marzo\/","title":{"rendered":"La Javierada llega a Nuevo Bazt\u00e1n el 9 de marzo"},"content":{"rendered":"<p><span data-contrast=\"none\">Llega en unos d\u00edas la<\/span> <span data-contrast=\"none\">46\u00aa edici\u00f3n de la Javierada de navarros a Nuevo Bazt\u00e1n. Ser\u00e1 como siempre en domingo. Este a\u00f1o<\/span> <span data-contrast=\"none\">el 9 de marzo, con actos religiosos y l\u00fadicos.\u00a0<\/span><span data-contrast=\"none\">Comenzar\u00e1 a las 11:30 horas con el tradicional V\u00eda Crucis. Despu\u00e9s la Misa en Honor de San Francisco Javier que comenzar\u00e1 a las 13 horas. Esta se llevar\u00e1 a cabo en la Plaza del Secreto.<\/span><span data-ccp-props=\"{&quot;134233117&quot;:false,&quot;201341983&quot;:0,&quot;335551550&quot;:6,&quot;335551620&quot;:6,&quot;335559685&quot;:0,&quot;335559737&quot;:450,&quot;335559738&quot;:0,&quot;335559740&quot;:360}\">\u00a0<\/span><span data-contrast=\"none\">Despu\u00e9s nos desplazaremos hasta la \u201cCampa\u201d donde compartiremos la comida y haremos la Romer\u00eda hasta que nos despidamos hasta el a\u00f1o que viene.<\/span><span data-ccp-props=\"{&quot;134233117&quot;:false,&quot;134233118&quot;:false,&quot;201341983&quot;:0,&quot;335551550&quot;:6,&quot;335551620&quot;:6,&quot;335559685&quot;:0,&quot;335559737&quot;:450,&quot;335559738&quot;:0,&quot;335559739&quot;:0,&quot;335559740&quot;:360}\">\u00a0<\/span><\/p>\n<p><span data-ccp-props=\"{&quot;134233117&quot;:false,&quot;134233118&quot;:false,&quot;201341983&quot;:0,&quot;335551550&quot;:6,&quot;335551620&quot;:6,&quot;335557856&quot;:16777215,&quot;335559685&quot;:0,&quot;335559737&quot;:-20,&quot;335559738&quot;:0,&quot;335559739&quot;:192,&quot;335559740&quot;:360}\">\u00a0<\/span><\/p>\n<p><strong>Desde la organizaci\u00f3n de los actos, la Real Congregaci\u00f3n San Ferm\u00edn de los navarros, se apela al sentido com\u00fan de todos los asistentes ya que tanto la Congregaci\u00f3n como el Ayuntamiento, no desean que se vincule esta festividad religiosa, con ninguna actividad, acto, manifestaci\u00f3n o celebraci\u00f3n que contenga cualquier tinte pol\u00edtico o reivindicativo<\/strong><span data-contrast=\"none\"><strong>.<\/strong> Esta celebraci\u00f3n, y sobre todo la comida popular en \u201cLa Campa\u201d, est\u00e1 abierta a todo aquel que quiera pasar un rato festivo, alegre y de fraternidad. Este no es este el lugar ni el momento para cualquier manifestaci\u00f3n o representaci\u00f3n de car\u00e1cter pol\u00edtico, sea cual sea.\u00a0<\/span><span data-ccp-props=\"{&quot;134233117&quot;:false,&quot;201341983&quot;:0,&quot;335551550&quot;:6,&quot;335551620&quot;:6,&quot;335559685&quot;:0,&quot;335559737&quot;:450,&quot;335559738&quot;:0,&quot;335559740&quot;:360}\">\u00a0<\/span><\/p>\n<p><span data-contrast=\"none\">Estos actos son organizados por la Real Congregaci\u00f3n de San Ferm\u00edn de los navarros con la colaboraci\u00f3n de Asociaciones Navarras y el patrocinio del Ayuntamiento de Nuevo Bazt\u00e1n. <\/span><b><span data-contrast=\"none\">Feliz d\u00eda de Hermandad<\/span><\/b><span data-contrast=\"none\">.<\/span><span data-ccp-props=\"{&quot;134233117&quot;:false,&quot;134233118&quot;:false,&quot;201341983&quot;:0,&quot;335551550&quot;:6,&quot;335551620&quot;:6,&quot;335559685&quot;:0,&quot;335559737&quot;:450,&quot;335559738&quot;:0,&quot;335559739&quot;:0,&quot;335559740&quot;:360}\">\u00a0<\/span><\/p>\n<p>&nbsp;<\/p>\n<p>&nbsp;<\/p>\n<p><img loading=\"lazy\" decoding=\"async\" class=\"wp-image-2097 aligncenter\" src=\"https:\/\/turismo.ayto-nuevobaztan.es\/wp-content\/uploads\/2025\/02\/sfn-JAVIERADA-2025-DEF-1_page-0001-300x143.jpg\" alt=\"\" width=\"623\" height=\"297\" \/><\/p>\n<p>&nbsp;<\/p>\n<p><img loading=\"lazy\" decoding=\"async\" class=\"wp-image-2098 aligncenter\" src=\"https:\/\/turismo.ayto-nuevobaztan.es\/wp-content\/uploads\/2025\/02\/sfn-JAVIERADA-2025-DEF-1_page-0002-300x143.jpg\" alt=\"\" width=\"646\" height=\"308\" \/><\/p>\n","protected":false},"excerpt":{"rendered":"<p>Llega en unos d\u00edas la 46\u00aa edici\u00f3n de la Javierada de navarros a Nuevo Bazt\u00e1n. Ser\u00e1 como siempre en domingo. Este a\u00f1o el 9 de marzo, con actos religiosos y l\u00fadicos.\u00a0Comenzar\u00e1 a las 11:30 horas con el tradicional V\u00eda Crucis. Despu\u00e9s la Misa en Honor de San Francisco Javier que comenzar\u00e1 a las 13 horas.&hellip;<\/p>\n","protected":false},"author":2,"featured_media":2093,"comment_status":"closed","ping_status":"closed","sticky":false,"template":"","format":"standard","meta":{"_acf_changed":false,"footnotes":""},"categories":[14],"tags":[191],"class_list":["post-2092","post","type-post","status-publish","format-standard","has-post-thumbnail","hentry","category-actividades-nuevo-batzan","tag-javierada"],"acf":[],"yoast_head":"<!-- This site is optimized with the Yoast SEO plugin v27.2 - https:\/\/yoast.com\/product\/yoast-seo-wordpress\/ -->\n<title>La Javierada llega a Nuevo Bazt\u00e1n el 9 de marzo<\/title>\n<meta name=\"description\" content=\"Los Navarros llegan a nuestro municipio para celebrar la Javierada. La tradici\u00f3n y la hermandad se unen el 9 de marzo.\u00a0\" \/>\n<meta name=\"robots\" content=\"index, follow, max-snippet:-1, max-image-preview:large, max-video-preview:-1\" \/>\n<link rel=\"canonical\" href=\"https:\/\/turismo.ayto-nuevobaztan.es\/es\/noticias\/la-javierada-llega-a-nuevo-baztan-el-9-de-marzo\/\" \/>\n<meta property=\"og:locale\" content=\"es_ES\" \/>\n<meta property=\"og:type\" content=\"article\" \/>\n<meta property=\"og:title\" content=\"La Javierada llega a Nuevo Bazt\u00e1n el 9 de marzo\" \/>\n<meta property=\"og:description\" content=\"Los Navarros llegan a nuestro municipio para celebrar la Javierada. La tradici\u00f3n y la hermandad se unen el 9 de marzo.\" \/>\n<meta property=\"og:url\" content=\"https:\/\/turismo.ayto-nuevobaztan.es\/es\/noticias\/la-javierada-llega-a-nuevo-baztan-el-9-de-marzo\/\" \/>\n<meta property=\"og:site_name\" content=\"Turismo Nuevo Bazt\u00e1n\" \/>\n<meta property=\"article:publisher\" content=\"https:\/\/www.facebook.com\/turismonuevobaztan\/\" \/>\n<meta property=\"article:published_time\" content=\"2025-02-25T07:42:22+00:00\" \/>\n<meta property=\"og:image\" content=\"https:\/\/turismo.ayto-nuevobaztan.es\/wp-content\/uploads\/2025\/02\/1x1-Javierada-2025.jpg\" \/>\n\t<meta property=\"og:image:width\" content=\"1000\" \/>\n\t<meta property=\"og:image:height\" content=\"1000\" \/>\n\t<meta property=\"og:image:type\" content=\"image\/jpeg\" \/>\n<meta name=\"author\" content=\"Turismo Nuevo Bazt\u00e1n\" \/>\n<meta name=\"twitter:card\" content=\"summary_large_image\" \/>\n<meta name=\"twitter:creator\" content=\"@TurismoNBaztan\" \/>\n<meta name=\"twitter:site\" content=\"@TurismoNBaztan\" \/>\n<meta name=\"twitter:label1\" content=\"Escrito por\" \/>\n\t<meta name=\"twitter:data1\" content=\"Turismo Nuevo Bazt\u00e1n\" \/>\n\t<meta name=\"twitter:label2\" content=\"Tiempo de lectura\" \/>\n\t<meta name=\"twitter:data2\" content=\"2 minutos\" \/>\n<script type=\"application\/ld+json\" class=\"yoast-schema-graph\">{\"@context\":\"https:\/\/schema.org\",\"@graph\":[{\"@type\":\"Article\",\"@id\":\"https:\/\/turismo.ayto-nuevobaztan.es\/es\/noticias\/la-javierada-llega-a-nuevo-baztan-el-9-de-marzo\/#article\",\"isPartOf\":{\"@id\":\"https:\/\/turismo.ayto-nuevobaztan.es\/es\/noticias\/la-javierada-llega-a-nuevo-baztan-el-9-de-marzo\/\"},\"author\":{\"name\":\"Turismo Nuevo Bazt\u00e1n\",\"@id\":\"https:\/\/turismo.ayto-nuevobaztan.es\/es\/#\/schema\/person\/bc781c848e33ae71437002fa79b5c3df\"},\"headline\":\"La Javierada llega a Nuevo Bazt\u00e1n el 9 de marzo\",\"datePublished\":\"2025-02-25T07:42:22+00:00\",\"mainEntityOfPage\":{\"@id\":\"https:\/\/turismo.ayto-nuevobaztan.es\/es\/noticias\/la-javierada-llega-a-nuevo-baztan-el-9-de-marzo\/\"},\"wordCount\":257,\"publisher\":{\"@id\":\"https:\/\/turismo.ayto-nuevobaztan.es\/es\/#organization\"},\"image\":{\"@id\":\"https:\/\/turismo.ayto-nuevobaztan.es\/es\/noticias\/la-javierada-llega-a-nuevo-baztan-el-9-de-marzo\/#primaryimage\"},\"thumbnailUrl\":\"https:\/\/turismo.ayto-nuevobaztan.es\/wp-content\/uploads\/2025\/02\/1x1-Javierada-2025.jpg\",\"keywords\":[\"Javierada\"],\"articleSection\":[\"actividades\"],\"inLanguage\":\"es\"},{\"@type\":\"WebPage\",\"@id\":\"https:\/\/turismo.ayto-nuevobaztan.es\/es\/noticias\/la-javierada-llega-a-nuevo-baztan-el-9-de-marzo\/\",\"url\":\"https:\/\/turismo.ayto-nuevobaztan.es\/es\/noticias\/la-javierada-llega-a-nuevo-baztan-el-9-de-marzo\/\",\"name\":\"La Javierada llega a Nuevo Bazt\u00e1n el 9 de marzo\",\"isPartOf\":{\"@id\":\"https:\/\/turismo.ayto-nuevobaztan.es\/es\/#website\"},\"primaryImageOfPage\":{\"@id\":\"https:\/\/turismo.ayto-nuevobaztan.es\/es\/noticias\/la-javierada-llega-a-nuevo-baztan-el-9-de-marzo\/#primaryimage\"},\"image\":{\"@id\":\"https:\/\/turismo.ayto-nuevobaztan.es\/es\/noticias\/la-javierada-llega-a-nuevo-baztan-el-9-de-marzo\/#primaryimage\"},\"thumbnailUrl\":\"https:\/\/turismo.ayto-nuevobaztan.es\/wp-content\/uploads\/2025\/02\/1x1-Javierada-2025.jpg\",\"datePublished\":\"2025-02-25T07:42:22+00:00\",\"description\":\"Los Navarros llegan a nuestro municipio para celebrar la Javierada. La tradici\u00f3n y la hermandad se unen el 9 de marzo.\u00a0\",\"breadcrumb\":{\"@id\":\"https:\/\/turismo.ayto-nuevobaztan.es\/es\/noticias\/la-javierada-llega-a-nuevo-baztan-el-9-de-marzo\/#breadcrumb\"},\"inLanguage\":\"es\",\"potentialAction\":[{\"@type\":\"ReadAction\",\"target\":[\"https:\/\/turismo.ayto-nuevobaztan.es\/es\/noticias\/la-javierada-llega-a-nuevo-baztan-el-9-de-marzo\/\"]}]},{\"@type\":\"ImageObject\",\"inLanguage\":\"es\",\"@id\":\"https:\/\/turismo.ayto-nuevobaztan.es\/es\/noticias\/la-javierada-llega-a-nuevo-baztan-el-9-de-marzo\/#primaryimage\",\"url\":\"https:\/\/turismo.ayto-nuevobaztan.es\/wp-content\/uploads\/2025\/02\/1x1-Javierada-2025.jpg\",\"contentUrl\":\"https:\/\/turismo.ayto-nuevobaztan.es\/wp-content\/uploads\/2025\/02\/1x1-Javierada-2025.jpg\",\"width\":1000,\"height\":1000},{\"@type\":\"BreadcrumbList\",\"@id\":\"https:\/\/turismo.ayto-nuevobaztan.es\/es\/noticias\/la-javierada-llega-a-nuevo-baztan-el-9-de-marzo\/#breadcrumb\",\"itemListElement\":[{\"@type\":\"ListItem\",\"position\":1,\"name\":\"Inicio\",\"item\":\"https:\/\/turismo.ayto-nuevobaztan.es\/es\/\"},{\"@type\":\"ListItem\",\"position\":2,\"name\":\"La Javierada llega a Nuevo Bazt\u00e1n el 9 de marzo\"}]},{\"@type\":\"WebSite\",\"@id\":\"https:\/\/turismo.ayto-nuevobaztan.es\/es\/#website\",\"url\":\"https:\/\/turismo.ayto-nuevobaztan.es\/es\/\",\"name\":\"Turismo Nuevo Bazt\u00e1n\",\"description\":\"\",\"publisher\":{\"@id\":\"https:\/\/turismo.ayto-nuevobaztan.es\/es\/#organization\"},\"potentialAction\":[{\"@type\":\"SearchAction\",\"target\":{\"@type\":\"EntryPoint\",\"urlTemplate\":\"https:\/\/turismo.ayto-nuevobaztan.es\/es\/?s={search_term_string}\"},\"query-input\":{\"@type\":\"PropertyValueSpecification\",\"valueRequired\":true,\"valueName\":\"search_term_string\"}}],\"inLanguage\":\"es\"},{\"@type\":\"Organization\",\"@id\":\"https:\/\/turismo.ayto-nuevobaztan.es\/es\/#organization\",\"name\":\"Turismo Nuevo Bazt\u00e1n\",\"url\":\"https:\/\/turismo.ayto-nuevobaztan.es\/es\/\",\"logo\":{\"@type\":\"ImageObject\",\"inLanguage\":\"es\",\"@id\":\"https:\/\/turismo.ayto-nuevobaztan.es\/es\/#\/schema\/logo\/image\/\",\"url\":\"https:\/\/turismo.ayto-nuevobaztan.es\/wp-content\/uploads\/2025\/12\/logo.png\",\"contentUrl\":\"https:\/\/turismo.ayto-nuevobaztan.es\/wp-content\/uploads\/2025\/12\/logo.png\",\"width\":1847,\"height\":1787,\"caption\":\"Turismo Nuevo Bazt\u00e1n\"},\"image\":{\"@id\":\"https:\/\/turismo.ayto-nuevobaztan.es\/es\/#\/schema\/logo\/image\/\"},\"sameAs\":[\"https:\/\/www.facebook.com\/turismonuevobaztan\/\",\"https:\/\/x.com\/TurismoNBaztan\"]},{\"@type\":\"Person\",\"@id\":\"https:\/\/turismo.ayto-nuevobaztan.es\/es\/#\/schema\/person\/bc781c848e33ae71437002fa79b5c3df\",\"name\":\"Turismo Nuevo Bazt\u00e1n\",\"image\":{\"@type\":\"ImageObject\",\"inLanguage\":\"es\",\"@id\":\"https:\/\/secure.gravatar.com\/avatar\/c34f0d8aae58e8accb5d24f13ebda51911caa6f3106f7c0db25bd0888b071620?s=96&d=mm&r=g\",\"url\":\"https:\/\/secure.gravatar.com\/avatar\/c34f0d8aae58e8accb5d24f13ebda51911caa6f3106f7c0db25bd0888b071620?s=96&d=mm&r=g\",\"contentUrl\":\"https:\/\/secure.gravatar.com\/avatar\/c34f0d8aae58e8accb5d24f13ebda51911caa6f3106f7c0db25bd0888b071620?s=96&d=mm&r=g\",\"caption\":\"Turismo Nuevo Bazt\u00e1n\"},\"url\":\"#\"}]}<\/script>\n<!-- \/ Yoast SEO plugin. -->","yoast_head_json":{"title":"La Javierada llega a Nuevo Bazt\u00e1n el 9 de marzo","description":"Los Navarros llegan a nuestro municipio para celebrar la Javierada. La tradici\u00f3n y la hermandad se unen el 9 de marzo.\u00a0","robots":{"index":"index","follow":"follow","max-snippet":"max-snippet:-1","max-image-preview":"max-image-preview:large","max-video-preview":"max-video-preview:-1"},"canonical":"https:\/\/turismo.ayto-nuevobaztan.es\/es\/noticias\/la-javierada-llega-a-nuevo-baztan-el-9-de-marzo\/","og_locale":"es_ES","og_type":"article","og_title":"La Javierada llega a Nuevo Bazt\u00e1n el 9 de marzo","og_description":"Los Navarros llegan a nuestro municipio para celebrar la Javierada. La tradici\u00f3n y la hermandad se unen el 9 de marzo.","og_url":"https:\/\/turismo.ayto-nuevobaztan.es\/es\/noticias\/la-javierada-llega-a-nuevo-baztan-el-9-de-marzo\/","og_site_name":"Turismo Nuevo Bazt\u00e1n","article_publisher":"https:\/\/www.facebook.com\/turismonuevobaztan\/","article_published_time":"2025-02-25T07:42:22+00:00","og_image":[{"width":1000,"height":1000,"url":"https:\/\/turismo.ayto-nuevobaztan.es\/wp-content\/uploads\/2025\/02\/1x1-Javierada-2025.jpg","type":"image\/jpeg"}],"author":"Turismo Nuevo Bazt\u00e1n","twitter_card":"summary_large_image","twitter_creator":"@TurismoNBaztan","twitter_site":"@TurismoNBaztan","twitter_misc":{"Escrito por":"Turismo Nuevo Bazt\u00e1n","Tiempo de lectura":"2 minutos"},"schema":{"@context":"https:\/\/schema.org","@graph":[{"@type":"Article","@id":"https:\/\/turismo.ayto-nuevobaztan.es\/es\/noticias\/la-javierada-llega-a-nuevo-baztan-el-9-de-marzo\/#article","isPartOf":{"@id":"https:\/\/turismo.ayto-nuevobaztan.es\/es\/noticias\/la-javierada-llega-a-nuevo-baztan-el-9-de-marzo\/"},"author":{"name":"Turismo Nuevo Bazt\u00e1n","@id":"https:\/\/turismo.ayto-nuevobaztan.es\/es\/#\/schema\/person\/bc781c848e33ae71437002fa79b5c3df"},"headline":"La Javierada llega a Nuevo Bazt\u00e1n el 9 de marzo","datePublished":"2025-02-25T07:42:22+00:00","mainEntityOfPage":{"@id":"https:\/\/turismo.ayto-nuevobaztan.es\/es\/noticias\/la-javierada-llega-a-nuevo-baztan-el-9-de-marzo\/"},"wordCount":257,"publisher":{"@id":"https:\/\/turismo.ayto-nuevobaztan.es\/es\/#organization"},"image":{"@id":"https:\/\/turismo.ayto-nuevobaztan.es\/es\/noticias\/la-javierada-llega-a-nuevo-baztan-el-9-de-marzo\/#primaryimage"},"thumbnailUrl":"https:\/\/turismo.ayto-nuevobaztan.es\/wp-content\/uploads\/2025\/02\/1x1-Javierada-2025.jpg","keywords":["Javierada"],"articleSection":["actividades"],"inLanguage":"es"},{"@type":"WebPage","@id":"https:\/\/turismo.ayto-nuevobaztan.es\/es\/noticias\/la-javierada-llega-a-nuevo-baztan-el-9-de-marzo\/","url":"https:\/\/turismo.ayto-nuevobaztan.es\/es\/noticias\/la-javierada-llega-a-nuevo-baztan-el-9-de-marzo\/","name":"La Javierada llega a Nuevo Bazt\u00e1n el 9 de marzo","isPartOf":{"@id":"https:\/\/turismo.ayto-nuevobaztan.es\/es\/#website"},"primaryImageOfPage":{"@id":"https:\/\/turismo.ayto-nuevobaztan.es\/es\/noticias\/la-javierada-llega-a-nuevo-baztan-el-9-de-marzo\/#primaryimage"},"image":{"@id":"https:\/\/turismo.ayto-nuevobaztan.es\/es\/noticias\/la-javierada-llega-a-nuevo-baztan-el-9-de-marzo\/#primaryimage"},"thumbnailUrl":"https:\/\/turismo.ayto-nuevobaztan.es\/wp-content\/uploads\/2025\/02\/1x1-Javierada-2025.jpg","datePublished":"2025-02-25T07:42:22+00:00","description":"Los Navarros llegan a nuestro municipio para celebrar la Javierada. La tradici\u00f3n y la hermandad se unen el 9 de marzo.\u00a0","breadcrumb":{"@id":"https:\/\/turismo.ayto-nuevobaztan.es\/es\/noticias\/la-javierada-llega-a-nuevo-baztan-el-9-de-marzo\/#breadcrumb"},"inLanguage":"es","potentialAction":[{"@type":"ReadAction","target":["https:\/\/turismo.ayto-nuevobaztan.es\/es\/noticias\/la-javierada-llega-a-nuevo-baztan-el-9-de-marzo\/"]}]},{"@type":"ImageObject","inLanguage":"es","@id":"https:\/\/turismo.ayto-nuevobaztan.es\/es\/noticias\/la-javierada-llega-a-nuevo-baztan-el-9-de-marzo\/#primaryimage","url":"https:\/\/turismo.ayto-nuevobaztan.es\/wp-content\/uploads\/2025\/02\/1x1-Javierada-2025.jpg","contentUrl":"https:\/\/turismo.ayto-nuevobaztan.es\/wp-content\/uploads\/2025\/02\/1x1-Javierada-2025.jpg","width":1000,"height":1000},{"@type":"BreadcrumbList","@id":"https:\/\/turismo.ayto-nuevobaztan.es\/es\/noticias\/la-javierada-llega-a-nuevo-baztan-el-9-de-marzo\/#breadcrumb","itemListElement":[{"@type":"ListItem","position":1,"name":"Inicio","item":"https:\/\/turismo.ayto-nuevobaztan.es\/es\/"},{"@type":"ListItem","position":2,"name":"La Javierada llega a Nuevo Bazt\u00e1n el 9 de marzo"}]},{"@type":"WebSite","@id":"https:\/\/turismo.ayto-nuevobaztan.es\/es\/#website","url":"https:\/\/turismo.ayto-nuevobaztan.es\/es\/","name":"Turismo Nuevo Bazt\u00e1n","description":"","publisher":{"@id":"https:\/\/turismo.ayto-nuevobaztan.es\/es\/#organization"},"potentialAction":[{"@type":"SearchAction","target":{"@type":"EntryPoint","urlTemplate":"https:\/\/turismo.ayto-nuevobaztan.es\/es\/?s={search_term_string}"},"query-input":{"@type":"PropertyValueSpecification","valueRequired":true,"valueName":"search_term_string"}}],"inLanguage":"es"},{"@type":"Organization","@id":"https:\/\/turismo.ayto-nuevobaztan.es\/es\/#organization","name":"Turismo Nuevo Bazt\u00e1n","url":"https:\/\/turismo.ayto-nuevobaztan.es\/es\/","logo":{"@type":"ImageObject","inLanguage":"es","@id":"https:\/\/turismo.ayto-nuevobaztan.es\/es\/#\/schema\/logo\/image\/","url":"https:\/\/turismo.ayto-nuevobaztan.es\/wp-content\/uploads\/2025\/12\/logo.png","contentUrl":"https:\/\/turismo.ayto-nuevobaztan.es\/wp-content\/uploads\/2025\/12\/logo.png","width":1847,"height":1787,"caption":"Turismo Nuevo Bazt\u00e1n"},"image":{"@id":"https:\/\/turismo.ayto-nuevobaztan.es\/es\/#\/schema\/logo\/image\/"},"sameAs":["https:\/\/www.facebook.com\/turismonuevobaztan\/","https:\/\/x.com\/TurismoNBaztan"]},{"@type":"Person","@id":"https:\/\/turismo.ayto-nuevobaztan.es\/es\/#\/schema\/person\/bc781c848e33ae71437002fa79b5c3df","name":"Turismo Nuevo Bazt\u00e1n","image":{"@type":"ImageObject","inLanguage":"es","@id":"https:\/\/secure.gravatar.com\/avatar\/c34f0d8aae58e8accb5d24f13ebda51911caa6f3106f7c0db25bd0888b071620?s=96&d=mm&r=g","url":"https:\/\/secure.gravatar.com\/avatar\/c34f0d8aae58e8accb5d24f13ebda51911caa6f3106f7c0db25bd0888b071620?s=96&d=mm&r=g","contentUrl":"https:\/\/secure.gravatar.com\/avatar\/c34f0d8aae58e8accb5d24f13ebda51911caa6f3106f7c0db25bd0888b071620?s=96&d=mm&r=g","caption":"Turismo Nuevo Bazt\u00e1n"},"url":"#"}]}},"_links":{"self":[{"href":"https:\/\/turismo.ayto-nuevobaztan.es\/es\/wp-json\/wp\/v2\/posts\/2092","targetHints":{"allow":["GET"]}}],"collection":[{"href":"https:\/\/turismo.ayto-nuevobaztan.es\/es\/wp-json\/wp\/v2\/posts"}],"about":[{"href":"https:\/\/turismo.ayto-nuevobaztan.es\/es\/wp-json\/wp\/v2\/types\/post"}],"author":[{"embeddable":true,"href":"https:\/\/turismo.ayto-nuevobaztan.es\/es\/wp-json\/wp\/v2\/users\/2"}],"replies":[{"embeddable":true,"href":"https:\/\/turismo.ayto-nuevobaztan.es\/es\/wp-json\/wp\/v2\/comments?post=2092"}],"version-history":[{"count":0,"href":"https:\/\/turismo.ayto-nuevobaztan.es\/es\/wp-json\/wp\/v2\/posts\/2092\/revisions"}],"wp:featuredmedia":[{"embeddable":true,"href":"https:\/\/turismo.ayto-nuevobaztan.es\/es\/wp-json\/wp\/v2\/media\/2093"}],"wp:attachment":[{"href":"https:\/\/turismo.ayto-nuevobaztan.es\/es\/wp-json\/wp\/v2\/media?parent=2092"}],"wp:term":[{"taxonomy":"category","embeddable":true,"href":"https:\/\/turismo.ayto-nuevobaztan.es\/es\/wp-json\/wp\/v2\/categories?post=2092"},{"taxonomy":"post_tag","embeddable":true,"href":"https:\/\/turismo.ayto-nuevobaztan.es\/es\/wp-json\/wp\/v2\/tags?post=2092"}],"curies":[{"name":"wp","href":"https:\/\/api.w.org\/{rel}","templated":true}]}}