{"id":2084,"date":"2025-02-21T09:26:28","date_gmt":"2025-02-21T08:26:28","guid":{"rendered":"https:\/\/turismo.ayto-nuevobaztan.es\/?p=2084"},"modified":"2025-02-21T09:26:28","modified_gmt":"2025-02-21T08:26:28","slug":"maestros-de-la-real-fabrica-de-la-granja-en-nuevo-baztan-2","status":"publish","type":"post","link":"https:\/\/turismo.ayto-nuevobaztan.es\/es\/noticias\/maestros-de-la-real-fabrica-de-la-granja-en-nuevo-baztan-2\/","title":{"rendered":"Maestros de la Real F\u00e1brica de La Granja en Nuevo Bazt\u00e1n"},"content":{"rendered":"<p><span data-contrast=\"none\">En 1720 naci\u00f3, en Nuevo Bazt\u00e1n, la F\u00e1brica de cristales y vidrios finos, en la que se formaron importantes maestros que trabajar\u00edan m\u00e1s tarde en la Real F\u00e1brica de Cristales de La Granja.<\/span><span data-ccp-props=\"{&quot;134233117&quot;:false,&quot;134233118&quot;:false,&quot;201341983&quot;:0,&quot;335551550&quot;:6,&quot;335551620&quot;:6,&quot;335557856&quot;:16777215,&quot;335559738&quot;:0,&quot;335559739&quot;:150,&quot;335559740&quot;:360}\">\u00a0<\/span><\/p>\n<p><span data-contrast=\"none\">E<strong>l Centro de interpretaci\u00f3n de Nuevo Bazt\u00e1n propone un ciclo de actividades, dirigidas a p\u00fablico adulto, sobre el soplado del vidrio<\/strong>. Ser\u00e1n impartidos por maestros procedentes de la Real F\u00e1brica de Cristales de La Granja. Estos dar\u00e1n la oportunidad a los participantes de iniciarse en diferentes t\u00e9cnicas como el soplado, la joyer\u00eda en o el modelado de vidrio reciclado.<\/span><span data-ccp-props=\"{&quot;134233117&quot;:false,&quot;134233118&quot;:false,&quot;201341983&quot;:0,&quot;335551550&quot;:6,&quot;335551620&quot;:6,&quot;335557856&quot;:16777215,&quot;335559738&quot;:0,&quot;335559739&quot;:150,&quot;335559740&quot;:360}\">\u00a0<\/span><\/p>\n<p><span data-contrast=\"none\">Estos son los talleres y las fechas. Se desarrollar\u00e1n entre las 11 y las 14 horas.<\/span><span data-ccp-props=\"{&quot;134233117&quot;:false,&quot;134233118&quot;:false,&quot;201341983&quot;:0,&quot;335551550&quot;:6,&quot;335551620&quot;:6,&quot;335557856&quot;:16777215,&quot;335559738&quot;:0,&quot;335559739&quot;:150,&quot;335559740&quot;:360}\">\u00a0<\/span><\/p>\n<ul>\n<li><span data-contrast=\"none\"><strong>S\u00e1bado 8 de marzo<\/strong>. Taller did\u00e1ctico de soplado de vidrio centrifugado<\/span><span data-ccp-props=\"{&quot;134233117&quot;:false,&quot;134233118&quot;:false,&quot;201341983&quot;:0,&quot;335551550&quot;:6,&quot;335551620&quot;:6,&quot;335557856&quot;:16777215,&quot;335559738&quot;:0,&quot;335559739&quot;:0,&quot;335559740&quot;:360}\"> .<\/span><i><span data-contrast=\"none\">Inscripciones desde 20 de febrero. <strong>APLAZADA AL 22 DE MARZO<\/strong><\/span><\/i><\/li>\n<li><span data-contrast=\"none\"><strong>S\u00e1bado 13 de septiembre<\/strong>. Taller did\u00e1ctico de pisapapeles de colores. <\/span><i><span data-contrast=\"none\">Inscripciones desde 19 agosto.<\/span><\/i><\/li>\n<li><span data-contrast=\"none\"><strong>S\u00e1bado 8 de noviembre.<\/strong> Taller did\u00e1ctico soplado de aportes en caliente<\/span><span data-ccp-props=\"{&quot;134233117&quot;:false,&quot;134233118&quot;:false,&quot;201341983&quot;:0,&quot;335551550&quot;:6,&quot;335551620&quot;:6,&quot;335557856&quot;:16777215,&quot;335559738&quot;:0,&quot;335559739&quot;:0,&quot;335559740&quot;:360}\"> . <\/span><i><span data-contrast=\"none\">Inscripciones desde 9 de octubre.<\/span><\/i><\/li>\n<\/ul>\n<p><span data-contrast=\"none\">Es imprescindible reserva previa a trav\u00e9s del correo electr\u00f3nico <\/span><a href=\"mailto:cinbaztan@madrid.org\"><span data-contrast=\"none\">cinbaztan@madrid.org<\/span><\/a><span data-contrast=\"none\">, indicando el n\u00famero de participantes y los datos de contacto, o en el tel\u00e9fono 686 941 217 durante el horario de apertura del Centro de Interpretaci\u00f3n, de martes a s\u00e1bado de 11 a 18 horas. Estos talleres est\u00e1n dirigidos a mayores de 12 a\u00f1os. Es una actividad gratuita que se celebrar\u00e1 en el Palacio de Juan de Goyeneche.<\/span><span data-ccp-props=\"{&quot;134233117&quot;:false,&quot;134233118&quot;:false,&quot;201341983&quot;:0,&quot;335551550&quot;:6,&quot;335551620&quot;:6,&quot;335557856&quot;:16777215,&quot;335559738&quot;:0,&quot;335559739&quot;:150,&quot;335559740&quot;:360}\">\u00a0<\/span><\/p>\n<p><span data-contrast=\"none\">Tambi\u00e9n se ha programado una <strong>exhibici\u00f3n para la Noche de los Museos<\/strong>:<\/span><span data-ccp-props=\"{&quot;134233117&quot;:false,&quot;134233118&quot;:false,&quot;201341983&quot;:0,&quot;335551550&quot;:6,&quot;335551620&quot;:6,&quot;335557856&quot;:16777215,&quot;335559738&quot;:0,&quot;335559739&quot;:150,&quot;335559740&quot;:360}\">\u00a0<\/span><\/p>\n<ul>\n<li data-leveltext=\"\uf0b7\" data-font=\"Symbol\" data-listid=\"11\" data-list-defn-props=\"{&quot;335552541&quot;:1,&quot;335559683&quot;:0,&quot;335559684&quot;:-2,&quot;335559685&quot;:720,&quot;335559991&quot;:360,&quot;469769226&quot;:&quot;Symbol&quot;,&quot;469769242&quot;:[8226],&quot;469777803&quot;:&quot;left&quot;,&quot;469777804&quot;:&quot;\uf0b7&quot;,&quot;469777815&quot;:&quot;hybridMultilevel&quot;}\" aria-setsize=\"-1\" data-aria-posinset=\"1\" data-aria-level=\"1\"><span data-contrast=\"none\"><strong>S\u00e1bado 17 mayo<\/strong>. Noche de los museos. Taller did\u00e1ctico nocturno de vidrio y luz. No es necesario inscripci\u00f3n previa. Horario <strong>desde las 21 horas<\/strong>. \u00a0<\/span><span data-ccp-props=\"{&quot;134233117&quot;:false,&quot;134233118&quot;:false,&quot;201341983&quot;:0,&quot;335551550&quot;:6,&quot;335551620&quot;:6,&quot;335557856&quot;:16777215,&quot;335559738&quot;:0,&quot;335559739&quot;:150,&quot;335559740&quot;:360}\">\u00a0<\/span><\/li>\n<\/ul>\n<p aria-level=\"5\"><strong>Organiza la Consejer\u00eda de Cultura, Turismo y Deporte, la DG de Cultura e Industrias Creativas y la SG de Bellas Artes. Colaboran Ayuntamiento de Nuevo Bazt\u00e1n y Real F\u00e1brica de Cristales de La Granja.<\/strong><\/p>\n<p aria-level=\"5\"><img loading=\"lazy\" decoding=\"async\" class=\"wp-image-2085 aligncenter\" src=\"https:\/\/turismo.ayto-nuevobaztan.es\/wp-content\/uploads\/2025\/02\/taller_soplado_de_vidrio_350-300x77.jpg\" alt=\"\" width=\"592\" height=\"152\" \/><\/p>\n","protected":false},"excerpt":{"rendered":"<p>En 1720 naci\u00f3, en Nuevo Bazt\u00e1n, la F\u00e1brica de cristales y vidrios finos, en la que se formaron importantes maestros que trabajar\u00edan m\u00e1s tarde en la Real F\u00e1brica de Cristales de La Granja.\u00a0 El Centro de interpretaci\u00f3n de Nuevo Bazt\u00e1n propone un ciclo de actividades, dirigidas a p\u00fablico adulto, sobre el soplado del vidrio. Ser\u00e1n&hellip;<\/p>\n","protected":false},"author":2,"featured_media":1616,"comment_status":"closed","ping_status":"closed","sticky":false,"template":"","format":"standard","meta":{"_acf_changed":false,"footnotes":""},"categories":[14],"tags":[205,192],"class_list":["post-2084","post","type-post","status-publish","format-standard","has-post-thumbnail","hentry","category-actividades-nuevo-batzan","tag-concejalia-de-turismo","tag-talleres-de-vidrio"],"acf":[],"yoast_head":"<!-- This site is optimized with the Yoast SEO plugin v27.2 - https:\/\/yoast.com\/product\/yoast-seo-wordpress\/ -->\n<title>Maestros de la Real F\u00e1brica de La Granja en Nuevo Bazt\u00e1n<\/title>\n<meta name=\"description\" content=\"El Centro de Interpretaci\u00f3n de Nuevo Bazt\u00e1n organiza nuevos talleres y actividades sobre el vidrio.\" \/>\n<meta name=\"robots\" content=\"index, follow, max-snippet:-1, max-image-preview:large, max-video-preview:-1\" \/>\n<link rel=\"canonical\" href=\"https:\/\/turismo.ayto-nuevobaztan.es\/es\/noticias\/maestros-de-la-real-fabrica-de-la-granja-en-nuevo-baztan-2\/\" \/>\n<meta property=\"og:locale\" content=\"es_ES\" \/>\n<meta property=\"og:type\" content=\"article\" \/>\n<meta property=\"og:title\" content=\"Maestros de la Real F\u00e1brica de La Granja en Nuevo Bazt\u00e1n\" \/>\n<meta property=\"og:description\" content=\"El Centro de Interpretaci\u00f3n de Nuevo Bazt\u00e1n organiza nuevos talleres y actividades sobre el vidrio.\" \/>\n<meta property=\"og:url\" content=\"https:\/\/turismo.ayto-nuevobaztan.es\/es\/noticias\/maestros-de-la-real-fabrica-de-la-granja-en-nuevo-baztan-2\/\" \/>\n<meta property=\"og:site_name\" content=\"Turismo Nuevo Bazt\u00e1n\" \/>\n<meta property=\"article:publisher\" content=\"https:\/\/www.facebook.com\/turismonuevobaztan\/\" \/>\n<meta property=\"article:published_time\" content=\"2025-02-21T08:26:28+00:00\" \/>\n<meta property=\"og:image\" content=\"https:\/\/turismo.ayto-nuevobaztan.es\/wp-content\/uploads\/2023\/06\/Soplado-1-225x300-1.jpg\" \/>\n\t<meta property=\"og:image:width\" content=\"225\" \/>\n\t<meta property=\"og:image:height\" content=\"300\" \/>\n\t<meta property=\"og:image:type\" content=\"image\/jpeg\" \/>\n<meta name=\"author\" content=\"Turismo Nuevo Bazt\u00e1n\" \/>\n<meta name=\"twitter:card\" content=\"summary_large_image\" \/>\n<meta name=\"twitter:creator\" content=\"@TurismoNBaztan\" \/>\n<meta name=\"twitter:site\" content=\"@TurismoNBaztan\" \/>\n<meta name=\"twitter:label1\" content=\"Escrito por\" \/>\n\t<meta name=\"twitter:data1\" content=\"Turismo Nuevo Bazt\u00e1n\" \/>\n\t<meta name=\"twitter:label2\" content=\"Tiempo de lectura\" \/>\n\t<meta name=\"twitter:data2\" content=\"2 minutos\" \/>\n<script type=\"application\/ld+json\" class=\"yoast-schema-graph\">{\"@context\":\"https:\/\/schema.org\",\"@graph\":[{\"@type\":\"Article\",\"@id\":\"https:\/\/turismo.ayto-nuevobaztan.es\/es\/noticias\/maestros-de-la-real-fabrica-de-la-granja-en-nuevo-baztan-2\/#article\",\"isPartOf\":{\"@id\":\"https:\/\/turismo.ayto-nuevobaztan.es\/es\/noticias\/maestros-de-la-real-fabrica-de-la-granja-en-nuevo-baztan-2\/\"},\"author\":{\"name\":\"Turismo Nuevo Bazt\u00e1n\",\"@id\":\"https:\/\/turismo.ayto-nuevobaztan.es\/es\/#\/schema\/person\/bc781c848e33ae71437002fa79b5c3df\"},\"headline\":\"Maestros de la Real F\u00e1brica de La Granja en Nuevo Bazt\u00e1n\",\"datePublished\":\"2025-02-21T08:26:28+00:00\",\"mainEntityOfPage\":{\"@id\":\"https:\/\/turismo.ayto-nuevobaztan.es\/es\/noticias\/maestros-de-la-real-fabrica-de-la-granja-en-nuevo-baztan-2\/\"},\"wordCount\":330,\"publisher\":{\"@id\":\"https:\/\/turismo.ayto-nuevobaztan.es\/es\/#organization\"},\"image\":{\"@id\":\"https:\/\/turismo.ayto-nuevobaztan.es\/es\/noticias\/maestros-de-la-real-fabrica-de-la-granja-en-nuevo-baztan-2\/#primaryimage\"},\"thumbnailUrl\":\"https:\/\/turismo.ayto-nuevobaztan.es\/wp-content\/uploads\/2023\/06\/Soplado-1-225x300-1.jpg\",\"keywords\":[\"concejalia de Turismo\",\"Talleres de Vidrio\"],\"articleSection\":[\"actividades\"],\"inLanguage\":\"es\"},{\"@type\":\"WebPage\",\"@id\":\"https:\/\/turismo.ayto-nuevobaztan.es\/es\/noticias\/maestros-de-la-real-fabrica-de-la-granja-en-nuevo-baztan-2\/\",\"url\":\"https:\/\/turismo.ayto-nuevobaztan.es\/es\/noticias\/maestros-de-la-real-fabrica-de-la-granja-en-nuevo-baztan-2\/\",\"name\":\"Maestros de la Real F\u00e1brica de La Granja en Nuevo Bazt\u00e1n\",\"isPartOf\":{\"@id\":\"https:\/\/turismo.ayto-nuevobaztan.es\/es\/#website\"},\"primaryImageOfPage\":{\"@id\":\"https:\/\/turismo.ayto-nuevobaztan.es\/es\/noticias\/maestros-de-la-real-fabrica-de-la-granja-en-nuevo-baztan-2\/#primaryimage\"},\"image\":{\"@id\":\"https:\/\/turismo.ayto-nuevobaztan.es\/es\/noticias\/maestros-de-la-real-fabrica-de-la-granja-en-nuevo-baztan-2\/#primaryimage\"},\"thumbnailUrl\":\"https:\/\/turismo.ayto-nuevobaztan.es\/wp-content\/uploads\/2023\/06\/Soplado-1-225x300-1.jpg\",\"datePublished\":\"2025-02-21T08:26:28+00:00\",\"description\":\"El Centro de Interpretaci\u00f3n de Nuevo Bazt\u00e1n organiza nuevos talleres y actividades sobre el vidrio.\",\"breadcrumb\":{\"@id\":\"https:\/\/turismo.ayto-nuevobaztan.es\/es\/noticias\/maestros-de-la-real-fabrica-de-la-granja-en-nuevo-baztan-2\/#breadcrumb\"},\"inLanguage\":\"es\",\"potentialAction\":[{\"@type\":\"ReadAction\",\"target\":[\"https:\/\/turismo.ayto-nuevobaztan.es\/es\/noticias\/maestros-de-la-real-fabrica-de-la-granja-en-nuevo-baztan-2\/\"]}]},{\"@type\":\"ImageObject\",\"inLanguage\":\"es\",\"@id\":\"https:\/\/turismo.ayto-nuevobaztan.es\/es\/noticias\/maestros-de-la-real-fabrica-de-la-granja-en-nuevo-baztan-2\/#primaryimage\",\"url\":\"https:\/\/turismo.ayto-nuevobaztan.es\/wp-content\/uploads\/2023\/06\/Soplado-1-225x300-1.jpg\",\"contentUrl\":\"https:\/\/turismo.ayto-nuevobaztan.es\/wp-content\/uploads\/2023\/06\/Soplado-1-225x300-1.jpg\",\"width\":225,\"height\":300},{\"@type\":\"BreadcrumbList\",\"@id\":\"https:\/\/turismo.ayto-nuevobaztan.es\/es\/noticias\/maestros-de-la-real-fabrica-de-la-granja-en-nuevo-baztan-2\/#breadcrumb\",\"itemListElement\":[{\"@type\":\"ListItem\",\"position\":1,\"name\":\"Inicio\",\"item\":\"https:\/\/turismo.ayto-nuevobaztan.es\/es\/\"},{\"@type\":\"ListItem\",\"position\":2,\"name\":\"Maestros de la Real F\u00e1brica de La Granja en Nuevo Bazt\u00e1n\"}]},{\"@type\":\"WebSite\",\"@id\":\"https:\/\/turismo.ayto-nuevobaztan.es\/es\/#website\",\"url\":\"https:\/\/turismo.ayto-nuevobaztan.es\/es\/\",\"name\":\"Turismo Nuevo Bazt\u00e1n\",\"description\":\"\",\"publisher\":{\"@id\":\"https:\/\/turismo.ayto-nuevobaztan.es\/es\/#organization\"},\"potentialAction\":[{\"@type\":\"SearchAction\",\"target\":{\"@type\":\"EntryPoint\",\"urlTemplate\":\"https:\/\/turismo.ayto-nuevobaztan.es\/es\/?s={search_term_string}\"},\"query-input\":{\"@type\":\"PropertyValueSpecification\",\"valueRequired\":true,\"valueName\":\"search_term_string\"}}],\"inLanguage\":\"es\"},{\"@type\":\"Organization\",\"@id\":\"https:\/\/turismo.ayto-nuevobaztan.es\/es\/#organization\",\"name\":\"Turismo Nuevo Bazt\u00e1n\",\"url\":\"https:\/\/turismo.ayto-nuevobaztan.es\/es\/\",\"logo\":{\"@type\":\"ImageObject\",\"inLanguage\":\"es\",\"@id\":\"https:\/\/turismo.ayto-nuevobaztan.es\/es\/#\/schema\/logo\/image\/\",\"url\":\"https:\/\/turismo.ayto-nuevobaztan.es\/wp-content\/uploads\/2025\/12\/logo.png\",\"contentUrl\":\"https:\/\/turismo.ayto-nuevobaztan.es\/wp-content\/uploads\/2025\/12\/logo.png\",\"width\":1847,\"height\":1787,\"caption\":\"Turismo Nuevo Bazt\u00e1n\"},\"image\":{\"@id\":\"https:\/\/turismo.ayto-nuevobaztan.es\/es\/#\/schema\/logo\/image\/\"},\"sameAs\":[\"https:\/\/www.facebook.com\/turismonuevobaztan\/\",\"https:\/\/x.com\/TurismoNBaztan\"]},{\"@type\":\"Person\",\"@id\":\"https:\/\/turismo.ayto-nuevobaztan.es\/es\/#\/schema\/person\/bc781c848e33ae71437002fa79b5c3df\",\"name\":\"Turismo Nuevo Bazt\u00e1n\",\"image\":{\"@type\":\"ImageObject\",\"inLanguage\":\"es\",\"@id\":\"https:\/\/secure.gravatar.com\/avatar\/c34f0d8aae58e8accb5d24f13ebda51911caa6f3106f7c0db25bd0888b071620?s=96&d=mm&r=g\",\"url\":\"https:\/\/secure.gravatar.com\/avatar\/c34f0d8aae58e8accb5d24f13ebda51911caa6f3106f7c0db25bd0888b071620?s=96&d=mm&r=g\",\"contentUrl\":\"https:\/\/secure.gravatar.com\/avatar\/c34f0d8aae58e8accb5d24f13ebda51911caa6f3106f7c0db25bd0888b071620?s=96&d=mm&r=g\",\"caption\":\"Turismo Nuevo Bazt\u00e1n\"},\"url\":\"#\"}]}<\/script>\n<!-- \/ Yoast SEO plugin. -->","yoast_head_json":{"title":"Maestros de la Real F\u00e1brica de La Granja en Nuevo Bazt\u00e1n","description":"El Centro de Interpretaci\u00f3n de Nuevo Bazt\u00e1n organiza nuevos talleres y actividades sobre el vidrio.","robots":{"index":"index","follow":"follow","max-snippet":"max-snippet:-1","max-image-preview":"max-image-preview:large","max-video-preview":"max-video-preview:-1"},"canonical":"https:\/\/turismo.ayto-nuevobaztan.es\/es\/noticias\/maestros-de-la-real-fabrica-de-la-granja-en-nuevo-baztan-2\/","og_locale":"es_ES","og_type":"article","og_title":"Maestros de la Real F\u00e1brica de La Granja en Nuevo Bazt\u00e1n","og_description":"El Centro de Interpretaci\u00f3n de Nuevo Bazt\u00e1n organiza nuevos talleres y actividades sobre el vidrio.","og_url":"https:\/\/turismo.ayto-nuevobaztan.es\/es\/noticias\/maestros-de-la-real-fabrica-de-la-granja-en-nuevo-baztan-2\/","og_site_name":"Turismo Nuevo Bazt\u00e1n","article_publisher":"https:\/\/www.facebook.com\/turismonuevobaztan\/","article_published_time":"2025-02-21T08:26:28+00:00","og_image":[{"width":225,"height":300,"url":"https:\/\/turismo.ayto-nuevobaztan.es\/wp-content\/uploads\/2023\/06\/Soplado-1-225x300-1.jpg","type":"image\/jpeg"}],"author":"Turismo Nuevo Bazt\u00e1n","twitter_card":"summary_large_image","twitter_creator":"@TurismoNBaztan","twitter_site":"@TurismoNBaztan","twitter_misc":{"Escrito por":"Turismo Nuevo Bazt\u00e1n","Tiempo de lectura":"2 minutos"},"schema":{"@context":"https:\/\/schema.org","@graph":[{"@type":"Article","@id":"https:\/\/turismo.ayto-nuevobaztan.es\/es\/noticias\/maestros-de-la-real-fabrica-de-la-granja-en-nuevo-baztan-2\/#article","isPartOf":{"@id":"https:\/\/turismo.ayto-nuevobaztan.es\/es\/noticias\/maestros-de-la-real-fabrica-de-la-granja-en-nuevo-baztan-2\/"},"author":{"name":"Turismo Nuevo Bazt\u00e1n","@id":"https:\/\/turismo.ayto-nuevobaztan.es\/es\/#\/schema\/person\/bc781c848e33ae71437002fa79b5c3df"},"headline":"Maestros de la Real F\u00e1brica de La Granja en Nuevo Bazt\u00e1n","datePublished":"2025-02-21T08:26:28+00:00","mainEntityOfPage":{"@id":"https:\/\/turismo.ayto-nuevobaztan.es\/es\/noticias\/maestros-de-la-real-fabrica-de-la-granja-en-nuevo-baztan-2\/"},"wordCount":330,"publisher":{"@id":"https:\/\/turismo.ayto-nuevobaztan.es\/es\/#organization"},"image":{"@id":"https:\/\/turismo.ayto-nuevobaztan.es\/es\/noticias\/maestros-de-la-real-fabrica-de-la-granja-en-nuevo-baztan-2\/#primaryimage"},"thumbnailUrl":"https:\/\/turismo.ayto-nuevobaztan.es\/wp-content\/uploads\/2023\/06\/Soplado-1-225x300-1.jpg","keywords":["concejalia de Turismo","Talleres de Vidrio"],"articleSection":["actividades"],"inLanguage":"es"},{"@type":"WebPage","@id":"https:\/\/turismo.ayto-nuevobaztan.es\/es\/noticias\/maestros-de-la-real-fabrica-de-la-granja-en-nuevo-baztan-2\/","url":"https:\/\/turismo.ayto-nuevobaztan.es\/es\/noticias\/maestros-de-la-real-fabrica-de-la-granja-en-nuevo-baztan-2\/","name":"Maestros de la Real F\u00e1brica de La Granja en Nuevo Bazt\u00e1n","isPartOf":{"@id":"https:\/\/turismo.ayto-nuevobaztan.es\/es\/#website"},"primaryImageOfPage":{"@id":"https:\/\/turismo.ayto-nuevobaztan.es\/es\/noticias\/maestros-de-la-real-fabrica-de-la-granja-en-nuevo-baztan-2\/#primaryimage"},"image":{"@id":"https:\/\/turismo.ayto-nuevobaztan.es\/es\/noticias\/maestros-de-la-real-fabrica-de-la-granja-en-nuevo-baztan-2\/#primaryimage"},"thumbnailUrl":"https:\/\/turismo.ayto-nuevobaztan.es\/wp-content\/uploads\/2023\/06\/Soplado-1-225x300-1.jpg","datePublished":"2025-02-21T08:26:28+00:00","description":"El Centro de Interpretaci\u00f3n de Nuevo Bazt\u00e1n organiza nuevos talleres y actividades sobre el vidrio.","breadcrumb":{"@id":"https:\/\/turismo.ayto-nuevobaztan.es\/es\/noticias\/maestros-de-la-real-fabrica-de-la-granja-en-nuevo-baztan-2\/#breadcrumb"},"inLanguage":"es","potentialAction":[{"@type":"ReadAction","target":["https:\/\/turismo.ayto-nuevobaztan.es\/es\/noticias\/maestros-de-la-real-fabrica-de-la-granja-en-nuevo-baztan-2\/"]}]},{"@type":"ImageObject","inLanguage":"es","@id":"https:\/\/turismo.ayto-nuevobaztan.es\/es\/noticias\/maestros-de-la-real-fabrica-de-la-granja-en-nuevo-baztan-2\/#primaryimage","url":"https:\/\/turismo.ayto-nuevobaztan.es\/wp-content\/uploads\/2023\/06\/Soplado-1-225x300-1.jpg","contentUrl":"https:\/\/turismo.ayto-nuevobaztan.es\/wp-content\/uploads\/2023\/06\/Soplado-1-225x300-1.jpg","width":225,"height":300},{"@type":"BreadcrumbList","@id":"https:\/\/turismo.ayto-nuevobaztan.es\/es\/noticias\/maestros-de-la-real-fabrica-de-la-granja-en-nuevo-baztan-2\/#breadcrumb","itemListElement":[{"@type":"ListItem","position":1,"name":"Inicio","item":"https:\/\/turismo.ayto-nuevobaztan.es\/es\/"},{"@type":"ListItem","position":2,"name":"Maestros de la Real F\u00e1brica de La Granja en Nuevo Bazt\u00e1n"}]},{"@type":"WebSite","@id":"https:\/\/turismo.ayto-nuevobaztan.es\/es\/#website","url":"https:\/\/turismo.ayto-nuevobaztan.es\/es\/","name":"Turismo Nuevo Bazt\u00e1n","description":"","publisher":{"@id":"https:\/\/turismo.ayto-nuevobaztan.es\/es\/#organization"},"potentialAction":[{"@type":"SearchAction","target":{"@type":"EntryPoint","urlTemplate":"https:\/\/turismo.ayto-nuevobaztan.es\/es\/?s={search_term_string}"},"query-input":{"@type":"PropertyValueSpecification","valueRequired":true,"valueName":"search_term_string"}}],"inLanguage":"es"},{"@type":"Organization","@id":"https:\/\/turismo.ayto-nuevobaztan.es\/es\/#organization","name":"Turismo Nuevo Bazt\u00e1n","url":"https:\/\/turismo.ayto-nuevobaztan.es\/es\/","logo":{"@type":"ImageObject","inLanguage":"es","@id":"https:\/\/turismo.ayto-nuevobaztan.es\/es\/#\/schema\/logo\/image\/","url":"https:\/\/turismo.ayto-nuevobaztan.es\/wp-content\/uploads\/2025\/12\/logo.png","contentUrl":"https:\/\/turismo.ayto-nuevobaztan.es\/wp-content\/uploads\/2025\/12\/logo.png","width":1847,"height":1787,"caption":"Turismo Nuevo Bazt\u00e1n"},"image":{"@id":"https:\/\/turismo.ayto-nuevobaztan.es\/es\/#\/schema\/logo\/image\/"},"sameAs":["https:\/\/www.facebook.com\/turismonuevobaztan\/","https:\/\/x.com\/TurismoNBaztan"]},{"@type":"Person","@id":"https:\/\/turismo.ayto-nuevobaztan.es\/es\/#\/schema\/person\/bc781c848e33ae71437002fa79b5c3df","name":"Turismo Nuevo Bazt\u00e1n","image":{"@type":"ImageObject","inLanguage":"es","@id":"https:\/\/secure.gravatar.com\/avatar\/c34f0d8aae58e8accb5d24f13ebda51911caa6f3106f7c0db25bd0888b071620?s=96&d=mm&r=g","url":"https:\/\/secure.gravatar.com\/avatar\/c34f0d8aae58e8accb5d24f13ebda51911caa6f3106f7c0db25bd0888b071620?s=96&d=mm&r=g","contentUrl":"https:\/\/secure.gravatar.com\/avatar\/c34f0d8aae58e8accb5d24f13ebda51911caa6f3106f7c0db25bd0888b071620?s=96&d=mm&r=g","caption":"Turismo Nuevo Bazt\u00e1n"},"url":"#"}]}},"_links":{"self":[{"href":"https:\/\/turismo.ayto-nuevobaztan.es\/es\/wp-json\/wp\/v2\/posts\/2084","targetHints":{"allow":["GET"]}}],"collection":[{"href":"https:\/\/turismo.ayto-nuevobaztan.es\/es\/wp-json\/wp\/v2\/posts"}],"about":[{"href":"https:\/\/turismo.ayto-nuevobaztan.es\/es\/wp-json\/wp\/v2\/types\/post"}],"author":[{"embeddable":true,"href":"https:\/\/turismo.ayto-nuevobaztan.es\/es\/wp-json\/wp\/v2\/users\/2"}],"replies":[{"embeddable":true,"href":"https:\/\/turismo.ayto-nuevobaztan.es\/es\/wp-json\/wp\/v2\/comments?post=2084"}],"version-history":[{"count":0,"href":"https:\/\/turismo.ayto-nuevobaztan.es\/es\/wp-json\/wp\/v2\/posts\/2084\/revisions"}],"wp:featuredmedia":[{"embeddable":true,"href":"https:\/\/turismo.ayto-nuevobaztan.es\/es\/wp-json\/wp\/v2\/media\/1616"}],"wp:attachment":[{"href":"https:\/\/turismo.ayto-nuevobaztan.es\/es\/wp-json\/wp\/v2\/media?parent=2084"}],"wp:term":[{"taxonomy":"category","embeddable":true,"href":"https:\/\/turismo.ayto-nuevobaztan.es\/es\/wp-json\/wp\/v2\/categories?post=2084"},{"taxonomy":"post_tag","embeddable":true,"href":"https:\/\/turismo.ayto-nuevobaztan.es\/es\/wp-json\/wp\/v2\/tags?post=2084"}],"curies":[{"name":"wp","href":"https:\/\/api.w.org\/{rel}","templated":true}]}}