{"id":2069,"date":"2025-01-23T09:00:57","date_gmt":"2025-01-23T08:00:57","guid":{"rendered":"https:\/\/turismo.ayto-nuevobaztan.es\/?p=2069"},"modified":"2025-01-23T09:00:57","modified_gmt":"2025-01-23T08:00:57","slug":"fitur-2025-una-nueva-apuesta-por-nuevo-baztan","status":"publish","type":"post","link":"https:\/\/turismo.ayto-nuevobaztan.es\/es\/noticias\/fitur-2025-una-nueva-apuesta-por-nuevo-baztan\/","title":{"rendered":"FITUR 2025. Una nueva apuesta por Nuevo Bazt\u00e1n."},"content":{"rendered":"<p><span data-contrast=\"auto\">Ayer mi\u00e9rcoles qued\u00f3 inaugura Fitur por sus majestades los Reyes. <strong>Un a\u00f1o m\u00e1s Nuevo Bazt\u00e1n tiene un Stand en esta feria tan importante del Turismo en el mundo.<\/strong> Se encuentra en el Pabell\u00f3n 9 Stand 9A09, \u201cLa Alcarria Madrile\u00f1a Loeches-Nuevo Bazt\u00e1n\u201d, junto al Stand de la Comunidad de Madrid.<\/span><span data-ccp-props=\"{&quot;201341983&quot;:0,&quot;335551550&quot;:6,&quot;335551620&quot;:6,&quot;335559740&quot;:360}\">\u00a0<\/span><\/p>\n<p><span data-contrast=\"auto\"><strong>El d\u00eda de ayer fue muy intenso, con muchos actos oficiales a los que estaba invitado nuestro municipio y tambi\u00e9n de presentaci\u00f3n de nuevos proyectos para este a\u00f1o 2025. La alcaldesa Gemma Pacheco acompa\u00f1ada de los concejales de su Equipo de Gobierno<\/strong> acudieron a diferentes actos dentro de la Feria. Por ejemplo, la entrega de los diplomas de permanencia a los nuevos 7 pueblos que se incluyen dentro de la <strong>Asociaci\u00f3n de los Pueblos M\u00e1s Bonitos de Espa\u00f1a<\/strong>. Adem\u00e1s de una reuni\u00f3n de Cicla Madrid en el Stand de la Comunidad de Madrid y la visita del consejero de Cultura, Turismo y Deporte don Mariano de Paco serrano a nuestro Stand.<\/span><span data-ccp-props=\"{&quot;201341983&quot;:0,&quot;335551550&quot;:6,&quot;335551620&quot;:6,&quot;335559740&quot;:360}\">\u00a0<\/span><\/p>\n<p><span data-contrast=\"auto\">La tarde fue nuestro turno para presentar en nuestro espacio un taller de cocina que llevaba por t\u00edtulo \u201cVizcochos Alf\u00f3nsigos\u201d. En directo se explic\u00f3, cocin\u00f3 y degust\u00f3 esta receta tan dulce. Esto dio paso a que en el Stand de la Comunidad de Madrid se presentara un nuevo <strong>Proyecto de recuperaci\u00f3n de recetas del Siglo XVIII en Nuevo Bazt\u00e1n<\/strong>. Gemma Pacheco presentaba este proyecto que comenz\u00f3 con los talleres GOYENECHEF este a\u00f1o y que nos llevar\u00e1 a la publicaci\u00f3n de un libro de recetas del siglo XVIII en este 2025. Adem\u00e1s, despu\u00e9s de la presentaci\u00f3n se pudo degustar algunos de los platos que se han preparado en estos talleres, acompa\u00f1ados por vinos de la Bodega de nuestro municipio \u201cEl Cuarto Lote\u201d.<\/span><span data-ccp-props=\"{&quot;201341983&quot;:0,&quot;335551550&quot;:6,&quot;335551620&quot;:6,&quot;335559740&quot;:360}\">\u00a0<\/span><\/p>\n<p><strong>La jornada del jueves se plantea muy interesante tambi\u00e9n. Reuniones importantes dentro del turismo enol\u00f3gico de la Comunidad de Madrid, Enoturismo y tambi\u00e9n se celebra el acto de incorporaci\u00f3n oficial de Nuevo Bazt\u00e1n a ARACOVE, llevando por bandera la Alcarria Madrile\u00f1a. Atento a nuestras redes sociales para estar informado de todo lo que sucede en la Feria de Turismo.<\/strong><\/p>\n<p><strong> <img loading=\"lazy\" decoding=\"async\" class=\"alignnone size-medium wp-image-2072\" src=\"https:\/\/turismo.ayto-nuevobaztan.es\/wp-content\/uploads\/2025\/01\/Fitur-jueves-6-225x300.jpg\" alt=\"\" width=\"225\" height=\"300\" \/> <img loading=\"lazy\" decoding=\"async\" class=\"alignnone size-medium wp-image-2073\" src=\"https:\/\/turismo.ayto-nuevobaztan.es\/wp-content\/uploads\/2025\/01\/fitur-jueves-5-225x300.jpg\" alt=\"\" width=\"225\" height=\"300\" \/><\/strong><\/p>\n<p><img loading=\"lazy\" decoding=\"async\" class=\"alignnone  wp-image-2070 alignleft\" src=\"https:\/\/turismo.ayto-nuevobaztan.es\/wp-content\/uploads\/2025\/01\/Fitur-jueves-1-300x225.jpg\" alt=\"\" width=\"363\" height=\"272\" \/> <img loading=\"lazy\" decoding=\"async\" class=\"alignnone  wp-image-2071 alignleft\" src=\"https:\/\/turismo.ayto-nuevobaztan.es\/wp-content\/uploads\/2025\/01\/PRESENT-PROY-RECETAS-300x200.jpg\" alt=\"\" width=\"407\" height=\"271\" \/><\/p>\n","protected":false},"excerpt":{"rendered":"<p>Ayer mi\u00e9rcoles qued\u00f3 inaugura Fitur por sus majestades los Reyes. Un a\u00f1o m\u00e1s Nuevo Bazt\u00e1n tiene un Stand en esta feria tan importante del Turismo en el mundo. Se encuentra en el Pabell\u00f3n 9 Stand 9A09, \u201cLa Alcarria Madrile\u00f1a Loeches-Nuevo Bazt\u00e1n\u201d, junto al Stand de la Comunidad de Madrid.\u00a0 El d\u00eda de ayer fue muy&hellip;<\/p>\n","protected":false},"author":2,"featured_media":2066,"comment_status":"closed","ping_status":"closed","sticky":false,"template":"","format":"standard","meta":{"_acf_changed":false,"footnotes":""},"categories":[14],"tags":[34,39],"class_list":["post-2069","post","type-post","status-publish","format-standard","has-post-thumbnail","hentry","category-actividades-nuevo-batzan","tag-fitur","tag-turismo"],"acf":[],"yoast_head":"<!-- This site is optimized with the Yoast SEO plugin v27.2 - https:\/\/yoast.com\/product\/yoast-seo-wordpress\/ -->\n<title>FITUR 2025. Una nueva apuesta por Nuevo Bazt\u00e1n.<\/title>\n<meta name=\"description\" content=\"La alcaldesa Gemma Pacheco acompa\u00f1ada de su Equipo de Gobierno apoyan el desarrollo tur\u00edstico de nuestro municipio.\" \/>\n<meta name=\"robots\" content=\"index, follow, max-snippet:-1, max-image-preview:large, max-video-preview:-1\" \/>\n<link rel=\"canonical\" href=\"https:\/\/turismo.ayto-nuevobaztan.es\/es\/noticias\/fitur-2025-una-nueva-apuesta-por-nuevo-baztan\/\" \/>\n<meta property=\"og:locale\" content=\"es_ES\" \/>\n<meta property=\"og:type\" content=\"article\" \/>\n<meta property=\"og:title\" content=\"FITUR 2025. Una nueva apuesta por Nuevo Bazt\u00e1n.\" \/>\n<meta property=\"og:description\" content=\"La alcaldesa Gemma Pacheco acompa\u00f1ada de su Equipo de Gobierno apoyan el desarrollo tur\u00edstico de nuestro municipio.\" \/>\n<meta property=\"og:url\" content=\"https:\/\/turismo.ayto-nuevobaztan.es\/es\/noticias\/fitur-2025-una-nueva-apuesta-por-nuevo-baztan\/\" \/>\n<meta property=\"og:site_name\" content=\"Turismo Nuevo Bazt\u00e1n\" \/>\n<meta property=\"article:publisher\" content=\"https:\/\/www.facebook.com\/turismonuevobaztan\/\" \/>\n<meta property=\"article:published_time\" content=\"2025-01-23T08:00:57+00:00\" \/>\n<meta property=\"og:image\" content=\"https:\/\/turismo.ayto-nuevobaztan.es\/wp-content\/uploads\/2025\/01\/Fitur-jueves-1.jpg\" \/>\n\t<meta property=\"og:image:width\" content=\"1280\" \/>\n\t<meta property=\"og:image:height\" content=\"960\" \/>\n\t<meta property=\"og:image:type\" content=\"image\/jpeg\" \/>\n<meta name=\"author\" content=\"Turismo Nuevo Bazt\u00e1n\" \/>\n<meta name=\"twitter:card\" content=\"summary_large_image\" \/>\n<meta name=\"twitter:creator\" content=\"@TurismoNBaztan\" \/>\n<meta name=\"twitter:site\" content=\"@TurismoNBaztan\" \/>\n<meta name=\"twitter:label1\" content=\"Escrito por\" \/>\n\t<meta name=\"twitter:data1\" content=\"Turismo Nuevo Bazt\u00e1n\" \/>\n\t<meta name=\"twitter:label2\" content=\"Tiempo de lectura\" \/>\n\t<meta name=\"twitter:data2\" content=\"3 minutos\" \/>\n<script type=\"application\/ld+json\" class=\"yoast-schema-graph\">{\"@context\":\"https:\/\/schema.org\",\"@graph\":[{\"@type\":\"Article\",\"@id\":\"https:\/\/turismo.ayto-nuevobaztan.es\/es\/noticias\/fitur-2025-una-nueva-apuesta-por-nuevo-baztan\/#article\",\"isPartOf\":{\"@id\":\"https:\/\/turismo.ayto-nuevobaztan.es\/es\/noticias\/fitur-2025-una-nueva-apuesta-por-nuevo-baztan\/\"},\"author\":{\"name\":\"Turismo Nuevo Bazt\u00e1n\",\"@id\":\"https:\/\/turismo.ayto-nuevobaztan.es\/es\/#\/schema\/person\/bc781c848e33ae71437002fa79b5c3df\"},\"headline\":\"FITUR 2025. Una nueva apuesta por Nuevo Bazt\u00e1n.\",\"datePublished\":\"2025-01-23T08:00:57+00:00\",\"mainEntityOfPage\":{\"@id\":\"https:\/\/turismo.ayto-nuevobaztan.es\/es\/noticias\/fitur-2025-una-nueva-apuesta-por-nuevo-baztan\/\"},\"wordCount\":377,\"publisher\":{\"@id\":\"https:\/\/turismo.ayto-nuevobaztan.es\/es\/#organization\"},\"image\":{\"@id\":\"https:\/\/turismo.ayto-nuevobaztan.es\/es\/noticias\/fitur-2025-una-nueva-apuesta-por-nuevo-baztan\/#primaryimage\"},\"thumbnailUrl\":\"https:\/\/turismo.ayto-nuevobaztan.es\/wp-content\/uploads\/2025\/01\/FITUR.png\",\"keywords\":[\"FITUR\",\"Turismo\"],\"articleSection\":[\"actividades\"],\"inLanguage\":\"es\"},{\"@type\":\"WebPage\",\"@id\":\"https:\/\/turismo.ayto-nuevobaztan.es\/es\/noticias\/fitur-2025-una-nueva-apuesta-por-nuevo-baztan\/\",\"url\":\"https:\/\/turismo.ayto-nuevobaztan.es\/es\/noticias\/fitur-2025-una-nueva-apuesta-por-nuevo-baztan\/\",\"name\":\"FITUR 2025. Una nueva apuesta por Nuevo Bazt\u00e1n.\",\"isPartOf\":{\"@id\":\"https:\/\/turismo.ayto-nuevobaztan.es\/es\/#website\"},\"primaryImageOfPage\":{\"@id\":\"https:\/\/turismo.ayto-nuevobaztan.es\/es\/noticias\/fitur-2025-una-nueva-apuesta-por-nuevo-baztan\/#primaryimage\"},\"image\":{\"@id\":\"https:\/\/turismo.ayto-nuevobaztan.es\/es\/noticias\/fitur-2025-una-nueva-apuesta-por-nuevo-baztan\/#primaryimage\"},\"thumbnailUrl\":\"https:\/\/turismo.ayto-nuevobaztan.es\/wp-content\/uploads\/2025\/01\/FITUR.png\",\"datePublished\":\"2025-01-23T08:00:57+00:00\",\"description\":\"La alcaldesa Gemma Pacheco acompa\u00f1ada de su Equipo de Gobierno apoyan el desarrollo tur\u00edstico de nuestro municipio.\",\"breadcrumb\":{\"@id\":\"https:\/\/turismo.ayto-nuevobaztan.es\/es\/noticias\/fitur-2025-una-nueva-apuesta-por-nuevo-baztan\/#breadcrumb\"},\"inLanguage\":\"es\",\"potentialAction\":[{\"@type\":\"ReadAction\",\"target\":[\"https:\/\/turismo.ayto-nuevobaztan.es\/es\/noticias\/fitur-2025-una-nueva-apuesta-por-nuevo-baztan\/\"]}]},{\"@type\":\"ImageObject\",\"inLanguage\":\"es\",\"@id\":\"https:\/\/turismo.ayto-nuevobaztan.es\/es\/noticias\/fitur-2025-una-nueva-apuesta-por-nuevo-baztan\/#primaryimage\",\"url\":\"https:\/\/turismo.ayto-nuevobaztan.es\/wp-content\/uploads\/2025\/01\/FITUR.png\",\"contentUrl\":\"https:\/\/turismo.ayto-nuevobaztan.es\/wp-content\/uploads\/2025\/01\/FITUR.png\",\"width\":2500,\"height\":834},{\"@type\":\"BreadcrumbList\",\"@id\":\"https:\/\/turismo.ayto-nuevobaztan.es\/es\/noticias\/fitur-2025-una-nueva-apuesta-por-nuevo-baztan\/#breadcrumb\",\"itemListElement\":[{\"@type\":\"ListItem\",\"position\":1,\"name\":\"Inicio\",\"item\":\"https:\/\/turismo.ayto-nuevobaztan.es\/es\/\"},{\"@type\":\"ListItem\",\"position\":2,\"name\":\"FITUR 2025. Una nueva apuesta por Nuevo Bazt\u00e1n.\"}]},{\"@type\":\"WebSite\",\"@id\":\"https:\/\/turismo.ayto-nuevobaztan.es\/es\/#website\",\"url\":\"https:\/\/turismo.ayto-nuevobaztan.es\/es\/\",\"name\":\"Turismo Nuevo Bazt\u00e1n\",\"description\":\"\",\"publisher\":{\"@id\":\"https:\/\/turismo.ayto-nuevobaztan.es\/es\/#organization\"},\"potentialAction\":[{\"@type\":\"SearchAction\",\"target\":{\"@type\":\"EntryPoint\",\"urlTemplate\":\"https:\/\/turismo.ayto-nuevobaztan.es\/es\/?s={search_term_string}\"},\"query-input\":{\"@type\":\"PropertyValueSpecification\",\"valueRequired\":true,\"valueName\":\"search_term_string\"}}],\"inLanguage\":\"es\"},{\"@type\":\"Organization\",\"@id\":\"https:\/\/turismo.ayto-nuevobaztan.es\/es\/#organization\",\"name\":\"Turismo Nuevo Bazt\u00e1n\",\"url\":\"https:\/\/turismo.ayto-nuevobaztan.es\/es\/\",\"logo\":{\"@type\":\"ImageObject\",\"inLanguage\":\"es\",\"@id\":\"https:\/\/turismo.ayto-nuevobaztan.es\/es\/#\/schema\/logo\/image\/\",\"url\":\"https:\/\/turismo.ayto-nuevobaztan.es\/wp-content\/uploads\/2025\/12\/logo.png\",\"contentUrl\":\"https:\/\/turismo.ayto-nuevobaztan.es\/wp-content\/uploads\/2025\/12\/logo.png\",\"width\":1847,\"height\":1787,\"caption\":\"Turismo Nuevo Bazt\u00e1n\"},\"image\":{\"@id\":\"https:\/\/turismo.ayto-nuevobaztan.es\/es\/#\/schema\/logo\/image\/\"},\"sameAs\":[\"https:\/\/www.facebook.com\/turismonuevobaztan\/\",\"https:\/\/x.com\/TurismoNBaztan\"]},{\"@type\":\"Person\",\"@id\":\"https:\/\/turismo.ayto-nuevobaztan.es\/es\/#\/schema\/person\/bc781c848e33ae71437002fa79b5c3df\",\"name\":\"Turismo Nuevo Bazt\u00e1n\",\"image\":{\"@type\":\"ImageObject\",\"inLanguage\":\"es\",\"@id\":\"https:\/\/secure.gravatar.com\/avatar\/c34f0d8aae58e8accb5d24f13ebda51911caa6f3106f7c0db25bd0888b071620?s=96&d=mm&r=g\",\"url\":\"https:\/\/secure.gravatar.com\/avatar\/c34f0d8aae58e8accb5d24f13ebda51911caa6f3106f7c0db25bd0888b071620?s=96&d=mm&r=g\",\"contentUrl\":\"https:\/\/secure.gravatar.com\/avatar\/c34f0d8aae58e8accb5d24f13ebda51911caa6f3106f7c0db25bd0888b071620?s=96&d=mm&r=g\",\"caption\":\"Turismo Nuevo Bazt\u00e1n\"},\"url\":\"#\"}]}<\/script>\n<!-- \/ Yoast SEO plugin. -->","yoast_head_json":{"title":"FITUR 2025. Una nueva apuesta por Nuevo Bazt\u00e1n.","description":"La alcaldesa Gemma Pacheco acompa\u00f1ada de su Equipo de Gobierno apoyan el desarrollo tur\u00edstico de nuestro municipio.","robots":{"index":"index","follow":"follow","max-snippet":"max-snippet:-1","max-image-preview":"max-image-preview:large","max-video-preview":"max-video-preview:-1"},"canonical":"https:\/\/turismo.ayto-nuevobaztan.es\/es\/noticias\/fitur-2025-una-nueva-apuesta-por-nuevo-baztan\/","og_locale":"es_ES","og_type":"article","og_title":"FITUR 2025. Una nueva apuesta por Nuevo Bazt\u00e1n.","og_description":"La alcaldesa Gemma Pacheco acompa\u00f1ada de su Equipo de Gobierno apoyan el desarrollo tur\u00edstico de nuestro municipio.","og_url":"https:\/\/turismo.ayto-nuevobaztan.es\/es\/noticias\/fitur-2025-una-nueva-apuesta-por-nuevo-baztan\/","og_site_name":"Turismo Nuevo Bazt\u00e1n","article_publisher":"https:\/\/www.facebook.com\/turismonuevobaztan\/","article_published_time":"2025-01-23T08:00:57+00:00","og_image":[{"width":1280,"height":960,"url":"https:\/\/turismo.ayto-nuevobaztan.es\/wp-content\/uploads\/2025\/01\/Fitur-jueves-1.jpg","type":"image\/jpeg"}],"author":"Turismo Nuevo Bazt\u00e1n","twitter_card":"summary_large_image","twitter_creator":"@TurismoNBaztan","twitter_site":"@TurismoNBaztan","twitter_misc":{"Escrito por":"Turismo Nuevo Bazt\u00e1n","Tiempo de lectura":"3 minutos"},"schema":{"@context":"https:\/\/schema.org","@graph":[{"@type":"Article","@id":"https:\/\/turismo.ayto-nuevobaztan.es\/es\/noticias\/fitur-2025-una-nueva-apuesta-por-nuevo-baztan\/#article","isPartOf":{"@id":"https:\/\/turismo.ayto-nuevobaztan.es\/es\/noticias\/fitur-2025-una-nueva-apuesta-por-nuevo-baztan\/"},"author":{"name":"Turismo Nuevo Bazt\u00e1n","@id":"https:\/\/turismo.ayto-nuevobaztan.es\/es\/#\/schema\/person\/bc781c848e33ae71437002fa79b5c3df"},"headline":"FITUR 2025. Una nueva apuesta por Nuevo Bazt\u00e1n.","datePublished":"2025-01-23T08:00:57+00:00","mainEntityOfPage":{"@id":"https:\/\/turismo.ayto-nuevobaztan.es\/es\/noticias\/fitur-2025-una-nueva-apuesta-por-nuevo-baztan\/"},"wordCount":377,"publisher":{"@id":"https:\/\/turismo.ayto-nuevobaztan.es\/es\/#organization"},"image":{"@id":"https:\/\/turismo.ayto-nuevobaztan.es\/es\/noticias\/fitur-2025-una-nueva-apuesta-por-nuevo-baztan\/#primaryimage"},"thumbnailUrl":"https:\/\/turismo.ayto-nuevobaztan.es\/wp-content\/uploads\/2025\/01\/FITUR.png","keywords":["FITUR","Turismo"],"articleSection":["actividades"],"inLanguage":"es"},{"@type":"WebPage","@id":"https:\/\/turismo.ayto-nuevobaztan.es\/es\/noticias\/fitur-2025-una-nueva-apuesta-por-nuevo-baztan\/","url":"https:\/\/turismo.ayto-nuevobaztan.es\/es\/noticias\/fitur-2025-una-nueva-apuesta-por-nuevo-baztan\/","name":"FITUR 2025. Una nueva apuesta por Nuevo Bazt\u00e1n.","isPartOf":{"@id":"https:\/\/turismo.ayto-nuevobaztan.es\/es\/#website"},"primaryImageOfPage":{"@id":"https:\/\/turismo.ayto-nuevobaztan.es\/es\/noticias\/fitur-2025-una-nueva-apuesta-por-nuevo-baztan\/#primaryimage"},"image":{"@id":"https:\/\/turismo.ayto-nuevobaztan.es\/es\/noticias\/fitur-2025-una-nueva-apuesta-por-nuevo-baztan\/#primaryimage"},"thumbnailUrl":"https:\/\/turismo.ayto-nuevobaztan.es\/wp-content\/uploads\/2025\/01\/FITUR.png","datePublished":"2025-01-23T08:00:57+00:00","description":"La alcaldesa Gemma Pacheco acompa\u00f1ada de su Equipo de Gobierno apoyan el desarrollo tur\u00edstico de nuestro municipio.","breadcrumb":{"@id":"https:\/\/turismo.ayto-nuevobaztan.es\/es\/noticias\/fitur-2025-una-nueva-apuesta-por-nuevo-baztan\/#breadcrumb"},"inLanguage":"es","potentialAction":[{"@type":"ReadAction","target":["https:\/\/turismo.ayto-nuevobaztan.es\/es\/noticias\/fitur-2025-una-nueva-apuesta-por-nuevo-baztan\/"]}]},{"@type":"ImageObject","inLanguage":"es","@id":"https:\/\/turismo.ayto-nuevobaztan.es\/es\/noticias\/fitur-2025-una-nueva-apuesta-por-nuevo-baztan\/#primaryimage","url":"https:\/\/turismo.ayto-nuevobaztan.es\/wp-content\/uploads\/2025\/01\/FITUR.png","contentUrl":"https:\/\/turismo.ayto-nuevobaztan.es\/wp-content\/uploads\/2025\/01\/FITUR.png","width":2500,"height":834},{"@type":"BreadcrumbList","@id":"https:\/\/turismo.ayto-nuevobaztan.es\/es\/noticias\/fitur-2025-una-nueva-apuesta-por-nuevo-baztan\/#breadcrumb","itemListElement":[{"@type":"ListItem","position":1,"name":"Inicio","item":"https:\/\/turismo.ayto-nuevobaztan.es\/es\/"},{"@type":"ListItem","position":2,"name":"FITUR 2025. Una nueva apuesta por Nuevo Bazt\u00e1n."}]},{"@type":"WebSite","@id":"https:\/\/turismo.ayto-nuevobaztan.es\/es\/#website","url":"https:\/\/turismo.ayto-nuevobaztan.es\/es\/","name":"Turismo Nuevo Bazt\u00e1n","description":"","publisher":{"@id":"https:\/\/turismo.ayto-nuevobaztan.es\/es\/#organization"},"potentialAction":[{"@type":"SearchAction","target":{"@type":"EntryPoint","urlTemplate":"https:\/\/turismo.ayto-nuevobaztan.es\/es\/?s={search_term_string}"},"query-input":{"@type":"PropertyValueSpecification","valueRequired":true,"valueName":"search_term_string"}}],"inLanguage":"es"},{"@type":"Organization","@id":"https:\/\/turismo.ayto-nuevobaztan.es\/es\/#organization","name":"Turismo Nuevo Bazt\u00e1n","url":"https:\/\/turismo.ayto-nuevobaztan.es\/es\/","logo":{"@type":"ImageObject","inLanguage":"es","@id":"https:\/\/turismo.ayto-nuevobaztan.es\/es\/#\/schema\/logo\/image\/","url":"https:\/\/turismo.ayto-nuevobaztan.es\/wp-content\/uploads\/2025\/12\/logo.png","contentUrl":"https:\/\/turismo.ayto-nuevobaztan.es\/wp-content\/uploads\/2025\/12\/logo.png","width":1847,"height":1787,"caption":"Turismo Nuevo Bazt\u00e1n"},"image":{"@id":"https:\/\/turismo.ayto-nuevobaztan.es\/es\/#\/schema\/logo\/image\/"},"sameAs":["https:\/\/www.facebook.com\/turismonuevobaztan\/","https:\/\/x.com\/TurismoNBaztan"]},{"@type":"Person","@id":"https:\/\/turismo.ayto-nuevobaztan.es\/es\/#\/schema\/person\/bc781c848e33ae71437002fa79b5c3df","name":"Turismo Nuevo Bazt\u00e1n","image":{"@type":"ImageObject","inLanguage":"es","@id":"https:\/\/secure.gravatar.com\/avatar\/c34f0d8aae58e8accb5d24f13ebda51911caa6f3106f7c0db25bd0888b071620?s=96&d=mm&r=g","url":"https:\/\/secure.gravatar.com\/avatar\/c34f0d8aae58e8accb5d24f13ebda51911caa6f3106f7c0db25bd0888b071620?s=96&d=mm&r=g","contentUrl":"https:\/\/secure.gravatar.com\/avatar\/c34f0d8aae58e8accb5d24f13ebda51911caa6f3106f7c0db25bd0888b071620?s=96&d=mm&r=g","caption":"Turismo Nuevo Bazt\u00e1n"},"url":"#"}]}},"_links":{"self":[{"href":"https:\/\/turismo.ayto-nuevobaztan.es\/es\/wp-json\/wp\/v2\/posts\/2069","targetHints":{"allow":["GET"]}}],"collection":[{"href":"https:\/\/turismo.ayto-nuevobaztan.es\/es\/wp-json\/wp\/v2\/posts"}],"about":[{"href":"https:\/\/turismo.ayto-nuevobaztan.es\/es\/wp-json\/wp\/v2\/types\/post"}],"author":[{"embeddable":true,"href":"https:\/\/turismo.ayto-nuevobaztan.es\/es\/wp-json\/wp\/v2\/users\/2"}],"replies":[{"embeddable":true,"href":"https:\/\/turismo.ayto-nuevobaztan.es\/es\/wp-json\/wp\/v2\/comments?post=2069"}],"version-history":[{"count":0,"href":"https:\/\/turismo.ayto-nuevobaztan.es\/es\/wp-json\/wp\/v2\/posts\/2069\/revisions"}],"wp:featuredmedia":[{"embeddable":true,"href":"https:\/\/turismo.ayto-nuevobaztan.es\/es\/wp-json\/wp\/v2\/media\/2066"}],"wp:attachment":[{"href":"https:\/\/turismo.ayto-nuevobaztan.es\/es\/wp-json\/wp\/v2\/media?parent=2069"}],"wp:term":[{"taxonomy":"category","embeddable":true,"href":"https:\/\/turismo.ayto-nuevobaztan.es\/es\/wp-json\/wp\/v2\/categories?post=2069"},{"taxonomy":"post_tag","embeddable":true,"href":"https:\/\/turismo.ayto-nuevobaztan.es\/es\/wp-json\/wp\/v2\/tags?post=2069"}],"curies":[{"name":"wp","href":"https:\/\/api.w.org\/{rel}","templated":true}]}}