{"id":2064,"date":"2025-01-16T09:41:41","date_gmt":"2025-01-16T08:41:41","guid":{"rendered":"https:\/\/turismo.ayto-nuevobaztan.es\/?p=2064"},"modified":"2025-01-16T09:41:41","modified_gmt":"2025-01-16T08:41:41","slug":"nuevo-baztan-estara-en-fitur-2025","status":"publish","type":"post","link":"https:\/\/turismo.ayto-nuevobaztan.es\/es\/noticias\/nuevo-baztan-estara-en-fitur-2025\/","title":{"rendered":"Nuevo Bazt\u00e1n estar\u00e1 en FITUR 2025"},"content":{"rendered":"<p>Desde el pr\u00f3ximo mi\u00e9rcoles nuestro municipio volver\u00e1 a estar presente en la Feria de Turismo m\u00e1s importante del mundo. Ser\u00e1 entre el 22 y el 26 de enero. Estaremos en el Pabell\u00f3n 9 Stand 9A09<\/p>\n<p>A lo largo de los d\u00edas tendremos diferentes actividades y actos. Adem\u00e1s esperamos la visita de la presidenta de la Comunidad de Madrid el viernes 24, d\u00eda en que se celebra el d\u00eda de MADRID en Fitur. Muy atentos a nuestras Redes Sociales. Os contaremos todo lo que suceda en este gran evento Tur\u00edstico.<\/p>\n<p>&nbsp;<\/p>\n<p><img loading=\"lazy\" decoding=\"async\" class=\"wp-image-2065 aligncenter\" src=\"https:\/\/turismo.ayto-nuevobaztan.es\/wp-content\/uploads\/2025\/01\/Fitur2-2025-300x300.jpg\" alt=\"\" width=\"481\" height=\"481\" srcset=\"https:\/\/turismo.ayto-nuevobaztan.es\/wp-content\/uploads\/2025\/01\/Fitur2-2025-300x300.jpg 300w, https:\/\/turismo.ayto-nuevobaztan.es\/wp-content\/uploads\/2025\/01\/Fitur2-2025-100x100.jpg 100w, https:\/\/turismo.ayto-nuevobaztan.es\/wp-content\/uploads\/2025\/01\/Fitur2-2025-600x600.jpg 600w, https:\/\/turismo.ayto-nuevobaztan.es\/wp-content\/uploads\/2025\/01\/Fitur2-2025.jpg 1080w\" sizes=\"auto, (max-width: 481px) 100vw, 481px\" \/><\/p>\n","protected":false},"excerpt":{"rendered":"<p>Desde el pr\u00f3ximo mi\u00e9rcoles nuestro municipio volver\u00e1 a estar presente en la Feria de Turismo m\u00e1s importante del mundo. Ser\u00e1 entre el 22 y el 26 de enero. Estaremos en el Pabell\u00f3n 9 Stand 9A09 A lo largo de los d\u00edas tendremos diferentes actividades y actos. Adem\u00e1s esperamos la visita de la presidenta de la&hellip;<\/p>\n","protected":false},"author":2,"featured_media":2066,"comment_status":"closed","ping_status":"closed","sticky":false,"template":"","format":"standard","meta":{"_acf_changed":false,"footnotes":""},"categories":[14],"tags":[34],"class_list":["post-2064","post","type-post","status-publish","format-standard","has-post-thumbnail","hentry","category-actividades-nuevo-batzan","tag-fitur"],"acf":[],"yoast_head":"<!-- This site is optimized with the Yoast SEO plugin v27.2 - https:\/\/yoast.com\/product\/yoast-seo-wordpress\/ -->\n<title>Nuevo Bazt\u00e1n estar\u00e1 en FITUR 2025<\/title>\n<meta name=\"description\" content=\"Desde el pr\u00f3ximo 22 de enero nuestro municipio volver\u00e1 a estar presente en la Feria de Turismo m\u00e1s importante del mundo.\" \/>\n<meta name=\"robots\" content=\"index, follow, max-snippet:-1, max-image-preview:large, max-video-preview:-1\" \/>\n<link rel=\"canonical\" href=\"https:\/\/turismo.ayto-nuevobaztan.es\/es\/noticias\/nuevo-baztan-estara-en-fitur-2025\/\" \/>\n<meta property=\"og:locale\" content=\"es_ES\" \/>\n<meta property=\"og:type\" content=\"article\" \/>\n<meta property=\"og:title\" content=\"Nuevo Bazt\u00e1n estar\u00e1 en FITUR 2025\" \/>\n<meta property=\"og:description\" content=\"Desde el pr\u00f3ximo 22 de enero nuestro municipio volver\u00e1 a estar presente en la Feria de Turismo m\u00e1s importante del mundo.\" \/>\n<meta property=\"og:url\" content=\"https:\/\/turismo.ayto-nuevobaztan.es\/es\/noticias\/nuevo-baztan-estara-en-fitur-2025\/\" \/>\n<meta property=\"og:site_name\" content=\"Turismo Nuevo Bazt\u00e1n\" \/>\n<meta property=\"article:publisher\" content=\"https:\/\/www.facebook.com\/turismonuevobaztan\/\" \/>\n<meta property=\"article:published_time\" content=\"2025-01-16T08:41:41+00:00\" \/>\n<meta property=\"og:image\" content=\"https:\/\/turismo.ayto-nuevobaztan.es\/wp-content\/uploads\/2025\/01\/Fitur2-2025.jpg\" \/>\n\t<meta property=\"og:image:width\" content=\"1080\" \/>\n\t<meta property=\"og:image:height\" content=\"1080\" \/>\n\t<meta property=\"og:image:type\" content=\"image\/jpeg\" \/>\n<meta name=\"author\" content=\"Turismo Nuevo Bazt\u00e1n\" \/>\n<meta name=\"twitter:card\" content=\"summary_large_image\" \/>\n<meta name=\"twitter:creator\" content=\"@TurismoNBaztan\" \/>\n<meta name=\"twitter:site\" content=\"@TurismoNBaztan\" \/>\n<meta name=\"twitter:label1\" content=\"Escrito por\" \/>\n\t<meta name=\"twitter:data1\" content=\"Turismo Nuevo Bazt\u00e1n\" \/>\n\t<meta name=\"twitter:label2\" content=\"Tiempo de lectura\" \/>\n\t<meta name=\"twitter:data2\" content=\"1 minuto\" \/>\n<script type=\"application\/ld+json\" class=\"yoast-schema-graph\">{\"@context\":\"https:\/\/schema.org\",\"@graph\":[{\"@type\":\"Article\",\"@id\":\"https:\/\/turismo.ayto-nuevobaztan.es\/es\/noticias\/nuevo-baztan-estara-en-fitur-2025\/#article\",\"isPartOf\":{\"@id\":\"https:\/\/turismo.ayto-nuevobaztan.es\/es\/noticias\/nuevo-baztan-estara-en-fitur-2025\/\"},\"author\":{\"name\":\"Turismo Nuevo Bazt\u00e1n\",\"@id\":\"https:\/\/turismo.ayto-nuevobaztan.es\/es\/#\/schema\/person\/bc781c848e33ae71437002fa79b5c3df\"},\"headline\":\"Nuevo Bazt\u00e1n estar\u00e1 en FITUR 2025\",\"datePublished\":\"2025-01-16T08:41:41+00:00\",\"mainEntityOfPage\":{\"@id\":\"https:\/\/turismo.ayto-nuevobaztan.es\/es\/noticias\/nuevo-baztan-estara-en-fitur-2025\/\"},\"wordCount\":101,\"publisher\":{\"@id\":\"https:\/\/turismo.ayto-nuevobaztan.es\/es\/#organization\"},\"image\":{\"@id\":\"https:\/\/turismo.ayto-nuevobaztan.es\/es\/noticias\/nuevo-baztan-estara-en-fitur-2025\/#primaryimage\"},\"thumbnailUrl\":\"https:\/\/turismo.ayto-nuevobaztan.es\/wp-content\/uploads\/2025\/01\/FITUR.png\",\"keywords\":[\"FITUR\"],\"articleSection\":[\"actividades\"],\"inLanguage\":\"es\"},{\"@type\":\"WebPage\",\"@id\":\"https:\/\/turismo.ayto-nuevobaztan.es\/es\/noticias\/nuevo-baztan-estara-en-fitur-2025\/\",\"url\":\"https:\/\/turismo.ayto-nuevobaztan.es\/es\/noticias\/nuevo-baztan-estara-en-fitur-2025\/\",\"name\":\"Nuevo Bazt\u00e1n estar\u00e1 en FITUR 2025\",\"isPartOf\":{\"@id\":\"https:\/\/turismo.ayto-nuevobaztan.es\/es\/#website\"},\"primaryImageOfPage\":{\"@id\":\"https:\/\/turismo.ayto-nuevobaztan.es\/es\/noticias\/nuevo-baztan-estara-en-fitur-2025\/#primaryimage\"},\"image\":{\"@id\":\"https:\/\/turismo.ayto-nuevobaztan.es\/es\/noticias\/nuevo-baztan-estara-en-fitur-2025\/#primaryimage\"},\"thumbnailUrl\":\"https:\/\/turismo.ayto-nuevobaztan.es\/wp-content\/uploads\/2025\/01\/FITUR.png\",\"datePublished\":\"2025-01-16T08:41:41+00:00\",\"description\":\"Desde el pr\u00f3ximo 22 de enero nuestro municipio volver\u00e1 a estar presente en la Feria de Turismo m\u00e1s importante del mundo.\",\"breadcrumb\":{\"@id\":\"https:\/\/turismo.ayto-nuevobaztan.es\/es\/noticias\/nuevo-baztan-estara-en-fitur-2025\/#breadcrumb\"},\"inLanguage\":\"es\",\"potentialAction\":[{\"@type\":\"ReadAction\",\"target\":[\"https:\/\/turismo.ayto-nuevobaztan.es\/es\/noticias\/nuevo-baztan-estara-en-fitur-2025\/\"]}]},{\"@type\":\"ImageObject\",\"inLanguage\":\"es\",\"@id\":\"https:\/\/turismo.ayto-nuevobaztan.es\/es\/noticias\/nuevo-baztan-estara-en-fitur-2025\/#primaryimage\",\"url\":\"https:\/\/turismo.ayto-nuevobaztan.es\/wp-content\/uploads\/2025\/01\/FITUR.png\",\"contentUrl\":\"https:\/\/turismo.ayto-nuevobaztan.es\/wp-content\/uploads\/2025\/01\/FITUR.png\",\"width\":2500,\"height\":834},{\"@type\":\"BreadcrumbList\",\"@id\":\"https:\/\/turismo.ayto-nuevobaztan.es\/es\/noticias\/nuevo-baztan-estara-en-fitur-2025\/#breadcrumb\",\"itemListElement\":[{\"@type\":\"ListItem\",\"position\":1,\"name\":\"Inicio\",\"item\":\"https:\/\/turismo.ayto-nuevobaztan.es\/es\/\"},{\"@type\":\"ListItem\",\"position\":2,\"name\":\"Nuevo Bazt\u00e1n estar\u00e1 en FITUR 2025\"}]},{\"@type\":\"WebSite\",\"@id\":\"https:\/\/turismo.ayto-nuevobaztan.es\/es\/#website\",\"url\":\"https:\/\/turismo.ayto-nuevobaztan.es\/es\/\",\"name\":\"Turismo Nuevo Bazt\u00e1n\",\"description\":\"\",\"publisher\":{\"@id\":\"https:\/\/turismo.ayto-nuevobaztan.es\/es\/#organization\"},\"potentialAction\":[{\"@type\":\"SearchAction\",\"target\":{\"@type\":\"EntryPoint\",\"urlTemplate\":\"https:\/\/turismo.ayto-nuevobaztan.es\/es\/?s={search_term_string}\"},\"query-input\":{\"@type\":\"PropertyValueSpecification\",\"valueRequired\":true,\"valueName\":\"search_term_string\"}}],\"inLanguage\":\"es\"},{\"@type\":\"Organization\",\"@id\":\"https:\/\/turismo.ayto-nuevobaztan.es\/es\/#organization\",\"name\":\"Turismo Nuevo Bazt\u00e1n\",\"url\":\"https:\/\/turismo.ayto-nuevobaztan.es\/es\/\",\"logo\":{\"@type\":\"ImageObject\",\"inLanguage\":\"es\",\"@id\":\"https:\/\/turismo.ayto-nuevobaztan.es\/es\/#\/schema\/logo\/image\/\",\"url\":\"https:\/\/turismo.ayto-nuevobaztan.es\/wp-content\/uploads\/2025\/12\/logo.png\",\"contentUrl\":\"https:\/\/turismo.ayto-nuevobaztan.es\/wp-content\/uploads\/2025\/12\/logo.png\",\"width\":1847,\"height\":1787,\"caption\":\"Turismo Nuevo Bazt\u00e1n\"},\"image\":{\"@id\":\"https:\/\/turismo.ayto-nuevobaztan.es\/es\/#\/schema\/logo\/image\/\"},\"sameAs\":[\"https:\/\/www.facebook.com\/turismonuevobaztan\/\",\"https:\/\/x.com\/TurismoNBaztan\"]},{\"@type\":\"Person\",\"@id\":\"https:\/\/turismo.ayto-nuevobaztan.es\/es\/#\/schema\/person\/bc781c848e33ae71437002fa79b5c3df\",\"name\":\"Turismo Nuevo Bazt\u00e1n\",\"image\":{\"@type\":\"ImageObject\",\"inLanguage\":\"es\",\"@id\":\"https:\/\/secure.gravatar.com\/avatar\/c34f0d8aae58e8accb5d24f13ebda51911caa6f3106f7c0db25bd0888b071620?s=96&d=mm&r=g\",\"url\":\"https:\/\/secure.gravatar.com\/avatar\/c34f0d8aae58e8accb5d24f13ebda51911caa6f3106f7c0db25bd0888b071620?s=96&d=mm&r=g\",\"contentUrl\":\"https:\/\/secure.gravatar.com\/avatar\/c34f0d8aae58e8accb5d24f13ebda51911caa6f3106f7c0db25bd0888b071620?s=96&d=mm&r=g\",\"caption\":\"Turismo Nuevo Bazt\u00e1n\"},\"url\":\"#\"}]}<\/script>\n<!-- \/ Yoast SEO plugin. -->","yoast_head_json":{"title":"Nuevo Bazt\u00e1n estar\u00e1 en FITUR 2025","description":"Desde el pr\u00f3ximo 22 de enero nuestro municipio volver\u00e1 a estar presente en la Feria de Turismo m\u00e1s importante del mundo.","robots":{"index":"index","follow":"follow","max-snippet":"max-snippet:-1","max-image-preview":"max-image-preview:large","max-video-preview":"max-video-preview:-1"},"canonical":"https:\/\/turismo.ayto-nuevobaztan.es\/es\/noticias\/nuevo-baztan-estara-en-fitur-2025\/","og_locale":"es_ES","og_type":"article","og_title":"Nuevo Bazt\u00e1n estar\u00e1 en FITUR 2025","og_description":"Desde el pr\u00f3ximo 22 de enero nuestro municipio volver\u00e1 a estar presente en la Feria de Turismo m\u00e1s importante del mundo.","og_url":"https:\/\/turismo.ayto-nuevobaztan.es\/es\/noticias\/nuevo-baztan-estara-en-fitur-2025\/","og_site_name":"Turismo Nuevo Bazt\u00e1n","article_publisher":"https:\/\/www.facebook.com\/turismonuevobaztan\/","article_published_time":"2025-01-16T08:41:41+00:00","og_image":[{"width":1080,"height":1080,"url":"https:\/\/turismo.ayto-nuevobaztan.es\/wp-content\/uploads\/2025\/01\/Fitur2-2025.jpg","type":"image\/jpeg"}],"author":"Turismo Nuevo Bazt\u00e1n","twitter_card":"summary_large_image","twitter_creator":"@TurismoNBaztan","twitter_site":"@TurismoNBaztan","twitter_misc":{"Escrito por":"Turismo Nuevo Bazt\u00e1n","Tiempo de lectura":"1 minuto"},"schema":{"@context":"https:\/\/schema.org","@graph":[{"@type":"Article","@id":"https:\/\/turismo.ayto-nuevobaztan.es\/es\/noticias\/nuevo-baztan-estara-en-fitur-2025\/#article","isPartOf":{"@id":"https:\/\/turismo.ayto-nuevobaztan.es\/es\/noticias\/nuevo-baztan-estara-en-fitur-2025\/"},"author":{"name":"Turismo Nuevo Bazt\u00e1n","@id":"https:\/\/turismo.ayto-nuevobaztan.es\/es\/#\/schema\/person\/bc781c848e33ae71437002fa79b5c3df"},"headline":"Nuevo Bazt\u00e1n estar\u00e1 en FITUR 2025","datePublished":"2025-01-16T08:41:41+00:00","mainEntityOfPage":{"@id":"https:\/\/turismo.ayto-nuevobaztan.es\/es\/noticias\/nuevo-baztan-estara-en-fitur-2025\/"},"wordCount":101,"publisher":{"@id":"https:\/\/turismo.ayto-nuevobaztan.es\/es\/#organization"},"image":{"@id":"https:\/\/turismo.ayto-nuevobaztan.es\/es\/noticias\/nuevo-baztan-estara-en-fitur-2025\/#primaryimage"},"thumbnailUrl":"https:\/\/turismo.ayto-nuevobaztan.es\/wp-content\/uploads\/2025\/01\/FITUR.png","keywords":["FITUR"],"articleSection":["actividades"],"inLanguage":"es"},{"@type":"WebPage","@id":"https:\/\/turismo.ayto-nuevobaztan.es\/es\/noticias\/nuevo-baztan-estara-en-fitur-2025\/","url":"https:\/\/turismo.ayto-nuevobaztan.es\/es\/noticias\/nuevo-baztan-estara-en-fitur-2025\/","name":"Nuevo Bazt\u00e1n estar\u00e1 en FITUR 2025","isPartOf":{"@id":"https:\/\/turismo.ayto-nuevobaztan.es\/es\/#website"},"primaryImageOfPage":{"@id":"https:\/\/turismo.ayto-nuevobaztan.es\/es\/noticias\/nuevo-baztan-estara-en-fitur-2025\/#primaryimage"},"image":{"@id":"https:\/\/turismo.ayto-nuevobaztan.es\/es\/noticias\/nuevo-baztan-estara-en-fitur-2025\/#primaryimage"},"thumbnailUrl":"https:\/\/turismo.ayto-nuevobaztan.es\/wp-content\/uploads\/2025\/01\/FITUR.png","datePublished":"2025-01-16T08:41:41+00:00","description":"Desde el pr\u00f3ximo 22 de enero nuestro municipio volver\u00e1 a estar presente en la Feria de Turismo m\u00e1s importante del mundo.","breadcrumb":{"@id":"https:\/\/turismo.ayto-nuevobaztan.es\/es\/noticias\/nuevo-baztan-estara-en-fitur-2025\/#breadcrumb"},"inLanguage":"es","potentialAction":[{"@type":"ReadAction","target":["https:\/\/turismo.ayto-nuevobaztan.es\/es\/noticias\/nuevo-baztan-estara-en-fitur-2025\/"]}]},{"@type":"ImageObject","inLanguage":"es","@id":"https:\/\/turismo.ayto-nuevobaztan.es\/es\/noticias\/nuevo-baztan-estara-en-fitur-2025\/#primaryimage","url":"https:\/\/turismo.ayto-nuevobaztan.es\/wp-content\/uploads\/2025\/01\/FITUR.png","contentUrl":"https:\/\/turismo.ayto-nuevobaztan.es\/wp-content\/uploads\/2025\/01\/FITUR.png","width":2500,"height":834},{"@type":"BreadcrumbList","@id":"https:\/\/turismo.ayto-nuevobaztan.es\/es\/noticias\/nuevo-baztan-estara-en-fitur-2025\/#breadcrumb","itemListElement":[{"@type":"ListItem","position":1,"name":"Inicio","item":"https:\/\/turismo.ayto-nuevobaztan.es\/es\/"},{"@type":"ListItem","position":2,"name":"Nuevo Bazt\u00e1n estar\u00e1 en FITUR 2025"}]},{"@type":"WebSite","@id":"https:\/\/turismo.ayto-nuevobaztan.es\/es\/#website","url":"https:\/\/turismo.ayto-nuevobaztan.es\/es\/","name":"Turismo Nuevo Bazt\u00e1n","description":"","publisher":{"@id":"https:\/\/turismo.ayto-nuevobaztan.es\/es\/#organization"},"potentialAction":[{"@type":"SearchAction","target":{"@type":"EntryPoint","urlTemplate":"https:\/\/turismo.ayto-nuevobaztan.es\/es\/?s={search_term_string}"},"query-input":{"@type":"PropertyValueSpecification","valueRequired":true,"valueName":"search_term_string"}}],"inLanguage":"es"},{"@type":"Organization","@id":"https:\/\/turismo.ayto-nuevobaztan.es\/es\/#organization","name":"Turismo Nuevo Bazt\u00e1n","url":"https:\/\/turismo.ayto-nuevobaztan.es\/es\/","logo":{"@type":"ImageObject","inLanguage":"es","@id":"https:\/\/turismo.ayto-nuevobaztan.es\/es\/#\/schema\/logo\/image\/","url":"https:\/\/turismo.ayto-nuevobaztan.es\/wp-content\/uploads\/2025\/12\/logo.png","contentUrl":"https:\/\/turismo.ayto-nuevobaztan.es\/wp-content\/uploads\/2025\/12\/logo.png","width":1847,"height":1787,"caption":"Turismo Nuevo Bazt\u00e1n"},"image":{"@id":"https:\/\/turismo.ayto-nuevobaztan.es\/es\/#\/schema\/logo\/image\/"},"sameAs":["https:\/\/www.facebook.com\/turismonuevobaztan\/","https:\/\/x.com\/TurismoNBaztan"]},{"@type":"Person","@id":"https:\/\/turismo.ayto-nuevobaztan.es\/es\/#\/schema\/person\/bc781c848e33ae71437002fa79b5c3df","name":"Turismo Nuevo Bazt\u00e1n","image":{"@type":"ImageObject","inLanguage":"es","@id":"https:\/\/secure.gravatar.com\/avatar\/c34f0d8aae58e8accb5d24f13ebda51911caa6f3106f7c0db25bd0888b071620?s=96&d=mm&r=g","url":"https:\/\/secure.gravatar.com\/avatar\/c34f0d8aae58e8accb5d24f13ebda51911caa6f3106f7c0db25bd0888b071620?s=96&d=mm&r=g","contentUrl":"https:\/\/secure.gravatar.com\/avatar\/c34f0d8aae58e8accb5d24f13ebda51911caa6f3106f7c0db25bd0888b071620?s=96&d=mm&r=g","caption":"Turismo Nuevo Bazt\u00e1n"},"url":"#"}]}},"_links":{"self":[{"href":"https:\/\/turismo.ayto-nuevobaztan.es\/es\/wp-json\/wp\/v2\/posts\/2064","targetHints":{"allow":["GET"]}}],"collection":[{"href":"https:\/\/turismo.ayto-nuevobaztan.es\/es\/wp-json\/wp\/v2\/posts"}],"about":[{"href":"https:\/\/turismo.ayto-nuevobaztan.es\/es\/wp-json\/wp\/v2\/types\/post"}],"author":[{"embeddable":true,"href":"https:\/\/turismo.ayto-nuevobaztan.es\/es\/wp-json\/wp\/v2\/users\/2"}],"replies":[{"embeddable":true,"href":"https:\/\/turismo.ayto-nuevobaztan.es\/es\/wp-json\/wp\/v2\/comments?post=2064"}],"version-history":[{"count":0,"href":"https:\/\/turismo.ayto-nuevobaztan.es\/es\/wp-json\/wp\/v2\/posts\/2064\/revisions"}],"wp:featuredmedia":[{"embeddable":true,"href":"https:\/\/turismo.ayto-nuevobaztan.es\/es\/wp-json\/wp\/v2\/media\/2066"}],"wp:attachment":[{"href":"https:\/\/turismo.ayto-nuevobaztan.es\/es\/wp-json\/wp\/v2\/media?parent=2064"}],"wp:term":[{"taxonomy":"category","embeddable":true,"href":"https:\/\/turismo.ayto-nuevobaztan.es\/es\/wp-json\/wp\/v2\/categories?post=2064"},{"taxonomy":"post_tag","embeddable":true,"href":"https:\/\/turismo.ayto-nuevobaztan.es\/es\/wp-json\/wp\/v2\/tags?post=2064"}],"curies":[{"name":"wp","href":"https:\/\/api.w.org\/{rel}","templated":true}]}}