{"id":3237,"date":"2025-03-12T08:14:36","date_gmt":"2025-03-12T08:14:36","guid":{"rendered":"https:\/\/41464734.servicio-online.net\/noticias\/sesion-vermu-returns-to-nuevo-baztan-once-again\/"},"modified":"2025-03-12T08:14:36","modified_gmt":"2025-03-12T08:14:36","slug":"sesion-vermu-returns-to-nuevo-baztan-once-again","status":"publish","type":"post","link":"https:\/\/turismo.ayto-nuevobaztan.es\/en\/news\/sesion-vermu-returns-to-nuevo-baztan-once-again\/","title":{"rendered":"Sesi\u00f3n Verm\u00fa returns to Nuevo Bazt\u00e1n once again"},"content":{"rendered":"<p><span data-contrast=\"none\">We already know the full programme for Sesi\u00f3n Verm\u00fa 2025. This year the series will offer 82 free concerts by 51 bands in 23 municipalities across the region. Once again, our town is included in this music programme.<\/span><span data-ccp-props=\"{&quot;201341983&quot;:0,&quot;335551550&quot;:6,&quot;335551620&quot;:6,&quot;335559740&quot;:360}\">\u00a0<\/span><\/p>\n<p><span data-contrast=\"none\">This programme was presented by Mr Mariano de Paco Serrano, Minister of Culture, Tourism and Sport, accompanied by the Director General for Culture and Creative Industries and the Minister for Family, Youth and Social Affairs.<\/span><span data-ccp-props=\"{&quot;201341983&quot;:0,&quot;335551550&quot;:6,&quot;335551620&quot;:6,&quot;335559740&quot;:360}\">\u00a0<\/span><\/p>\n<p><span data-contrast=\"none\">Sesi\u00f3n Verm\u00fa 2025 will take place every weekend from 5 to 27 April, except for Holy Week Saturday and Sunday, and during the long weekend from 1 to 4 May, with an offer full of emerging national talent and some already established names.<\/span><span data-ccp-props=\"{&quot;201341983&quot;:0,&quot;335551550&quot;:6,&quot;335551620&quot;:6,&quot;335559740&quot;:360}\">\u00a0<\/span><\/p>\n<p><span data-contrast=\"none\">In addition, this year it will include special support for Valencian artists after the tragic DANA (severe storms and flooding) that hit the region, including 6 Valencian projects.<\/span><span data-ccp-props=\"{&quot;201341983&quot;:0,&quot;335551550&quot;:6,&quot;335551620&quot;:6,&quot;335559740&quot;:360}\">\u00a0<\/span><\/p>\n<p><span data-contrast=\"none\">A musical menu that can be enjoyed in some of the most beautiful and monumental squares and corners of 23 municipalities in Madrid. Some close to ours, such as Ajalvir, Alcal\u00e1 de Henares, Arganda del Rey, Chinch\u00f3n, Loeches and Villarejo de Salvan\u00e9s. In our municipality we will enjoy 4 groups in Sesi\u00f3n Verm\u00fa. It will be the weekend of 26 and 27 April. Both Saturday and Sunday will start at 12:00.<\/span><span data-ccp-props=\"{&quot;201341983&quot;:0,&quot;335551550&quot;:6,&quot;335551620&quot;:6,&quot;335559740&quot;:360}\">\u00a0<\/span><\/p>\n<p><span data-contrast=\"none\">Organised by the Regional Ministry of Culture, Tourism and Sport and the Regional Ministry of Family, Youth and Social Affairs of the Community of Madrid, with the collaboration of the Nuevo Bazt\u00e1n Town Council. Sesi\u00f3n Verm\u00fa offers an unmatched experience that goes beyond music. A perfect opportunity to discover the excellent tourism and gastronomic offer found throughout the Community of Madrid.<\/span><\/p>\n\n\t\t<style>\n\t\t\t#gallery-1 {\n\t\t\t\tmargin: auto;\n\t\t\t}\n\t\t\t#gallery-1 .gallery-item {\n\t\t\t\tfloat: left;\n\t\t\t\tmargin-top: 10px;\n\t\t\t\ttext-align: center;\n\t\t\t\twidth: 50%;\n\t\t\t}\n\t\t\t#gallery-1 img {\n\t\t\t\tborder: 2px solid #cfcfcf;\n\t\t\t}\n\t\t\t#gallery-1 .gallery-caption {\n\t\t\t\tmargin-left: 0;\n\t\t\t}\n\t\t\t\/* see gallery_shortcode() in wp-includes\/media.php *\/\n\t\t<\/style>\n\t\t<div id='gallery-1' class='gallery galleryid-3237 gallery-columns-2 gallery-size-medium'><dl class='gallery-item'>\n\t\t\t<dt class='gallery-icon portrait'>\n\t\t\t\t<a href='https:\/\/turismo.ayto-nuevobaztan.es\/es\/noticias\/llega-un-ano-mas-sesion-vermu-a-nuevo-baztan\/attachment\/sesion-vermu-26-abril-2025\/'><img loading=\"lazy\" decoding=\"async\" width=\"318\" height=\"450\" src=\"https:\/\/turismo.ayto-nuevobaztan.es\/wp-content\/uploads\/2025\/03\/sesion-vermu-26-abril-2025.jpg\" class=\"attachment-medium size-medium\" alt=\"\" srcset=\"https:\/\/turismo.ayto-nuevobaztan.es\/wp-content\/uploads\/2025\/03\/sesion-vermu-26-abril-2025.jpg 1600w, https:\/\/turismo.ayto-nuevobaztan.es\/wp-content\/uploads\/2025\/03\/sesion-vermu-26-abril-2025-600x849.jpg 600w\" sizes=\"auto, (max-width: 318px) 100vw, 318px\" \/><\/a>\n\t\t\t<\/dt><\/dl><dl class='gallery-item'>\n\t\t\t<dt class='gallery-icon portrait'>\n\t\t\t\t<a href='https:\/\/turismo.ayto-nuevobaztan.es\/es\/noticias\/llega-un-ano-mas-sesion-vermu-a-nuevo-baztan\/attachment\/sesion-vermu-27-abril-2025\/'><img loading=\"lazy\" decoding=\"async\" width=\"318\" height=\"450\" src=\"https:\/\/turismo.ayto-nuevobaztan.es\/wp-content\/uploads\/2025\/03\/sesion-vermu-27-abril-2025.jpg\" class=\"attachment-medium size-medium\" alt=\"\" srcset=\"https:\/\/turismo.ayto-nuevobaztan.es\/wp-content\/uploads\/2025\/03\/sesion-vermu-27-abril-2025.jpg 1600w, https:\/\/turismo.ayto-nuevobaztan.es\/wp-content\/uploads\/2025\/03\/sesion-vermu-27-abril-2025-600x849.jpg 600w\" sizes=\"auto, (max-width: 318px) 100vw, 318px\" \/><\/a>\n\t\t\t<\/dt><\/dl><br style=\"clear: both\" \/>\n\t\t<\/div>\n\n","protected":false},"excerpt":{"rendered":"<p>We already know the full programme for Sesi\u00f3n Verm\u00fa 2025. This year the series will offer 82 free concerts by 51 bands in 23 municipalities across the region. Once again, our town is included in this music programme.\u00a0 This programme was presented by Mr Mariano de Paco Serrano, Minister of Culture, Tourism and Sport, accompanied&hellip;<\/p>\n","protected":false},"author":2,"featured_media":2115,"comment_status":"closed","ping_status":"closed","sticky":false,"template":"","format":"standard","meta":{"_acf_changed":false,"footnotes":""},"categories":[270],"tags":[294,336,271,337,335],"class_list":["post-3237","post","type-post","status-publish","format-standard","has-post-thumbnail","hentry","category-activities","tag-concerts","tag-mondo-sonoro","tag-nuevo-baztan","tag-radio-3","tag-sesion-vermu"],"acf":[],"yoast_head":"<!-- This site is optimized with the Yoast SEO plugin v27.2 - https:\/\/yoast.com\/product\/yoast-seo-wordpress\/ -->\n<title>Sesi\u00f3n Verm\u00fa returns to Nuevo Bazt\u00e1n once again<\/title>\n<meta name=\"description\" content=\"During the weekend of 26 and 27 April, Plaza del Secreto will be filled with live music. A preview of our patron saint festivities.\" \/>\n<meta name=\"robots\" content=\"index, follow, max-snippet:-1, max-image-preview:large, max-video-preview:-1\" \/>\n<link rel=\"canonical\" href=\"https:\/\/turismo.ayto-nuevobaztan.es\/en\/news\/sesion-vermu-returns-to-nuevo-baztan-once-again\/\" \/>\n<meta property=\"og:locale\" content=\"en_US\" \/>\n<meta property=\"og:type\" content=\"article\" \/>\n<meta property=\"og:title\" content=\"Sesi\u00f3n Verm\u00fa returns to Nuevo Bazt\u00e1n once again\" \/>\n<meta property=\"og:description\" content=\"During the weekend of 26 and 27 April, Plaza del Secreto will be filled with live music. A preview of our patron saint festivities.\" \/>\n<meta property=\"og:url\" content=\"https:\/\/turismo.ayto-nuevobaztan.es\/en\/news\/sesion-vermu-returns-to-nuevo-baztan-once-again\/\" \/>\n<meta property=\"og:site_name\" content=\"Turismo Nuevo Bazt\u00e1n\" \/>\n<meta property=\"article:publisher\" content=\"https:\/\/www.facebook.com\/turismonuevobaztan\/\" \/>\n<meta property=\"article:published_time\" content=\"2025-03-12T08:14:36+00:00\" \/>\n<meta property=\"og:image\" content=\"https:\/\/turismo.ayto-nuevobaztan.es\/wp-content\/uploads\/2025\/03\/Logo-Sesion-Vermu-2025.jpg\" \/>\n\t<meta property=\"og:image:width\" content=\"2000\" \/>\n\t<meta property=\"og:image:height\" content=\"1075\" \/>\n\t<meta property=\"og:image:type\" content=\"image\/jpeg\" \/>\n<meta name=\"author\" content=\"Turismo Nuevo Bazt\u00e1n\" \/>\n<meta name=\"twitter:card\" content=\"summary_large_image\" \/>\n<meta name=\"twitter:creator\" content=\"@TurismoNBaztan\" \/>\n<meta name=\"twitter:site\" content=\"@TurismoNBaztan\" \/>\n<meta name=\"twitter:label1\" content=\"Written by\" \/>\n\t<meta name=\"twitter:data1\" content=\"Turismo Nuevo Bazt\u00e1n\" \/>\n\t<meta name=\"twitter:label2\" content=\"Est. reading time\" \/>\n\t<meta name=\"twitter:data2\" content=\"1 minute\" \/>\n<script type=\"application\/ld+json\" class=\"yoast-schema-graph\">{\"@context\":\"https:\/\/schema.org\",\"@graph\":[{\"@type\":\"Article\",\"@id\":\"https:\/\/turismo.ayto-nuevobaztan.es\/en\/news\/sesion-vermu-returns-to-nuevo-baztan-once-again\/#article\",\"isPartOf\":{\"@id\":\"https:\/\/turismo.ayto-nuevobaztan.es\/en\/news\/sesion-vermu-returns-to-nuevo-baztan-once-again\/\"},\"author\":{\"name\":\"Turismo Nuevo Bazt\u00e1n\",\"@id\":\"https:\/\/turismo.ayto-nuevobaztan.es\/en\/#\/schema\/person\/bc781c848e33ae71437002fa79b5c3df\"},\"headline\":\"Sesi\u00f3n Verm\u00fa returns to Nuevo Bazt\u00e1n once again\",\"datePublished\":\"2025-03-12T08:14:36+00:00\",\"mainEntityOfPage\":{\"@id\":\"https:\/\/turismo.ayto-nuevobaztan.es\/en\/news\/sesion-vermu-returns-to-nuevo-baztan-once-again\/\"},\"wordCount\":283,\"publisher\":{\"@id\":\"https:\/\/turismo.ayto-nuevobaztan.es\/en\/#organization\"},\"image\":{\"@id\":\"https:\/\/turismo.ayto-nuevobaztan.es\/en\/news\/sesion-vermu-returns-to-nuevo-baztan-once-again\/#primaryimage\"},\"thumbnailUrl\":\"https:\/\/turismo.ayto-nuevobaztan.es\/wp-content\/uploads\/2025\/03\/Logo-Sesion-Vermu-2025.jpg\",\"keywords\":[\"concerts\",\"Mondo Sonoro\",\"Nuevo Bazt\u00e1n\",\"Radio 3\",\"Sesi\u00f3n Verm\u00fa\"],\"articleSection\":[\"activities\"],\"inLanguage\":\"en-US\"},{\"@type\":\"WebPage\",\"@id\":\"https:\/\/turismo.ayto-nuevobaztan.es\/en\/news\/sesion-vermu-returns-to-nuevo-baztan-once-again\/\",\"url\":\"https:\/\/turismo.ayto-nuevobaztan.es\/en\/news\/sesion-vermu-returns-to-nuevo-baztan-once-again\/\",\"name\":\"Sesi\u00f3n Verm\u00fa returns to Nuevo Bazt\u00e1n once again\",\"isPartOf\":{\"@id\":\"https:\/\/turismo.ayto-nuevobaztan.es\/en\/#website\"},\"primaryImageOfPage\":{\"@id\":\"https:\/\/turismo.ayto-nuevobaztan.es\/en\/news\/sesion-vermu-returns-to-nuevo-baztan-once-again\/#primaryimage\"},\"image\":{\"@id\":\"https:\/\/turismo.ayto-nuevobaztan.es\/en\/news\/sesion-vermu-returns-to-nuevo-baztan-once-again\/#primaryimage\"},\"thumbnailUrl\":\"https:\/\/turismo.ayto-nuevobaztan.es\/wp-content\/uploads\/2025\/03\/Logo-Sesion-Vermu-2025.jpg\",\"datePublished\":\"2025-03-12T08:14:36+00:00\",\"description\":\"During the weekend of 26 and 27 April, Plaza del Secreto will be filled with live music. A preview of our patron saint festivities.\",\"breadcrumb\":{\"@id\":\"https:\/\/turismo.ayto-nuevobaztan.es\/en\/news\/sesion-vermu-returns-to-nuevo-baztan-once-again\/#breadcrumb\"},\"inLanguage\":\"en-US\",\"potentialAction\":[{\"@type\":\"ReadAction\",\"target\":[\"https:\/\/turismo.ayto-nuevobaztan.es\/en\/news\/sesion-vermu-returns-to-nuevo-baztan-once-again\/\"]}]},{\"@type\":\"ImageObject\",\"inLanguage\":\"en-US\",\"@id\":\"https:\/\/turismo.ayto-nuevobaztan.es\/en\/news\/sesion-vermu-returns-to-nuevo-baztan-once-again\/#primaryimage\",\"url\":\"https:\/\/turismo.ayto-nuevobaztan.es\/wp-content\/uploads\/2025\/03\/Logo-Sesion-Vermu-2025.jpg\",\"contentUrl\":\"https:\/\/turismo.ayto-nuevobaztan.es\/wp-content\/uploads\/2025\/03\/Logo-Sesion-Vermu-2025.jpg\",\"width\":2000,\"height\":1075},{\"@type\":\"BreadcrumbList\",\"@id\":\"https:\/\/turismo.ayto-nuevobaztan.es\/en\/news\/sesion-vermu-returns-to-nuevo-baztan-once-again\/#breadcrumb\",\"itemListElement\":[{\"@type\":\"ListItem\",\"position\":1,\"name\":\"Home\",\"item\":\"https:\/\/turismo.ayto-nuevobaztan.es\/en\/\"},{\"@type\":\"ListItem\",\"position\":2,\"name\":\"Sesi\u00f3n Verm\u00fa returns to Nuevo Bazt\u00e1n once again\"}]},{\"@type\":\"WebSite\",\"@id\":\"https:\/\/turismo.ayto-nuevobaztan.es\/en\/#website\",\"url\":\"https:\/\/turismo.ayto-nuevobaztan.es\/en\/\",\"name\":\"Turismo Nuevo Bazt\u00e1n\",\"description\":\"\",\"publisher\":{\"@id\":\"https:\/\/turismo.ayto-nuevobaztan.es\/en\/#organization\"},\"potentialAction\":[{\"@type\":\"SearchAction\",\"target\":{\"@type\":\"EntryPoint\",\"urlTemplate\":\"https:\/\/turismo.ayto-nuevobaztan.es\/en\/?s={search_term_string}\"},\"query-input\":{\"@type\":\"PropertyValueSpecification\",\"valueRequired\":true,\"valueName\":\"search_term_string\"}}],\"inLanguage\":\"en-US\"},{\"@type\":\"Organization\",\"@id\":\"https:\/\/turismo.ayto-nuevobaztan.es\/en\/#organization\",\"name\":\"Turismo Nuevo Bazt\u00e1n\",\"url\":\"https:\/\/turismo.ayto-nuevobaztan.es\/en\/\",\"logo\":{\"@type\":\"ImageObject\",\"inLanguage\":\"en-US\",\"@id\":\"https:\/\/turismo.ayto-nuevobaztan.es\/en\/#\/schema\/logo\/image\/\",\"url\":\"https:\/\/turismo.ayto-nuevobaztan.es\/wp-content\/uploads\/2025\/12\/logo.png\",\"contentUrl\":\"https:\/\/turismo.ayto-nuevobaztan.es\/wp-content\/uploads\/2025\/12\/logo.png\",\"width\":1847,\"height\":1787,\"caption\":\"Turismo Nuevo Bazt\u00e1n\"},\"image\":{\"@id\":\"https:\/\/turismo.ayto-nuevobaztan.es\/en\/#\/schema\/logo\/image\/\"},\"sameAs\":[\"https:\/\/www.facebook.com\/turismonuevobaztan\/\",\"https:\/\/x.com\/TurismoNBaztan\"]},{\"@type\":\"Person\",\"@id\":\"https:\/\/turismo.ayto-nuevobaztan.es\/en\/#\/schema\/person\/bc781c848e33ae71437002fa79b5c3df\",\"name\":\"Turismo Nuevo Bazt\u00e1n\",\"image\":{\"@type\":\"ImageObject\",\"inLanguage\":\"en-US\",\"@id\":\"https:\/\/secure.gravatar.com\/avatar\/c34f0d8aae58e8accb5d24f13ebda51911caa6f3106f7c0db25bd0888b071620?s=96&d=mm&r=g\",\"url\":\"https:\/\/secure.gravatar.com\/avatar\/c34f0d8aae58e8accb5d24f13ebda51911caa6f3106f7c0db25bd0888b071620?s=96&d=mm&r=g\",\"contentUrl\":\"https:\/\/secure.gravatar.com\/avatar\/c34f0d8aae58e8accb5d24f13ebda51911caa6f3106f7c0db25bd0888b071620?s=96&d=mm&r=g\",\"caption\":\"Turismo Nuevo Bazt\u00e1n\"},\"url\":\"#\"}]}<\/script>\n<!-- \/ Yoast SEO plugin. -->","yoast_head_json":{"title":"Sesi\u00f3n Verm\u00fa returns to Nuevo Bazt\u00e1n once again","description":"During the weekend of 26 and 27 April, Plaza del Secreto will be filled with live music. A preview of our patron saint festivities.","robots":{"index":"index","follow":"follow","max-snippet":"max-snippet:-1","max-image-preview":"max-image-preview:large","max-video-preview":"max-video-preview:-1"},"canonical":"https:\/\/turismo.ayto-nuevobaztan.es\/en\/news\/sesion-vermu-returns-to-nuevo-baztan-once-again\/","og_locale":"en_US","og_type":"article","og_title":"Sesi\u00f3n Verm\u00fa returns to Nuevo Bazt\u00e1n once again","og_description":"During the weekend of 26 and 27 April, Plaza del Secreto will be filled with live music. A preview of our patron saint festivities.","og_url":"https:\/\/turismo.ayto-nuevobaztan.es\/en\/news\/sesion-vermu-returns-to-nuevo-baztan-once-again\/","og_site_name":"Turismo Nuevo Bazt\u00e1n","article_publisher":"https:\/\/www.facebook.com\/turismonuevobaztan\/","article_published_time":"2025-03-12T08:14:36+00:00","og_image":[{"width":2000,"height":1075,"url":"https:\/\/turismo.ayto-nuevobaztan.es\/wp-content\/uploads\/2025\/03\/Logo-Sesion-Vermu-2025.jpg","type":"image\/jpeg"}],"author":"Turismo Nuevo Bazt\u00e1n","twitter_card":"summary_large_image","twitter_creator":"@TurismoNBaztan","twitter_site":"@TurismoNBaztan","twitter_misc":{"Written by":"Turismo Nuevo Bazt\u00e1n","Est. reading time":"1 minute"},"schema":{"@context":"https:\/\/schema.org","@graph":[{"@type":"Article","@id":"https:\/\/turismo.ayto-nuevobaztan.es\/en\/news\/sesion-vermu-returns-to-nuevo-baztan-once-again\/#article","isPartOf":{"@id":"https:\/\/turismo.ayto-nuevobaztan.es\/en\/news\/sesion-vermu-returns-to-nuevo-baztan-once-again\/"},"author":{"name":"Turismo Nuevo Bazt\u00e1n","@id":"https:\/\/turismo.ayto-nuevobaztan.es\/en\/#\/schema\/person\/bc781c848e33ae71437002fa79b5c3df"},"headline":"Sesi\u00f3n Verm\u00fa returns to Nuevo Bazt\u00e1n once again","datePublished":"2025-03-12T08:14:36+00:00","mainEntityOfPage":{"@id":"https:\/\/turismo.ayto-nuevobaztan.es\/en\/news\/sesion-vermu-returns-to-nuevo-baztan-once-again\/"},"wordCount":283,"publisher":{"@id":"https:\/\/turismo.ayto-nuevobaztan.es\/en\/#organization"},"image":{"@id":"https:\/\/turismo.ayto-nuevobaztan.es\/en\/news\/sesion-vermu-returns-to-nuevo-baztan-once-again\/#primaryimage"},"thumbnailUrl":"https:\/\/turismo.ayto-nuevobaztan.es\/wp-content\/uploads\/2025\/03\/Logo-Sesion-Vermu-2025.jpg","keywords":["concerts","Mondo Sonoro","Nuevo Bazt\u00e1n","Radio 3","Sesi\u00f3n Verm\u00fa"],"articleSection":["activities"],"inLanguage":"en-US"},{"@type":"WebPage","@id":"https:\/\/turismo.ayto-nuevobaztan.es\/en\/news\/sesion-vermu-returns-to-nuevo-baztan-once-again\/","url":"https:\/\/turismo.ayto-nuevobaztan.es\/en\/news\/sesion-vermu-returns-to-nuevo-baztan-once-again\/","name":"Sesi\u00f3n Verm\u00fa returns to Nuevo Bazt\u00e1n once again","isPartOf":{"@id":"https:\/\/turismo.ayto-nuevobaztan.es\/en\/#website"},"primaryImageOfPage":{"@id":"https:\/\/turismo.ayto-nuevobaztan.es\/en\/news\/sesion-vermu-returns-to-nuevo-baztan-once-again\/#primaryimage"},"image":{"@id":"https:\/\/turismo.ayto-nuevobaztan.es\/en\/news\/sesion-vermu-returns-to-nuevo-baztan-once-again\/#primaryimage"},"thumbnailUrl":"https:\/\/turismo.ayto-nuevobaztan.es\/wp-content\/uploads\/2025\/03\/Logo-Sesion-Vermu-2025.jpg","datePublished":"2025-03-12T08:14:36+00:00","description":"During the weekend of 26 and 27 April, Plaza del Secreto will be filled with live music. A preview of our patron saint festivities.","breadcrumb":{"@id":"https:\/\/turismo.ayto-nuevobaztan.es\/en\/news\/sesion-vermu-returns-to-nuevo-baztan-once-again\/#breadcrumb"},"inLanguage":"en-US","potentialAction":[{"@type":"ReadAction","target":["https:\/\/turismo.ayto-nuevobaztan.es\/en\/news\/sesion-vermu-returns-to-nuevo-baztan-once-again\/"]}]},{"@type":"ImageObject","inLanguage":"en-US","@id":"https:\/\/turismo.ayto-nuevobaztan.es\/en\/news\/sesion-vermu-returns-to-nuevo-baztan-once-again\/#primaryimage","url":"https:\/\/turismo.ayto-nuevobaztan.es\/wp-content\/uploads\/2025\/03\/Logo-Sesion-Vermu-2025.jpg","contentUrl":"https:\/\/turismo.ayto-nuevobaztan.es\/wp-content\/uploads\/2025\/03\/Logo-Sesion-Vermu-2025.jpg","width":2000,"height":1075},{"@type":"BreadcrumbList","@id":"https:\/\/turismo.ayto-nuevobaztan.es\/en\/news\/sesion-vermu-returns-to-nuevo-baztan-once-again\/#breadcrumb","itemListElement":[{"@type":"ListItem","position":1,"name":"Home","item":"https:\/\/turismo.ayto-nuevobaztan.es\/en\/"},{"@type":"ListItem","position":2,"name":"Sesi\u00f3n Verm\u00fa returns to Nuevo Bazt\u00e1n once again"}]},{"@type":"WebSite","@id":"https:\/\/turismo.ayto-nuevobaztan.es\/en\/#website","url":"https:\/\/turismo.ayto-nuevobaztan.es\/en\/","name":"Turismo Nuevo Bazt\u00e1n","description":"","publisher":{"@id":"https:\/\/turismo.ayto-nuevobaztan.es\/en\/#organization"},"potentialAction":[{"@type":"SearchAction","target":{"@type":"EntryPoint","urlTemplate":"https:\/\/turismo.ayto-nuevobaztan.es\/en\/?s={search_term_string}"},"query-input":{"@type":"PropertyValueSpecification","valueRequired":true,"valueName":"search_term_string"}}],"inLanguage":"en-US"},{"@type":"Organization","@id":"https:\/\/turismo.ayto-nuevobaztan.es\/en\/#organization","name":"Turismo Nuevo Bazt\u00e1n","url":"https:\/\/turismo.ayto-nuevobaztan.es\/en\/","logo":{"@type":"ImageObject","inLanguage":"en-US","@id":"https:\/\/turismo.ayto-nuevobaztan.es\/en\/#\/schema\/logo\/image\/","url":"https:\/\/turismo.ayto-nuevobaztan.es\/wp-content\/uploads\/2025\/12\/logo.png","contentUrl":"https:\/\/turismo.ayto-nuevobaztan.es\/wp-content\/uploads\/2025\/12\/logo.png","width":1847,"height":1787,"caption":"Turismo Nuevo Bazt\u00e1n"},"image":{"@id":"https:\/\/turismo.ayto-nuevobaztan.es\/en\/#\/schema\/logo\/image\/"},"sameAs":["https:\/\/www.facebook.com\/turismonuevobaztan\/","https:\/\/x.com\/TurismoNBaztan"]},{"@type":"Person","@id":"https:\/\/turismo.ayto-nuevobaztan.es\/en\/#\/schema\/person\/bc781c848e33ae71437002fa79b5c3df","name":"Turismo Nuevo Bazt\u00e1n","image":{"@type":"ImageObject","inLanguage":"en-US","@id":"https:\/\/secure.gravatar.com\/avatar\/c34f0d8aae58e8accb5d24f13ebda51911caa6f3106f7c0db25bd0888b071620?s=96&d=mm&r=g","url":"https:\/\/secure.gravatar.com\/avatar\/c34f0d8aae58e8accb5d24f13ebda51911caa6f3106f7c0db25bd0888b071620?s=96&d=mm&r=g","contentUrl":"https:\/\/secure.gravatar.com\/avatar\/c34f0d8aae58e8accb5d24f13ebda51911caa6f3106f7c0db25bd0888b071620?s=96&d=mm&r=g","caption":"Turismo Nuevo Bazt\u00e1n"},"url":"#"}]}},"_links":{"self":[{"href":"https:\/\/turismo.ayto-nuevobaztan.es\/en\/wp-json\/wp\/v2\/posts\/3237","targetHints":{"allow":["GET"]}}],"collection":[{"href":"https:\/\/turismo.ayto-nuevobaztan.es\/en\/wp-json\/wp\/v2\/posts"}],"about":[{"href":"https:\/\/turismo.ayto-nuevobaztan.es\/en\/wp-json\/wp\/v2\/types\/post"}],"author":[{"embeddable":true,"href":"https:\/\/turismo.ayto-nuevobaztan.es\/en\/wp-json\/wp\/v2\/users\/2"}],"replies":[{"embeddable":true,"href":"https:\/\/turismo.ayto-nuevobaztan.es\/en\/wp-json\/wp\/v2\/comments?post=3237"}],"version-history":[{"count":0,"href":"https:\/\/turismo.ayto-nuevobaztan.es\/en\/wp-json\/wp\/v2\/posts\/3237\/revisions"}],"wp:featuredmedia":[{"embeddable":true,"href":"https:\/\/turismo.ayto-nuevobaztan.es\/en\/wp-json\/wp\/v2\/media\/2115"}],"wp:attachment":[{"href":"https:\/\/turismo.ayto-nuevobaztan.es\/en\/wp-json\/wp\/v2\/media?parent=3237"}],"wp:term":[{"taxonomy":"category","embeddable":true,"href":"https:\/\/turismo.ayto-nuevobaztan.es\/en\/wp-json\/wp\/v2\/categories?post=3237"},{"taxonomy":"post_tag","embeddable":true,"href":"https:\/\/turismo.ayto-nuevobaztan.es\/en\/wp-json\/wp\/v2\/tags?post=3237"}],"curies":[{"name":"wp","href":"https:\/\/api.w.org\/{rel}","templated":true}]}}