{"id":3210,"date":"2025-05-20T13:00:12","date_gmt":"2025-05-20T13:00:12","guid":{"rendered":"https:\/\/41464734.servicio-online.net\/noticias\/the-streets-of-the-historic-complex-fill-with-books\/"},"modified":"2025-05-20T13:00:12","modified_gmt":"2025-05-20T13:00:12","slug":"the-streets-of-the-historic-complex-fill-with-books","status":"publish","type":"post","link":"https:\/\/turismo.ayto-nuevobaztan.es\/en\/news\/the-streets-of-the-historic-complex-fill-with-books\/","title":{"rendered":"The streets of the Historic Complex fill with books"},"content":{"rendered":"<p><a href=\"https:\/\/turismo.ayto-nuevobaztan.es\/wp-content\/uploads\/2025\/05\/Cartel-Programacion-III-FERIA-DEL-LIBRO-webb.jpg\" target=\"_blank\" rel=\"noopener\"><img loading=\"lazy\" decoding=\"async\" class=\"alignleft wp-image-2187 size-medium\" src=\"https:\/\/turismo.ayto-nuevobaztan.es\/wp-content\/uploads\/2025\/05\/Cartel-Programacion-III-FERIA-DEL-LIBRO-webb-212x300.jpg\" alt=\"Programme \u2013 3rd Nuevo Bazt\u00e1n Book Fair\" width=\"212\" height=\"300\" \/><\/a>The Culture Department has organised this new edition of the Book Fair with the idea that our streets become a meeting point for writers, publishers, bookshops, illustrators and all the professionals connected to the world of books and culture. Stalls will be located in the gardens of Plaza de la Iglesia, opposite Juan de Goyeneche Palace. Other activities will take place in Plaza del Secreto, and presentations and book signings will be held in the inner courtyard of the Palace. The Fair will open at 11:00 a.m. on Saturday and close at 3:00 p.m. on Sunday.<\/p>\n<p>During the <strong>3RD NUEVO BAZT\u00c1N BOOK FAIR<\/strong> we will have the chance to get closer to the authors. Presentations will be held in an exclusive reserved area in the courtyard of Juan de Goyeneche Palace. From early Saturday morning there will be presentations.<\/p>\n<p>On Saturday morning, Marta Sebasti\u00e1n, Sergio Garc\u00eda Esteban, Bohodon Publishing, Celeste Gomes and Daniel Piniella will present their works. In the afternoon from 4:00 p.m. there will be Asociaci\u00f3n Po\u00e9tica Cervantina, Guillermina de Tom\u00e1s, Cristina Garc\u00eda Aparicio, Elisa Rodr\u00edguez, Conchi Arag\u00f3n, Gabriel Herranz and Elena Tabachkova. On Sunday, Alberto Blanco, Cristina S\u00e1nchez, Daniel Piniella and M\u00f3nica Parram\u00f3n will present their books.<\/p>\n<p>In the garden of Plaza de la Iglesia there will be 20 exhibitors who have already confirmed their attendance. Stalls will be open from 11:00 a.m. on Saturday until 9:00 p.m., and on Sunday from 11:00 a.m. to 3:00 p.m.<\/p>\n<p>And of course, throughout the Fair there will be different activities for all visitors. On Saturday, a storytelling session by Maribel Dom\u00ednguez at 5:00 p.m., and at 8:00 p.m. a poetry and narrative recital in the Palace Gardens. On Sunday we will open at 11:00 a.m. with a children\u2019s storytelling session by Mari Carmen Gonz\u00e1lez and more surprises during the morning. From 1:15 p.m. the prizes of the Literary Contest promoted by the Culture Department and the Association La Goyenesca will be awarded.<\/p>\n","protected":false},"excerpt":{"rendered":"<p>The Culture Department has organised this new edition of the Book Fair with the idea that our streets become a meeting point for writers, publishers, bookshops, illustrators and all the professionals connected to the world of books and culture. Stalls will be located in the gardens of Plaza de la Iglesia, opposite Juan de Goyeneche&hellip;<\/p>\n","protected":false},"author":2,"featured_media":0,"comment_status":"closed","ping_status":"closed","sticky":false,"template":"","format":"standard","meta":{"_acf_changed":false,"footnotes":""},"categories":[270],"tags":[306,307,308,285,271,272],"class_list":["post-3210","post","type-post","status-publish","format-standard","hentry","category-activities","tag-authors","tag-book-fair","tag-books","tag-culture","tag-nuevo-baztan","tag-tourism"],"acf":[],"yoast_head":"<!-- This site is optimized with the Yoast SEO plugin v27.2 - https:\/\/yoast.com\/product\/yoast-seo-wordpress\/ -->\n<title>The streets of the Historic Complex fill with books.<\/title>\n<meta name=\"description\" content=\"This coming weekend, 24 and 25 May, Nuevo Bazt\u00e1n will host the 3rd Book Fair.\" \/>\n<meta name=\"robots\" content=\"index, follow, max-snippet:-1, max-image-preview:large, max-video-preview:-1\" \/>\n<link rel=\"canonical\" href=\"https:\/\/turismo.ayto-nuevobaztan.es\/en\/news\/the-streets-of-the-historic-complex-fill-with-books\/\" \/>\n<meta property=\"og:locale\" content=\"en_US\" \/>\n<meta property=\"og:type\" content=\"article\" \/>\n<meta property=\"og:title\" content=\"The streets of the Historic Complex fill with books.\" \/>\n<meta property=\"og:description\" content=\"This coming weekend, 24 and 25 May, Nuevo Bazt\u00e1n will host the 3rd Book Fair.\" \/>\n<meta property=\"og:url\" content=\"https:\/\/turismo.ayto-nuevobaztan.es\/en\/news\/the-streets-of-the-historic-complex-fill-with-books\/\" \/>\n<meta property=\"og:site_name\" content=\"Turismo Nuevo Bazt\u00e1n\" \/>\n<meta property=\"article:publisher\" content=\"https:\/\/www.facebook.com\/turismonuevobaztan\/\" \/>\n<meta property=\"article:published_time\" content=\"2025-05-20T13:00:12+00:00\" \/>\n<meta property=\"og:image\" content=\"https:\/\/turismo.ayto-nuevobaztan.es\/wp-content\/uploads\/2025\/05\/Cartel-Programacion-III-FERIA-DEL-LIBRO-redes-212x300.jpg\" \/>\n<meta name=\"author\" content=\"Turismo Nuevo Bazt\u00e1n\" \/>\n<meta name=\"twitter:card\" content=\"summary_large_image\" \/>\n<meta name=\"twitter:creator\" content=\"@TurismoNBaztan\" \/>\n<meta name=\"twitter:site\" content=\"@TurismoNBaztan\" \/>\n<meta name=\"twitter:label1\" content=\"Written by\" \/>\n\t<meta name=\"twitter:data1\" content=\"Turismo Nuevo Bazt\u00e1n\" \/>\n\t<meta name=\"twitter:label2\" content=\"Est. reading time\" \/>\n\t<meta name=\"twitter:data2\" content=\"2 minutes\" \/>\n<script type=\"application\/ld+json\" class=\"yoast-schema-graph\">{\"@context\":\"https:\/\/schema.org\",\"@graph\":[{\"@type\":\"Article\",\"@id\":\"https:\/\/turismo.ayto-nuevobaztan.es\/en\/news\/the-streets-of-the-historic-complex-fill-with-books\/#article\",\"isPartOf\":{\"@id\":\"https:\/\/turismo.ayto-nuevobaztan.es\/en\/news\/the-streets-of-the-historic-complex-fill-with-books\/\"},\"author\":{\"name\":\"Turismo Nuevo Bazt\u00e1n\",\"@id\":\"https:\/\/turismo.ayto-nuevobaztan.es\/en\/#\/schema\/person\/bc781c848e33ae71437002fa79b5c3df\"},\"headline\":\"The streets of the Historic Complex fill with books\",\"datePublished\":\"2025-05-20T13:00:12+00:00\",\"mainEntityOfPage\":{\"@id\":\"https:\/\/turismo.ayto-nuevobaztan.es\/en\/news\/the-streets-of-the-historic-complex-fill-with-books\/\"},\"wordCount\":346,\"publisher\":{\"@id\":\"https:\/\/turismo.ayto-nuevobaztan.es\/en\/#organization\"},\"image\":{\"@id\":\"https:\/\/turismo.ayto-nuevobaztan.es\/en\/news\/the-streets-of-the-historic-complex-fill-with-books\/#primaryimage\"},\"thumbnailUrl\":\"https:\/\/turismo.ayto-nuevobaztan.es\/wp-content\/uploads\/2025\/05\/Cartel-Programacion-III-FERIA-DEL-LIBRO-webb-212x300.jpg\",\"keywords\":[\"Authors\",\"Book Fair\",\"Books\",\"culture\",\"Nuevo Bazt\u00e1n\",\"Tourism\"],\"articleSection\":[\"activities\"],\"inLanguage\":\"en-US\"},{\"@type\":\"WebPage\",\"@id\":\"https:\/\/turismo.ayto-nuevobaztan.es\/en\/news\/the-streets-of-the-historic-complex-fill-with-books\/\",\"url\":\"https:\/\/turismo.ayto-nuevobaztan.es\/en\/news\/the-streets-of-the-historic-complex-fill-with-books\/\",\"name\":\"The streets of the Historic Complex fill with books.\",\"isPartOf\":{\"@id\":\"https:\/\/turismo.ayto-nuevobaztan.es\/en\/#website\"},\"primaryImageOfPage\":{\"@id\":\"https:\/\/turismo.ayto-nuevobaztan.es\/en\/news\/the-streets-of-the-historic-complex-fill-with-books\/#primaryimage\"},\"image\":{\"@id\":\"https:\/\/turismo.ayto-nuevobaztan.es\/en\/news\/the-streets-of-the-historic-complex-fill-with-books\/#primaryimage\"},\"thumbnailUrl\":\"https:\/\/turismo.ayto-nuevobaztan.es\/wp-content\/uploads\/2025\/05\/Cartel-Programacion-III-FERIA-DEL-LIBRO-webb-212x300.jpg\",\"datePublished\":\"2025-05-20T13:00:12+00:00\",\"description\":\"This coming weekend, 24 and 25 May, Nuevo Bazt\u00e1n will host the 3rd Book Fair.\",\"breadcrumb\":{\"@id\":\"https:\/\/turismo.ayto-nuevobaztan.es\/en\/news\/the-streets-of-the-historic-complex-fill-with-books\/#breadcrumb\"},\"inLanguage\":\"en-US\",\"potentialAction\":[{\"@type\":\"ReadAction\",\"target\":[\"https:\/\/turismo.ayto-nuevobaztan.es\/en\/news\/the-streets-of-the-historic-complex-fill-with-books\/\"]}]},{\"@type\":\"ImageObject\",\"inLanguage\":\"en-US\",\"@id\":\"https:\/\/turismo.ayto-nuevobaztan.es\/en\/news\/the-streets-of-the-historic-complex-fill-with-books\/#primaryimage\",\"url\":\"https:\/\/turismo.ayto-nuevobaztan.es\/wp-content\/uploads\/2025\/05\/Cartel-Programacion-III-FERIA-DEL-LIBRO-webb-212x300.jpg\",\"contentUrl\":\"https:\/\/turismo.ayto-nuevobaztan.es\/wp-content\/uploads\/2025\/05\/Cartel-Programacion-III-FERIA-DEL-LIBRO-webb-212x300.jpg\"},{\"@type\":\"BreadcrumbList\",\"@id\":\"https:\/\/turismo.ayto-nuevobaztan.es\/en\/news\/the-streets-of-the-historic-complex-fill-with-books\/#breadcrumb\",\"itemListElement\":[{\"@type\":\"ListItem\",\"position\":1,\"name\":\"Home\",\"item\":\"https:\/\/turismo.ayto-nuevobaztan.es\/en\/\"},{\"@type\":\"ListItem\",\"position\":2,\"name\":\"The streets of the Historic Complex fill with books\"}]},{\"@type\":\"WebSite\",\"@id\":\"https:\/\/turismo.ayto-nuevobaztan.es\/en\/#website\",\"url\":\"https:\/\/turismo.ayto-nuevobaztan.es\/en\/\",\"name\":\"Turismo Nuevo Bazt\u00e1n\",\"description\":\"\",\"publisher\":{\"@id\":\"https:\/\/turismo.ayto-nuevobaztan.es\/en\/#organization\"},\"potentialAction\":[{\"@type\":\"SearchAction\",\"target\":{\"@type\":\"EntryPoint\",\"urlTemplate\":\"https:\/\/turismo.ayto-nuevobaztan.es\/en\/?s={search_term_string}\"},\"query-input\":{\"@type\":\"PropertyValueSpecification\",\"valueRequired\":true,\"valueName\":\"search_term_string\"}}],\"inLanguage\":\"en-US\"},{\"@type\":\"Organization\",\"@id\":\"https:\/\/turismo.ayto-nuevobaztan.es\/en\/#organization\",\"name\":\"Turismo Nuevo Bazt\u00e1n\",\"url\":\"https:\/\/turismo.ayto-nuevobaztan.es\/en\/\",\"logo\":{\"@type\":\"ImageObject\",\"inLanguage\":\"en-US\",\"@id\":\"https:\/\/turismo.ayto-nuevobaztan.es\/en\/#\/schema\/logo\/image\/\",\"url\":\"https:\/\/turismo.ayto-nuevobaztan.es\/wp-content\/uploads\/2025\/12\/logo.png\",\"contentUrl\":\"https:\/\/turismo.ayto-nuevobaztan.es\/wp-content\/uploads\/2025\/12\/logo.png\",\"width\":1847,\"height\":1787,\"caption\":\"Turismo Nuevo Bazt\u00e1n\"},\"image\":{\"@id\":\"https:\/\/turismo.ayto-nuevobaztan.es\/en\/#\/schema\/logo\/image\/\"},\"sameAs\":[\"https:\/\/www.facebook.com\/turismonuevobaztan\/\",\"https:\/\/x.com\/TurismoNBaztan\"]},{\"@type\":\"Person\",\"@id\":\"https:\/\/turismo.ayto-nuevobaztan.es\/en\/#\/schema\/person\/bc781c848e33ae71437002fa79b5c3df\",\"name\":\"Turismo Nuevo Bazt\u00e1n\",\"image\":{\"@type\":\"ImageObject\",\"inLanguage\":\"en-US\",\"@id\":\"https:\/\/secure.gravatar.com\/avatar\/c34f0d8aae58e8accb5d24f13ebda51911caa6f3106f7c0db25bd0888b071620?s=96&d=mm&r=g\",\"url\":\"https:\/\/secure.gravatar.com\/avatar\/c34f0d8aae58e8accb5d24f13ebda51911caa6f3106f7c0db25bd0888b071620?s=96&d=mm&r=g\",\"contentUrl\":\"https:\/\/secure.gravatar.com\/avatar\/c34f0d8aae58e8accb5d24f13ebda51911caa6f3106f7c0db25bd0888b071620?s=96&d=mm&r=g\",\"caption\":\"Turismo Nuevo Bazt\u00e1n\"},\"url\":\"#\"}]}<\/script>\n<!-- \/ Yoast SEO plugin. -->","yoast_head_json":{"title":"The streets of the Historic Complex fill with books.","description":"This coming weekend, 24 and 25 May, Nuevo Bazt\u00e1n will host the 3rd Book Fair.","robots":{"index":"index","follow":"follow","max-snippet":"max-snippet:-1","max-image-preview":"max-image-preview:large","max-video-preview":"max-video-preview:-1"},"canonical":"https:\/\/turismo.ayto-nuevobaztan.es\/en\/news\/the-streets-of-the-historic-complex-fill-with-books\/","og_locale":"en_US","og_type":"article","og_title":"The streets of the Historic Complex fill with books.","og_description":"This coming weekend, 24 and 25 May, Nuevo Bazt\u00e1n will host the 3rd Book Fair.","og_url":"https:\/\/turismo.ayto-nuevobaztan.es\/en\/news\/the-streets-of-the-historic-complex-fill-with-books\/","og_site_name":"Turismo Nuevo Bazt\u00e1n","article_publisher":"https:\/\/www.facebook.com\/turismonuevobaztan\/","article_published_time":"2025-05-20T13:00:12+00:00","og_image":[{"url":"https:\/\/turismo.ayto-nuevobaztan.es\/wp-content\/uploads\/2025\/05\/Cartel-Programacion-III-FERIA-DEL-LIBRO-redes-212x300.jpg","type":"","width":"","height":""}],"author":"Turismo Nuevo Bazt\u00e1n","twitter_card":"summary_large_image","twitter_creator":"@TurismoNBaztan","twitter_site":"@TurismoNBaztan","twitter_misc":{"Written by":"Turismo Nuevo Bazt\u00e1n","Est. reading time":"2 minutes"},"schema":{"@context":"https:\/\/schema.org","@graph":[{"@type":"Article","@id":"https:\/\/turismo.ayto-nuevobaztan.es\/en\/news\/the-streets-of-the-historic-complex-fill-with-books\/#article","isPartOf":{"@id":"https:\/\/turismo.ayto-nuevobaztan.es\/en\/news\/the-streets-of-the-historic-complex-fill-with-books\/"},"author":{"name":"Turismo Nuevo Bazt\u00e1n","@id":"https:\/\/turismo.ayto-nuevobaztan.es\/en\/#\/schema\/person\/bc781c848e33ae71437002fa79b5c3df"},"headline":"The streets of the Historic Complex fill with books","datePublished":"2025-05-20T13:00:12+00:00","mainEntityOfPage":{"@id":"https:\/\/turismo.ayto-nuevobaztan.es\/en\/news\/the-streets-of-the-historic-complex-fill-with-books\/"},"wordCount":346,"publisher":{"@id":"https:\/\/turismo.ayto-nuevobaztan.es\/en\/#organization"},"image":{"@id":"https:\/\/turismo.ayto-nuevobaztan.es\/en\/news\/the-streets-of-the-historic-complex-fill-with-books\/#primaryimage"},"thumbnailUrl":"https:\/\/turismo.ayto-nuevobaztan.es\/wp-content\/uploads\/2025\/05\/Cartel-Programacion-III-FERIA-DEL-LIBRO-webb-212x300.jpg","keywords":["Authors","Book Fair","Books","culture","Nuevo Bazt\u00e1n","Tourism"],"articleSection":["activities"],"inLanguage":"en-US"},{"@type":"WebPage","@id":"https:\/\/turismo.ayto-nuevobaztan.es\/en\/news\/the-streets-of-the-historic-complex-fill-with-books\/","url":"https:\/\/turismo.ayto-nuevobaztan.es\/en\/news\/the-streets-of-the-historic-complex-fill-with-books\/","name":"The streets of the Historic Complex fill with books.","isPartOf":{"@id":"https:\/\/turismo.ayto-nuevobaztan.es\/en\/#website"},"primaryImageOfPage":{"@id":"https:\/\/turismo.ayto-nuevobaztan.es\/en\/news\/the-streets-of-the-historic-complex-fill-with-books\/#primaryimage"},"image":{"@id":"https:\/\/turismo.ayto-nuevobaztan.es\/en\/news\/the-streets-of-the-historic-complex-fill-with-books\/#primaryimage"},"thumbnailUrl":"https:\/\/turismo.ayto-nuevobaztan.es\/wp-content\/uploads\/2025\/05\/Cartel-Programacion-III-FERIA-DEL-LIBRO-webb-212x300.jpg","datePublished":"2025-05-20T13:00:12+00:00","description":"This coming weekend, 24 and 25 May, Nuevo Bazt\u00e1n will host the 3rd Book Fair.","breadcrumb":{"@id":"https:\/\/turismo.ayto-nuevobaztan.es\/en\/news\/the-streets-of-the-historic-complex-fill-with-books\/#breadcrumb"},"inLanguage":"en-US","potentialAction":[{"@type":"ReadAction","target":["https:\/\/turismo.ayto-nuevobaztan.es\/en\/news\/the-streets-of-the-historic-complex-fill-with-books\/"]}]},{"@type":"ImageObject","inLanguage":"en-US","@id":"https:\/\/turismo.ayto-nuevobaztan.es\/en\/news\/the-streets-of-the-historic-complex-fill-with-books\/#primaryimage","url":"https:\/\/turismo.ayto-nuevobaztan.es\/wp-content\/uploads\/2025\/05\/Cartel-Programacion-III-FERIA-DEL-LIBRO-webb-212x300.jpg","contentUrl":"https:\/\/turismo.ayto-nuevobaztan.es\/wp-content\/uploads\/2025\/05\/Cartel-Programacion-III-FERIA-DEL-LIBRO-webb-212x300.jpg"},{"@type":"BreadcrumbList","@id":"https:\/\/turismo.ayto-nuevobaztan.es\/en\/news\/the-streets-of-the-historic-complex-fill-with-books\/#breadcrumb","itemListElement":[{"@type":"ListItem","position":1,"name":"Home","item":"https:\/\/turismo.ayto-nuevobaztan.es\/en\/"},{"@type":"ListItem","position":2,"name":"The streets of the Historic Complex fill with books"}]},{"@type":"WebSite","@id":"https:\/\/turismo.ayto-nuevobaztan.es\/en\/#website","url":"https:\/\/turismo.ayto-nuevobaztan.es\/en\/","name":"Turismo Nuevo Bazt\u00e1n","description":"","publisher":{"@id":"https:\/\/turismo.ayto-nuevobaztan.es\/en\/#organization"},"potentialAction":[{"@type":"SearchAction","target":{"@type":"EntryPoint","urlTemplate":"https:\/\/turismo.ayto-nuevobaztan.es\/en\/?s={search_term_string}"},"query-input":{"@type":"PropertyValueSpecification","valueRequired":true,"valueName":"search_term_string"}}],"inLanguage":"en-US"},{"@type":"Organization","@id":"https:\/\/turismo.ayto-nuevobaztan.es\/en\/#organization","name":"Turismo Nuevo Bazt\u00e1n","url":"https:\/\/turismo.ayto-nuevobaztan.es\/en\/","logo":{"@type":"ImageObject","inLanguage":"en-US","@id":"https:\/\/turismo.ayto-nuevobaztan.es\/en\/#\/schema\/logo\/image\/","url":"https:\/\/turismo.ayto-nuevobaztan.es\/wp-content\/uploads\/2025\/12\/logo.png","contentUrl":"https:\/\/turismo.ayto-nuevobaztan.es\/wp-content\/uploads\/2025\/12\/logo.png","width":1847,"height":1787,"caption":"Turismo Nuevo Bazt\u00e1n"},"image":{"@id":"https:\/\/turismo.ayto-nuevobaztan.es\/en\/#\/schema\/logo\/image\/"},"sameAs":["https:\/\/www.facebook.com\/turismonuevobaztan\/","https:\/\/x.com\/TurismoNBaztan"]},{"@type":"Person","@id":"https:\/\/turismo.ayto-nuevobaztan.es\/en\/#\/schema\/person\/bc781c848e33ae71437002fa79b5c3df","name":"Turismo Nuevo Bazt\u00e1n","image":{"@type":"ImageObject","inLanguage":"en-US","@id":"https:\/\/secure.gravatar.com\/avatar\/c34f0d8aae58e8accb5d24f13ebda51911caa6f3106f7c0db25bd0888b071620?s=96&d=mm&r=g","url":"https:\/\/secure.gravatar.com\/avatar\/c34f0d8aae58e8accb5d24f13ebda51911caa6f3106f7c0db25bd0888b071620?s=96&d=mm&r=g","contentUrl":"https:\/\/secure.gravatar.com\/avatar\/c34f0d8aae58e8accb5d24f13ebda51911caa6f3106f7c0db25bd0888b071620?s=96&d=mm&r=g","caption":"Turismo Nuevo Bazt\u00e1n"},"url":"#"}]}},"_links":{"self":[{"href":"https:\/\/turismo.ayto-nuevobaztan.es\/en\/wp-json\/wp\/v2\/posts\/3210","targetHints":{"allow":["GET"]}}],"collection":[{"href":"https:\/\/turismo.ayto-nuevobaztan.es\/en\/wp-json\/wp\/v2\/posts"}],"about":[{"href":"https:\/\/turismo.ayto-nuevobaztan.es\/en\/wp-json\/wp\/v2\/types\/post"}],"author":[{"embeddable":true,"href":"https:\/\/turismo.ayto-nuevobaztan.es\/en\/wp-json\/wp\/v2\/users\/2"}],"replies":[{"embeddable":true,"href":"https:\/\/turismo.ayto-nuevobaztan.es\/en\/wp-json\/wp\/v2\/comments?post=3210"}],"version-history":[{"count":0,"href":"https:\/\/turismo.ayto-nuevobaztan.es\/en\/wp-json\/wp\/v2\/posts\/3210\/revisions"}],"wp:attachment":[{"href":"https:\/\/turismo.ayto-nuevobaztan.es\/en\/wp-json\/wp\/v2\/media?parent=3210"}],"wp:term":[{"taxonomy":"category","embeddable":true,"href":"https:\/\/turismo.ayto-nuevobaztan.es\/en\/wp-json\/wp\/v2\/categories?post=3210"},{"taxonomy":"post_tag","embeddable":true,"href":"https:\/\/turismo.ayto-nuevobaztan.es\/en\/wp-json\/wp\/v2\/tags?post=3210"}],"curies":[{"name":"wp","href":"https:\/\/api.w.org\/{rel}","templated":true}]}}