{"id":3193,"date":"2025-09-03T13:06:09","date_gmt":"2025-09-03T13:06:09","guid":{"rendered":"https:\/\/41464734.servicio-online.net\/noticias\/upgrading-the-juan-de-goyeneche-path\/"},"modified":"2025-09-03T13:06:09","modified_gmt":"2025-09-03T13:06:09","slug":"upgrading-the-juan-de-goyeneche-path","status":"publish","type":"post","link":"https:\/\/turismo.ayto-nuevobaztan.es\/en\/news\/upgrading-the-juan-de-goyeneche-path\/","title":{"rendered":"Upgrading the Juan de Goyeneche Path"},"content":{"rendered":"<p>Today an institutional visit was held to the works to upgrade the Juan de Goyeneche Path, an ambitious joint project linking the municipalities of Nuevo Bazt\u00e1n and Olmeda de las Fuentes, fully funded by the Community of Madrid.<\/p>\n<p>The project, with an investment of over \u20ac700,000, aims to restore and improve an approximately 3 km route that will connect the Interpretation Centre of Nuevo Bazt\u00e1n\u2019s Historic Complex with Olmeda de las Fuentes\u2019 Plaza de la Villa. The path will include new leisure areas, natural viewpoints and information panels that will highlight the historical and cultural heritage of both municipalities.<\/p>\n<p>Attending the visit were the Deputy Minister for the Presidency and Local Administration, Mr Jos\u00e9 Antonio S\u00e1nchez; the CEO of Planifica Madrid, Mr Pedro Corbal\u00e1n; the Mayor of Nuevo Bazt\u00e1n, Ms Gemma Pacheco; and the Mayor of Olmeda de las Fuentes, Ms Mar\u00eda Victoria Rold\u00e1n. Councillors from both town councils were also present, from both the government team and the opposition.<\/p>\n<p>During the visit, the group walked some of the most representative sections of the future path. In Olmeda de las Fuentes, the route started at Plaza de la Villa and continued to the Huertos area, while in Nuevo Bazt\u00e1n it covered the stretch from El Balconcillo to the Community of Madrid Interpretation Centre.<\/p>\n<p>This initiative not only strengthens cooperation between administrations, but also boosts tourism and cultural development in the area, encouraging people to discover the historical legacy of Juan de Goyeneche and his surroundings.<\/p>\n<p><img loading=\"lazy\" decoding=\"async\" class=\"alignnone wp-image-2259\" src=\"https:\/\/turismo.ayto-nuevobaztan.es\/wp-content\/uploads\/2025\/09\/Camino-Goyeneche-1-225x300.jpg\" alt=\"\" width=\"306\" height=\"408\"\/>\u00a0 \u00a0<img loading=\"lazy\" decoding=\"async\" class=\"alignnone wp-image-2260\" src=\"https:\/\/turismo.ayto-nuevobaztan.es\/wp-content\/uploads\/2025\/09\/Camino-Goyeneche-2-225x300.jpg\" alt=\"\" width=\"304\" height=\"405\"\/> \u00a0 <img loading=\"lazy\" decoding=\"async\" class=\"alignnone wp-image-2261\" src=\"https:\/\/turismo.ayto-nuevobaztan.es\/wp-content\/uploads\/2025\/09\/Camino-Goyeneche-7-225x300.jpg\" alt=\"\" width=\"301\" height=\"401\"\/><\/p>\n","protected":false},"excerpt":{"rendered":"<p>Today an institutional visit was held to the works to upgrade the Juan de Goyeneche Path, an ambitious joint project linking the municipalities of Nuevo Bazt\u00e1n and Olmeda de las Fuentes, fully funded by the Community of Madrid. The project, with an investment of over \u20ac700,000, aims to restore and improve an approximately 3 km&hellip;<\/p>\n","protected":false},"author":2,"featured_media":2263,"comment_status":"closed","ping_status":"closed","sticky":false,"template":"","format":"standard","meta":{"_acf_changed":false,"footnotes":""},"categories":[270],"tags":[288],"class_list":["post-3193","post","type-post","status-publish","format-standard","has-post-thumbnail","hentry","category-activities","tag-juan-de-goyeneche-path"],"acf":[],"yoast_head":"<!-- This site is optimized with the Yoast SEO plugin v27.2 - https:\/\/yoast.com\/product\/yoast-seo-wordpress\/ -->\n<title>Upgrading the Juan de Goyeneche Path<\/title>\n<meta name=\"description\" content=\"Today the Deputy Minister for Local Administration visited Nuevo Bazt\u00e1n to see first-hand how the works are progressing.\" \/>\n<meta name=\"robots\" content=\"index, follow, max-snippet:-1, max-image-preview:large, max-video-preview:-1\" \/>\n<link rel=\"canonical\" href=\"https:\/\/turismo.ayto-nuevobaztan.es\/en\/news\/upgrading-the-juan-de-goyeneche-path\/\" \/>\n<meta property=\"og:locale\" content=\"en_US\" \/>\n<meta property=\"og:type\" content=\"article\" \/>\n<meta property=\"og:title\" content=\"Upgrading the Juan de Goyeneche Path\" \/>\n<meta property=\"og:description\" content=\"Today the Deputy Minister for Local Administration visited Nuevo Bazt\u00e1n to see first-hand how the works are progressing.\" \/>\n<meta property=\"og:url\" content=\"https:\/\/turismo.ayto-nuevobaztan.es\/en\/news\/upgrading-the-juan-de-goyeneche-path\/\" \/>\n<meta property=\"og:site_name\" content=\"Turismo Nuevo Bazt\u00e1n\" \/>\n<meta property=\"article:publisher\" content=\"https:\/\/www.facebook.com\/turismonuevobaztan\/\" \/>\n<meta property=\"article:published_time\" content=\"2025-09-03T13:06:09+00:00\" \/>\n<meta property=\"og:image\" content=\"https:\/\/turismo.ayto-nuevobaztan.es\/wp-content\/uploads\/2025\/09\/Camino-Goyeneche-6.jpg\" \/>\n\t<meta property=\"og:image:width\" content=\"960\" \/>\n\t<meta property=\"og:image:height\" content=\"1280\" \/>\n\t<meta property=\"og:image:type\" content=\"image\/jpeg\" \/>\n<meta name=\"author\" content=\"Turismo Nuevo Bazt\u00e1n\" \/>\n<meta name=\"twitter:card\" content=\"summary_large_image\" \/>\n<meta name=\"twitter:creator\" content=\"@TurismoNBaztan\" \/>\n<meta name=\"twitter:site\" content=\"@TurismoNBaztan\" \/>\n<meta name=\"twitter:label1\" content=\"Written by\" \/>\n\t<meta name=\"twitter:data1\" content=\"Turismo Nuevo Bazt\u00e1n\" \/>\n\t<meta name=\"twitter:label2\" content=\"Est. reading time\" \/>\n\t<meta name=\"twitter:data2\" content=\"1 minute\" \/>\n<script type=\"application\/ld+json\" class=\"yoast-schema-graph\">{\"@context\":\"https:\/\/schema.org\",\"@graph\":[{\"@type\":\"Article\",\"@id\":\"https:\/\/turismo.ayto-nuevobaztan.es\/en\/news\/upgrading-the-juan-de-goyeneche-path\/#article\",\"isPartOf\":{\"@id\":\"https:\/\/turismo.ayto-nuevobaztan.es\/en\/news\/upgrading-the-juan-de-goyeneche-path\/\"},\"author\":{\"name\":\"Turismo Nuevo Bazt\u00e1n\",\"@id\":\"https:\/\/turismo.ayto-nuevobaztan.es\/en\/#\/schema\/person\/bc781c848e33ae71437002fa79b5c3df\"},\"headline\":\"Upgrading the Juan de Goyeneche Path\",\"datePublished\":\"2025-09-03T13:06:09+00:00\",\"mainEntityOfPage\":{\"@id\":\"https:\/\/turismo.ayto-nuevobaztan.es\/en\/news\/upgrading-the-juan-de-goyeneche-path\/\"},\"wordCount\":258,\"publisher\":{\"@id\":\"https:\/\/turismo.ayto-nuevobaztan.es\/en\/#organization\"},\"image\":{\"@id\":\"https:\/\/turismo.ayto-nuevobaztan.es\/en\/news\/upgrading-the-juan-de-goyeneche-path\/#primaryimage\"},\"thumbnailUrl\":\"https:\/\/turismo.ayto-nuevobaztan.es\/wp-content\/uploads\/2025\/09\/Camino-Goyeneche-6.jpg\",\"keywords\":[\"Juan de Goyeneche Path\"],\"articleSection\":[\"activities\"],\"inLanguage\":\"en-US\"},{\"@type\":\"WebPage\",\"@id\":\"https:\/\/turismo.ayto-nuevobaztan.es\/en\/news\/upgrading-the-juan-de-goyeneche-path\/\",\"url\":\"https:\/\/turismo.ayto-nuevobaztan.es\/en\/news\/upgrading-the-juan-de-goyeneche-path\/\",\"name\":\"Upgrading the Juan de Goyeneche Path\",\"isPartOf\":{\"@id\":\"https:\/\/turismo.ayto-nuevobaztan.es\/en\/#website\"},\"primaryImageOfPage\":{\"@id\":\"https:\/\/turismo.ayto-nuevobaztan.es\/en\/news\/upgrading-the-juan-de-goyeneche-path\/#primaryimage\"},\"image\":{\"@id\":\"https:\/\/turismo.ayto-nuevobaztan.es\/en\/news\/upgrading-the-juan-de-goyeneche-path\/#primaryimage\"},\"thumbnailUrl\":\"https:\/\/turismo.ayto-nuevobaztan.es\/wp-content\/uploads\/2025\/09\/Camino-Goyeneche-6.jpg\",\"datePublished\":\"2025-09-03T13:06:09+00:00\",\"description\":\"Today the Deputy Minister for Local Administration visited Nuevo Bazt\u00e1n to see first-hand how the works are progressing.\",\"breadcrumb\":{\"@id\":\"https:\/\/turismo.ayto-nuevobaztan.es\/en\/news\/upgrading-the-juan-de-goyeneche-path\/#breadcrumb\"},\"inLanguage\":\"en-US\",\"potentialAction\":[{\"@type\":\"ReadAction\",\"target\":[\"https:\/\/turismo.ayto-nuevobaztan.es\/en\/news\/upgrading-the-juan-de-goyeneche-path\/\"]}]},{\"@type\":\"ImageObject\",\"inLanguage\":\"en-US\",\"@id\":\"https:\/\/turismo.ayto-nuevobaztan.es\/en\/news\/upgrading-the-juan-de-goyeneche-path\/#primaryimage\",\"url\":\"https:\/\/turismo.ayto-nuevobaztan.es\/wp-content\/uploads\/2025\/09\/Camino-Goyeneche-6.jpg\",\"contentUrl\":\"https:\/\/turismo.ayto-nuevobaztan.es\/wp-content\/uploads\/2025\/09\/Camino-Goyeneche-6.jpg\",\"width\":960,\"height\":1280},{\"@type\":\"BreadcrumbList\",\"@id\":\"https:\/\/turismo.ayto-nuevobaztan.es\/en\/news\/upgrading-the-juan-de-goyeneche-path\/#breadcrumb\",\"itemListElement\":[{\"@type\":\"ListItem\",\"position\":1,\"name\":\"Home\",\"item\":\"https:\/\/turismo.ayto-nuevobaztan.es\/en\/\"},{\"@type\":\"ListItem\",\"position\":2,\"name\":\"Upgrading the Juan de Goyeneche Path\"}]},{\"@type\":\"WebSite\",\"@id\":\"https:\/\/turismo.ayto-nuevobaztan.es\/en\/#website\",\"url\":\"https:\/\/turismo.ayto-nuevobaztan.es\/en\/\",\"name\":\"Turismo Nuevo Bazt\u00e1n\",\"description\":\"\",\"publisher\":{\"@id\":\"https:\/\/turismo.ayto-nuevobaztan.es\/en\/#organization\"},\"potentialAction\":[{\"@type\":\"SearchAction\",\"target\":{\"@type\":\"EntryPoint\",\"urlTemplate\":\"https:\/\/turismo.ayto-nuevobaztan.es\/en\/?s={search_term_string}\"},\"query-input\":{\"@type\":\"PropertyValueSpecification\",\"valueRequired\":true,\"valueName\":\"search_term_string\"}}],\"inLanguage\":\"en-US\"},{\"@type\":\"Organization\",\"@id\":\"https:\/\/turismo.ayto-nuevobaztan.es\/en\/#organization\",\"name\":\"Turismo Nuevo Bazt\u00e1n\",\"url\":\"https:\/\/turismo.ayto-nuevobaztan.es\/en\/\",\"logo\":{\"@type\":\"ImageObject\",\"inLanguage\":\"en-US\",\"@id\":\"https:\/\/turismo.ayto-nuevobaztan.es\/en\/#\/schema\/logo\/image\/\",\"url\":\"https:\/\/turismo.ayto-nuevobaztan.es\/wp-content\/uploads\/2025\/12\/logo.png\",\"contentUrl\":\"https:\/\/turismo.ayto-nuevobaztan.es\/wp-content\/uploads\/2025\/12\/logo.png\",\"width\":1847,\"height\":1787,\"caption\":\"Turismo Nuevo Bazt\u00e1n\"},\"image\":{\"@id\":\"https:\/\/turismo.ayto-nuevobaztan.es\/en\/#\/schema\/logo\/image\/\"},\"sameAs\":[\"https:\/\/www.facebook.com\/turismonuevobaztan\/\",\"https:\/\/x.com\/TurismoNBaztan\"]},{\"@type\":\"Person\",\"@id\":\"https:\/\/turismo.ayto-nuevobaztan.es\/en\/#\/schema\/person\/bc781c848e33ae71437002fa79b5c3df\",\"name\":\"Turismo Nuevo Bazt\u00e1n\",\"image\":{\"@type\":\"ImageObject\",\"inLanguage\":\"en-US\",\"@id\":\"https:\/\/secure.gravatar.com\/avatar\/c34f0d8aae58e8accb5d24f13ebda51911caa6f3106f7c0db25bd0888b071620?s=96&d=mm&r=g\",\"url\":\"https:\/\/secure.gravatar.com\/avatar\/c34f0d8aae58e8accb5d24f13ebda51911caa6f3106f7c0db25bd0888b071620?s=96&d=mm&r=g\",\"contentUrl\":\"https:\/\/secure.gravatar.com\/avatar\/c34f0d8aae58e8accb5d24f13ebda51911caa6f3106f7c0db25bd0888b071620?s=96&d=mm&r=g\",\"caption\":\"Turismo Nuevo Bazt\u00e1n\"},\"url\":\"#\"}]}<\/script>\n<!-- \/ Yoast SEO plugin. -->","yoast_head_json":{"title":"Upgrading the Juan de Goyeneche Path","description":"Today the Deputy Minister for Local Administration visited Nuevo Bazt\u00e1n to see first-hand how the works are progressing.","robots":{"index":"index","follow":"follow","max-snippet":"max-snippet:-1","max-image-preview":"max-image-preview:large","max-video-preview":"max-video-preview:-1"},"canonical":"https:\/\/turismo.ayto-nuevobaztan.es\/en\/news\/upgrading-the-juan-de-goyeneche-path\/","og_locale":"en_US","og_type":"article","og_title":"Upgrading the Juan de Goyeneche Path","og_description":"Today the Deputy Minister for Local Administration visited Nuevo Bazt\u00e1n to see first-hand how the works are progressing.","og_url":"https:\/\/turismo.ayto-nuevobaztan.es\/en\/news\/upgrading-the-juan-de-goyeneche-path\/","og_site_name":"Turismo Nuevo Bazt\u00e1n","article_publisher":"https:\/\/www.facebook.com\/turismonuevobaztan\/","article_published_time":"2025-09-03T13:06:09+00:00","og_image":[{"width":960,"height":1280,"url":"https:\/\/turismo.ayto-nuevobaztan.es\/wp-content\/uploads\/2025\/09\/Camino-Goyeneche-6.jpg","type":"image\/jpeg"}],"author":"Turismo Nuevo Bazt\u00e1n","twitter_card":"summary_large_image","twitter_creator":"@TurismoNBaztan","twitter_site":"@TurismoNBaztan","twitter_misc":{"Written by":"Turismo Nuevo Bazt\u00e1n","Est. reading time":"1 minute"},"schema":{"@context":"https:\/\/schema.org","@graph":[{"@type":"Article","@id":"https:\/\/turismo.ayto-nuevobaztan.es\/en\/news\/upgrading-the-juan-de-goyeneche-path\/#article","isPartOf":{"@id":"https:\/\/turismo.ayto-nuevobaztan.es\/en\/news\/upgrading-the-juan-de-goyeneche-path\/"},"author":{"name":"Turismo Nuevo Bazt\u00e1n","@id":"https:\/\/turismo.ayto-nuevobaztan.es\/en\/#\/schema\/person\/bc781c848e33ae71437002fa79b5c3df"},"headline":"Upgrading the Juan de Goyeneche Path","datePublished":"2025-09-03T13:06:09+00:00","mainEntityOfPage":{"@id":"https:\/\/turismo.ayto-nuevobaztan.es\/en\/news\/upgrading-the-juan-de-goyeneche-path\/"},"wordCount":258,"publisher":{"@id":"https:\/\/turismo.ayto-nuevobaztan.es\/en\/#organization"},"image":{"@id":"https:\/\/turismo.ayto-nuevobaztan.es\/en\/news\/upgrading-the-juan-de-goyeneche-path\/#primaryimage"},"thumbnailUrl":"https:\/\/turismo.ayto-nuevobaztan.es\/wp-content\/uploads\/2025\/09\/Camino-Goyeneche-6.jpg","keywords":["Juan de Goyeneche Path"],"articleSection":["activities"],"inLanguage":"en-US"},{"@type":"WebPage","@id":"https:\/\/turismo.ayto-nuevobaztan.es\/en\/news\/upgrading-the-juan-de-goyeneche-path\/","url":"https:\/\/turismo.ayto-nuevobaztan.es\/en\/news\/upgrading-the-juan-de-goyeneche-path\/","name":"Upgrading the Juan de Goyeneche Path","isPartOf":{"@id":"https:\/\/turismo.ayto-nuevobaztan.es\/en\/#website"},"primaryImageOfPage":{"@id":"https:\/\/turismo.ayto-nuevobaztan.es\/en\/news\/upgrading-the-juan-de-goyeneche-path\/#primaryimage"},"image":{"@id":"https:\/\/turismo.ayto-nuevobaztan.es\/en\/news\/upgrading-the-juan-de-goyeneche-path\/#primaryimage"},"thumbnailUrl":"https:\/\/turismo.ayto-nuevobaztan.es\/wp-content\/uploads\/2025\/09\/Camino-Goyeneche-6.jpg","datePublished":"2025-09-03T13:06:09+00:00","description":"Today the Deputy Minister for Local Administration visited Nuevo Bazt\u00e1n to see first-hand how the works are progressing.","breadcrumb":{"@id":"https:\/\/turismo.ayto-nuevobaztan.es\/en\/news\/upgrading-the-juan-de-goyeneche-path\/#breadcrumb"},"inLanguage":"en-US","potentialAction":[{"@type":"ReadAction","target":["https:\/\/turismo.ayto-nuevobaztan.es\/en\/news\/upgrading-the-juan-de-goyeneche-path\/"]}]},{"@type":"ImageObject","inLanguage":"en-US","@id":"https:\/\/turismo.ayto-nuevobaztan.es\/en\/news\/upgrading-the-juan-de-goyeneche-path\/#primaryimage","url":"https:\/\/turismo.ayto-nuevobaztan.es\/wp-content\/uploads\/2025\/09\/Camino-Goyeneche-6.jpg","contentUrl":"https:\/\/turismo.ayto-nuevobaztan.es\/wp-content\/uploads\/2025\/09\/Camino-Goyeneche-6.jpg","width":960,"height":1280},{"@type":"BreadcrumbList","@id":"https:\/\/turismo.ayto-nuevobaztan.es\/en\/news\/upgrading-the-juan-de-goyeneche-path\/#breadcrumb","itemListElement":[{"@type":"ListItem","position":1,"name":"Home","item":"https:\/\/turismo.ayto-nuevobaztan.es\/en\/"},{"@type":"ListItem","position":2,"name":"Upgrading the Juan de Goyeneche Path"}]},{"@type":"WebSite","@id":"https:\/\/turismo.ayto-nuevobaztan.es\/en\/#website","url":"https:\/\/turismo.ayto-nuevobaztan.es\/en\/","name":"Turismo Nuevo Bazt\u00e1n","description":"","publisher":{"@id":"https:\/\/turismo.ayto-nuevobaztan.es\/en\/#organization"},"potentialAction":[{"@type":"SearchAction","target":{"@type":"EntryPoint","urlTemplate":"https:\/\/turismo.ayto-nuevobaztan.es\/en\/?s={search_term_string}"},"query-input":{"@type":"PropertyValueSpecification","valueRequired":true,"valueName":"search_term_string"}}],"inLanguage":"en-US"},{"@type":"Organization","@id":"https:\/\/turismo.ayto-nuevobaztan.es\/en\/#organization","name":"Turismo Nuevo Bazt\u00e1n","url":"https:\/\/turismo.ayto-nuevobaztan.es\/en\/","logo":{"@type":"ImageObject","inLanguage":"en-US","@id":"https:\/\/turismo.ayto-nuevobaztan.es\/en\/#\/schema\/logo\/image\/","url":"https:\/\/turismo.ayto-nuevobaztan.es\/wp-content\/uploads\/2025\/12\/logo.png","contentUrl":"https:\/\/turismo.ayto-nuevobaztan.es\/wp-content\/uploads\/2025\/12\/logo.png","width":1847,"height":1787,"caption":"Turismo Nuevo Bazt\u00e1n"},"image":{"@id":"https:\/\/turismo.ayto-nuevobaztan.es\/en\/#\/schema\/logo\/image\/"},"sameAs":["https:\/\/www.facebook.com\/turismonuevobaztan\/","https:\/\/x.com\/TurismoNBaztan"]},{"@type":"Person","@id":"https:\/\/turismo.ayto-nuevobaztan.es\/en\/#\/schema\/person\/bc781c848e33ae71437002fa79b5c3df","name":"Turismo Nuevo Bazt\u00e1n","image":{"@type":"ImageObject","inLanguage":"en-US","@id":"https:\/\/secure.gravatar.com\/avatar\/c34f0d8aae58e8accb5d24f13ebda51911caa6f3106f7c0db25bd0888b071620?s=96&d=mm&r=g","url":"https:\/\/secure.gravatar.com\/avatar\/c34f0d8aae58e8accb5d24f13ebda51911caa6f3106f7c0db25bd0888b071620?s=96&d=mm&r=g","contentUrl":"https:\/\/secure.gravatar.com\/avatar\/c34f0d8aae58e8accb5d24f13ebda51911caa6f3106f7c0db25bd0888b071620?s=96&d=mm&r=g","caption":"Turismo Nuevo Bazt\u00e1n"},"url":"#"}]}},"_links":{"self":[{"href":"https:\/\/turismo.ayto-nuevobaztan.es\/en\/wp-json\/wp\/v2\/posts\/3193","targetHints":{"allow":["GET"]}}],"collection":[{"href":"https:\/\/turismo.ayto-nuevobaztan.es\/en\/wp-json\/wp\/v2\/posts"}],"about":[{"href":"https:\/\/turismo.ayto-nuevobaztan.es\/en\/wp-json\/wp\/v2\/types\/post"}],"author":[{"embeddable":true,"href":"https:\/\/turismo.ayto-nuevobaztan.es\/en\/wp-json\/wp\/v2\/users\/2"}],"replies":[{"embeddable":true,"href":"https:\/\/turismo.ayto-nuevobaztan.es\/en\/wp-json\/wp\/v2\/comments?post=3193"}],"version-history":[{"count":0,"href":"https:\/\/turismo.ayto-nuevobaztan.es\/en\/wp-json\/wp\/v2\/posts\/3193\/revisions"}],"wp:featuredmedia":[{"embeddable":true,"href":"https:\/\/turismo.ayto-nuevobaztan.es\/en\/wp-json\/wp\/v2\/media\/2263"}],"wp:attachment":[{"href":"https:\/\/turismo.ayto-nuevobaztan.es\/en\/wp-json\/wp\/v2\/media?parent=3193"}],"wp:term":[{"taxonomy":"category","embeddable":true,"href":"https:\/\/turismo.ayto-nuevobaztan.es\/en\/wp-json\/wp\/v2\/categories?post=3193"},{"taxonomy":"post_tag","embeddable":true,"href":"https:\/\/turismo.ayto-nuevobaztan.es\/en\/wp-json\/wp\/v2\/tags?post=3193"}],"curies":[{"name":"wp","href":"https:\/\/api.w.org\/{rel}","templated":true}]}}