{"id":3185,"date":"2025-10-01T13:16:43","date_gmt":"2025-10-01T13:16:43","guid":{"rendered":"https:\/\/41464734.servicio-online.net\/noticias\/new-exhibition-in-the-palace-halls-this-october\/"},"modified":"2025-10-01T13:16:43","modified_gmt":"2025-10-01T13:16:43","slug":"new-exhibition-in-the-palace-halls-this-october","status":"publish","type":"post","link":"https:\/\/turismo.ayto-nuevobaztan.es\/en\/news\/new-exhibition-in-the-palace-halls-this-october\/","title":{"rendered":"New exhibition in the Palace Halls this October"},"content":{"rendered":"<p><img loading=\"lazy\" decoding=\"async\" class=\"size-medium wp-image-2299 alignleft\" src=\"https:\/\/turismo.ayto-nuevobaztan.es\/wp-content\/uploads\/2025\/10\/Cartel-Antonio-Espanol-Expo-2025-redes-212x300.jpg\" alt=\"\" width=\"212\" height=\"300\" \/><br \/>\nFrom 3 to 26 October 2025, the Palace Exhibition Halls of Nuevo Bazt\u00e1n will host a new exhibition by the renowned painter and sculptor Antonio Espa\u00f1ol.<\/p>\n<p>Born in Villanueva del Duque (C\u00f3rdoba) and a resident of our town, Antonio Espa\u00f1ol has developed an artistic career marked by constant evolution. His work has moved from highly defined realism to diffuse and immaterial plastic expressions, consolidating a distinctive, complex and deeply personal language.<\/p>\n<p>Throughout his career, he has been awarded on nine occasions and has held more than 150 exhibitions in Spain, Europe, China and the United States. In this show, the artist presents a selection of transgressive paintings that invite reflection and dialogue with the viewer.<\/p>\n<p>\ud83d\udccd <em>Dates<\/em>: 3\u201326 October 2025<br \/>\n\ud83d\udccd <em>Venue<\/em>: Palace Halls, Nuevo Bazt\u00e1n<br \/>\n\ud83d\udccd <em>Opening hours<\/em>: according to Tourist Office hours<\/p>\n<ul>\n<li>Tuesday to Friday: 11:00\u201314:00 and 16:00\u201318:00<\/li>\n<li>Saturdays: 11:00\u201314:00 and 16:00\u201319:00<\/li>\n<li>Sundays and public holidays: 11:00\u201314:00<\/li>\n<\/ul>\n<p>We invite you to enjoy this artistic proposal, part of the town\u2019s cultural programme and a reflection of our commitment to contemporary art and local talent.<\/p>\n","protected":false},"excerpt":{"rendered":"<p>From 3 to 26 October 2025, the Palace Exhibition Halls of Nuevo Bazt\u00e1n will host a new exhibition by the renowned painter and sculptor Antonio Espa\u00f1ol. Born in Villanueva del Duque (C\u00f3rdoba) and a resident of our town, Antonio Espa\u00f1ol has developed an artistic career marked by constant evolution. His work has moved from highly&hellip;<\/p>\n","protected":false},"author":2,"featured_media":2299,"comment_status":"closed","ping_status":"closed","sticky":false,"template":"","format":"standard","meta":{"_acf_changed":false,"footnotes":""},"categories":[270],"tags":[282,280,283,281],"class_list":["post-3185","post","type-post","status-publish","format-standard","has-post-thumbnail","hentry","category-activities","tag-antonio-espanol","tag-exhibition","tag-exhibition-halls","tag-goyeneche-palace"],"acf":[],"yoast_head":"<!-- This site is optimized with the Yoast SEO plugin v27.2 - https:\/\/yoast.com\/product\/yoast-seo-wordpress\/ -->\n<title>New exhibition in the Palace Halls this October - Turismo Nuevo Bazt\u00e1n<\/title>\n<meta name=\"description\" content=\"Artist Antonio Espa\u00f1ol presents a selection of his most recent paintings. October is an important month for painting in our town.\" \/>\n<meta name=\"robots\" content=\"index, follow, max-snippet:-1, max-image-preview:large, max-video-preview:-1\" \/>\n<link rel=\"canonical\" href=\"https:\/\/turismo.ayto-nuevobaztan.es\/en\/news\/new-exhibition-in-the-palace-halls-this-october\/\" \/>\n<meta property=\"og:locale\" content=\"en_US\" \/>\n<meta property=\"og:type\" content=\"article\" \/>\n<meta property=\"og:title\" content=\"New exhibition in the Palace Halls this October\" \/>\n<meta property=\"og:description\" content=\"Artist Antonio Espa\u00f1ol presents a selection of his most recent paintings. October is an important month for painting in our town.\" \/>\n<meta property=\"og:url\" content=\"https:\/\/turismo.ayto-nuevobaztan.es\/en\/news\/new-exhibition-in-the-palace-halls-this-october\/\" \/>\n<meta property=\"og:site_name\" content=\"Turismo Nuevo Bazt\u00e1n\" \/>\n<meta property=\"article:publisher\" content=\"https:\/\/www.facebook.com\/turismonuevobaztan\/\" \/>\n<meta property=\"article:published_time\" content=\"2025-10-01T13:16:43+00:00\" \/>\n<meta property=\"og:image\" content=\"https:\/\/turismo.ayto-nuevobaztan.es\/wp-content\/uploads\/2025\/10\/Cartel-Antonio-Espanol-Expo-2025-redes-212x300.jpg\" \/>\n<meta name=\"author\" content=\"Turismo Nuevo Bazt\u00e1n\" \/>\n<meta name=\"twitter:card\" content=\"summary_large_image\" \/>\n<meta name=\"twitter:creator\" content=\"@TurismoNBaztan\" \/>\n<meta name=\"twitter:site\" content=\"@TurismoNBaztan\" \/>\n<meta name=\"twitter:label1\" content=\"Written by\" \/>\n\t<meta name=\"twitter:data1\" content=\"Turismo Nuevo Bazt\u00e1n\" \/>\n\t<meta name=\"twitter:label2\" content=\"Est. reading time\" \/>\n\t<meta name=\"twitter:data2\" content=\"1 minute\" \/>\n<script type=\"application\/ld+json\" class=\"yoast-schema-graph\">{\"@context\":\"https:\/\/schema.org\",\"@graph\":[{\"@type\":\"Article\",\"@id\":\"https:\/\/turismo.ayto-nuevobaztan.es\/en\/news\/new-exhibition-in-the-palace-halls-this-october\/#article\",\"isPartOf\":{\"@id\":\"https:\/\/turismo.ayto-nuevobaztan.es\/en\/news\/new-exhibition-in-the-palace-halls-this-october\/\"},\"author\":{\"name\":\"Turismo Nuevo Bazt\u00e1n\",\"@id\":\"https:\/\/turismo.ayto-nuevobaztan.es\/en\/#\/schema\/person\/bc781c848e33ae71437002fa79b5c3df\"},\"headline\":\"New exhibition in the Palace Halls this October\",\"datePublished\":\"2025-10-01T13:16:43+00:00\",\"mainEntityOfPage\":{\"@id\":\"https:\/\/turismo.ayto-nuevobaztan.es\/en\/news\/new-exhibition-in-the-palace-halls-this-october\/\"},\"wordCount\":175,\"publisher\":{\"@id\":\"https:\/\/turismo.ayto-nuevobaztan.es\/en\/#organization\"},\"image\":{\"@id\":\"https:\/\/turismo.ayto-nuevobaztan.es\/en\/news\/new-exhibition-in-the-palace-halls-this-october\/#primaryimage\"},\"thumbnailUrl\":\"https:\/\/turismo.ayto-nuevobaztan.es\/wp-content\/uploads\/2025\/10\/Cartel-Antonio-Espanol-Expo-2025-redes.jpg\",\"keywords\":[\"Antonio Espa\u00f1ol\",\"exhibition\",\"Exhibition Halls\",\"Goyeneche Palace\"],\"articleSection\":[\"activities\"],\"inLanguage\":\"en-US\"},{\"@type\":\"WebPage\",\"@id\":\"https:\/\/turismo.ayto-nuevobaztan.es\/en\/news\/new-exhibition-in-the-palace-halls-this-october\/\",\"url\":\"https:\/\/turismo.ayto-nuevobaztan.es\/en\/news\/new-exhibition-in-the-palace-halls-this-october\/\",\"name\":\"New exhibition in the Palace Halls this October - Turismo Nuevo Bazt\u00e1n\",\"isPartOf\":{\"@id\":\"https:\/\/turismo.ayto-nuevobaztan.es\/en\/#website\"},\"primaryImageOfPage\":{\"@id\":\"https:\/\/turismo.ayto-nuevobaztan.es\/en\/news\/new-exhibition-in-the-palace-halls-this-october\/#primaryimage\"},\"image\":{\"@id\":\"https:\/\/turismo.ayto-nuevobaztan.es\/en\/news\/new-exhibition-in-the-palace-halls-this-october\/#primaryimage\"},\"thumbnailUrl\":\"https:\/\/turismo.ayto-nuevobaztan.es\/wp-content\/uploads\/2025\/10\/Cartel-Antonio-Espanol-Expo-2025-redes.jpg\",\"datePublished\":\"2025-10-01T13:16:43+00:00\",\"description\":\"Artist Antonio Espa\u00f1ol presents a selection of his most recent paintings. October is an important month for painting in our town.\",\"breadcrumb\":{\"@id\":\"https:\/\/turismo.ayto-nuevobaztan.es\/en\/news\/new-exhibition-in-the-palace-halls-this-october\/#breadcrumb\"},\"inLanguage\":\"en-US\",\"potentialAction\":[{\"@type\":\"ReadAction\",\"target\":[\"https:\/\/turismo.ayto-nuevobaztan.es\/en\/news\/new-exhibition-in-the-palace-halls-this-october\/\"]}]},{\"@type\":\"ImageObject\",\"inLanguage\":\"en-US\",\"@id\":\"https:\/\/turismo.ayto-nuevobaztan.es\/en\/news\/new-exhibition-in-the-palace-halls-this-october\/#primaryimage\",\"url\":\"https:\/\/turismo.ayto-nuevobaztan.es\/wp-content\/uploads\/2025\/10\/Cartel-Antonio-Espanol-Expo-2025-redes.jpg\",\"contentUrl\":\"https:\/\/turismo.ayto-nuevobaztan.es\/wp-content\/uploads\/2025\/10\/Cartel-Antonio-Espanol-Expo-2025-redes.jpg\",\"width\":1800,\"height\":2546},{\"@type\":\"BreadcrumbList\",\"@id\":\"https:\/\/turismo.ayto-nuevobaztan.es\/en\/news\/new-exhibition-in-the-palace-halls-this-october\/#breadcrumb\",\"itemListElement\":[{\"@type\":\"ListItem\",\"position\":1,\"name\":\"Home\",\"item\":\"https:\/\/turismo.ayto-nuevobaztan.es\/en\/\"},{\"@type\":\"ListItem\",\"position\":2,\"name\":\"New exhibition in the Palace Halls this October\"}]},{\"@type\":\"WebSite\",\"@id\":\"https:\/\/turismo.ayto-nuevobaztan.es\/en\/#website\",\"url\":\"https:\/\/turismo.ayto-nuevobaztan.es\/en\/\",\"name\":\"Turismo Nuevo Bazt\u00e1n\",\"description\":\"\",\"publisher\":{\"@id\":\"https:\/\/turismo.ayto-nuevobaztan.es\/en\/#organization\"},\"potentialAction\":[{\"@type\":\"SearchAction\",\"target\":{\"@type\":\"EntryPoint\",\"urlTemplate\":\"https:\/\/turismo.ayto-nuevobaztan.es\/en\/?s={search_term_string}\"},\"query-input\":{\"@type\":\"PropertyValueSpecification\",\"valueRequired\":true,\"valueName\":\"search_term_string\"}}],\"inLanguage\":\"en-US\"},{\"@type\":\"Organization\",\"@id\":\"https:\/\/turismo.ayto-nuevobaztan.es\/en\/#organization\",\"name\":\"Turismo Nuevo Bazt\u00e1n\",\"url\":\"https:\/\/turismo.ayto-nuevobaztan.es\/en\/\",\"logo\":{\"@type\":\"ImageObject\",\"inLanguage\":\"en-US\",\"@id\":\"https:\/\/turismo.ayto-nuevobaztan.es\/en\/#\/schema\/logo\/image\/\",\"url\":\"https:\/\/turismo.ayto-nuevobaztan.es\/wp-content\/uploads\/2025\/12\/logo.png\",\"contentUrl\":\"https:\/\/turismo.ayto-nuevobaztan.es\/wp-content\/uploads\/2025\/12\/logo.png\",\"width\":1847,\"height\":1787,\"caption\":\"Turismo Nuevo Bazt\u00e1n\"},\"image\":{\"@id\":\"https:\/\/turismo.ayto-nuevobaztan.es\/en\/#\/schema\/logo\/image\/\"},\"sameAs\":[\"https:\/\/www.facebook.com\/turismonuevobaztan\/\",\"https:\/\/x.com\/TurismoNBaztan\"]},{\"@type\":\"Person\",\"@id\":\"https:\/\/turismo.ayto-nuevobaztan.es\/en\/#\/schema\/person\/bc781c848e33ae71437002fa79b5c3df\",\"name\":\"Turismo Nuevo Bazt\u00e1n\",\"image\":{\"@type\":\"ImageObject\",\"inLanguage\":\"en-US\",\"@id\":\"https:\/\/secure.gravatar.com\/avatar\/c34f0d8aae58e8accb5d24f13ebda51911caa6f3106f7c0db25bd0888b071620?s=96&d=mm&r=g\",\"url\":\"https:\/\/secure.gravatar.com\/avatar\/c34f0d8aae58e8accb5d24f13ebda51911caa6f3106f7c0db25bd0888b071620?s=96&d=mm&r=g\",\"contentUrl\":\"https:\/\/secure.gravatar.com\/avatar\/c34f0d8aae58e8accb5d24f13ebda51911caa6f3106f7c0db25bd0888b071620?s=96&d=mm&r=g\",\"caption\":\"Turismo Nuevo Bazt\u00e1n\"},\"url\":\"#\"}]}<\/script>\n<!-- \/ Yoast SEO plugin. -->","yoast_head_json":{"title":"New exhibition in the Palace Halls this October - Turismo Nuevo Bazt\u00e1n","description":"Artist Antonio Espa\u00f1ol presents a selection of his most recent paintings. October is an important month for painting in our town.","robots":{"index":"index","follow":"follow","max-snippet":"max-snippet:-1","max-image-preview":"max-image-preview:large","max-video-preview":"max-video-preview:-1"},"canonical":"https:\/\/turismo.ayto-nuevobaztan.es\/en\/news\/new-exhibition-in-the-palace-halls-this-october\/","og_locale":"en_US","og_type":"article","og_title":"New exhibition in the Palace Halls this October","og_description":"Artist Antonio Espa\u00f1ol presents a selection of his most recent paintings. October is an important month for painting in our town.","og_url":"https:\/\/turismo.ayto-nuevobaztan.es\/en\/news\/new-exhibition-in-the-palace-halls-this-october\/","og_site_name":"Turismo Nuevo Bazt\u00e1n","article_publisher":"https:\/\/www.facebook.com\/turismonuevobaztan\/","article_published_time":"2025-10-01T13:16:43+00:00","og_image":[{"url":"https:\/\/turismo.ayto-nuevobaztan.es\/wp-content\/uploads\/2025\/10\/Cartel-Antonio-Espanol-Expo-2025-redes-212x300.jpg","type":"","width":"","height":""}],"author":"Turismo Nuevo Bazt\u00e1n","twitter_card":"summary_large_image","twitter_creator":"@TurismoNBaztan","twitter_site":"@TurismoNBaztan","twitter_misc":{"Written by":"Turismo Nuevo Bazt\u00e1n","Est. reading time":"1 minute"},"schema":{"@context":"https:\/\/schema.org","@graph":[{"@type":"Article","@id":"https:\/\/turismo.ayto-nuevobaztan.es\/en\/news\/new-exhibition-in-the-palace-halls-this-october\/#article","isPartOf":{"@id":"https:\/\/turismo.ayto-nuevobaztan.es\/en\/news\/new-exhibition-in-the-palace-halls-this-october\/"},"author":{"name":"Turismo Nuevo Bazt\u00e1n","@id":"https:\/\/turismo.ayto-nuevobaztan.es\/en\/#\/schema\/person\/bc781c848e33ae71437002fa79b5c3df"},"headline":"New exhibition in the Palace Halls this October","datePublished":"2025-10-01T13:16:43+00:00","mainEntityOfPage":{"@id":"https:\/\/turismo.ayto-nuevobaztan.es\/en\/news\/new-exhibition-in-the-palace-halls-this-october\/"},"wordCount":175,"publisher":{"@id":"https:\/\/turismo.ayto-nuevobaztan.es\/en\/#organization"},"image":{"@id":"https:\/\/turismo.ayto-nuevobaztan.es\/en\/news\/new-exhibition-in-the-palace-halls-this-october\/#primaryimage"},"thumbnailUrl":"https:\/\/turismo.ayto-nuevobaztan.es\/wp-content\/uploads\/2025\/10\/Cartel-Antonio-Espanol-Expo-2025-redes.jpg","keywords":["Antonio Espa\u00f1ol","exhibition","Exhibition Halls","Goyeneche Palace"],"articleSection":["activities"],"inLanguage":"en-US"},{"@type":"WebPage","@id":"https:\/\/turismo.ayto-nuevobaztan.es\/en\/news\/new-exhibition-in-the-palace-halls-this-october\/","url":"https:\/\/turismo.ayto-nuevobaztan.es\/en\/news\/new-exhibition-in-the-palace-halls-this-october\/","name":"New exhibition in the Palace Halls this October - Turismo Nuevo Bazt\u00e1n","isPartOf":{"@id":"https:\/\/turismo.ayto-nuevobaztan.es\/en\/#website"},"primaryImageOfPage":{"@id":"https:\/\/turismo.ayto-nuevobaztan.es\/en\/news\/new-exhibition-in-the-palace-halls-this-october\/#primaryimage"},"image":{"@id":"https:\/\/turismo.ayto-nuevobaztan.es\/en\/news\/new-exhibition-in-the-palace-halls-this-october\/#primaryimage"},"thumbnailUrl":"https:\/\/turismo.ayto-nuevobaztan.es\/wp-content\/uploads\/2025\/10\/Cartel-Antonio-Espanol-Expo-2025-redes.jpg","datePublished":"2025-10-01T13:16:43+00:00","description":"Artist Antonio Espa\u00f1ol presents a selection of his most recent paintings. October is an important month for painting in our town.","breadcrumb":{"@id":"https:\/\/turismo.ayto-nuevobaztan.es\/en\/news\/new-exhibition-in-the-palace-halls-this-october\/#breadcrumb"},"inLanguage":"en-US","potentialAction":[{"@type":"ReadAction","target":["https:\/\/turismo.ayto-nuevobaztan.es\/en\/news\/new-exhibition-in-the-palace-halls-this-october\/"]}]},{"@type":"ImageObject","inLanguage":"en-US","@id":"https:\/\/turismo.ayto-nuevobaztan.es\/en\/news\/new-exhibition-in-the-palace-halls-this-october\/#primaryimage","url":"https:\/\/turismo.ayto-nuevobaztan.es\/wp-content\/uploads\/2025\/10\/Cartel-Antonio-Espanol-Expo-2025-redes.jpg","contentUrl":"https:\/\/turismo.ayto-nuevobaztan.es\/wp-content\/uploads\/2025\/10\/Cartel-Antonio-Espanol-Expo-2025-redes.jpg","width":1800,"height":2546},{"@type":"BreadcrumbList","@id":"https:\/\/turismo.ayto-nuevobaztan.es\/en\/news\/new-exhibition-in-the-palace-halls-this-october\/#breadcrumb","itemListElement":[{"@type":"ListItem","position":1,"name":"Home","item":"https:\/\/turismo.ayto-nuevobaztan.es\/en\/"},{"@type":"ListItem","position":2,"name":"New exhibition in the Palace Halls this October"}]},{"@type":"WebSite","@id":"https:\/\/turismo.ayto-nuevobaztan.es\/en\/#website","url":"https:\/\/turismo.ayto-nuevobaztan.es\/en\/","name":"Turismo Nuevo Bazt\u00e1n","description":"","publisher":{"@id":"https:\/\/turismo.ayto-nuevobaztan.es\/en\/#organization"},"potentialAction":[{"@type":"SearchAction","target":{"@type":"EntryPoint","urlTemplate":"https:\/\/turismo.ayto-nuevobaztan.es\/en\/?s={search_term_string}"},"query-input":{"@type":"PropertyValueSpecification","valueRequired":true,"valueName":"search_term_string"}}],"inLanguage":"en-US"},{"@type":"Organization","@id":"https:\/\/turismo.ayto-nuevobaztan.es\/en\/#organization","name":"Turismo Nuevo Bazt\u00e1n","url":"https:\/\/turismo.ayto-nuevobaztan.es\/en\/","logo":{"@type":"ImageObject","inLanguage":"en-US","@id":"https:\/\/turismo.ayto-nuevobaztan.es\/en\/#\/schema\/logo\/image\/","url":"https:\/\/turismo.ayto-nuevobaztan.es\/wp-content\/uploads\/2025\/12\/logo.png","contentUrl":"https:\/\/turismo.ayto-nuevobaztan.es\/wp-content\/uploads\/2025\/12\/logo.png","width":1847,"height":1787,"caption":"Turismo Nuevo Bazt\u00e1n"},"image":{"@id":"https:\/\/turismo.ayto-nuevobaztan.es\/en\/#\/schema\/logo\/image\/"},"sameAs":["https:\/\/www.facebook.com\/turismonuevobaztan\/","https:\/\/x.com\/TurismoNBaztan"]},{"@type":"Person","@id":"https:\/\/turismo.ayto-nuevobaztan.es\/en\/#\/schema\/person\/bc781c848e33ae71437002fa79b5c3df","name":"Turismo Nuevo Bazt\u00e1n","image":{"@type":"ImageObject","inLanguage":"en-US","@id":"https:\/\/secure.gravatar.com\/avatar\/c34f0d8aae58e8accb5d24f13ebda51911caa6f3106f7c0db25bd0888b071620?s=96&d=mm&r=g","url":"https:\/\/secure.gravatar.com\/avatar\/c34f0d8aae58e8accb5d24f13ebda51911caa6f3106f7c0db25bd0888b071620?s=96&d=mm&r=g","contentUrl":"https:\/\/secure.gravatar.com\/avatar\/c34f0d8aae58e8accb5d24f13ebda51911caa6f3106f7c0db25bd0888b071620?s=96&d=mm&r=g","caption":"Turismo Nuevo Bazt\u00e1n"},"url":"#"}]}},"_links":{"self":[{"href":"https:\/\/turismo.ayto-nuevobaztan.es\/en\/wp-json\/wp\/v2\/posts\/3185","targetHints":{"allow":["GET"]}}],"collection":[{"href":"https:\/\/turismo.ayto-nuevobaztan.es\/en\/wp-json\/wp\/v2\/posts"}],"about":[{"href":"https:\/\/turismo.ayto-nuevobaztan.es\/en\/wp-json\/wp\/v2\/types\/post"}],"author":[{"embeddable":true,"href":"https:\/\/turismo.ayto-nuevobaztan.es\/en\/wp-json\/wp\/v2\/users\/2"}],"replies":[{"embeddable":true,"href":"https:\/\/turismo.ayto-nuevobaztan.es\/en\/wp-json\/wp\/v2\/comments?post=3185"}],"version-history":[{"count":0,"href":"https:\/\/turismo.ayto-nuevobaztan.es\/en\/wp-json\/wp\/v2\/posts\/3185\/revisions"}],"wp:featuredmedia":[{"embeddable":true,"href":"https:\/\/turismo.ayto-nuevobaztan.es\/en\/wp-json\/wp\/v2\/media\/2299"}],"wp:attachment":[{"href":"https:\/\/turismo.ayto-nuevobaztan.es\/en\/wp-json\/wp\/v2\/media?parent=3185"}],"wp:term":[{"taxonomy":"category","embeddable":true,"href":"https:\/\/turismo.ayto-nuevobaztan.es\/en\/wp-json\/wp\/v2\/categories?post=3185"},{"taxonomy":"post_tag","embeddable":true,"href":"https:\/\/turismo.ayto-nuevobaztan.es\/en\/wp-json\/wp\/v2\/tags?post=3185"}],"curies":[{"name":"wp","href":"https:\/\/api.w.org\/{rel}","templated":true}]}}