{"id":3180,"date":"2025-12-15T09:36:34","date_gmt":"2025-12-15T09:36:34","guid":{"rendered":"https:\/\/41464734.servicio-online.net\/noticias\/book-presentation-los-agotes-del-baztan-at-juan-de-goyeneche-palace\/"},"modified":"2026-01-26T22:28:32","modified_gmt":"2026-01-26T22:28:32","slug":"book-presentation-los-agotes-del-baztan-at-juan-de-goyeneche-palace","status":"publish","type":"post","link":"https:\/\/turismo.ayto-nuevobaztan.es\/en\/news\/book-presentation-los-agotes-del-baztan-at-juan-de-goyeneche-palace\/","title":{"rendered":"Book presentation \u201cLos Agotes del Bazt\u00e1n\u201d at Juan de Goyeneche Palace"},"content":{"rendered":"<p><span data-contrast=\"none\">Nuevo Bazt\u00e1n Town Council invites you to the presentation of the book <\/span><b><i><span data-contrast=\"none\">Los Agotes del Bazt\u00e1n<\/span><\/i><\/b><span data-contrast=\"none\">, written by author <\/span><b><span data-contrast=\"none\">Luz Nogu\u00e9s.<\/span><\/b><span data-contrast=\"none\"> A novel set in our municipality that helps to highlight its history, identity and cultural heritage. A journey with the agotes, to whom it pays tribute and restores a leading role in history.<\/span><span data-contrast=\"none\"> The never-before-told story of a cursed people and the man who redeemed them. The agotes lived marked by stigma. Forced to sew a red goose\u2019s foot onto their clothes, they were kept apart in churches, despised by the community and persecuted by the Inquisition. An outcast people whom history tried to erase from its pages.<\/span><span data-ccp-props=\"{&quot;134233117&quot;:false,&quot;134233118&quot;:false,&quot;201341983&quot;:0,&quot;335551550&quot;:6,&quot;335551620&quot;:6,&quot;335557856&quot;:16777215,&quot;335559738&quot;:0,&quot;335559739&quot;:180,&quot;335559740&quot;:360}\">\u00a0<\/span><\/p>\n<p><span data-contrast=\"none\">The event will take place on <\/span><b><span data-contrast=\"none\">Thursday, 18 December<\/span><\/b><span data-contrast=\"none\">, at <\/span><b><span data-contrast=\"none\">6:00 pm<\/span><\/b><span data-contrast=\"none\">, in the <\/span><b><span data-contrast=\"none\">Halls of Juan de Goyeneche Palace<\/span><\/b><span data-contrast=\"none\">, an emblematic space within Nuevo Bazt\u00e1n\u2019s Historic Complex.<\/span><span data-ccp-props=\"{&quot;134233117&quot;:false,&quot;134233118&quot;:false,&quot;201341983&quot;:0,&quot;335551550&quot;:6,&quot;335551620&quot;:6,&quot;335559738&quot;:240,&quot;335559739&quot;:240,&quot;335559740&quot;:360}\">\u00a0<\/span><\/p>\n<p><span data-contrast=\"none\">During the event, Luz Nogu\u00e9s will introduce the work, share her creative process and answer attendees\u2019 questions. It will be an opportunity to enjoy a story rooted in the local area, written with sensitivity and great attention to historical context.<\/span><span data-ccp-props=\"{&quot;134233117&quot;:false,&quot;134233118&quot;:false,&quot;201341983&quot;:0,&quot;335551550&quot;:6,&quot;335551620&quot;:6,&quot;335559738&quot;:240,&quot;335559739&quot;:240,&quot;335559740&quot;:360}\">\u00a0<\/span><\/p>\n<p><span data-contrast=\"none\">From the Town Council we encourage residents and visitors alike to take part in this cultural event and enjoy a literary afternoon in a unique setting.<\/span><span data-ccp-props=\"{&quot;134233117&quot;:false,&quot;134233118&quot;:false,&quot;201341983&quot;:0,&quot;335551550&quot;:6,&quot;335551620&quot;:6,&quot;335559738&quot;:240,&quot;335559739&quot;:240,&quot;335559740&quot;:360}\">\u00a0<\/span><\/p>\n","protected":false},"excerpt":{"rendered":"<p>Nuevo Bazt\u00e1n Town Council invites you to the presentation of the book Los Agotes del Bazt\u00e1n, written by author Luz Nogu\u00e9s. A novel set in our municipality that helps to highlight its history, identity and cultural heritage. A journey with the agotes, to whom it pays tribute and restores a leading role in history. The&hellip;<\/p>\n","protected":false},"author":2,"featured_media":2389,"comment_status":"closed","ping_status":"closed","sticky":false,"template":"","format":"standard","meta":{"_acf_changed":false,"footnotes":""},"categories":[270],"tags":[],"class_list":["post-3180","post","type-post","status-publish","format-standard","has-post-thumbnail","hentry","category-activities"],"acf":[],"yoast_head":"<!-- This site is optimized with the Yoast SEO plugin v27.2 - https:\/\/yoast.com\/product\/yoast-seo-wordpress\/ -->\n<title>Book presentation \u201cLos Agotes del Bazt\u00e1n\u201d at Juan de Goyeneche Palace - Turismo Nuevo Bazt\u00e1n<\/title>\n<meta name=\"description\" content=\"The story of our town\u2019s founding through a novel that tells of the municipality\u2019s earliest inhabitants.\" \/>\n<meta name=\"robots\" content=\"index, follow, max-snippet:-1, max-image-preview:large, max-video-preview:-1\" \/>\n<link rel=\"canonical\" href=\"https:\/\/turismo.ayto-nuevobaztan.es\/en\/news\/book-presentation-los-agotes-del-baztan-at-juan-de-goyeneche-palace\/\" \/>\n<meta property=\"og:locale\" content=\"en_US\" \/>\n<meta property=\"og:type\" content=\"article\" \/>\n<meta property=\"og:title\" content=\"Book presentation \u201cLos Agotes del Bazt\u00e1n\u201d at Juan de Goyeneche Palace\" \/>\n<meta property=\"og:description\" content=\"The story of our town\u2019s founding through a novel that tells of the municipality\u2019s earliest inhabitants.\" \/>\n<meta property=\"og:url\" content=\"https:\/\/turismo.ayto-nuevobaztan.es\/en\/news\/book-presentation-los-agotes-del-baztan-at-juan-de-goyeneche-palace\/\" \/>\n<meta property=\"og:site_name\" content=\"Turismo Nuevo Bazt\u00e1n\" \/>\n<meta property=\"article:publisher\" content=\"https:\/\/www.facebook.com\/turismonuevobaztan\/\" \/>\n<meta property=\"article:published_time\" content=\"2025-12-15T09:36:34+00:00\" \/>\n<meta property=\"article:modified_time\" content=\"2026-01-26T22:28:32+00:00\" \/>\n<meta property=\"og:image\" content=\"https:\/\/turismo.ayto-nuevobaztan.es\/wp-content\/uploads\/2025\/12\/Foto-luz-nogues-palacio-240x300.jpg\" \/>\n<meta name=\"author\" content=\"Turismo Nuevo Bazt\u00e1n\" \/>\n<meta name=\"twitter:card\" content=\"summary_large_image\" \/>\n<meta name=\"twitter:creator\" content=\"@TurismoNBaztan\" \/>\n<meta name=\"twitter:site\" content=\"@TurismoNBaztan\" \/>\n<meta name=\"twitter:label1\" content=\"Written by\" \/>\n\t<meta name=\"twitter:data1\" content=\"Turismo Nuevo Bazt\u00e1n\" \/>\n\t<meta name=\"twitter:label2\" content=\"Est. reading time\" \/>\n\t<meta name=\"twitter:data2\" content=\"2 minutes\" \/>\n<script type=\"application\/ld+json\" class=\"yoast-schema-graph\">{\"@context\":\"https:\/\/schema.org\",\"@graph\":[{\"@type\":\"Article\",\"@id\":\"https:\/\/turismo.ayto-nuevobaztan.es\/en\/news\/book-presentation-los-agotes-del-baztan-at-juan-de-goyeneche-palace\/#article\",\"isPartOf\":{\"@id\":\"https:\/\/turismo.ayto-nuevobaztan.es\/en\/news\/book-presentation-los-agotes-del-baztan-at-juan-de-goyeneche-palace\/\"},\"author\":{\"name\":\"Turismo Nuevo Bazt\u00e1n\",\"@id\":\"https:\/\/turismo.ayto-nuevobaztan.es\/en\/#\/schema\/person\/bc781c848e33ae71437002fa79b5c3df\"},\"headline\":\"Book presentation \u201cLos Agotes del Bazt\u00e1n\u201d at Juan de Goyeneche Palace\",\"datePublished\":\"2025-12-15T09:36:34+00:00\",\"dateModified\":\"2026-01-26T22:28:32+00:00\",\"mainEntityOfPage\":{\"@id\":\"https:\/\/turismo.ayto-nuevobaztan.es\/en\/news\/book-presentation-los-agotes-del-baztan-at-juan-de-goyeneche-palace\/\"},\"wordCount\":220,\"publisher\":{\"@id\":\"https:\/\/turismo.ayto-nuevobaztan.es\/en\/#organization\"},\"image\":{\"@id\":\"https:\/\/turismo.ayto-nuevobaztan.es\/en\/news\/book-presentation-los-agotes-del-baztan-at-juan-de-goyeneche-palace\/#primaryimage\"},\"thumbnailUrl\":\"https:\/\/turismo.ayto-nuevobaztan.es\/wp-content\/uploads\/2025\/12\/Foto-luz-nogues-palacio.jpg\",\"articleSection\":[\"activities\"],\"inLanguage\":\"en-US\"},{\"@type\":\"WebPage\",\"@id\":\"https:\/\/turismo.ayto-nuevobaztan.es\/en\/news\/book-presentation-los-agotes-del-baztan-at-juan-de-goyeneche-palace\/\",\"url\":\"https:\/\/turismo.ayto-nuevobaztan.es\/en\/news\/book-presentation-los-agotes-del-baztan-at-juan-de-goyeneche-palace\/\",\"name\":\"Book presentation \u201cLos Agotes del Bazt\u00e1n\u201d at Juan de Goyeneche Palace - Turismo Nuevo Bazt\u00e1n\",\"isPartOf\":{\"@id\":\"https:\/\/turismo.ayto-nuevobaztan.es\/en\/#website\"},\"primaryImageOfPage\":{\"@id\":\"https:\/\/turismo.ayto-nuevobaztan.es\/en\/news\/book-presentation-los-agotes-del-baztan-at-juan-de-goyeneche-palace\/#primaryimage\"},\"image\":{\"@id\":\"https:\/\/turismo.ayto-nuevobaztan.es\/en\/news\/book-presentation-los-agotes-del-baztan-at-juan-de-goyeneche-palace\/#primaryimage\"},\"thumbnailUrl\":\"https:\/\/turismo.ayto-nuevobaztan.es\/wp-content\/uploads\/2025\/12\/Foto-luz-nogues-palacio.jpg\",\"datePublished\":\"2025-12-15T09:36:34+00:00\",\"dateModified\":\"2026-01-26T22:28:32+00:00\",\"description\":\"The story of our town\u2019s founding through a novel that tells of the municipality\u2019s earliest inhabitants.\",\"breadcrumb\":{\"@id\":\"https:\/\/turismo.ayto-nuevobaztan.es\/en\/news\/book-presentation-los-agotes-del-baztan-at-juan-de-goyeneche-palace\/#breadcrumb\"},\"inLanguage\":\"en-US\",\"potentialAction\":[{\"@type\":\"ReadAction\",\"target\":[\"https:\/\/turismo.ayto-nuevobaztan.es\/en\/news\/book-presentation-los-agotes-del-baztan-at-juan-de-goyeneche-palace\/\"]}]},{\"@type\":\"ImageObject\",\"inLanguage\":\"en-US\",\"@id\":\"https:\/\/turismo.ayto-nuevobaztan.es\/en\/news\/book-presentation-los-agotes-del-baztan-at-juan-de-goyeneche-palace\/#primaryimage\",\"url\":\"https:\/\/turismo.ayto-nuevobaztan.es\/wp-content\/uploads\/2025\/12\/Foto-luz-nogues-palacio.jpg\",\"contentUrl\":\"https:\/\/turismo.ayto-nuevobaztan.es\/wp-content\/uploads\/2025\/12\/Foto-luz-nogues-palacio.jpg\",\"width\":1080,\"height\":1350},{\"@type\":\"BreadcrumbList\",\"@id\":\"https:\/\/turismo.ayto-nuevobaztan.es\/en\/news\/book-presentation-los-agotes-del-baztan-at-juan-de-goyeneche-palace\/#breadcrumb\",\"itemListElement\":[{\"@type\":\"ListItem\",\"position\":1,\"name\":\"Home\",\"item\":\"https:\/\/turismo.ayto-nuevobaztan.es\/en\/\"},{\"@type\":\"ListItem\",\"position\":2,\"name\":\"Book presentation \u201cLos Agotes del Bazt\u00e1n\u201d at Juan de Goyeneche Palace\"}]},{\"@type\":\"WebSite\",\"@id\":\"https:\/\/turismo.ayto-nuevobaztan.es\/en\/#website\",\"url\":\"https:\/\/turismo.ayto-nuevobaztan.es\/en\/\",\"name\":\"Turismo Nuevo Bazt\u00e1n\",\"description\":\"\",\"publisher\":{\"@id\":\"https:\/\/turismo.ayto-nuevobaztan.es\/en\/#organization\"},\"potentialAction\":[{\"@type\":\"SearchAction\",\"target\":{\"@type\":\"EntryPoint\",\"urlTemplate\":\"https:\/\/turismo.ayto-nuevobaztan.es\/en\/?s={search_term_string}\"},\"query-input\":{\"@type\":\"PropertyValueSpecification\",\"valueRequired\":true,\"valueName\":\"search_term_string\"}}],\"inLanguage\":\"en-US\"},{\"@type\":\"Organization\",\"@id\":\"https:\/\/turismo.ayto-nuevobaztan.es\/en\/#organization\",\"name\":\"Turismo Nuevo Bazt\u00e1n\",\"url\":\"https:\/\/turismo.ayto-nuevobaztan.es\/en\/\",\"logo\":{\"@type\":\"ImageObject\",\"inLanguage\":\"en-US\",\"@id\":\"https:\/\/turismo.ayto-nuevobaztan.es\/en\/#\/schema\/logo\/image\/\",\"url\":\"https:\/\/turismo.ayto-nuevobaztan.es\/wp-content\/uploads\/2025\/12\/logo.png\",\"contentUrl\":\"https:\/\/turismo.ayto-nuevobaztan.es\/wp-content\/uploads\/2025\/12\/logo.png\",\"width\":1847,\"height\":1787,\"caption\":\"Turismo Nuevo Bazt\u00e1n\"},\"image\":{\"@id\":\"https:\/\/turismo.ayto-nuevobaztan.es\/en\/#\/schema\/logo\/image\/\"},\"sameAs\":[\"https:\/\/www.facebook.com\/turismonuevobaztan\/\",\"https:\/\/x.com\/TurismoNBaztan\"]},{\"@type\":\"Person\",\"@id\":\"https:\/\/turismo.ayto-nuevobaztan.es\/en\/#\/schema\/person\/bc781c848e33ae71437002fa79b5c3df\",\"name\":\"Turismo Nuevo Bazt\u00e1n\",\"image\":{\"@type\":\"ImageObject\",\"inLanguage\":\"en-US\",\"@id\":\"https:\/\/secure.gravatar.com\/avatar\/c34f0d8aae58e8accb5d24f13ebda51911caa6f3106f7c0db25bd0888b071620?s=96&d=mm&r=g\",\"url\":\"https:\/\/secure.gravatar.com\/avatar\/c34f0d8aae58e8accb5d24f13ebda51911caa6f3106f7c0db25bd0888b071620?s=96&d=mm&r=g\",\"contentUrl\":\"https:\/\/secure.gravatar.com\/avatar\/c34f0d8aae58e8accb5d24f13ebda51911caa6f3106f7c0db25bd0888b071620?s=96&d=mm&r=g\",\"caption\":\"Turismo Nuevo Bazt\u00e1n\"},\"url\":\"#\"}]}<\/script>\n<!-- \/ Yoast SEO plugin. -->","yoast_head_json":{"title":"Book presentation \u201cLos Agotes del Bazt\u00e1n\u201d at Juan de Goyeneche Palace - Turismo Nuevo Bazt\u00e1n","description":"The story of our town\u2019s founding through a novel that tells of the municipality\u2019s earliest inhabitants.","robots":{"index":"index","follow":"follow","max-snippet":"max-snippet:-1","max-image-preview":"max-image-preview:large","max-video-preview":"max-video-preview:-1"},"canonical":"https:\/\/turismo.ayto-nuevobaztan.es\/en\/news\/book-presentation-los-agotes-del-baztan-at-juan-de-goyeneche-palace\/","og_locale":"en_US","og_type":"article","og_title":"Book presentation \u201cLos Agotes del Bazt\u00e1n\u201d at Juan de Goyeneche Palace","og_description":"The story of our town\u2019s founding through a novel that tells of the municipality\u2019s earliest inhabitants.","og_url":"https:\/\/turismo.ayto-nuevobaztan.es\/en\/news\/book-presentation-los-agotes-del-baztan-at-juan-de-goyeneche-palace\/","og_site_name":"Turismo Nuevo Bazt\u00e1n","article_publisher":"https:\/\/www.facebook.com\/turismonuevobaztan\/","article_published_time":"2025-12-15T09:36:34+00:00","article_modified_time":"2026-01-26T22:28:32+00:00","og_image":[{"url":"https:\/\/turismo.ayto-nuevobaztan.es\/wp-content\/uploads\/2025\/12\/Foto-luz-nogues-palacio-240x300.jpg","type":"","width":"","height":""}],"author":"Turismo Nuevo Bazt\u00e1n","twitter_card":"summary_large_image","twitter_creator":"@TurismoNBaztan","twitter_site":"@TurismoNBaztan","twitter_misc":{"Written by":"Turismo Nuevo Bazt\u00e1n","Est. reading time":"2 minutes"},"schema":{"@context":"https:\/\/schema.org","@graph":[{"@type":"Article","@id":"https:\/\/turismo.ayto-nuevobaztan.es\/en\/news\/book-presentation-los-agotes-del-baztan-at-juan-de-goyeneche-palace\/#article","isPartOf":{"@id":"https:\/\/turismo.ayto-nuevobaztan.es\/en\/news\/book-presentation-los-agotes-del-baztan-at-juan-de-goyeneche-palace\/"},"author":{"name":"Turismo Nuevo Bazt\u00e1n","@id":"https:\/\/turismo.ayto-nuevobaztan.es\/en\/#\/schema\/person\/bc781c848e33ae71437002fa79b5c3df"},"headline":"Book presentation \u201cLos Agotes del Bazt\u00e1n\u201d at Juan de Goyeneche Palace","datePublished":"2025-12-15T09:36:34+00:00","dateModified":"2026-01-26T22:28:32+00:00","mainEntityOfPage":{"@id":"https:\/\/turismo.ayto-nuevobaztan.es\/en\/news\/book-presentation-los-agotes-del-baztan-at-juan-de-goyeneche-palace\/"},"wordCount":220,"publisher":{"@id":"https:\/\/turismo.ayto-nuevobaztan.es\/en\/#organization"},"image":{"@id":"https:\/\/turismo.ayto-nuevobaztan.es\/en\/news\/book-presentation-los-agotes-del-baztan-at-juan-de-goyeneche-palace\/#primaryimage"},"thumbnailUrl":"https:\/\/turismo.ayto-nuevobaztan.es\/wp-content\/uploads\/2025\/12\/Foto-luz-nogues-palacio.jpg","articleSection":["activities"],"inLanguage":"en-US"},{"@type":"WebPage","@id":"https:\/\/turismo.ayto-nuevobaztan.es\/en\/news\/book-presentation-los-agotes-del-baztan-at-juan-de-goyeneche-palace\/","url":"https:\/\/turismo.ayto-nuevobaztan.es\/en\/news\/book-presentation-los-agotes-del-baztan-at-juan-de-goyeneche-palace\/","name":"Book presentation \u201cLos Agotes del Bazt\u00e1n\u201d at Juan de Goyeneche Palace - Turismo Nuevo Bazt\u00e1n","isPartOf":{"@id":"https:\/\/turismo.ayto-nuevobaztan.es\/en\/#website"},"primaryImageOfPage":{"@id":"https:\/\/turismo.ayto-nuevobaztan.es\/en\/news\/book-presentation-los-agotes-del-baztan-at-juan-de-goyeneche-palace\/#primaryimage"},"image":{"@id":"https:\/\/turismo.ayto-nuevobaztan.es\/en\/news\/book-presentation-los-agotes-del-baztan-at-juan-de-goyeneche-palace\/#primaryimage"},"thumbnailUrl":"https:\/\/turismo.ayto-nuevobaztan.es\/wp-content\/uploads\/2025\/12\/Foto-luz-nogues-palacio.jpg","datePublished":"2025-12-15T09:36:34+00:00","dateModified":"2026-01-26T22:28:32+00:00","description":"The story of our town\u2019s founding through a novel that tells of the municipality\u2019s earliest inhabitants.","breadcrumb":{"@id":"https:\/\/turismo.ayto-nuevobaztan.es\/en\/news\/book-presentation-los-agotes-del-baztan-at-juan-de-goyeneche-palace\/#breadcrumb"},"inLanguage":"en-US","potentialAction":[{"@type":"ReadAction","target":["https:\/\/turismo.ayto-nuevobaztan.es\/en\/news\/book-presentation-los-agotes-del-baztan-at-juan-de-goyeneche-palace\/"]}]},{"@type":"ImageObject","inLanguage":"en-US","@id":"https:\/\/turismo.ayto-nuevobaztan.es\/en\/news\/book-presentation-los-agotes-del-baztan-at-juan-de-goyeneche-palace\/#primaryimage","url":"https:\/\/turismo.ayto-nuevobaztan.es\/wp-content\/uploads\/2025\/12\/Foto-luz-nogues-palacio.jpg","contentUrl":"https:\/\/turismo.ayto-nuevobaztan.es\/wp-content\/uploads\/2025\/12\/Foto-luz-nogues-palacio.jpg","width":1080,"height":1350},{"@type":"BreadcrumbList","@id":"https:\/\/turismo.ayto-nuevobaztan.es\/en\/news\/book-presentation-los-agotes-del-baztan-at-juan-de-goyeneche-palace\/#breadcrumb","itemListElement":[{"@type":"ListItem","position":1,"name":"Home","item":"https:\/\/turismo.ayto-nuevobaztan.es\/en\/"},{"@type":"ListItem","position":2,"name":"Book presentation \u201cLos Agotes del Bazt\u00e1n\u201d at Juan de Goyeneche Palace"}]},{"@type":"WebSite","@id":"https:\/\/turismo.ayto-nuevobaztan.es\/en\/#website","url":"https:\/\/turismo.ayto-nuevobaztan.es\/en\/","name":"Turismo Nuevo Bazt\u00e1n","description":"","publisher":{"@id":"https:\/\/turismo.ayto-nuevobaztan.es\/en\/#organization"},"potentialAction":[{"@type":"SearchAction","target":{"@type":"EntryPoint","urlTemplate":"https:\/\/turismo.ayto-nuevobaztan.es\/en\/?s={search_term_string}"},"query-input":{"@type":"PropertyValueSpecification","valueRequired":true,"valueName":"search_term_string"}}],"inLanguage":"en-US"},{"@type":"Organization","@id":"https:\/\/turismo.ayto-nuevobaztan.es\/en\/#organization","name":"Turismo Nuevo Bazt\u00e1n","url":"https:\/\/turismo.ayto-nuevobaztan.es\/en\/","logo":{"@type":"ImageObject","inLanguage":"en-US","@id":"https:\/\/turismo.ayto-nuevobaztan.es\/en\/#\/schema\/logo\/image\/","url":"https:\/\/turismo.ayto-nuevobaztan.es\/wp-content\/uploads\/2025\/12\/logo.png","contentUrl":"https:\/\/turismo.ayto-nuevobaztan.es\/wp-content\/uploads\/2025\/12\/logo.png","width":1847,"height":1787,"caption":"Turismo Nuevo Bazt\u00e1n"},"image":{"@id":"https:\/\/turismo.ayto-nuevobaztan.es\/en\/#\/schema\/logo\/image\/"},"sameAs":["https:\/\/www.facebook.com\/turismonuevobaztan\/","https:\/\/x.com\/TurismoNBaztan"]},{"@type":"Person","@id":"https:\/\/turismo.ayto-nuevobaztan.es\/en\/#\/schema\/person\/bc781c848e33ae71437002fa79b5c3df","name":"Turismo Nuevo Bazt\u00e1n","image":{"@type":"ImageObject","inLanguage":"en-US","@id":"https:\/\/secure.gravatar.com\/avatar\/c34f0d8aae58e8accb5d24f13ebda51911caa6f3106f7c0db25bd0888b071620?s=96&d=mm&r=g","url":"https:\/\/secure.gravatar.com\/avatar\/c34f0d8aae58e8accb5d24f13ebda51911caa6f3106f7c0db25bd0888b071620?s=96&d=mm&r=g","contentUrl":"https:\/\/secure.gravatar.com\/avatar\/c34f0d8aae58e8accb5d24f13ebda51911caa6f3106f7c0db25bd0888b071620?s=96&d=mm&r=g","caption":"Turismo Nuevo Bazt\u00e1n"},"url":"#"}]}},"_links":{"self":[{"href":"https:\/\/turismo.ayto-nuevobaztan.es\/en\/wp-json\/wp\/v2\/posts\/3180","targetHints":{"allow":["GET"]}}],"collection":[{"href":"https:\/\/turismo.ayto-nuevobaztan.es\/en\/wp-json\/wp\/v2\/posts"}],"about":[{"href":"https:\/\/turismo.ayto-nuevobaztan.es\/en\/wp-json\/wp\/v2\/types\/post"}],"author":[{"embeddable":true,"href":"https:\/\/turismo.ayto-nuevobaztan.es\/en\/wp-json\/wp\/v2\/users\/2"}],"replies":[{"embeddable":true,"href":"https:\/\/turismo.ayto-nuevobaztan.es\/en\/wp-json\/wp\/v2\/comments?post=3180"}],"version-history":[{"count":1,"href":"https:\/\/turismo.ayto-nuevobaztan.es\/en\/wp-json\/wp\/v2\/posts\/3180\/revisions"}],"predecessor-version":[{"id":3181,"href":"https:\/\/turismo.ayto-nuevobaztan.es\/en\/wp-json\/wp\/v2\/posts\/3180\/revisions\/3181"}],"wp:featuredmedia":[{"embeddable":true,"href":"https:\/\/turismo.ayto-nuevobaztan.es\/en\/wp-json\/wp\/v2\/media\/2389"}],"wp:attachment":[{"href":"https:\/\/turismo.ayto-nuevobaztan.es\/en\/wp-json\/wp\/v2\/media?parent=3180"}],"wp:term":[{"taxonomy":"category","embeddable":true,"href":"https:\/\/turismo.ayto-nuevobaztan.es\/en\/wp-json\/wp\/v2\/categories?post=3180"},{"taxonomy":"post_tag","embeddable":true,"href":"https:\/\/turismo.ayto-nuevobaztan.es\/en\/wp-json\/wp\/v2\/tags?post=3180"}],"curies":[{"name":"wp","href":"https:\/\/api.w.org\/{rel}","templated":true}]}}